{"id":80576,"date":"2021-10-12T11:16:52","date_gmt":"2021-10-12T16:16:52","guid":{"rendered":"https:\/\/lospoliticosveracruz.com.mx\/?p=80576"},"modified":"2021-10-12T11:16:58","modified_gmt":"2021-10-12T16:16:58","slug":"meteran-servicios-en-las-estaciones","status":"publish","type":"post","link":"https:\/\/lospoliticosveracruz.com\/?p=80576","title":{"rendered":"Meter\u00e1n servicios en Las Estaciones"},"content":{"rendered":"\n<p><\/p>\n\n\n\n<p><\/p>\n\n\n\n<p><strong>C\u00f3rdoba<\/strong><\/p>\n\n\n\n<p><strong><br><\/strong>Del mi\u00e9rcoles 13 al viernes 15 de octubre se cerrar\u00e1 a la circulaci\u00f3n vial el cruce de Avenida 13 y Calle 39 para conectar la red de drenaje en la zona donde se construye el paso a desnivel en el barrio de Las Estaciones.<\/p>\n\n\n\n<p>Antonio Morales Salinas, director de obra p\u00fablica e infraestructura urbana del Ayuntamiento de C\u00f3rdoba, indic\u00f3 que se dio a conocer a las y los jefes de manzana de la zona de obra que ya se concluy\u00f3 la construcci\u00f3n de los muros de contenci\u00f3n laterales.<\/p>\n\n\n\n<p>Se\u00f1al\u00f3 que a las y los representantes vecinales se le inform\u00f3 del cierre vial programado para esta semana con motivo de la introducci\u00f3n de servicios b\u00e1sicos de manera subterr\u00e1nea.<\/p>\n\n\n\n<p>El servidor p\u00fablico adelant\u00f3 que en diez d\u00edas se concluir\u00e1 la colocaci\u00f3n de las pilas que van debajo de las v\u00edas del tren, lo que permitir\u00e1 iniciar las maniobras de la colocaci\u00f3n del puente sobre el que transitar\u00e1 los ferrocarriles.<\/p>\n\n\n\n<p>\u201cEstamos proyectando y programando que a finales de mes ya trabajando en lo que ser\u00e1 el puente para despu\u00e9s iniciar con las excavaciones correspondientes\u201d, se\u00f1al\u00f3.<\/p>\n\n\n\n<p>Morales Salinas dijo que los trabajos del paso a desnivel inferior que se ejecuta en el barrio de Las Estaciones avanzan conforme al calendario de obra.<\/p>\n\n\n\n<p>Detall\u00f3 que la presidenta Leticia L\u00f3pez Landero se mantiene pendiente de los avances de la obra, as\u00ed como de dar seguimiento a las inquietudes expresadas por las y los vecinos de la zona durante las reuniones semanales.<\/p>\n\n\n\n<p>Indic\u00f3 que gracias al di\u00e1logo directo y constante entre vecinos y el Ayuntamiento se comparten los avances en el proceso constructivo y se atienden inquietudes vecinales. Asegur\u00f3 que las reuniones informativas semanales facilitan la transparencia y evitan la injerencia de intereses ajenos a la obra.<\/p>\n","protected":false},"excerpt":{"rendered":"<p>C\u00f3rdoba Del mi\u00e9rcoles 13 al viernes 15 de octubre se cerrar\u00e1 a la circulaci\u00f3n vial el cruce de Avenida 13 y Calle 39 para conectar la red de drenaje en la zona donde se construye el paso a desnivel en el barrio de Las Estaciones. Antonio Morales Salinas, director de obra p\u00fablica e infraestructura urbana [&hellip;]<\/p>\n","protected":false},"author":2,"featured_media":0,"comment_status":"closed","ping_status":"closed","sticky":false,"template":"","format":"standard","meta":{"tdm_status":"","tdm_grid_status":"","footnotes":""},"categories":[73],"tags":[6488,29789,7641],"class_list":{"0":"post-80576","1":"post","2":"type-post","3":"status-publish","4":"format-standard","6":"category-de-boleto","7":"tag-drenaje","8":"tag-infraestructura-urbana","9":"tag-leticia-lopez-landero"},"yoast_head":"<!-- This site is optimized with the Yoast SEO plugin v27.4 - https:\/\/yoast.com\/product\/yoast-seo-wordpress\/ -->\n<title>Meter\u00e1n servicios en Las Estaciones - Los pol\u00edticos Veracruz<\/title>\n<meta name=\"robots\" content=\"index, follow, max-snippet:-1, max-image-preview:large, max-video-preview:-1\" \/>\n<link rel=\"canonical\" href=\"https:\/\/lospoliticosveracruz.com\/?p=80576\" \/>\n<meta property=\"og:locale\" content=\"es_ES\" \/>\n<meta property=\"og:type\" content=\"article\" \/>\n<meta property=\"og:title\" content=\"Meter\u00e1n servicios en Las Estaciones - Los pol\u00edticos Veracruz\" \/>\n<meta property=\"og:description\" content=\"C\u00f3rdoba Del mi\u00e9rcoles 13 al viernes 15 de octubre se cerrar\u00e1 a la circulaci\u00f3n vial el cruce de Avenida 13 y Calle 39 para conectar la red de drenaje en la zona donde se construye el paso a desnivel en el barrio de Las Estaciones. Antonio Morales Salinas, director de obra p\u00fablica e infraestructura urbana [&hellip;]\" \/>\n<meta property=\"og:url\" content=\"https:\/\/lospoliticosveracruz.com\/?p=80576\" \/>\n<meta property=\"og:site_name\" content=\"Los pol\u00edticos Veracruz\" \/>\n<meta property=\"article:publisher\" content=\"https:\/\/www.facebook.com\/people\/Notimemes-de-los-Polticos\/61565672886568\/\" \/>\n<meta property=\"article:published_time\" content=\"2021-10-12T16:16:52+00:00\" \/>\n<meta property=\"article:modified_time\" content=\"2021-10-12T16:16:58+00:00\" \/>\n<meta property=\"og:image\" content=\"https:\/\/lospoliticosveracruz.com\/wp-content\/uploads\/2016\/07\/Logo-Dor.jpg\" \/>\n\t<meta property=\"og:image:width\" content=\"200\" \/>\n\t<meta property=\"og:image:height\" content=\"200\" \/>\n\t<meta property=\"og:image:type\" content=\"image\/jpeg\" \/>\n<meta name=\"author\" content=\"Lo viste en Los Pol\u00edticos\" \/>\n<meta name=\"twitter:card\" content=\"summary_large_image\" \/>\n<meta name=\"twitter:creator\" content=\"@LosPoliticosVer\" \/>\n<meta name=\"twitter:site\" content=\"@LosPoliticosVer\" \/>\n<meta name=\"twitter:label1\" content=\"Escrito por\" \/>\n\t<meta name=\"twitter:data1\" content=\"Lo viste en Los Pol\u00edticos\" \/>\n\t<meta name=\"twitter:label2\" content=\"Tiempo de lectura\" \/>\n\t<meta name=\"twitter:data2\" content=\"2 minutos\" \/>\n<script type=\"application\/ld+json\" class=\"yoast-schema-graph\">{\"@context\":\"https:\\\/\\\/schema.org\",\"@graph\":[{\"@type\":\"Article\",\"@id\":\"https:\\\/\\\/lospoliticosveracruz.com\\\/?p=80576#article\",\"isPartOf\":{\"@id\":\"https:\\\/\\\/lospoliticosveracruz.com\\\/?p=80576\"},\"author\":{\"name\":\"Lo viste en Los Pol\u00edticos\",\"@id\":\"https:\\\/\\\/lospoliticosveracruz.com\\\/#\\\/schema\\\/person\\\/b8702bb0e538456e6efd07080bf2a4a2\"},\"headline\":\"Meter\u00e1n servicios en Las Estaciones\",\"datePublished\":\"2021-10-12T16:16:52+00:00\",\"dateModified\":\"2021-10-12T16:16:58+00:00\",\"mainEntityOfPage\":{\"@id\":\"https:\\\/\\\/lospoliticosveracruz.com\\\/?p=80576\"},\"wordCount\":313,\"publisher\":{\"@id\":\"https:\\\/\\\/lospoliticosveracruz.com\\\/#organization\"},\"keywords\":[\"Drenaje\",\"infraestructura urbana\",\"Leticia L\u00f3pez Landero\"],\"articleSection\":[\"De Boleto\"],\"inLanguage\":\"es\"},{\"@type\":\"WebPage\",\"@id\":\"https:\\\/\\\/lospoliticosveracruz.com\\\/?p=80576\",\"url\":\"https:\\\/\\\/lospoliticosveracruz.com\\\/?p=80576\",\"name\":\"Meter\u00e1n servicios en Las Estaciones - Los pol\u00edticos Veracruz\",\"isPartOf\":{\"@id\":\"https:\\\/\\\/lospoliticosveracruz.com\\\/#website\"},\"datePublished\":\"2021-10-12T16:16:52+00:00\",\"dateModified\":\"2021-10-12T16:16:58+00:00\",\"breadcrumb\":{\"@id\":\"https:\\\/\\\/lospoliticosveracruz.com\\\/?p=80576#breadcrumb\"},\"inLanguage\":\"es\",\"potentialAction\":[{\"@type\":\"ReadAction\",\"target\":[\"https:\\\/\\\/lospoliticosveracruz.com\\\/?p=80576\"]}]},{\"@type\":\"BreadcrumbList\",\"@id\":\"https:\\\/\\\/lospoliticosveracruz.com\\\/?p=80576#breadcrumb\",\"itemListElement\":[{\"@type\":\"ListItem\",\"position\":1,\"name\":\"Portada\",\"item\":\"https:\\\/\\\/lospoliticosveracruz.com\\\/\"},{\"@type\":\"ListItem\",\"position\":2,\"name\":\"Meter\u00e1n servicios en Las Estaciones\"}]},{\"@type\":\"WebSite\",\"@id\":\"https:\\\/\\\/lospoliticosveracruz.com\\\/#website\",\"url\":\"https:\\\/\\\/lospoliticosveracruz.com\\\/\",\"name\":\"Los pol\u00edticos Veracruz\",\"description\":\"\",\"publisher\":{\"@id\":\"https:\\\/\\\/lospoliticosveracruz.com\\\/#organization\"},\"potentialAction\":[{\"@type\":\"SearchAction\",\"target\":{\"@type\":\"EntryPoint\",\"urlTemplate\":\"https:\\\/\\\/lospoliticosveracruz.com\\\/?s={search_term_string}\"},\"query-input\":{\"@type\":\"PropertyValueSpecification\",\"valueRequired\":true,\"valueName\":\"search_term_string\"}}],\"inLanguage\":\"es\"},{\"@type\":\"Organization\",\"@id\":\"https:\\\/\\\/lospoliticosveracruz.com\\\/#organization\",\"name\":\"Los pol\u00edticos Veracruz\",\"url\":\"https:\\\/\\\/lospoliticosveracruz.com\\\/\",\"logo\":{\"@type\":\"ImageObject\",\"inLanguage\":\"es\",\"@id\":\"https:\\\/\\\/lospoliticosveracruz.com\\\/#\\\/schema\\\/logo\\\/image\\\/\",\"url\":\"https:\\\/\\\/lospoliticosveracruz.com\\\/wp-content\\\/uploads\\\/2025\\\/12\\\/Logo-Nuevo-LOS-POLITICOS-1.jpg\",\"contentUrl\":\"https:\\\/\\\/lospoliticosveracruz.com\\\/wp-content\\\/uploads\\\/2025\\\/12\\\/Logo-Nuevo-LOS-POLITICOS-1.jpg\",\"width\":260,\"height\":70,\"caption\":\"Los pol\u00edticos Veracruz\"},\"image\":{\"@id\":\"https:\\\/\\\/lospoliticosveracruz.com\\\/#\\\/schema\\\/logo\\\/image\\\/\"},\"sameAs\":[\"https:\\\/\\\/www.facebook.com\\\/people\\\/Notimemes-de-los-Polticos\\\/61565672886568\\\/\",\"https:\\\/\\\/x.com\\\/LosPoliticosVer\"]},{\"@type\":\"Person\",\"@id\":\"https:\\\/\\\/lospoliticosveracruz.com\\\/#\\\/schema\\\/person\\\/b8702bb0e538456e6efd07080bf2a4a2\",\"name\":\"Lo viste en Los Pol\u00edticos\",\"image\":{\"@type\":\"ImageObject\",\"inLanguage\":\"es\",\"@id\":\"https:\\\/\\\/secure.gravatar.com\\\/avatar\\\/3a8de04a2656d44082be478bd6c086daa447c4651605818287b9532d3d0bd435?s=96&d=mm&r=g\",\"url\":\"https:\\\/\\\/secure.gravatar.com\\\/avatar\\\/3a8de04a2656d44082be478bd6c086daa447c4651605818287b9532d3d0bd435?s=96&d=mm&r=g\",\"contentUrl\":\"https:\\\/\\\/secure.gravatar.com\\\/avatar\\\/3a8de04a2656d44082be478bd6c086daa447c4651605818287b9532d3d0bd435?s=96&d=mm&r=g\",\"caption\":\"Lo viste en Los Pol\u00edticos\"},\"url\":\"https:\\\/\\\/lospoliticosveracruz.com\\\/?author=2\"}]}<\/script>\n<!-- \/ Yoast SEO plugin. -->","yoast_head_json":{"title":"Meter\u00e1n servicios en Las Estaciones - Los pol\u00edticos Veracruz","robots":{"index":"index","follow":"follow","max-snippet":"max-snippet:-1","max-image-preview":"max-image-preview:large","max-video-preview":"max-video-preview:-1"},"canonical":"https:\/\/lospoliticosveracruz.com\/?p=80576","og_locale":"es_ES","og_type":"article","og_title":"Meter\u00e1n servicios en Las Estaciones - Los pol\u00edticos Veracruz","og_description":"C\u00f3rdoba Del mi\u00e9rcoles 13 al viernes 15 de octubre se cerrar\u00e1 a la circulaci\u00f3n vial el cruce de Avenida 13 y Calle 39 para conectar la red de drenaje en la zona donde se construye el paso a desnivel en el barrio de Las Estaciones. Antonio Morales Salinas, director de obra p\u00fablica e infraestructura urbana [&hellip;]","og_url":"https:\/\/lospoliticosveracruz.com\/?p=80576","og_site_name":"Los pol\u00edticos Veracruz","article_publisher":"https:\/\/www.facebook.com\/people\/Notimemes-de-los-Polticos\/61565672886568\/","article_published_time":"2021-10-12T16:16:52+00:00","article_modified_time":"2021-10-12T16:16:58+00:00","og_image":[{"width":200,"height":200,"url":"https:\/\/lospoliticosveracruz.com\/wp-content\/uploads\/2016\/07\/Logo-Dor.jpg","type":"image\/jpeg"}],"author":"Lo viste en Los Pol\u00edticos","twitter_card":"summary_large_image","twitter_creator":"@LosPoliticosVer","twitter_site":"@LosPoliticosVer","twitter_misc":{"Escrito por":"Lo viste en Los Pol\u00edticos","Tiempo de lectura":"2 minutos"},"schema":{"@context":"https:\/\/schema.org","@graph":[{"@type":"Article","@id":"https:\/\/lospoliticosveracruz.com\/?p=80576#article","isPartOf":{"@id":"https:\/\/lospoliticosveracruz.com\/?p=80576"},"author":{"name":"Lo viste en Los Pol\u00edticos","@id":"https:\/\/lospoliticosveracruz.com\/#\/schema\/person\/b8702bb0e538456e6efd07080bf2a4a2"},"headline":"Meter\u00e1n servicios en Las Estaciones","datePublished":"2021-10-12T16:16:52+00:00","dateModified":"2021-10-12T16:16:58+00:00","mainEntityOfPage":{"@id":"https:\/\/lospoliticosveracruz.com\/?p=80576"},"wordCount":313,"publisher":{"@id":"https:\/\/lospoliticosveracruz.com\/#organization"},"keywords":["Drenaje","infraestructura urbana","Leticia L\u00f3pez Landero"],"articleSection":["De Boleto"],"inLanguage":"es"},{"@type":"WebPage","@id":"https:\/\/lospoliticosveracruz.com\/?p=80576","url":"https:\/\/lospoliticosveracruz.com\/?p=80576","name":"Meter\u00e1n servicios en Las Estaciones - Los pol\u00edticos Veracruz","isPartOf":{"@id":"https:\/\/lospoliticosveracruz.com\/#website"},"datePublished":"2021-10-12T16:16:52+00:00","dateModified":"2021-10-12T16:16:58+00:00","breadcrumb":{"@id":"https:\/\/lospoliticosveracruz.com\/?p=80576#breadcrumb"},"inLanguage":"es","potentialAction":[{"@type":"ReadAction","target":["https:\/\/lospoliticosveracruz.com\/?p=80576"]}]},{"@type":"BreadcrumbList","@id":"https:\/\/lospoliticosveracruz.com\/?p=80576#breadcrumb","itemListElement":[{"@type":"ListItem","position":1,"name":"Portada","item":"https:\/\/lospoliticosveracruz.com\/"},{"@type":"ListItem","position":2,"name":"Meter\u00e1n servicios en Las Estaciones"}]},{"@type":"WebSite","@id":"https:\/\/lospoliticosveracruz.com\/#website","url":"https:\/\/lospoliticosveracruz.com\/","name":"Los pol\u00edticos Veracruz","description":"","publisher":{"@id":"https:\/\/lospoliticosveracruz.com\/#organization"},"potentialAction":[{"@type":"SearchAction","target":{"@type":"EntryPoint","urlTemplate":"https:\/\/lospoliticosveracruz.com\/?s={search_term_string}"},"query-input":{"@type":"PropertyValueSpecification","valueRequired":true,"valueName":"search_term_string"}}],"inLanguage":"es"},{"@type":"Organization","@id":"https:\/\/lospoliticosveracruz.com\/#organization","name":"Los pol\u00edticos Veracruz","url":"https:\/\/lospoliticosveracruz.com\/","logo":{"@type":"ImageObject","inLanguage":"es","@id":"https:\/\/lospoliticosveracruz.com\/#\/schema\/logo\/image\/","url":"https:\/\/lospoliticosveracruz.com\/wp-content\/uploads\/2025\/12\/Logo-Nuevo-LOS-POLITICOS-1.jpg","contentUrl":"https:\/\/lospoliticosveracruz.com\/wp-content\/uploads\/2025\/12\/Logo-Nuevo-LOS-POLITICOS-1.jpg","width":260,"height":70,"caption":"Los pol\u00edticos Veracruz"},"image":{"@id":"https:\/\/lospoliticosveracruz.com\/#\/schema\/logo\/image\/"},"sameAs":["https:\/\/www.facebook.com\/people\/Notimemes-de-los-Polticos\/61565672886568\/","https:\/\/x.com\/LosPoliticosVer"]},{"@type":"Person","@id":"https:\/\/lospoliticosveracruz.com\/#\/schema\/person\/b8702bb0e538456e6efd07080bf2a4a2","name":"Lo viste en Los Pol\u00edticos","image":{"@type":"ImageObject","inLanguage":"es","@id":"https:\/\/secure.gravatar.com\/avatar\/3a8de04a2656d44082be478bd6c086daa447c4651605818287b9532d3d0bd435?s=96&d=mm&r=g","url":"https:\/\/secure.gravatar.com\/avatar\/3a8de04a2656d44082be478bd6c086daa447c4651605818287b9532d3d0bd435?s=96&d=mm&r=g","contentUrl":"https:\/\/secure.gravatar.com\/avatar\/3a8de04a2656d44082be478bd6c086daa447c4651605818287b9532d3d0bd435?s=96&d=mm&r=g","caption":"Lo viste en Los Pol\u00edticos"},"url":"https:\/\/lospoliticosveracruz.com\/?author=2"}]}},"_links":{"self":[{"href":"https:\/\/lospoliticosveracruz.com\/index.php?rest_route=\/wp\/v2\/posts\/80576","targetHints":{"allow":["GET"]}}],"collection":[{"href":"https:\/\/lospoliticosveracruz.com\/index.php?rest_route=\/wp\/v2\/posts"}],"about":[{"href":"https:\/\/lospoliticosveracruz.com\/index.php?rest_route=\/wp\/v2\/types\/post"}],"author":[{"embeddable":true,"href":"https:\/\/lospoliticosveracruz.com\/index.php?rest_route=\/wp\/v2\/users\/2"}],"replies":[{"embeddable":true,"href":"https:\/\/lospoliticosveracruz.com\/index.php?rest_route=%2Fwp%2Fv2%2Fcomments&post=80576"}],"version-history":[{"count":1,"href":"https:\/\/lospoliticosveracruz.com\/index.php?rest_route=\/wp\/v2\/posts\/80576\/revisions"}],"predecessor-version":[{"id":80578,"href":"https:\/\/lospoliticosveracruz.com\/index.php?rest_route=\/wp\/v2\/posts\/80576\/revisions\/80578"}],"wp:attachment":[{"href":"https:\/\/lospoliticosveracruz.com\/index.php?rest_route=%2Fwp%2Fv2%2Fmedia&parent=80576"}],"wp:term":[{"taxonomy":"category","embeddable":true,"href":"https:\/\/lospoliticosveracruz.com\/index.php?rest_route=%2Fwp%2Fv2%2Fcategories&post=80576"},{"taxonomy":"post_tag","embeddable":true,"href":"https:\/\/lospoliticosveracruz.com\/index.php?rest_route=%2Fwp%2Fv2%2Ftags&post=80576"}],"curies":[{"name":"wp","href":"https:\/\/api.w.org\/{rel}","templated":true}]}}