{"id":80585,"date":"2021-10-12T12:48:47","date_gmt":"2021-10-12T17:48:47","guid":{"rendered":"https:\/\/lospoliticosveracruz.com.mx\/?p=80585"},"modified":"2021-10-12T12:48:53","modified_gmt":"2021-10-12T17:48:53","slug":"te-duele-puedes-tener-artritis","status":"publish","type":"post","link":"https:\/\/lospoliticosveracruz.com\/?p=80585","title":{"rendered":"Te duele? Puedes tener artritis!"},"content":{"rendered":"\n<p><\/p>\n\n\n\n<p><strong>Xalapa<\/strong><br>Con la finalidad de sensibilizar a la ciudadan\u00eda sobre la artritis reumatoide, la coordinadora auxiliar de Investigaci\u00f3n en Salud del Instituto Mexicano del Seguro Social (IMSS) en Veracruz Norte, Claudia Elsa P\u00e9rez Ruiz, explic\u00f3 la importancia de dar a conocer los s\u00edntomas de esta enfermedad para recibir un tratamiento a tiempo y evitar mayores complicaciones en la salud del paciente.<br>\u00abLa artritis reumatoide es una enfermedad autoinmune sistem\u00e1tica de car\u00e1cter inflamatorio y cr\u00f3nico que presenta predilecci\u00f3n por las articulaciones, afectando la membrana sinovial y con posterioridad a cart\u00edlago, ligamentos, c\u00e1psula y hueso. Los cambios sistem\u00e1ticos inflamatorios pueden afectar otros \u00f3rganos como el coraz\u00f3n, pulmones, ri\u00f1ones inclusive los ojos y el sistema hematopoy\u00e9tico\u00bb, dijo P\u00e9rez Ruiz.<br>Los principales s\u00edntomas que se presentan son dolor (artralgia), inflamaci\u00f3n de las articulaciones (artritis), rigidez matutina, hipersensibilidad y disminuci\u00f3n del movimiento corporal, tambi\u00e9n puede asociarse con la fatiga, p\u00e9rdida del apetito, malestar general, limitaci\u00f3n funcional, depresi\u00f3n, sequedad de los ojos y boca e incluso otras manifestaciones extra articulares.<br>La AR comienza con mayor frecuencia entre los 30 y 50 a\u00f1os, aunque puede manifestarse a cualquier edad. Afecta tanto a hombres como a mujeres, sin embargo, 3 de cada 4 derechohabientes con artritis reumatoide, son del sexo femenino, lo que representa alrededor de 75% de los pacientes.<br>La herencia son los factores gen\u00e9ticos que se heredan de los padres. La herencia juega un papel importante en algunos tipos de artritis pero no es el \u00fanico factor desencadenante en la mayor\u00eda de los casos de tipos comunes de artritis y enfermedades relacionadas (incluyendo la osteoartritis y la artritis reumatoidea).<\/p>\n\n\n\n<p>\u00abEn el IMSS la atenci\u00f3n del m\u00e9dico familiar es fundamental para iniciar un abordaje terap\u00e9utico para confirmar la enfermedad, lo que ayuda a controlar los s\u00edntomas y reducir el da\u00f1o estructural. Los m\u00e9dicos internistas y traumat\u00f3logos est\u00e1n comprometidos con la atenci\u00f3n del paciente a 100%, considerando el mejor tratamiento para cada persona.\u00bb mencion\u00f3 Espinoza Zepeda.<\/p>\n\n\n\n<p>Para finalizar la especialista enfatiz\u00f3 la importancia de presentarse a su Unidad de Medicina Familiar (UMF) si se sospecha padecer la enfermedad o varios de los s\u00edntomas antes mencionados, tambi\u00e9n el evitar fumar, ingerir bebidas alcoh\u00f3licas y mantener una alimentaci\u00f3n saludable.<\/p>\n","protected":false},"excerpt":{"rendered":"<p>XalapaCon la finalidad de sensibilizar a la ciudadan\u00eda sobre la artritis reumatoide, la coordinadora auxiliar de Investigaci\u00f3n en Salud del Instituto Mexicano del Seguro Social (IMSS) en Veracruz Norte, Claudia Elsa P\u00e9rez Ruiz, explic\u00f3 la importancia de dar a conocer los s\u00edntomas de esta enfermedad para recibir un tratamiento a tiempo y evitar mayores complicaciones [&hellip;]<\/p>\n","protected":false},"author":2,"featured_media":0,"comment_status":"closed","ping_status":"closed","sticky":false,"template":"","format":"standard","meta":{"tdm_status":"","tdm_grid_status":"","footnotes":""},"categories":[73],"tags":[30277,1208,12338],"class_list":{"0":"post-80585","1":"post","2":"type-post","3":"status-publish","4":"format-standard","6":"category-de-boleto","7":"tag-claudia-elsa-perez-ruiz","8":"tag-imss","9":"tag-imss-veracruz-norte"},"yoast_head":"<!-- This site is optimized with the Yoast SEO plugin v27.4 - https:\/\/yoast.com\/product\/yoast-seo-wordpress\/ -->\n<title>Te duele? Puedes tener artritis! - Los pol\u00edticos Veracruz<\/title>\n<meta name=\"robots\" content=\"index, follow, max-snippet:-1, max-image-preview:large, max-video-preview:-1\" \/>\n<link rel=\"canonical\" href=\"https:\/\/lospoliticosveracruz.com\/?p=80585\" \/>\n<meta property=\"og:locale\" content=\"es_ES\" \/>\n<meta property=\"og:type\" content=\"article\" \/>\n<meta property=\"og:title\" content=\"Te duele? Puedes tener artritis! - Los pol\u00edticos Veracruz\" \/>\n<meta property=\"og:description\" content=\"XalapaCon la finalidad de sensibilizar a la ciudadan\u00eda sobre la artritis reumatoide, la coordinadora auxiliar de Investigaci\u00f3n en Salud del Instituto Mexicano del Seguro Social (IMSS) en Veracruz Norte, Claudia Elsa P\u00e9rez Ruiz, explic\u00f3 la importancia de dar a conocer los s\u00edntomas de esta enfermedad para recibir un tratamiento a tiempo y evitar mayores complicaciones [&hellip;]\" \/>\n<meta property=\"og:url\" content=\"https:\/\/lospoliticosveracruz.com\/?p=80585\" \/>\n<meta property=\"og:site_name\" content=\"Los pol\u00edticos Veracruz\" \/>\n<meta property=\"article:publisher\" content=\"https:\/\/www.facebook.com\/people\/Notimemes-de-los-Polticos\/61565672886568\/\" \/>\n<meta property=\"article:published_time\" content=\"2021-10-12T17:48:47+00:00\" \/>\n<meta property=\"article:modified_time\" content=\"2021-10-12T17:48:53+00:00\" \/>\n<meta property=\"og:image\" content=\"https:\/\/lospoliticosveracruz.com\/wp-content\/uploads\/2016\/07\/Logo-Dor.jpg\" \/>\n\t<meta property=\"og:image:width\" content=\"200\" \/>\n\t<meta property=\"og:image:height\" content=\"200\" \/>\n\t<meta property=\"og:image:type\" content=\"image\/jpeg\" \/>\n<meta name=\"author\" content=\"Lo viste en Los Pol\u00edticos\" \/>\n<meta name=\"twitter:card\" content=\"summary_large_image\" \/>\n<meta name=\"twitter:creator\" content=\"@LosPoliticosVer\" \/>\n<meta name=\"twitter:site\" content=\"@LosPoliticosVer\" \/>\n<meta name=\"twitter:label1\" content=\"Escrito por\" \/>\n\t<meta name=\"twitter:data1\" content=\"Lo viste en Los Pol\u00edticos\" \/>\n\t<meta name=\"twitter:label2\" content=\"Tiempo de lectura\" \/>\n\t<meta name=\"twitter:data2\" content=\"2 minutos\" \/>\n<script type=\"application\/ld+json\" class=\"yoast-schema-graph\">{\"@context\":\"https:\\\/\\\/schema.org\",\"@graph\":[{\"@type\":\"Article\",\"@id\":\"https:\\\/\\\/lospoliticosveracruz.com\\\/?p=80585#article\",\"isPartOf\":{\"@id\":\"https:\\\/\\\/lospoliticosveracruz.com\\\/?p=80585\"},\"author\":{\"name\":\"Lo viste en Los Pol\u00edticos\",\"@id\":\"https:\\\/\\\/lospoliticosveracruz.com\\\/#\\\/schema\\\/person\\\/b8702bb0e538456e6efd07080bf2a4a2\"},\"headline\":\"Te duele? Puedes tener artritis!\",\"datePublished\":\"2021-10-12T17:48:47+00:00\",\"dateModified\":\"2021-10-12T17:48:53+00:00\",\"mainEntityOfPage\":{\"@id\":\"https:\\\/\\\/lospoliticosveracruz.com\\\/?p=80585\"},\"wordCount\":396,\"publisher\":{\"@id\":\"https:\\\/\\\/lospoliticosveracruz.com\\\/#organization\"},\"keywords\":[\"Claudia Elsa P\u00e9rez Ruiz\",\"IMSS\",\"IMSS Veracruz Norte\"],\"articleSection\":[\"De Boleto\"],\"inLanguage\":\"es\"},{\"@type\":\"WebPage\",\"@id\":\"https:\\\/\\\/lospoliticosveracruz.com\\\/?p=80585\",\"url\":\"https:\\\/\\\/lospoliticosveracruz.com\\\/?p=80585\",\"name\":\"Te duele? Puedes tener artritis! - Los pol\u00edticos Veracruz\",\"isPartOf\":{\"@id\":\"https:\\\/\\\/lospoliticosveracruz.com\\\/#website\"},\"datePublished\":\"2021-10-12T17:48:47+00:00\",\"dateModified\":\"2021-10-12T17:48:53+00:00\",\"breadcrumb\":{\"@id\":\"https:\\\/\\\/lospoliticosveracruz.com\\\/?p=80585#breadcrumb\"},\"inLanguage\":\"es\",\"potentialAction\":[{\"@type\":\"ReadAction\",\"target\":[\"https:\\\/\\\/lospoliticosveracruz.com\\\/?p=80585\"]}]},{\"@type\":\"BreadcrumbList\",\"@id\":\"https:\\\/\\\/lospoliticosveracruz.com\\\/?p=80585#breadcrumb\",\"itemListElement\":[{\"@type\":\"ListItem\",\"position\":1,\"name\":\"Portada\",\"item\":\"https:\\\/\\\/lospoliticosveracruz.com\\\/\"},{\"@type\":\"ListItem\",\"position\":2,\"name\":\"Te duele? Puedes tener artritis!\"}]},{\"@type\":\"WebSite\",\"@id\":\"https:\\\/\\\/lospoliticosveracruz.com\\\/#website\",\"url\":\"https:\\\/\\\/lospoliticosveracruz.com\\\/\",\"name\":\"Los pol\u00edticos Veracruz\",\"description\":\"\",\"publisher\":{\"@id\":\"https:\\\/\\\/lospoliticosveracruz.com\\\/#organization\"},\"potentialAction\":[{\"@type\":\"SearchAction\",\"target\":{\"@type\":\"EntryPoint\",\"urlTemplate\":\"https:\\\/\\\/lospoliticosveracruz.com\\\/?s={search_term_string}\"},\"query-input\":{\"@type\":\"PropertyValueSpecification\",\"valueRequired\":true,\"valueName\":\"search_term_string\"}}],\"inLanguage\":\"es\"},{\"@type\":\"Organization\",\"@id\":\"https:\\\/\\\/lospoliticosveracruz.com\\\/#organization\",\"name\":\"Los pol\u00edticos Veracruz\",\"url\":\"https:\\\/\\\/lospoliticosveracruz.com\\\/\",\"logo\":{\"@type\":\"ImageObject\",\"inLanguage\":\"es\",\"@id\":\"https:\\\/\\\/lospoliticosveracruz.com\\\/#\\\/schema\\\/logo\\\/image\\\/\",\"url\":\"https:\\\/\\\/lospoliticosveracruz.com\\\/wp-content\\\/uploads\\\/2025\\\/12\\\/Logo-Nuevo-LOS-POLITICOS-1.jpg\",\"contentUrl\":\"https:\\\/\\\/lospoliticosveracruz.com\\\/wp-content\\\/uploads\\\/2025\\\/12\\\/Logo-Nuevo-LOS-POLITICOS-1.jpg\",\"width\":260,\"height\":70,\"caption\":\"Los pol\u00edticos Veracruz\"},\"image\":{\"@id\":\"https:\\\/\\\/lospoliticosveracruz.com\\\/#\\\/schema\\\/logo\\\/image\\\/\"},\"sameAs\":[\"https:\\\/\\\/www.facebook.com\\\/people\\\/Notimemes-de-los-Polticos\\\/61565672886568\\\/\",\"https:\\\/\\\/x.com\\\/LosPoliticosVer\"]},{\"@type\":\"Person\",\"@id\":\"https:\\\/\\\/lospoliticosveracruz.com\\\/#\\\/schema\\\/person\\\/b8702bb0e538456e6efd07080bf2a4a2\",\"name\":\"Lo viste en Los Pol\u00edticos\",\"image\":{\"@type\":\"ImageObject\",\"inLanguage\":\"es\",\"@id\":\"https:\\\/\\\/secure.gravatar.com\\\/avatar\\\/3a8de04a2656d44082be478bd6c086daa447c4651605818287b9532d3d0bd435?s=96&d=mm&r=g\",\"url\":\"https:\\\/\\\/secure.gravatar.com\\\/avatar\\\/3a8de04a2656d44082be478bd6c086daa447c4651605818287b9532d3d0bd435?s=96&d=mm&r=g\",\"contentUrl\":\"https:\\\/\\\/secure.gravatar.com\\\/avatar\\\/3a8de04a2656d44082be478bd6c086daa447c4651605818287b9532d3d0bd435?s=96&d=mm&r=g\",\"caption\":\"Lo viste en Los Pol\u00edticos\"},\"url\":\"https:\\\/\\\/lospoliticosveracruz.com\\\/?author=2\"}]}<\/script>\n<!-- \/ Yoast SEO plugin. -->","yoast_head_json":{"title":"Te duele? Puedes tener artritis! - Los pol\u00edticos Veracruz","robots":{"index":"index","follow":"follow","max-snippet":"max-snippet:-1","max-image-preview":"max-image-preview:large","max-video-preview":"max-video-preview:-1"},"canonical":"https:\/\/lospoliticosveracruz.com\/?p=80585","og_locale":"es_ES","og_type":"article","og_title":"Te duele? Puedes tener artritis! - Los pol\u00edticos Veracruz","og_description":"XalapaCon la finalidad de sensibilizar a la ciudadan\u00eda sobre la artritis reumatoide, la coordinadora auxiliar de Investigaci\u00f3n en Salud del Instituto Mexicano del Seguro Social (IMSS) en Veracruz Norte, Claudia Elsa P\u00e9rez Ruiz, explic\u00f3 la importancia de dar a conocer los s\u00edntomas de esta enfermedad para recibir un tratamiento a tiempo y evitar mayores complicaciones [&hellip;]","og_url":"https:\/\/lospoliticosveracruz.com\/?p=80585","og_site_name":"Los pol\u00edticos Veracruz","article_publisher":"https:\/\/www.facebook.com\/people\/Notimemes-de-los-Polticos\/61565672886568\/","article_published_time":"2021-10-12T17:48:47+00:00","article_modified_time":"2021-10-12T17:48:53+00:00","og_image":[{"width":200,"height":200,"url":"https:\/\/lospoliticosveracruz.com\/wp-content\/uploads\/2016\/07\/Logo-Dor.jpg","type":"image\/jpeg"}],"author":"Lo viste en Los Pol\u00edticos","twitter_card":"summary_large_image","twitter_creator":"@LosPoliticosVer","twitter_site":"@LosPoliticosVer","twitter_misc":{"Escrito por":"Lo viste en Los Pol\u00edticos","Tiempo de lectura":"2 minutos"},"schema":{"@context":"https:\/\/schema.org","@graph":[{"@type":"Article","@id":"https:\/\/lospoliticosveracruz.com\/?p=80585#article","isPartOf":{"@id":"https:\/\/lospoliticosveracruz.com\/?p=80585"},"author":{"name":"Lo viste en Los Pol\u00edticos","@id":"https:\/\/lospoliticosveracruz.com\/#\/schema\/person\/b8702bb0e538456e6efd07080bf2a4a2"},"headline":"Te duele? Puedes tener artritis!","datePublished":"2021-10-12T17:48:47+00:00","dateModified":"2021-10-12T17:48:53+00:00","mainEntityOfPage":{"@id":"https:\/\/lospoliticosveracruz.com\/?p=80585"},"wordCount":396,"publisher":{"@id":"https:\/\/lospoliticosveracruz.com\/#organization"},"keywords":["Claudia Elsa P\u00e9rez Ruiz","IMSS","IMSS Veracruz Norte"],"articleSection":["De Boleto"],"inLanguage":"es"},{"@type":"WebPage","@id":"https:\/\/lospoliticosveracruz.com\/?p=80585","url":"https:\/\/lospoliticosveracruz.com\/?p=80585","name":"Te duele? Puedes tener artritis! - Los pol\u00edticos Veracruz","isPartOf":{"@id":"https:\/\/lospoliticosveracruz.com\/#website"},"datePublished":"2021-10-12T17:48:47+00:00","dateModified":"2021-10-12T17:48:53+00:00","breadcrumb":{"@id":"https:\/\/lospoliticosveracruz.com\/?p=80585#breadcrumb"},"inLanguage":"es","potentialAction":[{"@type":"ReadAction","target":["https:\/\/lospoliticosveracruz.com\/?p=80585"]}]},{"@type":"BreadcrumbList","@id":"https:\/\/lospoliticosveracruz.com\/?p=80585#breadcrumb","itemListElement":[{"@type":"ListItem","position":1,"name":"Portada","item":"https:\/\/lospoliticosveracruz.com\/"},{"@type":"ListItem","position":2,"name":"Te duele? Puedes tener artritis!"}]},{"@type":"WebSite","@id":"https:\/\/lospoliticosveracruz.com\/#website","url":"https:\/\/lospoliticosveracruz.com\/","name":"Los pol\u00edticos Veracruz","description":"","publisher":{"@id":"https:\/\/lospoliticosveracruz.com\/#organization"},"potentialAction":[{"@type":"SearchAction","target":{"@type":"EntryPoint","urlTemplate":"https:\/\/lospoliticosveracruz.com\/?s={search_term_string}"},"query-input":{"@type":"PropertyValueSpecification","valueRequired":true,"valueName":"search_term_string"}}],"inLanguage":"es"},{"@type":"Organization","@id":"https:\/\/lospoliticosveracruz.com\/#organization","name":"Los pol\u00edticos Veracruz","url":"https:\/\/lospoliticosveracruz.com\/","logo":{"@type":"ImageObject","inLanguage":"es","@id":"https:\/\/lospoliticosveracruz.com\/#\/schema\/logo\/image\/","url":"https:\/\/lospoliticosveracruz.com\/wp-content\/uploads\/2025\/12\/Logo-Nuevo-LOS-POLITICOS-1.jpg","contentUrl":"https:\/\/lospoliticosveracruz.com\/wp-content\/uploads\/2025\/12\/Logo-Nuevo-LOS-POLITICOS-1.jpg","width":260,"height":70,"caption":"Los pol\u00edticos Veracruz"},"image":{"@id":"https:\/\/lospoliticosveracruz.com\/#\/schema\/logo\/image\/"},"sameAs":["https:\/\/www.facebook.com\/people\/Notimemes-de-los-Polticos\/61565672886568\/","https:\/\/x.com\/LosPoliticosVer"]},{"@type":"Person","@id":"https:\/\/lospoliticosveracruz.com\/#\/schema\/person\/b8702bb0e538456e6efd07080bf2a4a2","name":"Lo viste en Los Pol\u00edticos","image":{"@type":"ImageObject","inLanguage":"es","@id":"https:\/\/secure.gravatar.com\/avatar\/3a8de04a2656d44082be478bd6c086daa447c4651605818287b9532d3d0bd435?s=96&d=mm&r=g","url":"https:\/\/secure.gravatar.com\/avatar\/3a8de04a2656d44082be478bd6c086daa447c4651605818287b9532d3d0bd435?s=96&d=mm&r=g","contentUrl":"https:\/\/secure.gravatar.com\/avatar\/3a8de04a2656d44082be478bd6c086daa447c4651605818287b9532d3d0bd435?s=96&d=mm&r=g","caption":"Lo viste en Los Pol\u00edticos"},"url":"https:\/\/lospoliticosveracruz.com\/?author=2"}]}},"_links":{"self":[{"href":"https:\/\/lospoliticosveracruz.com\/index.php?rest_route=\/wp\/v2\/posts\/80585","targetHints":{"allow":["GET"]}}],"collection":[{"href":"https:\/\/lospoliticosveracruz.com\/index.php?rest_route=\/wp\/v2\/posts"}],"about":[{"href":"https:\/\/lospoliticosveracruz.com\/index.php?rest_route=\/wp\/v2\/types\/post"}],"author":[{"embeddable":true,"href":"https:\/\/lospoliticosveracruz.com\/index.php?rest_route=\/wp\/v2\/users\/2"}],"replies":[{"embeddable":true,"href":"https:\/\/lospoliticosveracruz.com\/index.php?rest_route=%2Fwp%2Fv2%2Fcomments&post=80585"}],"version-history":[{"count":1,"href":"https:\/\/lospoliticosveracruz.com\/index.php?rest_route=\/wp\/v2\/posts\/80585\/revisions"}],"predecessor-version":[{"id":80587,"href":"https:\/\/lospoliticosveracruz.com\/index.php?rest_route=\/wp\/v2\/posts\/80585\/revisions\/80587"}],"wp:attachment":[{"href":"https:\/\/lospoliticosveracruz.com\/index.php?rest_route=%2Fwp%2Fv2%2Fmedia&parent=80585"}],"wp:term":[{"taxonomy":"category","embeddable":true,"href":"https:\/\/lospoliticosveracruz.com\/index.php?rest_route=%2Fwp%2Fv2%2Fcategories&post=80585"},{"taxonomy":"post_tag","embeddable":true,"href":"https:\/\/lospoliticosveracruz.com\/index.php?rest_route=%2Fwp%2Fv2%2Ftags&post=80585"}],"curies":[{"name":"wp","href":"https:\/\/api.w.org\/{rel}","templated":true}]}}