{"id":80610,"date":"2021-10-13T08:54:00","date_gmt":"2021-10-13T13:54:00","guid":{"rendered":"https:\/\/lospoliticosveracruz.com.mx\/?p=80610"},"modified":"2021-10-13T08:54:07","modified_gmt":"2021-10-13T13:54:07","slug":"les-cae-a-partir-del-22-chavos","status":"publish","type":"post","link":"https:\/\/lospoliticosveracruz.com\/?p=80610","title":{"rendered":"Les cae a partir del 22, chavos!"},"content":{"rendered":"\n<p><\/p>\n\n\n\n<p><strong>Xalapa<br><\/strong>Este mes contin\u00faa la entrega de apoyos de Programas Sociales y tarjetas del Bienestar para el pago bancarizado a los adultos mayores, inform\u00f3 el Delegado de Programas para el Desarrollo en el estado, Manuel Huerta Ladr\u00f3n de Guevara, y resalt\u00f3 el \u00faltimo jal\u00f3n de la vacunaci\u00f3n en Veracruz en segundas dosis y poblaci\u00f3n rezagada, lo que permitir\u00e1 el cumplimiento de un compromiso m\u00e1s del Gobierno de la Rep\u00fablica.<\/p>\n\n\n\n<p>Huerta coment\u00f3 que el proceso de bancarizaci\u00f3n para la entrega de pensiones a los adultos mayores avanza a la par de los nuevos registros, ya va en su tercera etapa, con el fin de lograr la bancarizaci\u00f3n de toda esta poblaci\u00f3n. El objetivo, dijo, es que los mayores tengan su cuenta en el Banco del Bienestar para que ya no sea necesario realizar los operativos de pago asistido en Mesas de Atenci\u00f3n.<\/p>\n\n\n\n<p>Adem\u00e1s, dijo que el 22 de este mes se pagar\u00e1n dos bimestres correspondientes a septiembre-octubre y noviembre-diciembre de las becas Benito Ju\u00e1rez de educaci\u00f3n b\u00e1sica a 327 mil 78 familias, con una dispersi\u00f3n de mil 72 millones de pesos.<\/p>\n\n\n\n<p>Asimismo, agreg\u00f3 que las nuevas 50 mil familias que tienen hijos en alguna de las 8 mil 485 escuelas de alta y muy alta marginaci\u00f3n, en 4 mil 200 localidades, ya est\u00e1n inscritas al programa. Mencion\u00f3 que entre el 16 de noviembre y el 03 de diciembre ser\u00e1n dadas de alta para que reciban el pago del \u00faltimo bimestre. Con ello, se\u00f1al\u00f3, al final de a\u00f1o el padr\u00f3n total ser\u00e1 de 377 mil 78 familias.<\/p>\n\n\n\n<p>Sobre las becas para educaci\u00f3n media superior, que es universal para todo el estudiantado en ese nivel, se pagar\u00e1 a 262 mil 200 alumnos entre el 03 de noviembre y el 15 de diciembre, lo que implicar\u00e1 una dispersi\u00f3n de 854 millones de pesos. Esta beca se paga principalmente a trav\u00e9s de la aplicaci\u00f3n de Banco Azteca y Bienestar. Asimismo con la beca de educaci\u00f3n superior, se entregar\u00e1 el apoyo a 34 mil estudiantes de diferentes universidades del estado.<\/p>\n\n\n\n<p>En cuanto a la vacunaci\u00f3n, dijo que \u00e9stas continuar\u00e1n en Emiliano Zapata el 14 y 15 de octubre; en La Antigua y Puente Nacional del 18 al 20; en Perote 12 y 13; Coatepec 13 y 14 y m\u00e1s municipios; asimismo, resalt\u00f3 que la poblaci\u00f3n de ciudades y localidades aleda\u00f1as a los centros de vacunaci\u00f3n podr\u00e1n acudir en cualquiera de esas fechas a vacunarse.<\/p>\n\n\n\n<p>Esta misma din\u00e1mica, coment\u00f3, tambi\u00e9n ser\u00e1 v\u00e1lida para la vacunaci\u00f3n en Isla, a donde podr\u00e1n acudir los de Rodr\u00edguez Clara, Cosamaloapan; asimismo en Las Choapas que termina ma\u00f1ana; en Oteapan, Soconusco, Zaragoza, J\u00e1ltipan que vacunar\u00e1n del 13 hasta el 16; lo mismo para Santiago y San Andr\u00e9s Tuxtla y en todos los municipios que est\u00e9n vacunando. El punto, explic\u00f3, es que toda la poblaci\u00f3n que no se haya vacunado acuda a donde les parezca mejor para que reciban su dosis del biol\u00f3gico antiCOVID.<\/p>\n\n\n\n<p>En otro orden, el Delegado dijo que la poblaci\u00f3n menor de 12 a 17 a\u00f1os con comorbilidades y las adolescentes embarazadas deben registrarse en el sitio mivacuna.salud.gob.mx. Expres\u00f3 que a nivel nacional s\u00f3lo se han inscrito 25 mil j\u00f3venes de 750 mil; invit\u00f3 a esta poblaci\u00f3n a darse de alta directamente en la p\u00e1gina.<\/p>\n\n\n\n<p>Finalmente, sobre los municipios que est\u00e1n vacunados, el funcionario coment\u00f3 que el d\u00eda 29 de octubre el Presidente dar\u00e1 a conocer las cifras a nivel nacional; pero dijo que la estimaci\u00f3n para el estado es alcanzar la media nacional, que es del 70%, de los cuales para Veracruz se ha registrado un avance del 66% de inmunizaci\u00f3n entre primeras y segundas dosis.<\/p>\n","protected":false},"excerpt":{"rendered":"<p>XalapaEste mes contin\u00faa la entrega de apoyos de Programas Sociales y tarjetas del Bienestar para el pago bancarizado a los adultos mayores, inform\u00f3 el Delegado de Programas para el Desarrollo en el estado, Manuel Huerta Ladr\u00f3n de Guevara, y resalt\u00f3 el \u00faltimo jal\u00f3n de la vacunaci\u00f3n en Veracruz en segundas dosis y poblaci\u00f3n rezagada, lo [&hellip;]<\/p>\n","protected":false},"author":2,"featured_media":0,"comment_status":"closed","ping_status":"closed","sticky":false,"template":"","format":"standard","meta":{"tdm_status":"","tdm_grid_status":"","footnotes":""},"categories":[73],"tags":[3237,16091,17916,17020,1850,30806,10070],"class_list":{"0":"post-80610","1":"post","2":"type-post","3":"status-publish","4":"format-standard","6":"category-de-boleto","7":"tag-adultos-mayores","8":"tag-banco-del-bienestar","9":"tag-becas-benito-juarez","10":"tag-bienestar","11":"tag-manuel-huerta-ladron-de-guevara","12":"tag-poblacion-rezagada","13":"tag-programas-sociales"},"yoast_head":"<!-- This site is optimized with the Yoast SEO plugin v27.4 - https:\/\/yoast.com\/product\/yoast-seo-wordpress\/ -->\n<title>Les cae a partir del 22, chavos! - Los pol\u00edticos Veracruz<\/title>\n<meta name=\"robots\" content=\"index, follow, max-snippet:-1, max-image-preview:large, max-video-preview:-1\" \/>\n<link rel=\"canonical\" href=\"https:\/\/lospoliticosveracruz.com\/?p=80610\" \/>\n<meta property=\"og:locale\" content=\"es_ES\" \/>\n<meta property=\"og:type\" content=\"article\" \/>\n<meta property=\"og:title\" content=\"Les cae a partir del 22, chavos! - Los pol\u00edticos Veracruz\" \/>\n<meta property=\"og:description\" content=\"XalapaEste mes contin\u00faa la entrega de apoyos de Programas Sociales y tarjetas del Bienestar para el pago bancarizado a los adultos mayores, inform\u00f3 el Delegado de Programas para el Desarrollo en el estado, Manuel Huerta Ladr\u00f3n de Guevara, y resalt\u00f3 el \u00faltimo jal\u00f3n de la vacunaci\u00f3n en Veracruz en segundas dosis y poblaci\u00f3n rezagada, lo [&hellip;]\" \/>\n<meta property=\"og:url\" content=\"https:\/\/lospoliticosveracruz.com\/?p=80610\" \/>\n<meta property=\"og:site_name\" content=\"Los pol\u00edticos Veracruz\" \/>\n<meta property=\"article:publisher\" content=\"https:\/\/www.facebook.com\/people\/Notimemes-de-los-Polticos\/61565672886568\/\" \/>\n<meta property=\"article:published_time\" content=\"2021-10-13T13:54:00+00:00\" \/>\n<meta property=\"article:modified_time\" content=\"2021-10-13T13:54:07+00:00\" \/>\n<meta property=\"og:image\" content=\"https:\/\/lospoliticosveracruz.com\/wp-content\/uploads\/2016\/07\/Logo-Dor.jpg\" \/>\n\t<meta property=\"og:image:width\" content=\"200\" \/>\n\t<meta property=\"og:image:height\" content=\"200\" \/>\n\t<meta property=\"og:image:type\" content=\"image\/jpeg\" \/>\n<meta name=\"author\" content=\"Lo viste en Los Pol\u00edticos\" \/>\n<meta name=\"twitter:card\" content=\"summary_large_image\" \/>\n<meta name=\"twitter:creator\" content=\"@LosPoliticosVer\" \/>\n<meta name=\"twitter:site\" content=\"@LosPoliticosVer\" \/>\n<meta name=\"twitter:label1\" content=\"Escrito por\" \/>\n\t<meta name=\"twitter:data1\" content=\"Lo viste en Los Pol\u00edticos\" \/>\n\t<meta name=\"twitter:label2\" content=\"Tiempo de lectura\" \/>\n\t<meta name=\"twitter:data2\" content=\"3 minutos\" \/>\n<script type=\"application\/ld+json\" class=\"yoast-schema-graph\">{\"@context\":\"https:\\\/\\\/schema.org\",\"@graph\":[{\"@type\":\"Article\",\"@id\":\"https:\\\/\\\/lospoliticosveracruz.com\\\/?p=80610#article\",\"isPartOf\":{\"@id\":\"https:\\\/\\\/lospoliticosveracruz.com\\\/?p=80610\"},\"author\":{\"name\":\"Lo viste en Los Pol\u00edticos\",\"@id\":\"https:\\\/\\\/lospoliticosveracruz.com\\\/#\\\/schema\\\/person\\\/b8702bb0e538456e6efd07080bf2a4a2\"},\"headline\":\"Les cae a partir del 22, chavos!\",\"datePublished\":\"2021-10-13T13:54:00+00:00\",\"dateModified\":\"2021-10-13T13:54:07+00:00\",\"mainEntityOfPage\":{\"@id\":\"https:\\\/\\\/lospoliticosveracruz.com\\\/?p=80610\"},\"wordCount\":628,\"publisher\":{\"@id\":\"https:\\\/\\\/lospoliticosveracruz.com\\\/#organization\"},\"keywords\":[\"adultos mayores\",\"Banco del Bienestar\",\"becas Benito Ju\u00e1rez\",\"Bienestar\",\"Manuel Huerta Ladr\u00f3n de Guevara\",\"poblaci\u00f3n rezagada\",\"programas sociales\"],\"articleSection\":[\"De Boleto\"],\"inLanguage\":\"es\"},{\"@type\":\"WebPage\",\"@id\":\"https:\\\/\\\/lospoliticosveracruz.com\\\/?p=80610\",\"url\":\"https:\\\/\\\/lospoliticosveracruz.com\\\/?p=80610\",\"name\":\"Les cae a partir del 22, chavos! - Los pol\u00edticos Veracruz\",\"isPartOf\":{\"@id\":\"https:\\\/\\\/lospoliticosveracruz.com\\\/#website\"},\"datePublished\":\"2021-10-13T13:54:00+00:00\",\"dateModified\":\"2021-10-13T13:54:07+00:00\",\"breadcrumb\":{\"@id\":\"https:\\\/\\\/lospoliticosveracruz.com\\\/?p=80610#breadcrumb\"},\"inLanguage\":\"es\",\"potentialAction\":[{\"@type\":\"ReadAction\",\"target\":[\"https:\\\/\\\/lospoliticosveracruz.com\\\/?p=80610\"]}]},{\"@type\":\"BreadcrumbList\",\"@id\":\"https:\\\/\\\/lospoliticosveracruz.com\\\/?p=80610#breadcrumb\",\"itemListElement\":[{\"@type\":\"ListItem\",\"position\":1,\"name\":\"Portada\",\"item\":\"https:\\\/\\\/lospoliticosveracruz.com\\\/\"},{\"@type\":\"ListItem\",\"position\":2,\"name\":\"Les cae a partir del 22, chavos!\"}]},{\"@type\":\"WebSite\",\"@id\":\"https:\\\/\\\/lospoliticosveracruz.com\\\/#website\",\"url\":\"https:\\\/\\\/lospoliticosveracruz.com\\\/\",\"name\":\"Los pol\u00edticos Veracruz\",\"description\":\"\",\"publisher\":{\"@id\":\"https:\\\/\\\/lospoliticosveracruz.com\\\/#organization\"},\"potentialAction\":[{\"@type\":\"SearchAction\",\"target\":{\"@type\":\"EntryPoint\",\"urlTemplate\":\"https:\\\/\\\/lospoliticosveracruz.com\\\/?s={search_term_string}\"},\"query-input\":{\"@type\":\"PropertyValueSpecification\",\"valueRequired\":true,\"valueName\":\"search_term_string\"}}],\"inLanguage\":\"es\"},{\"@type\":\"Organization\",\"@id\":\"https:\\\/\\\/lospoliticosveracruz.com\\\/#organization\",\"name\":\"Los pol\u00edticos Veracruz\",\"url\":\"https:\\\/\\\/lospoliticosveracruz.com\\\/\",\"logo\":{\"@type\":\"ImageObject\",\"inLanguage\":\"es\",\"@id\":\"https:\\\/\\\/lospoliticosveracruz.com\\\/#\\\/schema\\\/logo\\\/image\\\/\",\"url\":\"https:\\\/\\\/lospoliticosveracruz.com\\\/wp-content\\\/uploads\\\/2025\\\/12\\\/Logo-Nuevo-LOS-POLITICOS-1.jpg\",\"contentUrl\":\"https:\\\/\\\/lospoliticosveracruz.com\\\/wp-content\\\/uploads\\\/2025\\\/12\\\/Logo-Nuevo-LOS-POLITICOS-1.jpg\",\"width\":260,\"height\":70,\"caption\":\"Los pol\u00edticos Veracruz\"},\"image\":{\"@id\":\"https:\\\/\\\/lospoliticosveracruz.com\\\/#\\\/schema\\\/logo\\\/image\\\/\"},\"sameAs\":[\"https:\\\/\\\/www.facebook.com\\\/people\\\/Notimemes-de-los-Polticos\\\/61565672886568\\\/\",\"https:\\\/\\\/x.com\\\/LosPoliticosVer\"]},{\"@type\":\"Person\",\"@id\":\"https:\\\/\\\/lospoliticosveracruz.com\\\/#\\\/schema\\\/person\\\/b8702bb0e538456e6efd07080bf2a4a2\",\"name\":\"Lo viste en Los Pol\u00edticos\",\"image\":{\"@type\":\"ImageObject\",\"inLanguage\":\"es\",\"@id\":\"https:\\\/\\\/secure.gravatar.com\\\/avatar\\\/3a8de04a2656d44082be478bd6c086daa447c4651605818287b9532d3d0bd435?s=96&d=mm&r=g\",\"url\":\"https:\\\/\\\/secure.gravatar.com\\\/avatar\\\/3a8de04a2656d44082be478bd6c086daa447c4651605818287b9532d3d0bd435?s=96&d=mm&r=g\",\"contentUrl\":\"https:\\\/\\\/secure.gravatar.com\\\/avatar\\\/3a8de04a2656d44082be478bd6c086daa447c4651605818287b9532d3d0bd435?s=96&d=mm&r=g\",\"caption\":\"Lo viste en Los Pol\u00edticos\"},\"url\":\"https:\\\/\\\/lospoliticosveracruz.com\\\/?author=2\"}]}<\/script>\n<!-- \/ Yoast SEO plugin. -->","yoast_head_json":{"title":"Les cae a partir del 22, chavos! - Los pol\u00edticos Veracruz","robots":{"index":"index","follow":"follow","max-snippet":"max-snippet:-1","max-image-preview":"max-image-preview:large","max-video-preview":"max-video-preview:-1"},"canonical":"https:\/\/lospoliticosveracruz.com\/?p=80610","og_locale":"es_ES","og_type":"article","og_title":"Les cae a partir del 22, chavos! - Los pol\u00edticos Veracruz","og_description":"XalapaEste mes contin\u00faa la entrega de apoyos de Programas Sociales y tarjetas del Bienestar para el pago bancarizado a los adultos mayores, inform\u00f3 el Delegado de Programas para el Desarrollo en el estado, Manuel Huerta Ladr\u00f3n de Guevara, y resalt\u00f3 el \u00faltimo jal\u00f3n de la vacunaci\u00f3n en Veracruz en segundas dosis y poblaci\u00f3n rezagada, lo [&hellip;]","og_url":"https:\/\/lospoliticosveracruz.com\/?p=80610","og_site_name":"Los pol\u00edticos Veracruz","article_publisher":"https:\/\/www.facebook.com\/people\/Notimemes-de-los-Polticos\/61565672886568\/","article_published_time":"2021-10-13T13:54:00+00:00","article_modified_time":"2021-10-13T13:54:07+00:00","og_image":[{"width":200,"height":200,"url":"https:\/\/lospoliticosveracruz.com\/wp-content\/uploads\/2016\/07\/Logo-Dor.jpg","type":"image\/jpeg"}],"author":"Lo viste en Los Pol\u00edticos","twitter_card":"summary_large_image","twitter_creator":"@LosPoliticosVer","twitter_site":"@LosPoliticosVer","twitter_misc":{"Escrito por":"Lo viste en Los Pol\u00edticos","Tiempo de lectura":"3 minutos"},"schema":{"@context":"https:\/\/schema.org","@graph":[{"@type":"Article","@id":"https:\/\/lospoliticosveracruz.com\/?p=80610#article","isPartOf":{"@id":"https:\/\/lospoliticosveracruz.com\/?p=80610"},"author":{"name":"Lo viste en Los Pol\u00edticos","@id":"https:\/\/lospoliticosveracruz.com\/#\/schema\/person\/b8702bb0e538456e6efd07080bf2a4a2"},"headline":"Les cae a partir del 22, chavos!","datePublished":"2021-10-13T13:54:00+00:00","dateModified":"2021-10-13T13:54:07+00:00","mainEntityOfPage":{"@id":"https:\/\/lospoliticosveracruz.com\/?p=80610"},"wordCount":628,"publisher":{"@id":"https:\/\/lospoliticosveracruz.com\/#organization"},"keywords":["adultos mayores","Banco del Bienestar","becas Benito Ju\u00e1rez","Bienestar","Manuel Huerta Ladr\u00f3n de Guevara","poblaci\u00f3n rezagada","programas sociales"],"articleSection":["De Boleto"],"inLanguage":"es"},{"@type":"WebPage","@id":"https:\/\/lospoliticosveracruz.com\/?p=80610","url":"https:\/\/lospoliticosveracruz.com\/?p=80610","name":"Les cae a partir del 22, chavos! - Los pol\u00edticos Veracruz","isPartOf":{"@id":"https:\/\/lospoliticosveracruz.com\/#website"},"datePublished":"2021-10-13T13:54:00+00:00","dateModified":"2021-10-13T13:54:07+00:00","breadcrumb":{"@id":"https:\/\/lospoliticosveracruz.com\/?p=80610#breadcrumb"},"inLanguage":"es","potentialAction":[{"@type":"ReadAction","target":["https:\/\/lospoliticosveracruz.com\/?p=80610"]}]},{"@type":"BreadcrumbList","@id":"https:\/\/lospoliticosveracruz.com\/?p=80610#breadcrumb","itemListElement":[{"@type":"ListItem","position":1,"name":"Portada","item":"https:\/\/lospoliticosveracruz.com\/"},{"@type":"ListItem","position":2,"name":"Les cae a partir del 22, chavos!"}]},{"@type":"WebSite","@id":"https:\/\/lospoliticosveracruz.com\/#website","url":"https:\/\/lospoliticosveracruz.com\/","name":"Los pol\u00edticos Veracruz","description":"","publisher":{"@id":"https:\/\/lospoliticosveracruz.com\/#organization"},"potentialAction":[{"@type":"SearchAction","target":{"@type":"EntryPoint","urlTemplate":"https:\/\/lospoliticosveracruz.com\/?s={search_term_string}"},"query-input":{"@type":"PropertyValueSpecification","valueRequired":true,"valueName":"search_term_string"}}],"inLanguage":"es"},{"@type":"Organization","@id":"https:\/\/lospoliticosveracruz.com\/#organization","name":"Los pol\u00edticos Veracruz","url":"https:\/\/lospoliticosveracruz.com\/","logo":{"@type":"ImageObject","inLanguage":"es","@id":"https:\/\/lospoliticosveracruz.com\/#\/schema\/logo\/image\/","url":"https:\/\/lospoliticosveracruz.com\/wp-content\/uploads\/2025\/12\/Logo-Nuevo-LOS-POLITICOS-1.jpg","contentUrl":"https:\/\/lospoliticosveracruz.com\/wp-content\/uploads\/2025\/12\/Logo-Nuevo-LOS-POLITICOS-1.jpg","width":260,"height":70,"caption":"Los pol\u00edticos Veracruz"},"image":{"@id":"https:\/\/lospoliticosveracruz.com\/#\/schema\/logo\/image\/"},"sameAs":["https:\/\/www.facebook.com\/people\/Notimemes-de-los-Polticos\/61565672886568\/","https:\/\/x.com\/LosPoliticosVer"]},{"@type":"Person","@id":"https:\/\/lospoliticosveracruz.com\/#\/schema\/person\/b8702bb0e538456e6efd07080bf2a4a2","name":"Lo viste en Los Pol\u00edticos","image":{"@type":"ImageObject","inLanguage":"es","@id":"https:\/\/secure.gravatar.com\/avatar\/3a8de04a2656d44082be478bd6c086daa447c4651605818287b9532d3d0bd435?s=96&d=mm&r=g","url":"https:\/\/secure.gravatar.com\/avatar\/3a8de04a2656d44082be478bd6c086daa447c4651605818287b9532d3d0bd435?s=96&d=mm&r=g","contentUrl":"https:\/\/secure.gravatar.com\/avatar\/3a8de04a2656d44082be478bd6c086daa447c4651605818287b9532d3d0bd435?s=96&d=mm&r=g","caption":"Lo viste en Los Pol\u00edticos"},"url":"https:\/\/lospoliticosveracruz.com\/?author=2"}]}},"_links":{"self":[{"href":"https:\/\/lospoliticosveracruz.com\/index.php?rest_route=\/wp\/v2\/posts\/80610","targetHints":{"allow":["GET"]}}],"collection":[{"href":"https:\/\/lospoliticosveracruz.com\/index.php?rest_route=\/wp\/v2\/posts"}],"about":[{"href":"https:\/\/lospoliticosveracruz.com\/index.php?rest_route=\/wp\/v2\/types\/post"}],"author":[{"embeddable":true,"href":"https:\/\/lospoliticosveracruz.com\/index.php?rest_route=\/wp\/v2\/users\/2"}],"replies":[{"embeddable":true,"href":"https:\/\/lospoliticosveracruz.com\/index.php?rest_route=%2Fwp%2Fv2%2Fcomments&post=80610"}],"version-history":[{"count":1,"href":"https:\/\/lospoliticosveracruz.com\/index.php?rest_route=\/wp\/v2\/posts\/80610\/revisions"}],"predecessor-version":[{"id":80612,"href":"https:\/\/lospoliticosveracruz.com\/index.php?rest_route=\/wp\/v2\/posts\/80610\/revisions\/80612"}],"wp:attachment":[{"href":"https:\/\/lospoliticosveracruz.com\/index.php?rest_route=%2Fwp%2Fv2%2Fmedia&parent=80610"}],"wp:term":[{"taxonomy":"category","embeddable":true,"href":"https:\/\/lospoliticosveracruz.com\/index.php?rest_route=%2Fwp%2Fv2%2Fcategories&post=80610"},{"taxonomy":"post_tag","embeddable":true,"href":"https:\/\/lospoliticosveracruz.com\/index.php?rest_route=%2Fwp%2Fv2%2Ftags&post=80610"}],"curies":[{"name":"wp","href":"https:\/\/api.w.org\/{rel}","templated":true}]}}