{"id":80613,"date":"2021-10-13T10:13:38","date_gmt":"2021-10-13T15:13:38","guid":{"rendered":"https:\/\/lospoliticosveracruz.com.mx\/?p=80613"},"modified":"2021-10-13T10:13:43","modified_gmt":"2021-10-13T15:13:43","slug":"reforma-electrica-costosa-y-contaminante-prd","status":"publish","type":"post","link":"https:\/\/lospoliticosveracruz.com\/?p=80613","title":{"rendered":"Reforma el\u00e9ctrica, costosa y contaminante: PRD"},"content":{"rendered":"\n<p><\/p>\n\n\n\n<p><strong>Xalapa<br><\/strong>El PRD confronta las reformas impulsadas en materia el\u00e9ctrica porque privilegian los intereses pol\u00edticos, por encima de las necesidades de la sociedad mexicana, que vive en la incertidumbre por los costos del servicio, se\u00f1al\u00f3 Sergio Cadena Mart\u00ednez, presidente de la Direcci\u00f3n Estatal Ejecutiva (DEE) de Veracruz, quien se pronunci\u00f3 por promover energ\u00edas limpias, sostenibles y baratas.<\/p>\n\n\n\n<p>\u201cEl pago de la luz representa un gran problema; En 2021 alrededor de 360 mil personas mantienen una deuda con la Comisi\u00f3n Federal de Electricidad por el consumo el\u00e9ctrico. El adeudo de los veracruzanos asciende a m\u00e1s de 1,350 millones de pesos. Los cobros excesivos y el alto costo de la electricidad en poblaciones donde predominan altas temperaturas, son la causa\u201d, apunt\u00f3.<\/p>\n\n\n\n<p>Agreg\u00f3 que la reforma constitucional que el gobierno federal ha presentado ante el poder legislativo ser\u00e1 determinante en el desarrollo de la industria el\u00e9ctrica, con el riesgo de generar la mayor crisis del sector al proponer la imposici\u00f3n de una gesti\u00f3n costosa y contaminante para satisfacer la demanda del sector industrial y dom\u00e9stico.<\/p>\n\n\n\n<p>Asimismo, detall\u00f3 que la iniciativa presidencial no promueve la generaci\u00f3n de energ\u00eda renovable y cancela las fuentes no contaminantes como la energ\u00eda solar y la energ\u00eda e\u00f3lica, con lo que el pa\u00eds estar\u00eda violando el Acuerdo de Par\u00eds en materia de medio ambiente, siendo uno de los mayores emisores de di\u00f3xido de carbono en el mundo, lo cual contraviene lo suscrito en el protocolo de Kioto, adem\u00e1s de no garantizar la econom\u00eda, la salud y el bienestar de las y los mexicanos.<\/p>\n\n\n\n<p>\u201cM\u00e9xico corre el riesgo de replicar crisis energ\u00e9ticas como la de Venezuela que nacionaliz\u00f3 su industria petrolera y la generaci\u00f3n de electricidad, provocando miseria entre su poblaci\u00f3n. Hoy vemos la realidad de Gas bienestar, empresa del gobierno federal que opera en la Ciudad de M\u00e9xico y que prometi\u00f3 bajar los precios del gas dom\u00e9stico. En dos meses de operaci\u00f3n, sus precios se incrementaron en un 11 por ciento, dejando de ser la opci\u00f3n m\u00e1s econ\u00f3mica en el mercado\u201d, critic\u00f3.<\/p>\n\n\n\n<p>Finalmente, puntualiz\u00f3 que estar en contra de la reforma el\u00e9ctrica no es un ataque a la soberan\u00eda nacional ni una traici\u00f3n a la patria, como se ha dicho para generar una idea que busca confundir e intimidar a la poblaci\u00f3n, por lo que hay que estar consciente de que el mundo evoluciona implementando energ\u00edas limpias, sostenibles y baratas, mientras en M\u00e9xico se retrocede con monopolios del pasado que hoy ya no funcionan.<\/p>\n","protected":false},"excerpt":{"rendered":"<p>XalapaEl PRD confronta las reformas impulsadas en materia el\u00e9ctrica porque privilegian los intereses pol\u00edticos, por encima de las necesidades de la sociedad mexicana, que vive en la incertidumbre por los costos del servicio, se\u00f1al\u00f3 Sergio Cadena Mart\u00ednez, presidente de la Direcci\u00f3n Estatal Ejecutiva (DEE) de Veracruz, quien se pronunci\u00f3 por promover energ\u00edas limpias, sostenibles y [&hellip;]<\/p>\n","protected":false},"author":2,"featured_media":0,"comment_status":"closed","ping_status":"closed","sticky":false,"template":"","format":"standard","meta":{"tdm_status":"","tdm_grid_status":"","footnotes":""},"categories":[73],"tags":[4973,107,26326,7887,195],"class_list":{"0":"post-80613","1":"post","2":"type-post","3":"status-publish","4":"format-standard","6":"category-de-boleto","7":"tag-cfe","8":"tag-prd","9":"tag-reforma-electrica","10":"tag-sergio-cadena-martinez","11":"tag-veracruz"},"yoast_head":"<!-- This site is optimized with the Yoast SEO plugin v27.4 - https:\/\/yoast.com\/product\/yoast-seo-wordpress\/ -->\n<title>Reforma el\u00e9ctrica, costosa y contaminante: PRD - Los pol\u00edticos Veracruz<\/title>\n<meta name=\"robots\" content=\"index, follow, max-snippet:-1, max-image-preview:large, max-video-preview:-1\" \/>\n<link rel=\"canonical\" href=\"https:\/\/lospoliticosveracruz.com\/?p=80613\" \/>\n<meta property=\"og:locale\" content=\"es_ES\" \/>\n<meta property=\"og:type\" content=\"article\" \/>\n<meta property=\"og:title\" content=\"Reforma el\u00e9ctrica, costosa y contaminante: PRD - Los pol\u00edticos Veracruz\" \/>\n<meta property=\"og:description\" content=\"XalapaEl PRD confronta las reformas impulsadas en materia el\u00e9ctrica porque privilegian los intereses pol\u00edticos, por encima de las necesidades de la sociedad mexicana, que vive en la incertidumbre por los costos del servicio, se\u00f1al\u00f3 Sergio Cadena Mart\u00ednez, presidente de la Direcci\u00f3n Estatal Ejecutiva (DEE) de Veracruz, quien se pronunci\u00f3 por promover energ\u00edas limpias, sostenibles y [&hellip;]\" \/>\n<meta property=\"og:url\" content=\"https:\/\/lospoliticosveracruz.com\/?p=80613\" \/>\n<meta property=\"og:site_name\" content=\"Los pol\u00edticos Veracruz\" \/>\n<meta property=\"article:publisher\" content=\"https:\/\/www.facebook.com\/people\/Notimemes-de-los-Polticos\/61565672886568\/\" \/>\n<meta property=\"article:published_time\" content=\"2021-10-13T15:13:38+00:00\" \/>\n<meta property=\"article:modified_time\" content=\"2021-10-13T15:13:43+00:00\" \/>\n<meta property=\"og:image\" content=\"https:\/\/lospoliticosveracruz.com\/wp-content\/uploads\/2016\/07\/Logo-Dor.jpg\" \/>\n\t<meta property=\"og:image:width\" content=\"200\" \/>\n\t<meta property=\"og:image:height\" content=\"200\" \/>\n\t<meta property=\"og:image:type\" content=\"image\/jpeg\" \/>\n<meta name=\"author\" content=\"Lo viste en Los Pol\u00edticos\" \/>\n<meta name=\"twitter:card\" content=\"summary_large_image\" \/>\n<meta name=\"twitter:creator\" content=\"@LosPoliticosVer\" \/>\n<meta name=\"twitter:site\" content=\"@LosPoliticosVer\" \/>\n<meta name=\"twitter:label1\" content=\"Escrito por\" \/>\n\t<meta name=\"twitter:data1\" content=\"Lo viste en Los Pol\u00edticos\" \/>\n\t<meta name=\"twitter:label2\" content=\"Tiempo de lectura\" \/>\n\t<meta name=\"twitter:data2\" content=\"2 minutos\" \/>\n<script type=\"application\/ld+json\" class=\"yoast-schema-graph\">{\"@context\":\"https:\\\/\\\/schema.org\",\"@graph\":[{\"@type\":\"Article\",\"@id\":\"https:\\\/\\\/lospoliticosveracruz.com\\\/?p=80613#article\",\"isPartOf\":{\"@id\":\"https:\\\/\\\/lospoliticosveracruz.com\\\/?p=80613\"},\"author\":{\"name\":\"Lo viste en Los Pol\u00edticos\",\"@id\":\"https:\\\/\\\/lospoliticosveracruz.com\\\/#\\\/schema\\\/person\\\/b8702bb0e538456e6efd07080bf2a4a2\"},\"headline\":\"Reforma el\u00e9ctrica, costosa y contaminante: PRD\",\"datePublished\":\"2021-10-13T15:13:38+00:00\",\"dateModified\":\"2021-10-13T15:13:43+00:00\",\"mainEntityOfPage\":{\"@id\":\"https:\\\/\\\/lospoliticosveracruz.com\\\/?p=80613\"},\"wordCount\":448,\"publisher\":{\"@id\":\"https:\\\/\\\/lospoliticosveracruz.com\\\/#organization\"},\"keywords\":[\"CFE\",\"PRD\",\"Reforma El\u00e9ctrica\",\"Sergio Cadena Mart\u00ednez\",\"Veracruz\"],\"articleSection\":[\"De Boleto\"],\"inLanguage\":\"es\"},{\"@type\":\"WebPage\",\"@id\":\"https:\\\/\\\/lospoliticosveracruz.com\\\/?p=80613\",\"url\":\"https:\\\/\\\/lospoliticosveracruz.com\\\/?p=80613\",\"name\":\"Reforma el\u00e9ctrica, costosa y contaminante: PRD - Los pol\u00edticos Veracruz\",\"isPartOf\":{\"@id\":\"https:\\\/\\\/lospoliticosveracruz.com\\\/#website\"},\"datePublished\":\"2021-10-13T15:13:38+00:00\",\"dateModified\":\"2021-10-13T15:13:43+00:00\",\"breadcrumb\":{\"@id\":\"https:\\\/\\\/lospoliticosveracruz.com\\\/?p=80613#breadcrumb\"},\"inLanguage\":\"es\",\"potentialAction\":[{\"@type\":\"ReadAction\",\"target\":[\"https:\\\/\\\/lospoliticosveracruz.com\\\/?p=80613\"]}]},{\"@type\":\"BreadcrumbList\",\"@id\":\"https:\\\/\\\/lospoliticosveracruz.com\\\/?p=80613#breadcrumb\",\"itemListElement\":[{\"@type\":\"ListItem\",\"position\":1,\"name\":\"Portada\",\"item\":\"https:\\\/\\\/lospoliticosveracruz.com\\\/\"},{\"@type\":\"ListItem\",\"position\":2,\"name\":\"Reforma el\u00e9ctrica, costosa y contaminante: PRD\"}]},{\"@type\":\"WebSite\",\"@id\":\"https:\\\/\\\/lospoliticosveracruz.com\\\/#website\",\"url\":\"https:\\\/\\\/lospoliticosveracruz.com\\\/\",\"name\":\"Los pol\u00edticos Veracruz\",\"description\":\"\",\"publisher\":{\"@id\":\"https:\\\/\\\/lospoliticosveracruz.com\\\/#organization\"},\"potentialAction\":[{\"@type\":\"SearchAction\",\"target\":{\"@type\":\"EntryPoint\",\"urlTemplate\":\"https:\\\/\\\/lospoliticosveracruz.com\\\/?s={search_term_string}\"},\"query-input\":{\"@type\":\"PropertyValueSpecification\",\"valueRequired\":true,\"valueName\":\"search_term_string\"}}],\"inLanguage\":\"es\"},{\"@type\":\"Organization\",\"@id\":\"https:\\\/\\\/lospoliticosveracruz.com\\\/#organization\",\"name\":\"Los pol\u00edticos Veracruz\",\"url\":\"https:\\\/\\\/lospoliticosveracruz.com\\\/\",\"logo\":{\"@type\":\"ImageObject\",\"inLanguage\":\"es\",\"@id\":\"https:\\\/\\\/lospoliticosveracruz.com\\\/#\\\/schema\\\/logo\\\/image\\\/\",\"url\":\"https:\\\/\\\/lospoliticosveracruz.com\\\/wp-content\\\/uploads\\\/2025\\\/12\\\/Logo-Nuevo-LOS-POLITICOS-1.jpg\",\"contentUrl\":\"https:\\\/\\\/lospoliticosveracruz.com\\\/wp-content\\\/uploads\\\/2025\\\/12\\\/Logo-Nuevo-LOS-POLITICOS-1.jpg\",\"width\":260,\"height\":70,\"caption\":\"Los pol\u00edticos Veracruz\"},\"image\":{\"@id\":\"https:\\\/\\\/lospoliticosveracruz.com\\\/#\\\/schema\\\/logo\\\/image\\\/\"},\"sameAs\":[\"https:\\\/\\\/www.facebook.com\\\/people\\\/Notimemes-de-los-Polticos\\\/61565672886568\\\/\",\"https:\\\/\\\/x.com\\\/LosPoliticosVer\"]},{\"@type\":\"Person\",\"@id\":\"https:\\\/\\\/lospoliticosveracruz.com\\\/#\\\/schema\\\/person\\\/b8702bb0e538456e6efd07080bf2a4a2\",\"name\":\"Lo viste en Los Pol\u00edticos\",\"image\":{\"@type\":\"ImageObject\",\"inLanguage\":\"es\",\"@id\":\"https:\\\/\\\/secure.gravatar.com\\\/avatar\\\/3a8de04a2656d44082be478bd6c086daa447c4651605818287b9532d3d0bd435?s=96&d=mm&r=g\",\"url\":\"https:\\\/\\\/secure.gravatar.com\\\/avatar\\\/3a8de04a2656d44082be478bd6c086daa447c4651605818287b9532d3d0bd435?s=96&d=mm&r=g\",\"contentUrl\":\"https:\\\/\\\/secure.gravatar.com\\\/avatar\\\/3a8de04a2656d44082be478bd6c086daa447c4651605818287b9532d3d0bd435?s=96&d=mm&r=g\",\"caption\":\"Lo viste en Los Pol\u00edticos\"},\"url\":\"https:\\\/\\\/lospoliticosveracruz.com\\\/?author=2\"}]}<\/script>\n<!-- \/ Yoast SEO plugin. -->","yoast_head_json":{"title":"Reforma el\u00e9ctrica, costosa y contaminante: PRD - Los pol\u00edticos Veracruz","robots":{"index":"index","follow":"follow","max-snippet":"max-snippet:-1","max-image-preview":"max-image-preview:large","max-video-preview":"max-video-preview:-1"},"canonical":"https:\/\/lospoliticosveracruz.com\/?p=80613","og_locale":"es_ES","og_type":"article","og_title":"Reforma el\u00e9ctrica, costosa y contaminante: PRD - Los pol\u00edticos Veracruz","og_description":"XalapaEl PRD confronta las reformas impulsadas en materia el\u00e9ctrica porque privilegian los intereses pol\u00edticos, por encima de las necesidades de la sociedad mexicana, que vive en la incertidumbre por los costos del servicio, se\u00f1al\u00f3 Sergio Cadena Mart\u00ednez, presidente de la Direcci\u00f3n Estatal Ejecutiva (DEE) de Veracruz, quien se pronunci\u00f3 por promover energ\u00edas limpias, sostenibles y [&hellip;]","og_url":"https:\/\/lospoliticosveracruz.com\/?p=80613","og_site_name":"Los pol\u00edticos Veracruz","article_publisher":"https:\/\/www.facebook.com\/people\/Notimemes-de-los-Polticos\/61565672886568\/","article_published_time":"2021-10-13T15:13:38+00:00","article_modified_time":"2021-10-13T15:13:43+00:00","og_image":[{"width":200,"height":200,"url":"https:\/\/lospoliticosveracruz.com\/wp-content\/uploads\/2016\/07\/Logo-Dor.jpg","type":"image\/jpeg"}],"author":"Lo viste en Los Pol\u00edticos","twitter_card":"summary_large_image","twitter_creator":"@LosPoliticosVer","twitter_site":"@LosPoliticosVer","twitter_misc":{"Escrito por":"Lo viste en Los Pol\u00edticos","Tiempo de lectura":"2 minutos"},"schema":{"@context":"https:\/\/schema.org","@graph":[{"@type":"Article","@id":"https:\/\/lospoliticosveracruz.com\/?p=80613#article","isPartOf":{"@id":"https:\/\/lospoliticosveracruz.com\/?p=80613"},"author":{"name":"Lo viste en Los Pol\u00edticos","@id":"https:\/\/lospoliticosveracruz.com\/#\/schema\/person\/b8702bb0e538456e6efd07080bf2a4a2"},"headline":"Reforma el\u00e9ctrica, costosa y contaminante: PRD","datePublished":"2021-10-13T15:13:38+00:00","dateModified":"2021-10-13T15:13:43+00:00","mainEntityOfPage":{"@id":"https:\/\/lospoliticosveracruz.com\/?p=80613"},"wordCount":448,"publisher":{"@id":"https:\/\/lospoliticosveracruz.com\/#organization"},"keywords":["CFE","PRD","Reforma El\u00e9ctrica","Sergio Cadena Mart\u00ednez","Veracruz"],"articleSection":["De Boleto"],"inLanguage":"es"},{"@type":"WebPage","@id":"https:\/\/lospoliticosveracruz.com\/?p=80613","url":"https:\/\/lospoliticosveracruz.com\/?p=80613","name":"Reforma el\u00e9ctrica, costosa y contaminante: PRD - Los pol\u00edticos Veracruz","isPartOf":{"@id":"https:\/\/lospoliticosveracruz.com\/#website"},"datePublished":"2021-10-13T15:13:38+00:00","dateModified":"2021-10-13T15:13:43+00:00","breadcrumb":{"@id":"https:\/\/lospoliticosveracruz.com\/?p=80613#breadcrumb"},"inLanguage":"es","potentialAction":[{"@type":"ReadAction","target":["https:\/\/lospoliticosveracruz.com\/?p=80613"]}]},{"@type":"BreadcrumbList","@id":"https:\/\/lospoliticosveracruz.com\/?p=80613#breadcrumb","itemListElement":[{"@type":"ListItem","position":1,"name":"Portada","item":"https:\/\/lospoliticosveracruz.com\/"},{"@type":"ListItem","position":2,"name":"Reforma el\u00e9ctrica, costosa y contaminante: PRD"}]},{"@type":"WebSite","@id":"https:\/\/lospoliticosveracruz.com\/#website","url":"https:\/\/lospoliticosveracruz.com\/","name":"Los pol\u00edticos Veracruz","description":"","publisher":{"@id":"https:\/\/lospoliticosveracruz.com\/#organization"},"potentialAction":[{"@type":"SearchAction","target":{"@type":"EntryPoint","urlTemplate":"https:\/\/lospoliticosveracruz.com\/?s={search_term_string}"},"query-input":{"@type":"PropertyValueSpecification","valueRequired":true,"valueName":"search_term_string"}}],"inLanguage":"es"},{"@type":"Organization","@id":"https:\/\/lospoliticosveracruz.com\/#organization","name":"Los pol\u00edticos Veracruz","url":"https:\/\/lospoliticosveracruz.com\/","logo":{"@type":"ImageObject","inLanguage":"es","@id":"https:\/\/lospoliticosveracruz.com\/#\/schema\/logo\/image\/","url":"https:\/\/lospoliticosveracruz.com\/wp-content\/uploads\/2025\/12\/Logo-Nuevo-LOS-POLITICOS-1.jpg","contentUrl":"https:\/\/lospoliticosveracruz.com\/wp-content\/uploads\/2025\/12\/Logo-Nuevo-LOS-POLITICOS-1.jpg","width":260,"height":70,"caption":"Los pol\u00edticos Veracruz"},"image":{"@id":"https:\/\/lospoliticosveracruz.com\/#\/schema\/logo\/image\/"},"sameAs":["https:\/\/www.facebook.com\/people\/Notimemes-de-los-Polticos\/61565672886568\/","https:\/\/x.com\/LosPoliticosVer"]},{"@type":"Person","@id":"https:\/\/lospoliticosveracruz.com\/#\/schema\/person\/b8702bb0e538456e6efd07080bf2a4a2","name":"Lo viste en Los Pol\u00edticos","image":{"@type":"ImageObject","inLanguage":"es","@id":"https:\/\/secure.gravatar.com\/avatar\/3a8de04a2656d44082be478bd6c086daa447c4651605818287b9532d3d0bd435?s=96&d=mm&r=g","url":"https:\/\/secure.gravatar.com\/avatar\/3a8de04a2656d44082be478bd6c086daa447c4651605818287b9532d3d0bd435?s=96&d=mm&r=g","contentUrl":"https:\/\/secure.gravatar.com\/avatar\/3a8de04a2656d44082be478bd6c086daa447c4651605818287b9532d3d0bd435?s=96&d=mm&r=g","caption":"Lo viste en Los Pol\u00edticos"},"url":"https:\/\/lospoliticosveracruz.com\/?author=2"}]}},"_links":{"self":[{"href":"https:\/\/lospoliticosveracruz.com\/index.php?rest_route=\/wp\/v2\/posts\/80613","targetHints":{"allow":["GET"]}}],"collection":[{"href":"https:\/\/lospoliticosveracruz.com\/index.php?rest_route=\/wp\/v2\/posts"}],"about":[{"href":"https:\/\/lospoliticosveracruz.com\/index.php?rest_route=\/wp\/v2\/types\/post"}],"author":[{"embeddable":true,"href":"https:\/\/lospoliticosveracruz.com\/index.php?rest_route=\/wp\/v2\/users\/2"}],"replies":[{"embeddable":true,"href":"https:\/\/lospoliticosveracruz.com\/index.php?rest_route=%2Fwp%2Fv2%2Fcomments&post=80613"}],"version-history":[{"count":1,"href":"https:\/\/lospoliticosveracruz.com\/index.php?rest_route=\/wp\/v2\/posts\/80613\/revisions"}],"predecessor-version":[{"id":80615,"href":"https:\/\/lospoliticosveracruz.com\/index.php?rest_route=\/wp\/v2\/posts\/80613\/revisions\/80615"}],"wp:attachment":[{"href":"https:\/\/lospoliticosveracruz.com\/index.php?rest_route=%2Fwp%2Fv2%2Fmedia&parent=80613"}],"wp:term":[{"taxonomy":"category","embeddable":true,"href":"https:\/\/lospoliticosveracruz.com\/index.php?rest_route=%2Fwp%2Fv2%2Fcategories&post=80613"},{"taxonomy":"post_tag","embeddable":true,"href":"https:\/\/lospoliticosveracruz.com\/index.php?rest_route=%2Fwp%2Fv2%2Ftags&post=80613"}],"curies":[{"name":"wp","href":"https:\/\/api.w.org\/{rel}","templated":true}]}}