{"id":80616,"date":"2021-10-13T10:37:36","date_gmt":"2021-10-13T15:37:36","guid":{"rendered":"https:\/\/lospoliticosveracruz.com.mx\/?p=80616"},"modified":"2021-10-13T10:37:43","modified_gmt":"2021-10-13T15:37:43","slug":"novatean-a-ediles-electos","status":"publish","type":"post","link":"https:\/\/lospoliticosveracruz.com\/?p=80616","title":{"rendered":"Novatean a ediles electos"},"content":{"rendered":"\n<p><strong>Ignacio Alvarez<\/strong><\/p>\n\n\n\n<p><em>Pluma Negra<br><\/em><\/p>\n\n\n\n<p>Las reuniones que realizan los organismos de gobierno para capacitar a los ediles electos que tomar\u00e1n protesta el pr\u00f3ximo 31 de diciembre, han servido tambi\u00e9n para organizarse y denunciar acciones al margen de la moralidad.<\/p>\n\n\n\n<p>Y es que a buena parte de ellos ya les han llamado de parte de algunos funcionarios estatales y legisladores para instruirles con qu\u00e9 despachos contables y constructoras deber\u00e1n de trabajar, tambi\u00e9n les han sugerido a personas para cargos de importancia como tesorer\u00edas y contralor\u00edas municipales.<\/p>\n\n\n\n<p>Extraoficialmente y con mayor\u00eda de alcaldes de MORENA y de otros partidos pol\u00edticos, los pr\u00f3ximos presidentes municipales ya se empezaron a unir para denunciar de manera grupal esas acciones que los colocan a merced de los funcionarios estatales.<\/p>\n\n\n\n<p>De acuerdo a los alcaldes electos ya hicieron una primera denuncia grupal con el propio Presidente de M\u00e9xico, Andr\u00e9s Manuel L\u00f3pez Obrador, sobre los hechos que evidencian un desfasado apetito y sed de poder y dinero de parte de quienes ya llevan tres a\u00f1os en los cargos del Congreso Local y de la administraci\u00f3n p\u00fablica estatal.<\/p>\n\n\n\n<p>Los canales para llegar al Presidente con la queja, fueron legisladores federales veracruzanos con experiencia y que tampoco est\u00e1n de acuerdo con las acciones de algunos funcionarios estatales para con las nuevas autoridades municipales.<\/p>\n\n\n\n<p>Y es que aparte de las presiones equiparables a extorsi\u00f3n de algunos funcionarios p\u00fablicos estatales, los nuevos alcaldes tendr\u00e1n que luchar contra las administraciones salientes que tienen el sart\u00e9n por el mango y tambi\u00e9n tratan de condicionar a los nuevos que en su mayor\u00eda desconocen la administraci\u00f3n p\u00fablica municipal.<\/p>\n\n\n\n<p>Entre las denuncias se enlistan tambi\u00e9n un presunto diezmo a los presupuestos y disciplina total a pesar de que se trata de ediles salidos de un procesos electoral constitucional y con autonom\u00eda que establece la Ley del Municipio Libre del Estado de Veracruz.<\/p>\n\n\n\n<p>Los denunciantes aseguran tener grabaciones y mensajes de whatsapp de los funcionarios que pretenden presionarlos desde meses antes que tomen posesi\u00f3n en sus cargos y gobernar a sus pueblos.<\/p>\n\n\n\n<p><strong>Llevan ayuda<\/strong><\/p>\n\n\n\n<p>El aparato de gobierno se puso las pilas y empez\u00f3 la entrega de despensas a los damnificados por las lluvias en los municipios de Lerdo de Tejada, Saltabarranca y San Andr\u00e9s Tuxtla.<\/p>\n\n\n\n<p>El propio gobernador de Veracruz, Cuitl\u00e1huac Garc\u00eda Jim\u00e9nez, la directora general del DIF, Rebeca Quintanar y la secretaria de Protecci\u00f3n Civil, Guadalupe Osorno hicieron presencia &#8216;para entregar despensas en apoyo de m\u00e1s de mil 300 familias que perdieron sus pertenencias durante las inundaciones del fin de semana.<\/p>\n\n\n\n<p>La tarea de apoyo se ampliar\u00e1 con programas sociales y de desarrollo comunitario, as\u00ed como la reubicaci\u00f3n de viviendas de quienes habitan en zonas de riesgo en esa regi\u00f3n de Veracruz.<\/p>\n","protected":false},"excerpt":{"rendered":"<p>Ignacio Alvarez Pluma Negra Las reuniones que realizan los organismos de gobierno para capacitar a los ediles electos que tomar\u00e1n protesta el pr\u00f3ximo 31 de diciembre, han servido tambi\u00e9n para organizarse y denunciar acciones al margen de la moralidad. Y es que a buena parte de ellos ya les han llamado de parte de algunos [&hellip;]<\/p>\n","protected":false},"author":2,"featured_media":0,"comment_status":"closed","ping_status":"closed","sticky":false,"template":"","format":"standard","meta":{"tdm_status":"","tdm_grid_status":"","footnotes":""},"categories":[70],"tags":[1563,15372,30807,1026,206,30808,195],"class_list":{"0":"post-80616","1":"post","2":"type-post","3":"status-publish","4":"format-standard","6":"category-de-opinion","7":"tag-cuitlahuac-garcia-jimenez","8":"tag-guadalupe-osorno","9":"tag-ley-del-municipio-libre","10":"tag-morena","11":"tag-proteccion-civil","12":"tag-rebeca-quintanar","13":"tag-veracruz"},"yoast_head":"<!-- This site is optimized with the Yoast SEO plugin v27.4 - https:\/\/yoast.com\/product\/yoast-seo-wordpress\/ -->\n<title>Novatean a ediles electos - Los pol\u00edticos Veracruz<\/title>\n<meta name=\"robots\" content=\"index, follow, max-snippet:-1, max-image-preview:large, max-video-preview:-1\" \/>\n<link rel=\"canonical\" href=\"https:\/\/lospoliticosveracruz.com\/?p=80616\" \/>\n<meta property=\"og:locale\" content=\"es_ES\" \/>\n<meta property=\"og:type\" content=\"article\" \/>\n<meta property=\"og:title\" content=\"Novatean a ediles electos - Los pol\u00edticos Veracruz\" \/>\n<meta property=\"og:description\" content=\"Ignacio Alvarez Pluma Negra Las reuniones que realizan los organismos de gobierno para capacitar a los ediles electos que tomar\u00e1n protesta el pr\u00f3ximo 31 de diciembre, han servido tambi\u00e9n para organizarse y denunciar acciones al margen de la moralidad. Y es que a buena parte de ellos ya les han llamado de parte de algunos [&hellip;]\" \/>\n<meta property=\"og:url\" content=\"https:\/\/lospoliticosveracruz.com\/?p=80616\" \/>\n<meta property=\"og:site_name\" content=\"Los pol\u00edticos Veracruz\" \/>\n<meta property=\"article:publisher\" content=\"https:\/\/www.facebook.com\/people\/Notimemes-de-los-Polticos\/61565672886568\/\" \/>\n<meta property=\"article:published_time\" content=\"2021-10-13T15:37:36+00:00\" \/>\n<meta property=\"article:modified_time\" content=\"2021-10-13T15:37:43+00:00\" \/>\n<meta property=\"og:image\" content=\"https:\/\/lospoliticosveracruz.com\/wp-content\/uploads\/2016\/07\/Logo-Dor.jpg\" \/>\n\t<meta property=\"og:image:width\" content=\"200\" \/>\n\t<meta property=\"og:image:height\" content=\"200\" \/>\n\t<meta property=\"og:image:type\" content=\"image\/jpeg\" \/>\n<meta name=\"author\" content=\"Lo viste en Los Pol\u00edticos\" \/>\n<meta name=\"twitter:card\" content=\"summary_large_image\" \/>\n<meta name=\"twitter:creator\" content=\"@LosPoliticosVer\" \/>\n<meta name=\"twitter:site\" content=\"@LosPoliticosVer\" \/>\n<meta name=\"twitter:label1\" content=\"Escrito por\" \/>\n\t<meta name=\"twitter:data1\" content=\"Lo viste en Los Pol\u00edticos\" \/>\n\t<meta name=\"twitter:label2\" content=\"Tiempo de lectura\" \/>\n\t<meta name=\"twitter:data2\" content=\"2 minutos\" \/>\n<script type=\"application\/ld+json\" class=\"yoast-schema-graph\">{\"@context\":\"https:\\\/\\\/schema.org\",\"@graph\":[{\"@type\":\"Article\",\"@id\":\"https:\\\/\\\/lospoliticosveracruz.com\\\/?p=80616#article\",\"isPartOf\":{\"@id\":\"https:\\\/\\\/lospoliticosveracruz.com\\\/?p=80616\"},\"author\":{\"name\":\"Lo viste en Los Pol\u00edticos\",\"@id\":\"https:\\\/\\\/lospoliticosveracruz.com\\\/#\\\/schema\\\/person\\\/b8702bb0e538456e6efd07080bf2a4a2\"},\"headline\":\"Novatean a ediles electos\",\"datePublished\":\"2021-10-13T15:37:36+00:00\",\"dateModified\":\"2021-10-13T15:37:43+00:00\",\"mainEntityOfPage\":{\"@id\":\"https:\\\/\\\/lospoliticosveracruz.com\\\/?p=80616\"},\"wordCount\":484,\"publisher\":{\"@id\":\"https:\\\/\\\/lospoliticosveracruz.com\\\/#organization\"},\"keywords\":[\"Cuitl\u00e1huac Garc\u00eda Jim\u00e9nez\",\"Guadalupe Osorno\",\"Ley del Municipio Libre\",\"Morena\",\"Protecci\u00f3n Civil\",\"Rebeca Quintanar\",\"Veracruz\"],\"articleSection\":[\"De Opini\u00f3n\"],\"inLanguage\":\"es\"},{\"@type\":\"WebPage\",\"@id\":\"https:\\\/\\\/lospoliticosveracruz.com\\\/?p=80616\",\"url\":\"https:\\\/\\\/lospoliticosveracruz.com\\\/?p=80616\",\"name\":\"Novatean a ediles electos - Los pol\u00edticos Veracruz\",\"isPartOf\":{\"@id\":\"https:\\\/\\\/lospoliticosveracruz.com\\\/#website\"},\"datePublished\":\"2021-10-13T15:37:36+00:00\",\"dateModified\":\"2021-10-13T15:37:43+00:00\",\"breadcrumb\":{\"@id\":\"https:\\\/\\\/lospoliticosveracruz.com\\\/?p=80616#breadcrumb\"},\"inLanguage\":\"es\",\"potentialAction\":[{\"@type\":\"ReadAction\",\"target\":[\"https:\\\/\\\/lospoliticosveracruz.com\\\/?p=80616\"]}]},{\"@type\":\"BreadcrumbList\",\"@id\":\"https:\\\/\\\/lospoliticosveracruz.com\\\/?p=80616#breadcrumb\",\"itemListElement\":[{\"@type\":\"ListItem\",\"position\":1,\"name\":\"Portada\",\"item\":\"https:\\\/\\\/lospoliticosveracruz.com\\\/\"},{\"@type\":\"ListItem\",\"position\":2,\"name\":\"Novatean a ediles electos\"}]},{\"@type\":\"WebSite\",\"@id\":\"https:\\\/\\\/lospoliticosveracruz.com\\\/#website\",\"url\":\"https:\\\/\\\/lospoliticosveracruz.com\\\/\",\"name\":\"Los pol\u00edticos Veracruz\",\"description\":\"\",\"publisher\":{\"@id\":\"https:\\\/\\\/lospoliticosveracruz.com\\\/#organization\"},\"potentialAction\":[{\"@type\":\"SearchAction\",\"target\":{\"@type\":\"EntryPoint\",\"urlTemplate\":\"https:\\\/\\\/lospoliticosveracruz.com\\\/?s={search_term_string}\"},\"query-input\":{\"@type\":\"PropertyValueSpecification\",\"valueRequired\":true,\"valueName\":\"search_term_string\"}}],\"inLanguage\":\"es\"},{\"@type\":\"Organization\",\"@id\":\"https:\\\/\\\/lospoliticosveracruz.com\\\/#organization\",\"name\":\"Los pol\u00edticos Veracruz\",\"url\":\"https:\\\/\\\/lospoliticosveracruz.com\\\/\",\"logo\":{\"@type\":\"ImageObject\",\"inLanguage\":\"es\",\"@id\":\"https:\\\/\\\/lospoliticosveracruz.com\\\/#\\\/schema\\\/logo\\\/image\\\/\",\"url\":\"https:\\\/\\\/lospoliticosveracruz.com\\\/wp-content\\\/uploads\\\/2025\\\/12\\\/Logo-Nuevo-LOS-POLITICOS-1.jpg\",\"contentUrl\":\"https:\\\/\\\/lospoliticosveracruz.com\\\/wp-content\\\/uploads\\\/2025\\\/12\\\/Logo-Nuevo-LOS-POLITICOS-1.jpg\",\"width\":260,\"height\":70,\"caption\":\"Los pol\u00edticos Veracruz\"},\"image\":{\"@id\":\"https:\\\/\\\/lospoliticosveracruz.com\\\/#\\\/schema\\\/logo\\\/image\\\/\"},\"sameAs\":[\"https:\\\/\\\/www.facebook.com\\\/people\\\/Notimemes-de-los-Polticos\\\/61565672886568\\\/\",\"https:\\\/\\\/x.com\\\/LosPoliticosVer\"]},{\"@type\":\"Person\",\"@id\":\"https:\\\/\\\/lospoliticosveracruz.com\\\/#\\\/schema\\\/person\\\/b8702bb0e538456e6efd07080bf2a4a2\",\"name\":\"Lo viste en Los Pol\u00edticos\",\"image\":{\"@type\":\"ImageObject\",\"inLanguage\":\"es\",\"@id\":\"https:\\\/\\\/secure.gravatar.com\\\/avatar\\\/3a8de04a2656d44082be478bd6c086daa447c4651605818287b9532d3d0bd435?s=96&d=mm&r=g\",\"url\":\"https:\\\/\\\/secure.gravatar.com\\\/avatar\\\/3a8de04a2656d44082be478bd6c086daa447c4651605818287b9532d3d0bd435?s=96&d=mm&r=g\",\"contentUrl\":\"https:\\\/\\\/secure.gravatar.com\\\/avatar\\\/3a8de04a2656d44082be478bd6c086daa447c4651605818287b9532d3d0bd435?s=96&d=mm&r=g\",\"caption\":\"Lo viste en Los Pol\u00edticos\"},\"url\":\"https:\\\/\\\/lospoliticosveracruz.com\\\/?author=2\"}]}<\/script>\n<!-- \/ Yoast SEO plugin. -->","yoast_head_json":{"title":"Novatean a ediles electos - Los pol\u00edticos Veracruz","robots":{"index":"index","follow":"follow","max-snippet":"max-snippet:-1","max-image-preview":"max-image-preview:large","max-video-preview":"max-video-preview:-1"},"canonical":"https:\/\/lospoliticosveracruz.com\/?p=80616","og_locale":"es_ES","og_type":"article","og_title":"Novatean a ediles electos - Los pol\u00edticos Veracruz","og_description":"Ignacio Alvarez Pluma Negra Las reuniones que realizan los organismos de gobierno para capacitar a los ediles electos que tomar\u00e1n protesta el pr\u00f3ximo 31 de diciembre, han servido tambi\u00e9n para organizarse y denunciar acciones al margen de la moralidad. Y es que a buena parte de ellos ya les han llamado de parte de algunos [&hellip;]","og_url":"https:\/\/lospoliticosveracruz.com\/?p=80616","og_site_name":"Los pol\u00edticos Veracruz","article_publisher":"https:\/\/www.facebook.com\/people\/Notimemes-de-los-Polticos\/61565672886568\/","article_published_time":"2021-10-13T15:37:36+00:00","article_modified_time":"2021-10-13T15:37:43+00:00","og_image":[{"width":200,"height":200,"url":"https:\/\/lospoliticosveracruz.com\/wp-content\/uploads\/2016\/07\/Logo-Dor.jpg","type":"image\/jpeg"}],"author":"Lo viste en Los Pol\u00edticos","twitter_card":"summary_large_image","twitter_creator":"@LosPoliticosVer","twitter_site":"@LosPoliticosVer","twitter_misc":{"Escrito por":"Lo viste en Los Pol\u00edticos","Tiempo de lectura":"2 minutos"},"schema":{"@context":"https:\/\/schema.org","@graph":[{"@type":"Article","@id":"https:\/\/lospoliticosveracruz.com\/?p=80616#article","isPartOf":{"@id":"https:\/\/lospoliticosveracruz.com\/?p=80616"},"author":{"name":"Lo viste en Los Pol\u00edticos","@id":"https:\/\/lospoliticosveracruz.com\/#\/schema\/person\/b8702bb0e538456e6efd07080bf2a4a2"},"headline":"Novatean a ediles electos","datePublished":"2021-10-13T15:37:36+00:00","dateModified":"2021-10-13T15:37:43+00:00","mainEntityOfPage":{"@id":"https:\/\/lospoliticosveracruz.com\/?p=80616"},"wordCount":484,"publisher":{"@id":"https:\/\/lospoliticosveracruz.com\/#organization"},"keywords":["Cuitl\u00e1huac Garc\u00eda Jim\u00e9nez","Guadalupe Osorno","Ley del Municipio Libre","Morena","Protecci\u00f3n Civil","Rebeca Quintanar","Veracruz"],"articleSection":["De Opini\u00f3n"],"inLanguage":"es"},{"@type":"WebPage","@id":"https:\/\/lospoliticosveracruz.com\/?p=80616","url":"https:\/\/lospoliticosveracruz.com\/?p=80616","name":"Novatean a ediles electos - Los pol\u00edticos Veracruz","isPartOf":{"@id":"https:\/\/lospoliticosveracruz.com\/#website"},"datePublished":"2021-10-13T15:37:36+00:00","dateModified":"2021-10-13T15:37:43+00:00","breadcrumb":{"@id":"https:\/\/lospoliticosveracruz.com\/?p=80616#breadcrumb"},"inLanguage":"es","potentialAction":[{"@type":"ReadAction","target":["https:\/\/lospoliticosveracruz.com\/?p=80616"]}]},{"@type":"BreadcrumbList","@id":"https:\/\/lospoliticosveracruz.com\/?p=80616#breadcrumb","itemListElement":[{"@type":"ListItem","position":1,"name":"Portada","item":"https:\/\/lospoliticosveracruz.com\/"},{"@type":"ListItem","position":2,"name":"Novatean a ediles electos"}]},{"@type":"WebSite","@id":"https:\/\/lospoliticosveracruz.com\/#website","url":"https:\/\/lospoliticosveracruz.com\/","name":"Los pol\u00edticos Veracruz","description":"","publisher":{"@id":"https:\/\/lospoliticosveracruz.com\/#organization"},"potentialAction":[{"@type":"SearchAction","target":{"@type":"EntryPoint","urlTemplate":"https:\/\/lospoliticosveracruz.com\/?s={search_term_string}"},"query-input":{"@type":"PropertyValueSpecification","valueRequired":true,"valueName":"search_term_string"}}],"inLanguage":"es"},{"@type":"Organization","@id":"https:\/\/lospoliticosveracruz.com\/#organization","name":"Los pol\u00edticos Veracruz","url":"https:\/\/lospoliticosveracruz.com\/","logo":{"@type":"ImageObject","inLanguage":"es","@id":"https:\/\/lospoliticosveracruz.com\/#\/schema\/logo\/image\/","url":"https:\/\/lospoliticosveracruz.com\/wp-content\/uploads\/2025\/12\/Logo-Nuevo-LOS-POLITICOS-1.jpg","contentUrl":"https:\/\/lospoliticosveracruz.com\/wp-content\/uploads\/2025\/12\/Logo-Nuevo-LOS-POLITICOS-1.jpg","width":260,"height":70,"caption":"Los pol\u00edticos Veracruz"},"image":{"@id":"https:\/\/lospoliticosveracruz.com\/#\/schema\/logo\/image\/"},"sameAs":["https:\/\/www.facebook.com\/people\/Notimemes-de-los-Polticos\/61565672886568\/","https:\/\/x.com\/LosPoliticosVer"]},{"@type":"Person","@id":"https:\/\/lospoliticosveracruz.com\/#\/schema\/person\/b8702bb0e538456e6efd07080bf2a4a2","name":"Lo viste en Los Pol\u00edticos","image":{"@type":"ImageObject","inLanguage":"es","@id":"https:\/\/secure.gravatar.com\/avatar\/3a8de04a2656d44082be478bd6c086daa447c4651605818287b9532d3d0bd435?s=96&d=mm&r=g","url":"https:\/\/secure.gravatar.com\/avatar\/3a8de04a2656d44082be478bd6c086daa447c4651605818287b9532d3d0bd435?s=96&d=mm&r=g","contentUrl":"https:\/\/secure.gravatar.com\/avatar\/3a8de04a2656d44082be478bd6c086daa447c4651605818287b9532d3d0bd435?s=96&d=mm&r=g","caption":"Lo viste en Los Pol\u00edticos"},"url":"https:\/\/lospoliticosveracruz.com\/?author=2"}]}},"_links":{"self":[{"href":"https:\/\/lospoliticosveracruz.com\/index.php?rest_route=\/wp\/v2\/posts\/80616","targetHints":{"allow":["GET"]}}],"collection":[{"href":"https:\/\/lospoliticosveracruz.com\/index.php?rest_route=\/wp\/v2\/posts"}],"about":[{"href":"https:\/\/lospoliticosveracruz.com\/index.php?rest_route=\/wp\/v2\/types\/post"}],"author":[{"embeddable":true,"href":"https:\/\/lospoliticosveracruz.com\/index.php?rest_route=\/wp\/v2\/users\/2"}],"replies":[{"embeddable":true,"href":"https:\/\/lospoliticosveracruz.com\/index.php?rest_route=%2Fwp%2Fv2%2Fcomments&post=80616"}],"version-history":[{"count":1,"href":"https:\/\/lospoliticosveracruz.com\/index.php?rest_route=\/wp\/v2\/posts\/80616\/revisions"}],"predecessor-version":[{"id":80617,"href":"https:\/\/lospoliticosveracruz.com\/index.php?rest_route=\/wp\/v2\/posts\/80616\/revisions\/80617"}],"wp:attachment":[{"href":"https:\/\/lospoliticosveracruz.com\/index.php?rest_route=%2Fwp%2Fv2%2Fmedia&parent=80616"}],"wp:term":[{"taxonomy":"category","embeddable":true,"href":"https:\/\/lospoliticosveracruz.com\/index.php?rest_route=%2Fwp%2Fv2%2Fcategories&post=80616"},{"taxonomy":"post_tag","embeddable":true,"href":"https:\/\/lospoliticosveracruz.com\/index.php?rest_route=%2Fwp%2Fv2%2Ftags&post=80616"}],"curies":[{"name":"wp","href":"https:\/\/api.w.org\/{rel}","templated":true}]}}