{"id":80621,"date":"2021-10-13T11:50:24","date_gmt":"2021-10-13T16:50:24","guid":{"rendered":"https:\/\/lospoliticosveracruz.com.mx\/?p=80621"},"modified":"2021-10-13T11:50:31","modified_gmt":"2021-10-13T16:50:31","slug":"los-1800-millones-mal-administrados","status":"publish","type":"post","link":"https:\/\/lospoliticosveracruz.com\/?p=80621","title":{"rendered":"Los 1800 millones mal administrados"},"content":{"rendered":"\n<p><strong>Miguel Angel Cristiani Gonz\u00e1lez<br><\/strong><em>Bit\u00e1cora Pol\u00edtica<\/em><\/p>\n\n\n\n<p><\/p>\n\n\n\n<p>Este mi\u00e9rcoles 13 se cumplen ya ocho d\u00edas, de que el pleno de la Legislatura del Estado aprob\u00f3 el decreto con los informes Individuales y el Informe General Ejecutivo de las Cuentas P\u00fablicas correspondientes al a\u00f1o 2020, presentado por el Orfis, el cual emiti\u00f3 mil 994 observaciones de presunto da\u00f1o patrimonial, que ascienden a un monto superior a mil 880 millones de pesos.<\/p>\n\n\n\n<div class=\"wp-block-image\"><figure class=\"alignleft size-large is-resized\"><a href=\"https:\/\/lospoliticosveracruz.com.mx\/wp-content\/uploads\/2021\/10\/WhatsApp-Image-2021-10-02-at-15.20.25.jpeg\"><img loading=\"lazy\" decoding=\"async\" src=\"https:\/\/lospoliticosveracruz.com.mx\/wp-content\/uploads\/2021\/10\/WhatsApp-Image-2021-10-02-at-15.20.25-724x1024.jpeg\" alt=\"\" class=\"wp-image-80177\" width=\"250\" height=\"350\"\/><\/a><\/figure><\/div>\n\n\n\n<p><br>Pero qu\u00e9 significado tiene el hecho de que hayan sido aprobados los informes de las auditor\u00edas practicadas, por el \u00d3rgano de Fiscalizaci\u00f3n, mejor conocido como el Orfis, pues que es un paso m\u00e1s, del largo proceso que en la actualidad se tiene que seguir, para -se supone- tratar de justificar o enmendar los posibles desv\u00edos que se han detectado en las dependencias estatales, municipios y entes fiscalizables.<br>Ahora que ya se corrobor\u00f3 que se tiene que proceder en contra de quienes no lograron justificar los posibles desv\u00edos, el ORFIS debe de estar procediendo a elaborar las denuncias, que ahora nuevamente, se tendr\u00e1n que presentar ante el Tribunal Administrativo, la Fiscal\u00eda General del Estado o la Contralor\u00eda Estatal, seg\u00fan sea el caso.<br>Hay que recordar, adem\u00e1s, que los actuales funcionarios municipales, que ya se van y est\u00e1n a unos d\u00edas de dejar el poder, no est\u00e1n exentos a\u00fan, ya que, dependiendo de las irregularidades encontradas en su administraci\u00f3n, todav\u00eda pueden ser llamados a la justicia dentro de dos y hasta los siete a\u00f1os siguientes.<br>As\u00ed que no se van a poder ir tranquilamente a sus casas, sino que tienen que terminar la tarea de aclarar y justificar los malos manejos por un probable da\u00f1o patrimonial por un monto superior a los mil 880 millones de pesos.<br>Pr\u00e1cticamente, en todos los 212 municipios en el Estado de Veracruz se detectaron irregularidades de presumen un da\u00f1o patrimonial, pero la diferencia es que como dir\u00eda aquel desvergonzado alcalde, si se llevaron, pero poquito.<br>Adem\u00e1s, las cuentas p\u00fablicas aprobadas por el Congreso del Estado, son las correspondientes al pasado a\u00f1o de 2020, falta todav\u00eda que se entregue el resultado de las auditor\u00edas practicadas en este \u00faltimo a\u00f1o de las administraciones municipales.<br>Tambi\u00e9n ser\u00eda interesante conocer, en que parte del proceso, van las aclaraciones o denuncias, que ya se deben de haber presentado, en contra de quienes no lograron justificar los desv\u00edos detectados en la cuenta p\u00fablica del 2019, que tambi\u00e9n recientemente fue presentada y aprobada en la Legislatura.<br>Por lo pronto, resulta un buen ejercicio, el ir analizando caso por caso, las cuentas p\u00fablicas de algunos de los municipios que no justificaron su mala administraci\u00f3n.<br>Y no solo son los municipios los que presentaron una mala administraci\u00f3n, sino que, hasta la mism\u00edsima Universidad Veracruzana, registr\u00f3 un probable da\u00f1o patrimonial por un monto de 995 mil 080 pesos, adem\u00e1s de inconsistencias de car\u00e1cter administrativo que dieron lugar a Recomendaciones.<br>En los 212 municipios de la entidad, derivado de las auditor\u00edas Financiera y T\u00e9cnica a la Obra P\u00fablica, se detectaron irregularidades en la actuaci\u00f3n de los servidores o ex servidores p\u00fablicos, que hacen presumir la existencia de un presunto da\u00f1o patrimonial por un monto de mil 671 millones 385 mil 720 pesos.<br>As\u00ed las cosas, con motivo de la Fiscalizaci\u00f3n Superior de la Cuenta P\u00fablica 2020, se emitieron mil 994 observaciones de presunto da\u00f1o patrimonial: 159 observaciones a Entes Estatales, mil 814 observaciones a Entes Municipales y 21 observaciones a Entidades Paramunicipales.<br>Pero como bien dice Pancho L\u00f3pez, el fil\u00f3sofo ateniense xalape\u00f1o, \u201cde todo hay en la vi\u00f1a del se\u00f1or\u201d, por ello es que bien vale la pena, el darle una espulgada a los reportes individuales de algunas de las instancias que son responsables de esas mil 994 observaciones que arrojaron tambi\u00e9n un da\u00f1o patrimonial, que ascienden a un monto superior a mil 880 millones de pesos.<br>Que no son mil 880 cacahuates, sino mil 880 millones de pesos, de todos los veracruzanos, pero que ahora est\u00e1n en las carteras de unos cuantos.<\/p>\n","protected":false},"excerpt":{"rendered":"<p>Miguel Angel Cristiani Gonz\u00e1lezBit\u00e1cora Pol\u00edtica Este mi\u00e9rcoles 13 se cumplen ya ocho d\u00edas, de que el pleno de la Legislatura del Estado aprob\u00f3 el decreto con los informes Individuales y el Informe General Ejecutivo de las Cuentas P\u00fablicas correspondientes al a\u00f1o 2020, presentado por el Orfis, el cual emiti\u00f3 mil 994 observaciones de presunto da\u00f1o [&hellip;]<\/p>\n","protected":false},"author":2,"featured_media":0,"comment_status":"closed","ping_status":"closed","sticky":false,"template":"","format":"standard","meta":{"tdm_status":"","tdm_grid_status":"","footnotes":""},"categories":[70],"tags":[11966,19934,29917,135],"class_list":{"0":"post-80621","1":"post","2":"type-post","3":"status-publish","4":"format-standard","6":"category-de-opinion","7":"tag-cuentas-publicas","8":"tag-legisver","9":"tag-miguel-angel-cristiani-gonzalez-2","10":"tag-orfis"},"yoast_head":"<!-- This site is optimized with the Yoast SEO plugin v27.4 - https:\/\/yoast.com\/product\/yoast-seo-wordpress\/ -->\n<title>Los 1800 millones mal administrados - Los pol\u00edticos Veracruz<\/title>\n<meta name=\"robots\" content=\"index, follow, max-snippet:-1, max-image-preview:large, max-video-preview:-1\" \/>\n<link rel=\"canonical\" href=\"https:\/\/lospoliticosveracruz.com\/?p=80621\" \/>\n<meta property=\"og:locale\" content=\"es_ES\" \/>\n<meta property=\"og:type\" content=\"article\" \/>\n<meta property=\"og:title\" content=\"Los 1800 millones mal administrados - Los pol\u00edticos Veracruz\" \/>\n<meta property=\"og:description\" content=\"Miguel Angel Cristiani Gonz\u00e1lezBit\u00e1cora Pol\u00edtica Este mi\u00e9rcoles 13 se cumplen ya ocho d\u00edas, de que el pleno de la Legislatura del Estado aprob\u00f3 el decreto con los informes Individuales y el Informe General Ejecutivo de las Cuentas P\u00fablicas correspondientes al a\u00f1o 2020, presentado por el Orfis, el cual emiti\u00f3 mil 994 observaciones de presunto da\u00f1o [&hellip;]\" \/>\n<meta property=\"og:url\" content=\"https:\/\/lospoliticosveracruz.com\/?p=80621\" \/>\n<meta property=\"og:site_name\" content=\"Los pol\u00edticos Veracruz\" \/>\n<meta property=\"article:publisher\" content=\"https:\/\/www.facebook.com\/people\/Notimemes-de-los-Polticos\/61565672886568\/\" \/>\n<meta property=\"article:published_time\" content=\"2021-10-13T16:50:24+00:00\" \/>\n<meta property=\"article:modified_time\" content=\"2021-10-13T16:50:31+00:00\" \/>\n<meta property=\"og:image\" content=\"https:\/\/lospoliticosveracruz.com.mx\/wp-content\/uploads\/2021\/10\/WhatsApp-Image-2021-10-02-at-15.20.25-724x1024.jpeg\" \/>\n<meta name=\"author\" content=\"Lo viste en Los Pol\u00edticos\" \/>\n<meta name=\"twitter:card\" content=\"summary_large_image\" \/>\n<meta name=\"twitter:creator\" content=\"@LosPoliticosVer\" \/>\n<meta name=\"twitter:site\" content=\"@LosPoliticosVer\" \/>\n<meta name=\"twitter:label1\" content=\"Escrito por\" \/>\n\t<meta name=\"twitter:data1\" content=\"Lo viste en Los Pol\u00edticos\" \/>\n\t<meta name=\"twitter:label2\" content=\"Tiempo de lectura\" \/>\n\t<meta name=\"twitter:data2\" content=\"3 minutos\" \/>\n<script type=\"application\/ld+json\" class=\"yoast-schema-graph\">{\"@context\":\"https:\\\/\\\/schema.org\",\"@graph\":[{\"@type\":\"Article\",\"@id\":\"https:\\\/\\\/lospoliticosveracruz.com\\\/?p=80621#article\",\"isPartOf\":{\"@id\":\"https:\\\/\\\/lospoliticosveracruz.com\\\/?p=80621\"},\"author\":{\"name\":\"Lo viste en Los Pol\u00edticos\",\"@id\":\"https:\\\/\\\/lospoliticosveracruz.com\\\/#\\\/schema\\\/person\\\/b8702bb0e538456e6efd07080bf2a4a2\"},\"headline\":\"Los 1800 millones mal administrados\",\"datePublished\":\"2021-10-13T16:50:24+00:00\",\"dateModified\":\"2021-10-13T16:50:31+00:00\",\"mainEntityOfPage\":{\"@id\":\"https:\\\/\\\/lospoliticosveracruz.com\\\/?p=80621\"},\"wordCount\":700,\"publisher\":{\"@id\":\"https:\\\/\\\/lospoliticosveracruz.com\\\/#organization\"},\"image\":{\"@id\":\"https:\\\/\\\/lospoliticosveracruz.com\\\/?p=80621#primaryimage\"},\"thumbnailUrl\":\"https:\\\/\\\/lospoliticosveracruz.com.mx\\\/wp-content\\\/uploads\\\/2021\\\/10\\\/WhatsApp-Image-2021-10-02-at-15.20.25-724x1024.jpeg\",\"keywords\":[\"cuentas p\u00fablicas\",\"Legisver\",\"Miguel Angel Cristiani Gonz\u00e1lez\",\"Orfis\"],\"articleSection\":[\"De Opini\u00f3n\"],\"inLanguage\":\"es\"},{\"@type\":\"WebPage\",\"@id\":\"https:\\\/\\\/lospoliticosveracruz.com\\\/?p=80621\",\"url\":\"https:\\\/\\\/lospoliticosveracruz.com\\\/?p=80621\",\"name\":\"Los 1800 millones mal administrados - Los pol\u00edticos Veracruz\",\"isPartOf\":{\"@id\":\"https:\\\/\\\/lospoliticosveracruz.com\\\/#website\"},\"primaryImageOfPage\":{\"@id\":\"https:\\\/\\\/lospoliticosveracruz.com\\\/?p=80621#primaryimage\"},\"image\":{\"@id\":\"https:\\\/\\\/lospoliticosveracruz.com\\\/?p=80621#primaryimage\"},\"thumbnailUrl\":\"https:\\\/\\\/lospoliticosveracruz.com.mx\\\/wp-content\\\/uploads\\\/2021\\\/10\\\/WhatsApp-Image-2021-10-02-at-15.20.25-724x1024.jpeg\",\"datePublished\":\"2021-10-13T16:50:24+00:00\",\"dateModified\":\"2021-10-13T16:50:31+00:00\",\"breadcrumb\":{\"@id\":\"https:\\\/\\\/lospoliticosveracruz.com\\\/?p=80621#breadcrumb\"},\"inLanguage\":\"es\",\"potentialAction\":[{\"@type\":\"ReadAction\",\"target\":[\"https:\\\/\\\/lospoliticosveracruz.com\\\/?p=80621\"]}]},{\"@type\":\"ImageObject\",\"inLanguage\":\"es\",\"@id\":\"https:\\\/\\\/lospoliticosveracruz.com\\\/?p=80621#primaryimage\",\"url\":\"https:\\\/\\\/lospoliticosveracruz.com.mx\\\/wp-content\\\/uploads\\\/2021\\\/10\\\/WhatsApp-Image-2021-10-02-at-15.20.25-724x1024.jpeg\",\"contentUrl\":\"https:\\\/\\\/lospoliticosveracruz.com.mx\\\/wp-content\\\/uploads\\\/2021\\\/10\\\/WhatsApp-Image-2021-10-02-at-15.20.25-724x1024.jpeg\"},{\"@type\":\"BreadcrumbList\",\"@id\":\"https:\\\/\\\/lospoliticosveracruz.com\\\/?p=80621#breadcrumb\",\"itemListElement\":[{\"@type\":\"ListItem\",\"position\":1,\"name\":\"Portada\",\"item\":\"https:\\\/\\\/lospoliticosveracruz.com\\\/\"},{\"@type\":\"ListItem\",\"position\":2,\"name\":\"Los 1800 millones mal administrados\"}]},{\"@type\":\"WebSite\",\"@id\":\"https:\\\/\\\/lospoliticosveracruz.com\\\/#website\",\"url\":\"https:\\\/\\\/lospoliticosveracruz.com\\\/\",\"name\":\"Los pol\u00edticos Veracruz\",\"description\":\"\",\"publisher\":{\"@id\":\"https:\\\/\\\/lospoliticosveracruz.com\\\/#organization\"},\"potentialAction\":[{\"@type\":\"SearchAction\",\"target\":{\"@type\":\"EntryPoint\",\"urlTemplate\":\"https:\\\/\\\/lospoliticosveracruz.com\\\/?s={search_term_string}\"},\"query-input\":{\"@type\":\"PropertyValueSpecification\",\"valueRequired\":true,\"valueName\":\"search_term_string\"}}],\"inLanguage\":\"es\"},{\"@type\":\"Organization\",\"@id\":\"https:\\\/\\\/lospoliticosveracruz.com\\\/#organization\",\"name\":\"Los pol\u00edticos Veracruz\",\"url\":\"https:\\\/\\\/lospoliticosveracruz.com\\\/\",\"logo\":{\"@type\":\"ImageObject\",\"inLanguage\":\"es\",\"@id\":\"https:\\\/\\\/lospoliticosveracruz.com\\\/#\\\/schema\\\/logo\\\/image\\\/\",\"url\":\"https:\\\/\\\/lospoliticosveracruz.com\\\/wp-content\\\/uploads\\\/2025\\\/12\\\/Logo-Nuevo-LOS-POLITICOS-1.jpg\",\"contentUrl\":\"https:\\\/\\\/lospoliticosveracruz.com\\\/wp-content\\\/uploads\\\/2025\\\/12\\\/Logo-Nuevo-LOS-POLITICOS-1.jpg\",\"width\":260,\"height\":70,\"caption\":\"Los pol\u00edticos Veracruz\"},\"image\":{\"@id\":\"https:\\\/\\\/lospoliticosveracruz.com\\\/#\\\/schema\\\/logo\\\/image\\\/\"},\"sameAs\":[\"https:\\\/\\\/www.facebook.com\\\/people\\\/Notimemes-de-los-Polticos\\\/61565672886568\\\/\",\"https:\\\/\\\/x.com\\\/LosPoliticosVer\"]},{\"@type\":\"Person\",\"@id\":\"https:\\\/\\\/lospoliticosveracruz.com\\\/#\\\/schema\\\/person\\\/b8702bb0e538456e6efd07080bf2a4a2\",\"name\":\"Lo viste en Los Pol\u00edticos\",\"image\":{\"@type\":\"ImageObject\",\"inLanguage\":\"es\",\"@id\":\"https:\\\/\\\/secure.gravatar.com\\\/avatar\\\/3a8de04a2656d44082be478bd6c086daa447c4651605818287b9532d3d0bd435?s=96&d=mm&r=g\",\"url\":\"https:\\\/\\\/secure.gravatar.com\\\/avatar\\\/3a8de04a2656d44082be478bd6c086daa447c4651605818287b9532d3d0bd435?s=96&d=mm&r=g\",\"contentUrl\":\"https:\\\/\\\/secure.gravatar.com\\\/avatar\\\/3a8de04a2656d44082be478bd6c086daa447c4651605818287b9532d3d0bd435?s=96&d=mm&r=g\",\"caption\":\"Lo viste en Los Pol\u00edticos\"},\"url\":\"https:\\\/\\\/lospoliticosveracruz.com\\\/?author=2\"}]}<\/script>\n<!-- \/ Yoast SEO plugin. -->","yoast_head_json":{"title":"Los 1800 millones mal administrados - Los pol\u00edticos Veracruz","robots":{"index":"index","follow":"follow","max-snippet":"max-snippet:-1","max-image-preview":"max-image-preview:large","max-video-preview":"max-video-preview:-1"},"canonical":"https:\/\/lospoliticosveracruz.com\/?p=80621","og_locale":"es_ES","og_type":"article","og_title":"Los 1800 millones mal administrados - Los pol\u00edticos Veracruz","og_description":"Miguel Angel Cristiani Gonz\u00e1lezBit\u00e1cora Pol\u00edtica Este mi\u00e9rcoles 13 se cumplen ya ocho d\u00edas, de que el pleno de la Legislatura del Estado aprob\u00f3 el decreto con los informes Individuales y el Informe General Ejecutivo de las Cuentas P\u00fablicas correspondientes al a\u00f1o 2020, presentado por el Orfis, el cual emiti\u00f3 mil 994 observaciones de presunto da\u00f1o [&hellip;]","og_url":"https:\/\/lospoliticosveracruz.com\/?p=80621","og_site_name":"Los pol\u00edticos Veracruz","article_publisher":"https:\/\/www.facebook.com\/people\/Notimemes-de-los-Polticos\/61565672886568\/","article_published_time":"2021-10-13T16:50:24+00:00","article_modified_time":"2021-10-13T16:50:31+00:00","og_image":[{"url":"https:\/\/lospoliticosveracruz.com.mx\/wp-content\/uploads\/2021\/10\/WhatsApp-Image-2021-10-02-at-15.20.25-724x1024.jpeg","type":"","width":"","height":""}],"author":"Lo viste en Los Pol\u00edticos","twitter_card":"summary_large_image","twitter_creator":"@LosPoliticosVer","twitter_site":"@LosPoliticosVer","twitter_misc":{"Escrito por":"Lo viste en Los Pol\u00edticos","Tiempo de lectura":"3 minutos"},"schema":{"@context":"https:\/\/schema.org","@graph":[{"@type":"Article","@id":"https:\/\/lospoliticosveracruz.com\/?p=80621#article","isPartOf":{"@id":"https:\/\/lospoliticosveracruz.com\/?p=80621"},"author":{"name":"Lo viste en Los Pol\u00edticos","@id":"https:\/\/lospoliticosveracruz.com\/#\/schema\/person\/b8702bb0e538456e6efd07080bf2a4a2"},"headline":"Los 1800 millones mal administrados","datePublished":"2021-10-13T16:50:24+00:00","dateModified":"2021-10-13T16:50:31+00:00","mainEntityOfPage":{"@id":"https:\/\/lospoliticosveracruz.com\/?p=80621"},"wordCount":700,"publisher":{"@id":"https:\/\/lospoliticosveracruz.com\/#organization"},"image":{"@id":"https:\/\/lospoliticosveracruz.com\/?p=80621#primaryimage"},"thumbnailUrl":"https:\/\/lospoliticosveracruz.com.mx\/wp-content\/uploads\/2021\/10\/WhatsApp-Image-2021-10-02-at-15.20.25-724x1024.jpeg","keywords":["cuentas p\u00fablicas","Legisver","Miguel Angel Cristiani Gonz\u00e1lez","Orfis"],"articleSection":["De Opini\u00f3n"],"inLanguage":"es"},{"@type":"WebPage","@id":"https:\/\/lospoliticosveracruz.com\/?p=80621","url":"https:\/\/lospoliticosveracruz.com\/?p=80621","name":"Los 1800 millones mal administrados - Los pol\u00edticos Veracruz","isPartOf":{"@id":"https:\/\/lospoliticosveracruz.com\/#website"},"primaryImageOfPage":{"@id":"https:\/\/lospoliticosveracruz.com\/?p=80621#primaryimage"},"image":{"@id":"https:\/\/lospoliticosveracruz.com\/?p=80621#primaryimage"},"thumbnailUrl":"https:\/\/lospoliticosveracruz.com.mx\/wp-content\/uploads\/2021\/10\/WhatsApp-Image-2021-10-02-at-15.20.25-724x1024.jpeg","datePublished":"2021-10-13T16:50:24+00:00","dateModified":"2021-10-13T16:50:31+00:00","breadcrumb":{"@id":"https:\/\/lospoliticosveracruz.com\/?p=80621#breadcrumb"},"inLanguage":"es","potentialAction":[{"@type":"ReadAction","target":["https:\/\/lospoliticosveracruz.com\/?p=80621"]}]},{"@type":"ImageObject","inLanguage":"es","@id":"https:\/\/lospoliticosveracruz.com\/?p=80621#primaryimage","url":"https:\/\/lospoliticosveracruz.com.mx\/wp-content\/uploads\/2021\/10\/WhatsApp-Image-2021-10-02-at-15.20.25-724x1024.jpeg","contentUrl":"https:\/\/lospoliticosveracruz.com.mx\/wp-content\/uploads\/2021\/10\/WhatsApp-Image-2021-10-02-at-15.20.25-724x1024.jpeg"},{"@type":"BreadcrumbList","@id":"https:\/\/lospoliticosveracruz.com\/?p=80621#breadcrumb","itemListElement":[{"@type":"ListItem","position":1,"name":"Portada","item":"https:\/\/lospoliticosveracruz.com\/"},{"@type":"ListItem","position":2,"name":"Los 1800 millones mal administrados"}]},{"@type":"WebSite","@id":"https:\/\/lospoliticosveracruz.com\/#website","url":"https:\/\/lospoliticosveracruz.com\/","name":"Los pol\u00edticos Veracruz","description":"","publisher":{"@id":"https:\/\/lospoliticosveracruz.com\/#organization"},"potentialAction":[{"@type":"SearchAction","target":{"@type":"EntryPoint","urlTemplate":"https:\/\/lospoliticosveracruz.com\/?s={search_term_string}"},"query-input":{"@type":"PropertyValueSpecification","valueRequired":true,"valueName":"search_term_string"}}],"inLanguage":"es"},{"@type":"Organization","@id":"https:\/\/lospoliticosveracruz.com\/#organization","name":"Los pol\u00edticos Veracruz","url":"https:\/\/lospoliticosveracruz.com\/","logo":{"@type":"ImageObject","inLanguage":"es","@id":"https:\/\/lospoliticosveracruz.com\/#\/schema\/logo\/image\/","url":"https:\/\/lospoliticosveracruz.com\/wp-content\/uploads\/2025\/12\/Logo-Nuevo-LOS-POLITICOS-1.jpg","contentUrl":"https:\/\/lospoliticosveracruz.com\/wp-content\/uploads\/2025\/12\/Logo-Nuevo-LOS-POLITICOS-1.jpg","width":260,"height":70,"caption":"Los pol\u00edticos Veracruz"},"image":{"@id":"https:\/\/lospoliticosveracruz.com\/#\/schema\/logo\/image\/"},"sameAs":["https:\/\/www.facebook.com\/people\/Notimemes-de-los-Polticos\/61565672886568\/","https:\/\/x.com\/LosPoliticosVer"]},{"@type":"Person","@id":"https:\/\/lospoliticosveracruz.com\/#\/schema\/person\/b8702bb0e538456e6efd07080bf2a4a2","name":"Lo viste en Los Pol\u00edticos","image":{"@type":"ImageObject","inLanguage":"es","@id":"https:\/\/secure.gravatar.com\/avatar\/3a8de04a2656d44082be478bd6c086daa447c4651605818287b9532d3d0bd435?s=96&d=mm&r=g","url":"https:\/\/secure.gravatar.com\/avatar\/3a8de04a2656d44082be478bd6c086daa447c4651605818287b9532d3d0bd435?s=96&d=mm&r=g","contentUrl":"https:\/\/secure.gravatar.com\/avatar\/3a8de04a2656d44082be478bd6c086daa447c4651605818287b9532d3d0bd435?s=96&d=mm&r=g","caption":"Lo viste en Los Pol\u00edticos"},"url":"https:\/\/lospoliticosveracruz.com\/?author=2"}]}},"_links":{"self":[{"href":"https:\/\/lospoliticosveracruz.com\/index.php?rest_route=\/wp\/v2\/posts\/80621","targetHints":{"allow":["GET"]}}],"collection":[{"href":"https:\/\/lospoliticosveracruz.com\/index.php?rest_route=\/wp\/v2\/posts"}],"about":[{"href":"https:\/\/lospoliticosveracruz.com\/index.php?rest_route=\/wp\/v2\/types\/post"}],"author":[{"embeddable":true,"href":"https:\/\/lospoliticosveracruz.com\/index.php?rest_route=\/wp\/v2\/users\/2"}],"replies":[{"embeddable":true,"href":"https:\/\/lospoliticosveracruz.com\/index.php?rest_route=%2Fwp%2Fv2%2Fcomments&post=80621"}],"version-history":[{"count":1,"href":"https:\/\/lospoliticosveracruz.com\/index.php?rest_route=\/wp\/v2\/posts\/80621\/revisions"}],"predecessor-version":[{"id":80623,"href":"https:\/\/lospoliticosveracruz.com\/index.php?rest_route=\/wp\/v2\/posts\/80621\/revisions\/80623"}],"wp:attachment":[{"href":"https:\/\/lospoliticosveracruz.com\/index.php?rest_route=%2Fwp%2Fv2%2Fmedia&parent=80621"}],"wp:term":[{"taxonomy":"category","embeddable":true,"href":"https:\/\/lospoliticosveracruz.com\/index.php?rest_route=%2Fwp%2Fv2%2Fcategories&post=80621"},{"taxonomy":"post_tag","embeddable":true,"href":"https:\/\/lospoliticosveracruz.com\/index.php?rest_route=%2Fwp%2Fv2%2Ftags&post=80621"}],"curies":[{"name":"wp","href":"https:\/\/api.w.org\/{rel}","templated":true}]}}