{"id":80656,"date":"2021-10-14T08:43:04","date_gmt":"2021-10-14T13:43:04","guid":{"rendered":"https:\/\/lospoliticosveracruz.com.mx\/?p=80656"},"modified":"2021-10-14T08:43:10","modified_gmt":"2021-10-14T13:43:10","slug":"la-poderosa-nahle","status":"publish","type":"post","link":"https:\/\/lospoliticosveracruz.com\/?p=80656","title":{"rendered":"La poderosa Nahle"},"content":{"rendered":"\n<p><strong>Ricardo Ch\u00faa<br><\/strong><em>Sale y Vale<\/em><\/p>\n\n\n\n<p>Pese a que se le puede venir la \u00abnoche encima\u00bb a la titular de SENER, Rocio Nahle por los hechos ocurridos ayer en Dos Bocas, en los enfrentamientos entre polic\u00edas y trabajadores de empresas que est\u00e1n construyendo esta refiner\u00eda\u2026 Independientemente de eso, que es otro tema, que habr\u00e1 que analizar en d\u00edas subsecuentes\u2026 Es un hecho que ella contin\u00faa siendo la mujer m\u00e1s poderosa en Veracruz\u2026 Por encima de cualquier personaje o funcionario federal o estatal\u2026<\/p>\n\n\n\n<div class=\"wp-block-image\"><figure class=\"alignleft size-full is-resized\"><a href=\"https:\/\/lospoliticosveracruz.com.mx\/wp-content\/uploads\/2021\/10\/Zacauilt.jpg\"><img loading=\"lazy\" decoding=\"async\" src=\"https:\/\/lospoliticosveracruz.com.mx\/wp-content\/uploads\/2021\/10\/Zacauilt.jpg\" alt=\"\" class=\"wp-image-80558\" width=\"250\" height=\"500\"\/><\/a><\/figure><\/div>\n\n\n\n<p>Eso lo vivi\u00f3 el propio Juan Mart\u00ednez, alcalde electo de C\u00f3rdoba, este se\u00f1or que lleg\u00f3 IMPUESTO por el comit\u00e9 nacional de MORENA en esta candidatura\u2026 Dado que en Veracruz tanto Cuitl\u00e1huac Garc\u00eda y Juan Javier G\u00f3mez Cazar\u00edn\u2026 Llevaban de candidato al diputado local, Jaime R\u00edos\u2026 Al final, Mario Delgado se impuso a todos en la entidad\u2026 Y le entreg\u00f3 la candidatura a Mart\u00ednez\u2026 Que pese a ser un desconocido por el efecto MORENA gan\u00f3 la alcald\u00eda, el pasado 6 de junio\u2026 Pero eso provoc\u00f3 que en Veracruz, ni lo tomaran en cuenta\u2026<\/p>\n\n\n\n<p>En muchas ocasiones despu\u00e9s del triunfo en C\u00f3rdoba, Juan Mart\u00ednez busc\u00f3 afanosamente una reuni\u00f3n en Palacio de Gobierno con Eric Cisneros Burgos\u2026 Y el poderoso personaje de Palacio de Gobierno, NO LO RECIBI\u00d3\u2026 Ni lo tomaba en cuenta\u2026 No era de su grupo, ni del equipo cercano a Cuitl\u00e1huac y pues pas\u00f3 junio, julio, agosto y septiembre y nunca le \u00ababrieron las puertas\u00bb del gobierno estatal para ver que iba a pasar con C\u00f3rdoba y con Lety L\u00f3pez Landeros\u2026. Pero porque siempre hay un \u00abpinche\u00bb pero\u2026 No contaron con su astucia\u2026<\/p>\n\n\n\n<p>\u00abGarganta Profunda\u00bb nos dice que alguien le recomend\u00f3 a \u00abJuanito\u00bb que dejara de hacerle al cuento en Veracruz y que se fuera a la CDMX a \u00abtocar puertas\u00bb\u2026 Fue con Mario Delgado y junto con Ricardo Monreal\u2026 Lo mandaron con Rocio Nahle para que le contara sus \u00abpesares\u00bb que viv\u00eda en Palacio de Gobierno\u2026 Y bien dice el dicho que \u00abel que no chilla\u2026 No\u2026 Se oye\u00bb\u2026 Y que le cuenta a Do\u00f1a Roc\u00edo todo\u2026 Obvio la poderosa funcionaria necesita de esos \u00abaliados\u00bb en la entidad para lo que viene en 2024\u2026. Y PUM\u2026 Que le resuelve el problema\u2026<\/p>\n\n\n\n<p>Nos dicen que en la pasada visita de la secretar\u00eda de Energ\u00eda a Veracruz, que fue en la ceremonia de la celebraci\u00f3n del \u00abBicentenario de la Armada de M\u00e9xico\u00bb\u2026 Al d\u00eda siguiente en el desayuno del Caf\u00e9 del \u00abPrimo Marce\u00bb\u2026 Le \u00abSUGIRI\u00d3\u00bb a Patrocinio Cisneros que recibiera a Juan Mart\u00ednez para que \u00abplaticaran\u00bb de C\u00f3rdoba\u2026 Y PUM de NUEVO\u2026 Ese mismo martes por la tarde, en C\u00f3rdoba, estaba el mismo secretario de Gobierno del Estado atendiendo la \u00abpetici\u00f3n de audiencia\u00bb de \u00abJuanito\u00bb\u2026 ABROOOONNNN\u2026<\/p>\n\n\n\n<p>As\u00ed que esa \u00abSUGERENCIA\u00bb por no decirlo de otra forma\u2026 Surti\u00f3 efecto\u2026 El corbob\u00e9s ya cumpli\u00f3 deseo\u2026 Ya es un miembro m\u00e1s del equipo Nahle\u2026 Que le ser\u00e1 valioso en 2024\u2026 Y digamos que vino a poner en \u00aborden\u00bb en cierta forma a los Morenos en Veracruz\u2026 De que no es tiempo de despreciar a nadie y que ahorita todos los que tienen poder y manejan presupuestos municipales. ser\u00e1n muy \u00fatiles para lo que se avecina en 2024\u2026 OJO PATROCINIO ENTENDI\u00d3 EL MENSAJE\u2026 Hasta C\u00f3rdoba fue para charlar\u2026 AMEN\u2026<\/p>\n\n\n\n<p>SERGIO GUTI\u00c9RREZ, \u00abEL GRILLADO\u00bb\u2026 Hace exactamente 16 d\u00edas en Veracruz invitaron a todos los empresarios radiof\u00f3nicos a que tuvieran una reuni\u00f3n con el presidente de la Mesa Directiva de la c\u00e1mara de diputados federales, Sergio Guti\u00e9rrez Luna, para ver sus expectativas laborales y empresariales de este sector en la entidad\u2026 Dado que la crisis les ha \u00abpegado\u00bb tambi\u00e9n con todo\u2026 Y est\u00e1n \u00abviviendo las de Ca\u00edn\u00bb para poder seguir al aire\u2026 Sobre todo los que no tienen otro negocio alterno y s\u00f3lo viven de la radio..<\/p>\n\n\n\n<p>Se supon\u00eda que con la visita a Guti\u00e9rrez Luna, los radiodifusores veracruzanos podr\u00edan abrir sus espacios comerciales con el Congreso de la Uni\u00f3n, v\u00eda el legislador minatitleco\u2026 Pero nada de nada\u2026 Primero que nada, al evento no asistieron todos o los empresarios m\u00e1s representativos de esta industria en la entidad\u2026 Y los que fueron con la esperanza de acuerdos comerciales, pasaron los d\u00edas y nunca les lleg\u00f3 ninguna propuesta que les ayudar\u00e1 a superar esta crisis\u2026 As\u00ed que la reuni\u00f3n fue sin pena, ni gloria\u2026<\/p>\n\n\n\n<p>Obvio que muchos de los no asistentes no acudieron por \u00abtemor\u00bb a represalias pol\u00edticas de los grupos antag\u00f3nicos que Guti\u00e9rrez Luna tiene en Veracruz.. A pesar de que a nadie llamaron para bloquear la reuni\u00f3n\u2026 Los propios empresarios radiof\u00f3nicos analizaron el tema y la gran mayor\u00eda dijeron: NONES\u2026 Y no fueron\u2026 As\u00ed que prefirieron mejor guardarse para una ocasi\u00f3n venidera\u2026 Cuando los tiempos est\u00e1n m\u00e1s cerca\u2026 Dado que este momento\u2026 No hay nada para nadie\u2026<\/p>\n\n\n\n<p>M\u00e1s ahora que a Guti\u00e9rrez Luna le quitaron la representaci\u00f3n de MORENA ante el INE\u2026 Ya que ha generado tantas expectativas por los reflectores medi\u00e1ticos que ha tenido el minatitleco, que ha INCOMODADO a los Morenos en el poder en Veracruz\u2026 Por eso, lo \u00abtorpedearon\u00bb y seguro presionaron a grupos afines a ellos a nivel nacional para que lo hicieran a un lado del INE y lo lograron\u2026 Lo removieron del cargo\u2026 Incomod\u00f3 a las \u00abtribus Morenas\u00bb\u2026 Se le echaron encima\u2026 LO DESMANTELARON EN VERACRUZ\u2026 BYE\u2026<\/p>\n","protected":false},"excerpt":{"rendered":"<p>Ricardo Ch\u00faaSale y Vale Pese a que se le puede venir la \u00abnoche encima\u00bb a la titular de SENER, Rocio Nahle por los hechos ocurridos ayer en Dos Bocas, en los enfrentamientos entre polic\u00edas y trabajadores de empresas que est\u00e1n construyendo esta refiner\u00eda\u2026 Independientemente de eso, que es otro tema, que habr\u00e1 que analizar en [&hellip;]<\/p>\n","protected":false},"author":2,"featured_media":0,"comment_status":"closed","ping_status":"closed","sticky":false,"template":"","format":"standard","meta":{"tdm_status":"","tdm_grid_status":"","footnotes":""},"categories":[70],"tags":[1563,12299,27945,12695,19835,7641,12596,1026,13604,10353,26717,18990,16147,195],"class_list":{"0":"post-80656","1":"post","2":"type-post","3":"status-publish","4":"format-standard","6":"category-de-opinion","7":"tag-cuitlahuac-garcia-jimenez","8":"tag-eric-cisneros-burgos","9":"tag-jaime-rios-otero","10":"tag-juan-javier-gomez-cazarin","11":"tag-juan-martinez-flores","12":"tag-leticia-lopez-landero","13":"tag-mario-delgado","14":"tag-morena","15":"tag-ricardo-chua","16":"tag-ricardo-monreal","17":"tag-rocio-nahle-2","18":"tag-sener","19":"tag-sergio-gutierrez-luna","20":"tag-veracruz"},"yoast_head":"<!-- This site is optimized with the Yoast SEO plugin v27.4 - https:\/\/yoast.com\/product\/yoast-seo-wordpress\/ -->\n<title>La poderosa Nahle - Los pol\u00edticos Veracruz<\/title>\n<meta name=\"robots\" content=\"index, follow, max-snippet:-1, max-image-preview:large, max-video-preview:-1\" \/>\n<link rel=\"canonical\" href=\"https:\/\/lospoliticosveracruz.com\/?p=80656\" \/>\n<meta property=\"og:locale\" content=\"es_ES\" \/>\n<meta property=\"og:type\" content=\"article\" \/>\n<meta property=\"og:title\" content=\"La poderosa Nahle - Los pol\u00edticos Veracruz\" \/>\n<meta property=\"og:description\" content=\"Ricardo Ch\u00faaSale y Vale Pese a que se le puede venir la \u00abnoche encima\u00bb a la titular de SENER, Rocio Nahle por los hechos ocurridos ayer en Dos Bocas, en los enfrentamientos entre polic\u00edas y trabajadores de empresas que est\u00e1n construyendo esta refiner\u00eda\u2026 Independientemente de eso, que es otro tema, que habr\u00e1 que analizar en [&hellip;]\" \/>\n<meta property=\"og:url\" content=\"https:\/\/lospoliticosveracruz.com\/?p=80656\" \/>\n<meta property=\"og:site_name\" content=\"Los pol\u00edticos Veracruz\" \/>\n<meta property=\"article:publisher\" content=\"https:\/\/www.facebook.com\/people\/Notimemes-de-los-Polticos\/61565672886568\/\" \/>\n<meta property=\"article:published_time\" content=\"2021-10-14T13:43:04+00:00\" \/>\n<meta property=\"article:modified_time\" content=\"2021-10-14T13:43:10+00:00\" \/>\n<meta property=\"og:image\" content=\"https:\/\/lospoliticosveracruz.com.mx\/wp-content\/uploads\/2021\/10\/Zacauilt.jpg\" \/>\n<meta name=\"author\" content=\"Lo viste en Los Pol\u00edticos\" \/>\n<meta name=\"twitter:card\" content=\"summary_large_image\" \/>\n<meta name=\"twitter:creator\" content=\"@LosPoliticosVer\" \/>\n<meta name=\"twitter:site\" content=\"@LosPoliticosVer\" \/>\n<meta name=\"twitter:label1\" content=\"Escrito por\" \/>\n\t<meta name=\"twitter:data1\" content=\"Lo viste en Los Pol\u00edticos\" \/>\n\t<meta name=\"twitter:label2\" content=\"Tiempo de lectura\" \/>\n\t<meta name=\"twitter:data2\" content=\"5 minutos\" \/>\n<script type=\"application\/ld+json\" class=\"yoast-schema-graph\">{\"@context\":\"https:\\\/\\\/schema.org\",\"@graph\":[{\"@type\":\"Article\",\"@id\":\"https:\\\/\\\/lospoliticosveracruz.com\\\/?p=80656#article\",\"isPartOf\":{\"@id\":\"https:\\\/\\\/lospoliticosveracruz.com\\\/?p=80656\"},\"author\":{\"name\":\"Lo viste en Los Pol\u00edticos\",\"@id\":\"https:\\\/\\\/lospoliticosveracruz.com\\\/#\\\/schema\\\/person\\\/b8702bb0e538456e6efd07080bf2a4a2\"},\"headline\":\"La poderosa Nahle\",\"datePublished\":\"2021-10-14T13:43:04+00:00\",\"dateModified\":\"2021-10-14T13:43:10+00:00\",\"mainEntityOfPage\":{\"@id\":\"https:\\\/\\\/lospoliticosveracruz.com\\\/?p=80656\"},\"wordCount\":936,\"publisher\":{\"@id\":\"https:\\\/\\\/lospoliticosveracruz.com\\\/#organization\"},\"image\":{\"@id\":\"https:\\\/\\\/lospoliticosveracruz.com\\\/?p=80656#primaryimage\"},\"thumbnailUrl\":\"https:\\\/\\\/lospoliticosveracruz.com.mx\\\/wp-content\\\/uploads\\\/2021\\\/10\\\/Zacauilt.jpg\",\"keywords\":[\"Cuitl\u00e1huac Garc\u00eda Jim\u00e9nez\",\"Eric Cisneros Burgos\",\"Jaime R\u00edos Otero\",\"Juan Javier G\u00f3mez Cazar\u00edn\",\"Juan Mart\u00ednez Flores\",\"Leticia L\u00f3pez Landero\",\"Mario Delgado\",\"Morena\",\"Ricardo Ch\u00faa\",\"Ricardo Monreal\",\"Rocio Nahle\",\"Sener\",\"Sergio Guti\u00e9rrez Luna\",\"Veracruz\"],\"articleSection\":[\"De Opini\u00f3n\"],\"inLanguage\":\"es\"},{\"@type\":\"WebPage\",\"@id\":\"https:\\\/\\\/lospoliticosveracruz.com\\\/?p=80656\",\"url\":\"https:\\\/\\\/lospoliticosveracruz.com\\\/?p=80656\",\"name\":\"La poderosa Nahle - Los pol\u00edticos Veracruz\",\"isPartOf\":{\"@id\":\"https:\\\/\\\/lospoliticosveracruz.com\\\/#website\"},\"primaryImageOfPage\":{\"@id\":\"https:\\\/\\\/lospoliticosveracruz.com\\\/?p=80656#primaryimage\"},\"image\":{\"@id\":\"https:\\\/\\\/lospoliticosveracruz.com\\\/?p=80656#primaryimage\"},\"thumbnailUrl\":\"https:\\\/\\\/lospoliticosveracruz.com.mx\\\/wp-content\\\/uploads\\\/2021\\\/10\\\/Zacauilt.jpg\",\"datePublished\":\"2021-10-14T13:43:04+00:00\",\"dateModified\":\"2021-10-14T13:43:10+00:00\",\"breadcrumb\":{\"@id\":\"https:\\\/\\\/lospoliticosveracruz.com\\\/?p=80656#breadcrumb\"},\"inLanguage\":\"es\",\"potentialAction\":[{\"@type\":\"ReadAction\",\"target\":[\"https:\\\/\\\/lospoliticosveracruz.com\\\/?p=80656\"]}]},{\"@type\":\"ImageObject\",\"inLanguage\":\"es\",\"@id\":\"https:\\\/\\\/lospoliticosveracruz.com\\\/?p=80656#primaryimage\",\"url\":\"https:\\\/\\\/lospoliticosveracruz.com.mx\\\/wp-content\\\/uploads\\\/2021\\\/10\\\/Zacauilt.jpg\",\"contentUrl\":\"https:\\\/\\\/lospoliticosveracruz.com.mx\\\/wp-content\\\/uploads\\\/2021\\\/10\\\/Zacauilt.jpg\"},{\"@type\":\"BreadcrumbList\",\"@id\":\"https:\\\/\\\/lospoliticosveracruz.com\\\/?p=80656#breadcrumb\",\"itemListElement\":[{\"@type\":\"ListItem\",\"position\":1,\"name\":\"Portada\",\"item\":\"https:\\\/\\\/lospoliticosveracruz.com\\\/\"},{\"@type\":\"ListItem\",\"position\":2,\"name\":\"La poderosa Nahle\"}]},{\"@type\":\"WebSite\",\"@id\":\"https:\\\/\\\/lospoliticosveracruz.com\\\/#website\",\"url\":\"https:\\\/\\\/lospoliticosveracruz.com\\\/\",\"name\":\"Los pol\u00edticos Veracruz\",\"description\":\"\",\"publisher\":{\"@id\":\"https:\\\/\\\/lospoliticosveracruz.com\\\/#organization\"},\"potentialAction\":[{\"@type\":\"SearchAction\",\"target\":{\"@type\":\"EntryPoint\",\"urlTemplate\":\"https:\\\/\\\/lospoliticosveracruz.com\\\/?s={search_term_string}\"},\"query-input\":{\"@type\":\"PropertyValueSpecification\",\"valueRequired\":true,\"valueName\":\"search_term_string\"}}],\"inLanguage\":\"es\"},{\"@type\":\"Organization\",\"@id\":\"https:\\\/\\\/lospoliticosveracruz.com\\\/#organization\",\"name\":\"Los pol\u00edticos Veracruz\",\"url\":\"https:\\\/\\\/lospoliticosveracruz.com\\\/\",\"logo\":{\"@type\":\"ImageObject\",\"inLanguage\":\"es\",\"@id\":\"https:\\\/\\\/lospoliticosveracruz.com\\\/#\\\/schema\\\/logo\\\/image\\\/\",\"url\":\"https:\\\/\\\/lospoliticosveracruz.com\\\/wp-content\\\/uploads\\\/2025\\\/12\\\/Logo-Nuevo-LOS-POLITICOS-1.jpg\",\"contentUrl\":\"https:\\\/\\\/lospoliticosveracruz.com\\\/wp-content\\\/uploads\\\/2025\\\/12\\\/Logo-Nuevo-LOS-POLITICOS-1.jpg\",\"width\":260,\"height\":70,\"caption\":\"Los pol\u00edticos Veracruz\"},\"image\":{\"@id\":\"https:\\\/\\\/lospoliticosveracruz.com\\\/#\\\/schema\\\/logo\\\/image\\\/\"},\"sameAs\":[\"https:\\\/\\\/www.facebook.com\\\/people\\\/Notimemes-de-los-Polticos\\\/61565672886568\\\/\",\"https:\\\/\\\/x.com\\\/LosPoliticosVer\"]},{\"@type\":\"Person\",\"@id\":\"https:\\\/\\\/lospoliticosveracruz.com\\\/#\\\/schema\\\/person\\\/b8702bb0e538456e6efd07080bf2a4a2\",\"name\":\"Lo viste en Los Pol\u00edticos\",\"image\":{\"@type\":\"ImageObject\",\"inLanguage\":\"es\",\"@id\":\"https:\\\/\\\/secure.gravatar.com\\\/avatar\\\/3a8de04a2656d44082be478bd6c086daa447c4651605818287b9532d3d0bd435?s=96&d=mm&r=g\",\"url\":\"https:\\\/\\\/secure.gravatar.com\\\/avatar\\\/3a8de04a2656d44082be478bd6c086daa447c4651605818287b9532d3d0bd435?s=96&d=mm&r=g\",\"contentUrl\":\"https:\\\/\\\/secure.gravatar.com\\\/avatar\\\/3a8de04a2656d44082be478bd6c086daa447c4651605818287b9532d3d0bd435?s=96&d=mm&r=g\",\"caption\":\"Lo viste en Los Pol\u00edticos\"},\"url\":\"https:\\\/\\\/lospoliticosveracruz.com\\\/?author=2\"}]}<\/script>\n<!-- \/ Yoast SEO plugin. -->","yoast_head_json":{"title":"La poderosa Nahle - Los pol\u00edticos Veracruz","robots":{"index":"index","follow":"follow","max-snippet":"max-snippet:-1","max-image-preview":"max-image-preview:large","max-video-preview":"max-video-preview:-1"},"canonical":"https:\/\/lospoliticosveracruz.com\/?p=80656","og_locale":"es_ES","og_type":"article","og_title":"La poderosa Nahle - Los pol\u00edticos Veracruz","og_description":"Ricardo Ch\u00faaSale y Vale Pese a que se le puede venir la \u00abnoche encima\u00bb a la titular de SENER, Rocio Nahle por los hechos ocurridos ayer en Dos Bocas, en los enfrentamientos entre polic\u00edas y trabajadores de empresas que est\u00e1n construyendo esta refiner\u00eda\u2026 Independientemente de eso, que es otro tema, que habr\u00e1 que analizar en [&hellip;]","og_url":"https:\/\/lospoliticosveracruz.com\/?p=80656","og_site_name":"Los pol\u00edticos Veracruz","article_publisher":"https:\/\/www.facebook.com\/people\/Notimemes-de-los-Polticos\/61565672886568\/","article_published_time":"2021-10-14T13:43:04+00:00","article_modified_time":"2021-10-14T13:43:10+00:00","og_image":[{"url":"https:\/\/lospoliticosveracruz.com.mx\/wp-content\/uploads\/2021\/10\/Zacauilt.jpg","type":"","width":"","height":""}],"author":"Lo viste en Los Pol\u00edticos","twitter_card":"summary_large_image","twitter_creator":"@LosPoliticosVer","twitter_site":"@LosPoliticosVer","twitter_misc":{"Escrito por":"Lo viste en Los Pol\u00edticos","Tiempo de lectura":"5 minutos"},"schema":{"@context":"https:\/\/schema.org","@graph":[{"@type":"Article","@id":"https:\/\/lospoliticosveracruz.com\/?p=80656#article","isPartOf":{"@id":"https:\/\/lospoliticosveracruz.com\/?p=80656"},"author":{"name":"Lo viste en Los Pol\u00edticos","@id":"https:\/\/lospoliticosveracruz.com\/#\/schema\/person\/b8702bb0e538456e6efd07080bf2a4a2"},"headline":"La poderosa Nahle","datePublished":"2021-10-14T13:43:04+00:00","dateModified":"2021-10-14T13:43:10+00:00","mainEntityOfPage":{"@id":"https:\/\/lospoliticosveracruz.com\/?p=80656"},"wordCount":936,"publisher":{"@id":"https:\/\/lospoliticosveracruz.com\/#organization"},"image":{"@id":"https:\/\/lospoliticosveracruz.com\/?p=80656#primaryimage"},"thumbnailUrl":"https:\/\/lospoliticosveracruz.com.mx\/wp-content\/uploads\/2021\/10\/Zacauilt.jpg","keywords":["Cuitl\u00e1huac Garc\u00eda Jim\u00e9nez","Eric Cisneros Burgos","Jaime R\u00edos Otero","Juan Javier G\u00f3mez Cazar\u00edn","Juan Mart\u00ednez Flores","Leticia L\u00f3pez Landero","Mario Delgado","Morena","Ricardo Ch\u00faa","Ricardo Monreal","Rocio Nahle","Sener","Sergio Guti\u00e9rrez Luna","Veracruz"],"articleSection":["De Opini\u00f3n"],"inLanguage":"es"},{"@type":"WebPage","@id":"https:\/\/lospoliticosveracruz.com\/?p=80656","url":"https:\/\/lospoliticosveracruz.com\/?p=80656","name":"La poderosa Nahle - Los pol\u00edticos Veracruz","isPartOf":{"@id":"https:\/\/lospoliticosveracruz.com\/#website"},"primaryImageOfPage":{"@id":"https:\/\/lospoliticosveracruz.com\/?p=80656#primaryimage"},"image":{"@id":"https:\/\/lospoliticosveracruz.com\/?p=80656#primaryimage"},"thumbnailUrl":"https:\/\/lospoliticosveracruz.com.mx\/wp-content\/uploads\/2021\/10\/Zacauilt.jpg","datePublished":"2021-10-14T13:43:04+00:00","dateModified":"2021-10-14T13:43:10+00:00","breadcrumb":{"@id":"https:\/\/lospoliticosveracruz.com\/?p=80656#breadcrumb"},"inLanguage":"es","potentialAction":[{"@type":"ReadAction","target":["https:\/\/lospoliticosveracruz.com\/?p=80656"]}]},{"@type":"ImageObject","inLanguage":"es","@id":"https:\/\/lospoliticosveracruz.com\/?p=80656#primaryimage","url":"https:\/\/lospoliticosveracruz.com.mx\/wp-content\/uploads\/2021\/10\/Zacauilt.jpg","contentUrl":"https:\/\/lospoliticosveracruz.com.mx\/wp-content\/uploads\/2021\/10\/Zacauilt.jpg"},{"@type":"BreadcrumbList","@id":"https:\/\/lospoliticosveracruz.com\/?p=80656#breadcrumb","itemListElement":[{"@type":"ListItem","position":1,"name":"Portada","item":"https:\/\/lospoliticosveracruz.com\/"},{"@type":"ListItem","position":2,"name":"La poderosa Nahle"}]},{"@type":"WebSite","@id":"https:\/\/lospoliticosveracruz.com\/#website","url":"https:\/\/lospoliticosveracruz.com\/","name":"Los pol\u00edticos Veracruz","description":"","publisher":{"@id":"https:\/\/lospoliticosveracruz.com\/#organization"},"potentialAction":[{"@type":"SearchAction","target":{"@type":"EntryPoint","urlTemplate":"https:\/\/lospoliticosveracruz.com\/?s={search_term_string}"},"query-input":{"@type":"PropertyValueSpecification","valueRequired":true,"valueName":"search_term_string"}}],"inLanguage":"es"},{"@type":"Organization","@id":"https:\/\/lospoliticosveracruz.com\/#organization","name":"Los pol\u00edticos Veracruz","url":"https:\/\/lospoliticosveracruz.com\/","logo":{"@type":"ImageObject","inLanguage":"es","@id":"https:\/\/lospoliticosveracruz.com\/#\/schema\/logo\/image\/","url":"https:\/\/lospoliticosveracruz.com\/wp-content\/uploads\/2025\/12\/Logo-Nuevo-LOS-POLITICOS-1.jpg","contentUrl":"https:\/\/lospoliticosveracruz.com\/wp-content\/uploads\/2025\/12\/Logo-Nuevo-LOS-POLITICOS-1.jpg","width":260,"height":70,"caption":"Los pol\u00edticos Veracruz"},"image":{"@id":"https:\/\/lospoliticosveracruz.com\/#\/schema\/logo\/image\/"},"sameAs":["https:\/\/www.facebook.com\/people\/Notimemes-de-los-Polticos\/61565672886568\/","https:\/\/x.com\/LosPoliticosVer"]},{"@type":"Person","@id":"https:\/\/lospoliticosveracruz.com\/#\/schema\/person\/b8702bb0e538456e6efd07080bf2a4a2","name":"Lo viste en Los Pol\u00edticos","image":{"@type":"ImageObject","inLanguage":"es","@id":"https:\/\/secure.gravatar.com\/avatar\/3a8de04a2656d44082be478bd6c086daa447c4651605818287b9532d3d0bd435?s=96&d=mm&r=g","url":"https:\/\/secure.gravatar.com\/avatar\/3a8de04a2656d44082be478bd6c086daa447c4651605818287b9532d3d0bd435?s=96&d=mm&r=g","contentUrl":"https:\/\/secure.gravatar.com\/avatar\/3a8de04a2656d44082be478bd6c086daa447c4651605818287b9532d3d0bd435?s=96&d=mm&r=g","caption":"Lo viste en Los Pol\u00edticos"},"url":"https:\/\/lospoliticosveracruz.com\/?author=2"}]}},"_links":{"self":[{"href":"https:\/\/lospoliticosveracruz.com\/index.php?rest_route=\/wp\/v2\/posts\/80656","targetHints":{"allow":["GET"]}}],"collection":[{"href":"https:\/\/lospoliticosveracruz.com\/index.php?rest_route=\/wp\/v2\/posts"}],"about":[{"href":"https:\/\/lospoliticosveracruz.com\/index.php?rest_route=\/wp\/v2\/types\/post"}],"author":[{"embeddable":true,"href":"https:\/\/lospoliticosveracruz.com\/index.php?rest_route=\/wp\/v2\/users\/2"}],"replies":[{"embeddable":true,"href":"https:\/\/lospoliticosveracruz.com\/index.php?rest_route=%2Fwp%2Fv2%2Fcomments&post=80656"}],"version-history":[{"count":1,"href":"https:\/\/lospoliticosveracruz.com\/index.php?rest_route=\/wp\/v2\/posts\/80656\/revisions"}],"predecessor-version":[{"id":80657,"href":"https:\/\/lospoliticosveracruz.com\/index.php?rest_route=\/wp\/v2\/posts\/80656\/revisions\/80657"}],"wp:attachment":[{"href":"https:\/\/lospoliticosveracruz.com\/index.php?rest_route=%2Fwp%2Fv2%2Fmedia&parent=80656"}],"wp:term":[{"taxonomy":"category","embeddable":true,"href":"https:\/\/lospoliticosveracruz.com\/index.php?rest_route=%2Fwp%2Fv2%2Fcategories&post=80656"},{"taxonomy":"post_tag","embeddable":true,"href":"https:\/\/lospoliticosveracruz.com\/index.php?rest_route=%2Fwp%2Fv2%2Ftags&post=80656"}],"curies":[{"name":"wp","href":"https:\/\/api.w.org\/{rel}","templated":true}]}}