{"id":80687,"date":"2021-10-15T07:50:09","date_gmt":"2021-10-15T12:50:09","guid":{"rendered":"https:\/\/lospoliticosveracruz.com.mx\/?p=80687"},"modified":"2021-10-15T07:50:15","modified_gmt":"2021-10-15T12:50:15","slug":"mario-chama-bajo-la-lupa-del-orfis","status":"publish","type":"post","link":"https:\/\/lospoliticosveracruz.com\/?p=80687","title":{"rendered":"Mario Chama, bajo la lupa del Orfis"},"content":{"rendered":"\n<p><strong>Enrique Yasser Pompeyo<br><\/strong><em>Mesa de Redacci\u00f3n<\/em><\/p>\n\n\n\n<p><br>El probable da\u00f1o patrimonial en el Ayuntamiento de Teocelo que encabeza el alcalde Mario Antonio Chama D\u00edaz asciende a 1 mill\u00f3n 883 mil 453.88 pesos, correspondiente a la Cuenta P\u00fablica 2020.<\/p>\n\n\n\n<p>Entre las observaciones detectadas se encuentra, por ejemplo, que el Ayuntamiento retuvo a sus empleados el Impuesto Sobre la Renta por un total de 1 mill\u00f3n 830 mil 953.88, pero no enter\u00f3 a la autoridad competente.<\/p>\n\n\n\n<div class=\"wp-block-image\"><figure class=\"alignleft size-full is-resized\"><a href=\"https:\/\/lospoliticosveracruz.com.mx\/wp-content\/uploads\/2021\/10\/Zacauilt.jpg\"><img loading=\"lazy\" decoding=\"async\" src=\"https:\/\/lospoliticosveracruz.com.mx\/wp-content\/uploads\/2021\/10\/Zacauilt.jpg\" alt=\"\" class=\"wp-image-80558\" width=\"250\" height=\"350\"\/><\/a><\/figure><\/div>\n\n\n\n<p>Adem\u00e1s, existe un saldo en la cuenta contable Impuesto Sobre la Renta, Retenci\u00f3n Sueldos y Salarios, generados en ejercicios anteriores, por un importe de 3 millones 206 mil 819.84 pesos, que no ha sido enterado a la autoridad correspondiente.<\/p>\n\n\n\n<p>Los Estados Financieros generados al cierre del ejercicio muestran saldos registrados por 2 millones 046 mil 059.72 pesos, generados en ejercicios anteriores, sin presentar constancia de la recuperaci\u00f3n de las erogaciones y\/o comprobaci\u00f3n.<\/p>\n\n\n\n<p>Derivado de la revisi\u00f3n efectuada durante el ejercicio 2020, se caus\u00f3 el Impuesto Sobre Erogaciones por Remuneraciones al Trabajo Personal por 589 mil 290.38 pesos; por las erogaciones en efectivo o en especie por concepto de remuneraciones al trabajo personal pagadas; sin embargo, el Ayuntamiento no determin\u00f3 ni provision\u00f3 contablemente dicho impuesto, adem\u00e1s, no realizaron el pago correspondiente ante la autoridad competente.<\/p>\n\n\n\n<p>El Ayuntamiento no ha remitido al Instituto de Pensiones del Estado (IPE) las n\u00f3minas de enero de 2019 a diciembre de 2020, el presupuesto de egresos ni la plantilla de personal del ejercicio de 2020.<\/p>\n\n\n\n<p>Otro dato. Fueron pagados servicios profesionales por 52 mil 500 pesos por concepto de la elaboraci\u00f3n de inventario de bienes muebles e inmuebles 2020 (primer semestre). Sin embargo, no exhibieron el contrato de prestaci\u00f3n de servicios, por lo que se desconocen los alcances, periodo y obligaciones de las partes; asimismo, no presentaron evidencia de la justificaci\u00f3n del gasto que d\u00e9 certeza de la aplicaci\u00f3n del recurso, en el que se compruebe las necesidades y los trabajos.<\/p>\n\n\n\n<p>El Ayuntamiento efectu\u00f3 arrendamientos de bienes y servicios que debieron hacerse mediante el procedimiento de licitaci\u00f3n correspondiente, del cual no presentaron la documentaci\u00f3n, por lo que no se tiene la certeza de que hayan obtenido las mejores condiciones en cuanto a precio, calidad y oportunidad.<\/p>\n\n\n\n<p>Las cantidades y conceptos son: 625 mil 600 pesos por traslado al sitio de disposici\u00f3n de residuos s\u00f3lidos urbanos no peligrosos, as\u00ed como 515 mil 088.42 pesos por arrendamiento de equipo de transporte y maquinaria para construcci\u00f3n.<\/p>\n\n\n\n<p>En 12 de 13 obras y\/o servicios revisados, no se integr\u00f3 correctamente el soporte documental de la comprobaci\u00f3n de gastos por los trabajos ejecutados, que limitaron la verificaci\u00f3n, control y costo de los conceptos de la obra.<\/p>\n\n\n\n<p>En total, el ORFIS emiti\u00f3 13 observaciones en materia financiera presupuestal; 4 t\u00e9cnicas a la obra p\u00fablica y 3 con relaci\u00f3n a deuda p\u00fablica, obligaciones y disciplina financiera.<\/p>\n\n\n\n<p>Las observaciones hacen presumir la existencia de un da\u00f1o patrimonial a la Hacienda P\u00fablica Municipal. Ya se ver\u00e1 c\u00f3mo sale el Ayuntamiento en la revisi\u00f3n del ejercicio fiscal 2021 y c\u00f3mo proceder\u00e1n las nuevas autoridades.<\/p>\n\n\n\n<p>enriquepompeyo@hotmail.com<\/p>\n","protected":false},"excerpt":{"rendered":"<p>Enrique Yasser PompeyoMesa de Redacci\u00f3n El probable da\u00f1o patrimonial en el Ayuntamiento de Teocelo que encabeza el alcalde Mario Antonio Chama D\u00edaz asciende a 1 mill\u00f3n 883 mil 453.88 pesos, correspondiente a la Cuenta P\u00fablica 2020. Entre las observaciones detectadas se encuentra, por ejemplo, que el Ayuntamiento retuvo a sus empleados el Impuesto Sobre la [&hellip;]<\/p>\n","protected":false},"author":2,"featured_media":0,"comment_status":"closed","ping_status":"closed","sticky":false,"template":"","format":"standard","meta":{"tdm_status":"","tdm_grid_status":"","footnotes":""},"categories":[70],"tags":[26350,709,15477,4248,12450,135,1452],"class_list":{"0":"post-80687","1":"post","2":"type-post","3":"status-publish","4":"format-standard","6":"category-de-opinion","7":"tag-cuenta-publica-2020","8":"tag-dano-patrimonial","9":"tag-enrique-yasser-pompeyo","10":"tag-ipe","11":"tag-mario-antonio-chama-diaz","12":"tag-orfis","13":"tag-teocelo"},"yoast_head":"<!-- This site is optimized with the Yoast SEO plugin v27.4 - https:\/\/yoast.com\/product\/yoast-seo-wordpress\/ -->\n<title>Mario Chama, bajo la lupa del Orfis - Los pol\u00edticos Veracruz<\/title>\n<meta name=\"robots\" content=\"index, follow, max-snippet:-1, max-image-preview:large, max-video-preview:-1\" \/>\n<link rel=\"canonical\" href=\"https:\/\/lospoliticosveracruz.com\/?p=80687\" \/>\n<meta property=\"og:locale\" content=\"es_ES\" \/>\n<meta property=\"og:type\" content=\"article\" \/>\n<meta property=\"og:title\" content=\"Mario Chama, bajo la lupa del Orfis - Los pol\u00edticos Veracruz\" \/>\n<meta property=\"og:description\" content=\"Enrique Yasser PompeyoMesa de Redacci\u00f3n El probable da\u00f1o patrimonial en el Ayuntamiento de Teocelo que encabeza el alcalde Mario Antonio Chama D\u00edaz asciende a 1 mill\u00f3n 883 mil 453.88 pesos, correspondiente a la Cuenta P\u00fablica 2020. Entre las observaciones detectadas se encuentra, por ejemplo, que el Ayuntamiento retuvo a sus empleados el Impuesto Sobre la [&hellip;]\" \/>\n<meta property=\"og:url\" content=\"https:\/\/lospoliticosveracruz.com\/?p=80687\" \/>\n<meta property=\"og:site_name\" content=\"Los pol\u00edticos Veracruz\" \/>\n<meta property=\"article:publisher\" content=\"https:\/\/www.facebook.com\/people\/Notimemes-de-los-Polticos\/61565672886568\/\" \/>\n<meta property=\"article:published_time\" content=\"2021-10-15T12:50:09+00:00\" \/>\n<meta property=\"article:modified_time\" content=\"2021-10-15T12:50:15+00:00\" \/>\n<meta property=\"og:image\" content=\"https:\/\/lospoliticosveracruz.com.mx\/wp-content\/uploads\/2021\/10\/Zacauilt.jpg\" \/>\n<meta name=\"author\" content=\"Lo viste en Los Pol\u00edticos\" \/>\n<meta name=\"twitter:card\" content=\"summary_large_image\" \/>\n<meta name=\"twitter:creator\" content=\"@LosPoliticosVer\" \/>\n<meta name=\"twitter:site\" content=\"@LosPoliticosVer\" \/>\n<meta name=\"twitter:label1\" content=\"Escrito por\" \/>\n\t<meta name=\"twitter:data1\" content=\"Lo viste en Los Pol\u00edticos\" \/>\n\t<meta name=\"twitter:label2\" content=\"Tiempo de lectura\" \/>\n\t<meta name=\"twitter:data2\" content=\"3 minutos\" \/>\n<script type=\"application\/ld+json\" class=\"yoast-schema-graph\">{\"@context\":\"https:\\\/\\\/schema.org\",\"@graph\":[{\"@type\":\"Article\",\"@id\":\"https:\\\/\\\/lospoliticosveracruz.com\\\/?p=80687#article\",\"isPartOf\":{\"@id\":\"https:\\\/\\\/lospoliticosveracruz.com\\\/?p=80687\"},\"author\":{\"name\":\"Lo viste en Los Pol\u00edticos\",\"@id\":\"https:\\\/\\\/lospoliticosveracruz.com\\\/#\\\/schema\\\/person\\\/b8702bb0e538456e6efd07080bf2a4a2\"},\"headline\":\"Mario Chama, bajo la lupa del Orfis\",\"datePublished\":\"2021-10-15T12:50:09+00:00\",\"dateModified\":\"2021-10-15T12:50:15+00:00\",\"mainEntityOfPage\":{\"@id\":\"https:\\\/\\\/lospoliticosveracruz.com\\\/?p=80687\"},\"wordCount\":514,\"publisher\":{\"@id\":\"https:\\\/\\\/lospoliticosveracruz.com\\\/#organization\"},\"image\":{\"@id\":\"https:\\\/\\\/lospoliticosveracruz.com\\\/?p=80687#primaryimage\"},\"thumbnailUrl\":\"https:\\\/\\\/lospoliticosveracruz.com.mx\\\/wp-content\\\/uploads\\\/2021\\\/10\\\/Zacauilt.jpg\",\"keywords\":[\"cuenta p\u00fablica 2020\",\"da\u00f1o patrimonial\",\"Enrique Yasser Pompeyo\",\"IPE\",\"Mario Antonio Chama D\u00edaz\",\"Orfis\",\"Teocelo\"],\"articleSection\":[\"De Opini\u00f3n\"],\"inLanguage\":\"es\"},{\"@type\":\"WebPage\",\"@id\":\"https:\\\/\\\/lospoliticosveracruz.com\\\/?p=80687\",\"url\":\"https:\\\/\\\/lospoliticosveracruz.com\\\/?p=80687\",\"name\":\"Mario Chama, bajo la lupa del Orfis - Los pol\u00edticos Veracruz\",\"isPartOf\":{\"@id\":\"https:\\\/\\\/lospoliticosveracruz.com\\\/#website\"},\"primaryImageOfPage\":{\"@id\":\"https:\\\/\\\/lospoliticosveracruz.com\\\/?p=80687#primaryimage\"},\"image\":{\"@id\":\"https:\\\/\\\/lospoliticosveracruz.com\\\/?p=80687#primaryimage\"},\"thumbnailUrl\":\"https:\\\/\\\/lospoliticosveracruz.com.mx\\\/wp-content\\\/uploads\\\/2021\\\/10\\\/Zacauilt.jpg\",\"datePublished\":\"2021-10-15T12:50:09+00:00\",\"dateModified\":\"2021-10-15T12:50:15+00:00\",\"breadcrumb\":{\"@id\":\"https:\\\/\\\/lospoliticosveracruz.com\\\/?p=80687#breadcrumb\"},\"inLanguage\":\"es\",\"potentialAction\":[{\"@type\":\"ReadAction\",\"target\":[\"https:\\\/\\\/lospoliticosveracruz.com\\\/?p=80687\"]}]},{\"@type\":\"ImageObject\",\"inLanguage\":\"es\",\"@id\":\"https:\\\/\\\/lospoliticosveracruz.com\\\/?p=80687#primaryimage\",\"url\":\"https:\\\/\\\/lospoliticosveracruz.com.mx\\\/wp-content\\\/uploads\\\/2021\\\/10\\\/Zacauilt.jpg\",\"contentUrl\":\"https:\\\/\\\/lospoliticosveracruz.com.mx\\\/wp-content\\\/uploads\\\/2021\\\/10\\\/Zacauilt.jpg\"},{\"@type\":\"BreadcrumbList\",\"@id\":\"https:\\\/\\\/lospoliticosveracruz.com\\\/?p=80687#breadcrumb\",\"itemListElement\":[{\"@type\":\"ListItem\",\"position\":1,\"name\":\"Portada\",\"item\":\"https:\\\/\\\/lospoliticosveracruz.com\\\/\"},{\"@type\":\"ListItem\",\"position\":2,\"name\":\"Mario Chama, bajo la lupa del Orfis\"}]},{\"@type\":\"WebSite\",\"@id\":\"https:\\\/\\\/lospoliticosveracruz.com\\\/#website\",\"url\":\"https:\\\/\\\/lospoliticosveracruz.com\\\/\",\"name\":\"Los pol\u00edticos Veracruz\",\"description\":\"\",\"publisher\":{\"@id\":\"https:\\\/\\\/lospoliticosveracruz.com\\\/#organization\"},\"potentialAction\":[{\"@type\":\"SearchAction\",\"target\":{\"@type\":\"EntryPoint\",\"urlTemplate\":\"https:\\\/\\\/lospoliticosveracruz.com\\\/?s={search_term_string}\"},\"query-input\":{\"@type\":\"PropertyValueSpecification\",\"valueRequired\":true,\"valueName\":\"search_term_string\"}}],\"inLanguage\":\"es\"},{\"@type\":\"Organization\",\"@id\":\"https:\\\/\\\/lospoliticosveracruz.com\\\/#organization\",\"name\":\"Los pol\u00edticos Veracruz\",\"url\":\"https:\\\/\\\/lospoliticosveracruz.com\\\/\",\"logo\":{\"@type\":\"ImageObject\",\"inLanguage\":\"es\",\"@id\":\"https:\\\/\\\/lospoliticosveracruz.com\\\/#\\\/schema\\\/logo\\\/image\\\/\",\"url\":\"https:\\\/\\\/lospoliticosveracruz.com\\\/wp-content\\\/uploads\\\/2025\\\/12\\\/Logo-Nuevo-LOS-POLITICOS-1.jpg\",\"contentUrl\":\"https:\\\/\\\/lospoliticosveracruz.com\\\/wp-content\\\/uploads\\\/2025\\\/12\\\/Logo-Nuevo-LOS-POLITICOS-1.jpg\",\"width\":260,\"height\":70,\"caption\":\"Los pol\u00edticos Veracruz\"},\"image\":{\"@id\":\"https:\\\/\\\/lospoliticosveracruz.com\\\/#\\\/schema\\\/logo\\\/image\\\/\"},\"sameAs\":[\"https:\\\/\\\/www.facebook.com\\\/people\\\/Notimemes-de-los-Polticos\\\/61565672886568\\\/\",\"https:\\\/\\\/x.com\\\/LosPoliticosVer\"]},{\"@type\":\"Person\",\"@id\":\"https:\\\/\\\/lospoliticosveracruz.com\\\/#\\\/schema\\\/person\\\/b8702bb0e538456e6efd07080bf2a4a2\",\"name\":\"Lo viste en Los Pol\u00edticos\",\"image\":{\"@type\":\"ImageObject\",\"inLanguage\":\"es\",\"@id\":\"https:\\\/\\\/secure.gravatar.com\\\/avatar\\\/3a8de04a2656d44082be478bd6c086daa447c4651605818287b9532d3d0bd435?s=96&d=mm&r=g\",\"url\":\"https:\\\/\\\/secure.gravatar.com\\\/avatar\\\/3a8de04a2656d44082be478bd6c086daa447c4651605818287b9532d3d0bd435?s=96&d=mm&r=g\",\"contentUrl\":\"https:\\\/\\\/secure.gravatar.com\\\/avatar\\\/3a8de04a2656d44082be478bd6c086daa447c4651605818287b9532d3d0bd435?s=96&d=mm&r=g\",\"caption\":\"Lo viste en Los Pol\u00edticos\"},\"url\":\"https:\\\/\\\/lospoliticosveracruz.com\\\/?author=2\"}]}<\/script>\n<!-- \/ Yoast SEO plugin. -->","yoast_head_json":{"title":"Mario Chama, bajo la lupa del Orfis - Los pol\u00edticos Veracruz","robots":{"index":"index","follow":"follow","max-snippet":"max-snippet:-1","max-image-preview":"max-image-preview:large","max-video-preview":"max-video-preview:-1"},"canonical":"https:\/\/lospoliticosveracruz.com\/?p=80687","og_locale":"es_ES","og_type":"article","og_title":"Mario Chama, bajo la lupa del Orfis - Los pol\u00edticos Veracruz","og_description":"Enrique Yasser PompeyoMesa de Redacci\u00f3n El probable da\u00f1o patrimonial en el Ayuntamiento de Teocelo que encabeza el alcalde Mario Antonio Chama D\u00edaz asciende a 1 mill\u00f3n 883 mil 453.88 pesos, correspondiente a la Cuenta P\u00fablica 2020. Entre las observaciones detectadas se encuentra, por ejemplo, que el Ayuntamiento retuvo a sus empleados el Impuesto Sobre la [&hellip;]","og_url":"https:\/\/lospoliticosveracruz.com\/?p=80687","og_site_name":"Los pol\u00edticos Veracruz","article_publisher":"https:\/\/www.facebook.com\/people\/Notimemes-de-los-Polticos\/61565672886568\/","article_published_time":"2021-10-15T12:50:09+00:00","article_modified_time":"2021-10-15T12:50:15+00:00","og_image":[{"url":"https:\/\/lospoliticosveracruz.com.mx\/wp-content\/uploads\/2021\/10\/Zacauilt.jpg","type":"","width":"","height":""}],"author":"Lo viste en Los Pol\u00edticos","twitter_card":"summary_large_image","twitter_creator":"@LosPoliticosVer","twitter_site":"@LosPoliticosVer","twitter_misc":{"Escrito por":"Lo viste en Los Pol\u00edticos","Tiempo de lectura":"3 minutos"},"schema":{"@context":"https:\/\/schema.org","@graph":[{"@type":"Article","@id":"https:\/\/lospoliticosveracruz.com\/?p=80687#article","isPartOf":{"@id":"https:\/\/lospoliticosveracruz.com\/?p=80687"},"author":{"name":"Lo viste en Los Pol\u00edticos","@id":"https:\/\/lospoliticosveracruz.com\/#\/schema\/person\/b8702bb0e538456e6efd07080bf2a4a2"},"headline":"Mario Chama, bajo la lupa del Orfis","datePublished":"2021-10-15T12:50:09+00:00","dateModified":"2021-10-15T12:50:15+00:00","mainEntityOfPage":{"@id":"https:\/\/lospoliticosveracruz.com\/?p=80687"},"wordCount":514,"publisher":{"@id":"https:\/\/lospoliticosveracruz.com\/#organization"},"image":{"@id":"https:\/\/lospoliticosveracruz.com\/?p=80687#primaryimage"},"thumbnailUrl":"https:\/\/lospoliticosveracruz.com.mx\/wp-content\/uploads\/2021\/10\/Zacauilt.jpg","keywords":["cuenta p\u00fablica 2020","da\u00f1o patrimonial","Enrique Yasser Pompeyo","IPE","Mario Antonio Chama D\u00edaz","Orfis","Teocelo"],"articleSection":["De Opini\u00f3n"],"inLanguage":"es"},{"@type":"WebPage","@id":"https:\/\/lospoliticosveracruz.com\/?p=80687","url":"https:\/\/lospoliticosveracruz.com\/?p=80687","name":"Mario Chama, bajo la lupa del Orfis - Los pol\u00edticos Veracruz","isPartOf":{"@id":"https:\/\/lospoliticosveracruz.com\/#website"},"primaryImageOfPage":{"@id":"https:\/\/lospoliticosveracruz.com\/?p=80687#primaryimage"},"image":{"@id":"https:\/\/lospoliticosveracruz.com\/?p=80687#primaryimage"},"thumbnailUrl":"https:\/\/lospoliticosveracruz.com.mx\/wp-content\/uploads\/2021\/10\/Zacauilt.jpg","datePublished":"2021-10-15T12:50:09+00:00","dateModified":"2021-10-15T12:50:15+00:00","breadcrumb":{"@id":"https:\/\/lospoliticosveracruz.com\/?p=80687#breadcrumb"},"inLanguage":"es","potentialAction":[{"@type":"ReadAction","target":["https:\/\/lospoliticosveracruz.com\/?p=80687"]}]},{"@type":"ImageObject","inLanguage":"es","@id":"https:\/\/lospoliticosveracruz.com\/?p=80687#primaryimage","url":"https:\/\/lospoliticosveracruz.com.mx\/wp-content\/uploads\/2021\/10\/Zacauilt.jpg","contentUrl":"https:\/\/lospoliticosveracruz.com.mx\/wp-content\/uploads\/2021\/10\/Zacauilt.jpg"},{"@type":"BreadcrumbList","@id":"https:\/\/lospoliticosveracruz.com\/?p=80687#breadcrumb","itemListElement":[{"@type":"ListItem","position":1,"name":"Portada","item":"https:\/\/lospoliticosveracruz.com\/"},{"@type":"ListItem","position":2,"name":"Mario Chama, bajo la lupa del Orfis"}]},{"@type":"WebSite","@id":"https:\/\/lospoliticosveracruz.com\/#website","url":"https:\/\/lospoliticosveracruz.com\/","name":"Los pol\u00edticos Veracruz","description":"","publisher":{"@id":"https:\/\/lospoliticosveracruz.com\/#organization"},"potentialAction":[{"@type":"SearchAction","target":{"@type":"EntryPoint","urlTemplate":"https:\/\/lospoliticosveracruz.com\/?s={search_term_string}"},"query-input":{"@type":"PropertyValueSpecification","valueRequired":true,"valueName":"search_term_string"}}],"inLanguage":"es"},{"@type":"Organization","@id":"https:\/\/lospoliticosveracruz.com\/#organization","name":"Los pol\u00edticos Veracruz","url":"https:\/\/lospoliticosveracruz.com\/","logo":{"@type":"ImageObject","inLanguage":"es","@id":"https:\/\/lospoliticosveracruz.com\/#\/schema\/logo\/image\/","url":"https:\/\/lospoliticosveracruz.com\/wp-content\/uploads\/2025\/12\/Logo-Nuevo-LOS-POLITICOS-1.jpg","contentUrl":"https:\/\/lospoliticosveracruz.com\/wp-content\/uploads\/2025\/12\/Logo-Nuevo-LOS-POLITICOS-1.jpg","width":260,"height":70,"caption":"Los pol\u00edticos Veracruz"},"image":{"@id":"https:\/\/lospoliticosveracruz.com\/#\/schema\/logo\/image\/"},"sameAs":["https:\/\/www.facebook.com\/people\/Notimemes-de-los-Polticos\/61565672886568\/","https:\/\/x.com\/LosPoliticosVer"]},{"@type":"Person","@id":"https:\/\/lospoliticosveracruz.com\/#\/schema\/person\/b8702bb0e538456e6efd07080bf2a4a2","name":"Lo viste en Los Pol\u00edticos","image":{"@type":"ImageObject","inLanguage":"es","@id":"https:\/\/secure.gravatar.com\/avatar\/3a8de04a2656d44082be478bd6c086daa447c4651605818287b9532d3d0bd435?s=96&d=mm&r=g","url":"https:\/\/secure.gravatar.com\/avatar\/3a8de04a2656d44082be478bd6c086daa447c4651605818287b9532d3d0bd435?s=96&d=mm&r=g","contentUrl":"https:\/\/secure.gravatar.com\/avatar\/3a8de04a2656d44082be478bd6c086daa447c4651605818287b9532d3d0bd435?s=96&d=mm&r=g","caption":"Lo viste en Los Pol\u00edticos"},"url":"https:\/\/lospoliticosveracruz.com\/?author=2"}]}},"_links":{"self":[{"href":"https:\/\/lospoliticosveracruz.com\/index.php?rest_route=\/wp\/v2\/posts\/80687","targetHints":{"allow":["GET"]}}],"collection":[{"href":"https:\/\/lospoliticosveracruz.com\/index.php?rest_route=\/wp\/v2\/posts"}],"about":[{"href":"https:\/\/lospoliticosveracruz.com\/index.php?rest_route=\/wp\/v2\/types\/post"}],"author":[{"embeddable":true,"href":"https:\/\/lospoliticosveracruz.com\/index.php?rest_route=\/wp\/v2\/users\/2"}],"replies":[{"embeddable":true,"href":"https:\/\/lospoliticosveracruz.com\/index.php?rest_route=%2Fwp%2Fv2%2Fcomments&post=80687"}],"version-history":[{"count":1,"href":"https:\/\/lospoliticosveracruz.com\/index.php?rest_route=\/wp\/v2\/posts\/80687\/revisions"}],"predecessor-version":[{"id":80688,"href":"https:\/\/lospoliticosveracruz.com\/index.php?rest_route=\/wp\/v2\/posts\/80687\/revisions\/80688"}],"wp:attachment":[{"href":"https:\/\/lospoliticosveracruz.com\/index.php?rest_route=%2Fwp%2Fv2%2Fmedia&parent=80687"}],"wp:term":[{"taxonomy":"category","embeddable":true,"href":"https:\/\/lospoliticosveracruz.com\/index.php?rest_route=%2Fwp%2Fv2%2Fcategories&post=80687"},{"taxonomy":"post_tag","embeddable":true,"href":"https:\/\/lospoliticosveracruz.com\/index.php?rest_route=%2Fwp%2Fv2%2Ftags&post=80687"}],"curies":[{"name":"wp","href":"https:\/\/api.w.org\/{rel}","templated":true}]}}