{"id":80689,"date":"2021-10-15T07:58:18","date_gmt":"2021-10-15T12:58:18","guid":{"rendered":"https:\/\/lospoliticosveracruz.com.mx\/?p=80689"},"modified":"2021-10-15T07:58:23","modified_gmt":"2021-10-15T12:58:23","slug":"lopez-o-va-a-hablar-de-combate-a-la-corrupcion-en-la-onu","status":"publish","type":"post","link":"https:\/\/lospoliticosveracruz.com\/?p=80689","title":{"rendered":"\u00a1L\u00f3pez O. va a hablar de combate a la corrupci\u00f3n en la ONU!"},"content":{"rendered":"\n<p><strong>Felipe de Jes\u00fas Fern\u00e1ndez Basilio<br><\/strong><em>Desde A Janela<\/em><\/p>\n\n\n\n<p><em><br><\/em>Un accidente que puede llegar a ocurrir cuando se maneja una manguera para regar el c\u00e9sped consiste en que debido a la presi\u00f3n del agua la manguera explote y en lugar del pasto ba\u00f1e al operador, el asunto parece c\u00f3mico, pero puede ocurrir y m\u00e1s a\u00fan si no se sabe manejar el instrumento o si este se maneja mal.<br>Pues algo similar es lo que le puede suceder al presidente de la rep\u00fablica si viaja a la ONU para presentarse como el Cid Campeador de la lucha en contra de la corrupci\u00f3n y aunque es muy probable que en el evento no lo cuestionen debido a la solemnidad del mismo, lo que s\u00ed es seguro es que la prensa internacional lo ponga en evidencia debido a los innumerables casos de corrupci\u00f3n que bajo su cobijo se han mantenido o creado.<\/p>\n\n\n\n<div class=\"wp-block-image\"><figure class=\"alignleft size-large is-resized\"><a href=\"https:\/\/lospoliticosveracruz.com.mx\/wp-content\/uploads\/2021\/10\/WhatsApp-Image-2021-10-02-at-15.20.25.jpeg\"><img loading=\"lazy\" decoding=\"async\" src=\"https:\/\/lospoliticosveracruz.com.mx\/wp-content\/uploads\/2021\/10\/WhatsApp-Image-2021-10-02-at-15.20.25-724x1024.jpeg\" alt=\"\" class=\"wp-image-80177\" width=\"250\" height=\"350\"\/><\/a><\/figure><\/div>\n\n\n\n<p><br>Y es que es un secreto a voces que M\u00e9xico es uno de los pa\u00edses m\u00e1s corruptos del mundo y que en lo que va de esta administraci\u00f3n, los hechos de corrupci\u00f3n en lugar de haber disminuido han aumentado de manera muy significativa e incluso alarmante y que el esfuerzo real para combatirla, es pr\u00e1cticamente nulo y lo peor de todo es que muchas pr\u00e1cticas provienen del mismo gobierno y afectan de manera directa a cualquier ciudadano.<br>Recuerdo que el presidente de la rep\u00fablica cuando era candidato y andaba exponiendo sus ideas de gobierno, siempre dec\u00eda que la corrupci\u00f3n era el peor mal del pa\u00eds y que para erradicarla hab\u00eda que barrerla de arriba hacia abajo, es decir que los m\u00e1s altos funcionarios fueran intachables y de ah\u00ed la limpieza fuera descendiendo a las bases burocr\u00e1ticas y por supuesto, no dejar impunes a los altos mandos del pa\u00eds que hasta el momento de su llegada al poder se les hubiera demostrado judicialmente su implicaci\u00f3n en actos graves de corrupci\u00f3n.<br>Y sin embargo, a tres a\u00f1os de que est\u00e1 al frente del gobierno las cosas son diametralmente opuestas a lo prometido y as\u00ed tenemos que los casos de corrupci\u00f3n ahora se distribuyen mejor que nunca de arriba hacia abajo y un buen ejemplo de ello lo encontramos en la trama que muchos periodistas est\u00e1n sacando a la luz y que consiste en que cualquiera puede ser v\u00edctima de extorsi\u00f3n policial en los retenes que ponen en las calles y carreteras del pa\u00eds y que se debe a que los mandos altos ponen una cuota diaria que tienen que entregarles los de abajo, so pena de sufrir represalias o de perder el trabajo.<br>Y si a esto lo aderezamos, como en Veracruz sucede, con la prisi\u00f3n preventiva oficiosa para los ultrajes a la autoridad, el ciudadano com\u00fan no tiene escapatoria frente a la extorsi\u00f3n, ya que cualquier polic\u00eda lo puede denunciar por haberlo ofendido y habr\u00e1 c\u00e1rcel segura por un tiempo; cada vez estoy m\u00e1s convencido que aparte de los fines pol\u00edticos, el poner la prisi\u00f3n preventiva oficiosa para los ultrajes a la autoridad fue para fortalecer las redes de extorsi\u00f3n policiaca.<br>Tambi\u00e9n otro buen ejemplo de lo aqu\u00ed se\u00f1alado es lo que sucede en la pantanosa y empantanada refiner\u00eda de la selva tabasque\u00f1a (Dos Bocas), la cual es una obra en donde la corrupci\u00f3n fluye como un r\u00edo, empezando por la secretaria de energ\u00eda y desembocando en los sindicatos de trabajadores pertenecientes a empresas que por amiguismo recibieron la obra, quienes fuerzan a sus trabajadores a laborar en condiciones peores que las que imperaban en la Inglaterra de la revoluci\u00f3n industrial con la finalidad de terminar la obra antes de que expire el sexenio y ya mejor ni hablamos de los dineros que se han tirado ah\u00ed y que en cada presupuesto de egresos van aumentando.<br>Y as\u00ed nos podemos ir hasta el infinito, ya que basta con abrir cualquier nota period\u00edstica para enterarnos de cosas como que el ISSSTE adjudic\u00f3 nuevamente los an\u00e1lisis a la misma empresa de siempre que la apodan \u00ablos chupasangres\u00bb (el mote lo dice todo) y que tambi\u00e9n operan en el Seguro o ver como sociedades financieras privilegiadas, dan cr\u00e9ditos a los bur\u00f3cratas teniendo acceso a la n\u00f3mina de las dependencias p\u00fablicas, alguna cuota para alguien debe de costar eso y un sinf\u00edn de noticias que revelan mucha corrupci\u00f3n por todos lados.<br>Pero quiz\u00e1 el caso m\u00e1s relevante de todos estos es el de Lozoya, quien a pesar de ser un corrupto de marca \u00a1Confeso!, anda departiendo alegre y libremente en los mejores restaurantes de M\u00e9xico y mientras \u00e9l celebra, las autoridades que dicen que el combate a la corrupci\u00f3n es su prioridad, esconden la cabeza y esperan a que pase el esc\u00e1ndalo.<br>Siendo lo peor de todo que tanto el conductor del programa matutino diario de Palacio como el fiscal general de la rep\u00fablica, nos dicen que ese delincuente declarado es un testigo protegido porque est\u00e1 revelando los nombres de sus c\u00f3mplices y de sus superiores en la trama de corrupci\u00f3n en la que est\u00e1 implicado pero lo que no cuadra de esas explicaciones, es que las revelaciones que el criminal confeso aporta pretenden implicar a legisladores que dieron su voto para una reforma energ\u00e9tica, cuando el objetivo ya demostrado de esos sobornos en muchos otros pa\u00edses, era comprar a funcionarios p\u00fablicos con poder de decisi\u00f3n para obtener la asignaci\u00f3n de obra p\u00fablica y en eso no encuadran los ex legisladores pero vaya que s\u00ed lo hace el exdirector de Pemex.<br>Lo anterior lo sostengo, porque el caso Odebrecht ha sido profundamente investigado en muchos pa\u00edses de Am\u00e9rica Latina y en todos ellos se ha demostrado el objetivo de los sobornos y tambi\u00e9n todos, salvo M\u00e9xico, han obtenido muchas sentencias condenatorias para funcionarios de la administraci\u00f3n p\u00fablica (incluidos expresidentes de la rep\u00fablica) que asignaban obras a la empresa brasile\u00f1a.<br>Pero en M\u00e9xico nada pasa ni pasar\u00e1, ya que las autoridades en lugar de perseguir la corrupci\u00f3n se sirven de ella y solo usan ese eslogan para unas cuantas venganzas pol\u00edticas o personales y as\u00ed es que el presidente quiere acudir a la m\u00e1xima tribuna mundial para pontificar sobre el combate a la corrupci\u00f3n.<br>Ahora s\u00ed que parafraseando al mismo L\u00f3pez Obrador: \u00abCon todo respeto Se\u00f1or Presidente: no le vaya a explotar la manguera cuando hable ante la ONU\u00bb<br>Como un comentario aparte y abusando de su paciencia queridos lectores, les cuento (y es que no puedo evitarlo) que mientras el estado de Veracruz se encuentra sumido en un caos en la impartici\u00f3n de justicia en todas sus ramas, el Poder Judicial del Estado gobernado y muy infestado de magistrados que le deben su puesto a la autollamada 4t emite una circular para dedicar la segunda quincena de octubre para organizar una exposici\u00f3n de \u00a1Altares de muertos! Y en ella detallan con una rigurosidad que ya quisieran los justiciables, tanto las caracter\u00edsticas de los altares como el espacio que van a tener en su sede central. \u00a1Nunca se hab\u00eda visto tanta frivolidad!<\/p>\n\n\n\n<p><br>felfebas@gmail.com<br>Twitter: @FelipeFBasilio<\/p>\n","protected":false},"excerpt":{"rendered":"<p>Felipe de Jes\u00fas Fern\u00e1ndez BasilioDesde A Janela Un accidente que puede llegar a ocurrir cuando se maneja una manguera para regar el c\u00e9sped consiste en que debido a la presi\u00f3n del agua la manguera explote y en lugar del pasto ba\u00f1e al operador, el asunto parece c\u00f3mico, pero puede ocurrir y m\u00e1s a\u00fan si no [&hellip;]<\/p>\n","protected":false},"author":2,"featured_media":0,"comment_status":"closed","ping_status":"closed","sticky":false,"template":"","format":"standard","meta":{"tdm_status":"","tdm_grid_status":"","footnotes":""},"categories":[70],"tags":[618,4741,12710,8055,385,195],"class_list":{"0":"post-80689","1":"post","2":"type-post","3":"status-publish","4":"format-standard","6":"category-de-opinion","7":"tag-andres-manuel-lopez-obrador","8":"tag-emilio-lozoya","9":"tag-felipe-de-jesus-fernandez-basilio","10":"tag-odebrecht","11":"tag-onu","12":"tag-veracruz"},"yoast_head":"<!-- This site is optimized with the Yoast SEO plugin v27.4 - https:\/\/yoast.com\/product\/yoast-seo-wordpress\/ -->\n<title>\u00a1L\u00f3pez O. va a hablar de combate a la corrupci\u00f3n en la ONU! - Los pol\u00edticos Veracruz<\/title>\n<meta name=\"robots\" content=\"index, follow, max-snippet:-1, max-image-preview:large, max-video-preview:-1\" \/>\n<link rel=\"canonical\" href=\"https:\/\/lospoliticosveracruz.com\/?p=80689\" \/>\n<meta property=\"og:locale\" content=\"es_ES\" \/>\n<meta property=\"og:type\" content=\"article\" \/>\n<meta property=\"og:title\" content=\"\u00a1L\u00f3pez O. va a hablar de combate a la corrupci\u00f3n en la ONU! - Los pol\u00edticos Veracruz\" \/>\n<meta property=\"og:description\" content=\"Felipe de Jes\u00fas Fern\u00e1ndez BasilioDesde A Janela Un accidente que puede llegar a ocurrir cuando se maneja una manguera para regar el c\u00e9sped consiste en que debido a la presi\u00f3n del agua la manguera explote y en lugar del pasto ba\u00f1e al operador, el asunto parece c\u00f3mico, pero puede ocurrir y m\u00e1s a\u00fan si no [&hellip;]\" \/>\n<meta property=\"og:url\" content=\"https:\/\/lospoliticosveracruz.com\/?p=80689\" \/>\n<meta property=\"og:site_name\" content=\"Los pol\u00edticos Veracruz\" \/>\n<meta property=\"article:publisher\" content=\"https:\/\/www.facebook.com\/people\/Notimemes-de-los-Polticos\/61565672886568\/\" \/>\n<meta property=\"article:published_time\" content=\"2021-10-15T12:58:18+00:00\" \/>\n<meta property=\"article:modified_time\" content=\"2021-10-15T12:58:23+00:00\" \/>\n<meta property=\"og:image\" content=\"https:\/\/lospoliticosveracruz.com.mx\/wp-content\/uploads\/2021\/10\/WhatsApp-Image-2021-10-02-at-15.20.25-724x1024.jpeg\" \/>\n<meta name=\"author\" content=\"Lo viste en Los Pol\u00edticos\" \/>\n<meta name=\"twitter:card\" content=\"summary_large_image\" \/>\n<meta name=\"twitter:creator\" content=\"@LosPoliticosVer\" \/>\n<meta name=\"twitter:site\" content=\"@LosPoliticosVer\" \/>\n<meta name=\"twitter:label1\" content=\"Escrito por\" \/>\n\t<meta name=\"twitter:data1\" content=\"Lo viste en Los Pol\u00edticos\" \/>\n\t<meta name=\"twitter:label2\" content=\"Tiempo de lectura\" \/>\n\t<meta name=\"twitter:data2\" content=\"6 minutos\" \/>\n<script type=\"application\/ld+json\" class=\"yoast-schema-graph\">{\"@context\":\"https:\\\/\\\/schema.org\",\"@graph\":[{\"@type\":\"Article\",\"@id\":\"https:\\\/\\\/lospoliticosveracruz.com\\\/?p=80689#article\",\"isPartOf\":{\"@id\":\"https:\\\/\\\/lospoliticosveracruz.com\\\/?p=80689\"},\"author\":{\"name\":\"Lo viste en Los Pol\u00edticos\",\"@id\":\"https:\\\/\\\/lospoliticosveracruz.com\\\/#\\\/schema\\\/person\\\/b8702bb0e538456e6efd07080bf2a4a2\"},\"headline\":\"\u00a1L\u00f3pez O. va a hablar de combate a la corrupci\u00f3n en la ONU!\",\"datePublished\":\"2021-10-15T12:58:18+00:00\",\"dateModified\":\"2021-10-15T12:58:23+00:00\",\"mainEntityOfPage\":{\"@id\":\"https:\\\/\\\/lospoliticosveracruz.com\\\/?p=80689\"},\"wordCount\":1265,\"publisher\":{\"@id\":\"https:\\\/\\\/lospoliticosveracruz.com\\\/#organization\"},\"image\":{\"@id\":\"https:\\\/\\\/lospoliticosveracruz.com\\\/?p=80689#primaryimage\"},\"thumbnailUrl\":\"https:\\\/\\\/lospoliticosveracruz.com.mx\\\/wp-content\\\/uploads\\\/2021\\\/10\\\/WhatsApp-Image-2021-10-02-at-15.20.25-724x1024.jpeg\",\"keywords\":[\"Andr\u00e9s Manuel L\u00f3pez Obrador\",\"Emilio Lozoya\",\"Felipe de Jes\u00fas Fern\u00e1ndez Basilio\",\"Odebrecht\",\"ONU\",\"Veracruz\"],\"articleSection\":[\"De Opini\u00f3n\"],\"inLanguage\":\"es\"},{\"@type\":\"WebPage\",\"@id\":\"https:\\\/\\\/lospoliticosveracruz.com\\\/?p=80689\",\"url\":\"https:\\\/\\\/lospoliticosveracruz.com\\\/?p=80689\",\"name\":\"\u00a1L\u00f3pez O. va a hablar de combate a la corrupci\u00f3n en la ONU! - Los pol\u00edticos Veracruz\",\"isPartOf\":{\"@id\":\"https:\\\/\\\/lospoliticosveracruz.com\\\/#website\"},\"primaryImageOfPage\":{\"@id\":\"https:\\\/\\\/lospoliticosveracruz.com\\\/?p=80689#primaryimage\"},\"image\":{\"@id\":\"https:\\\/\\\/lospoliticosveracruz.com\\\/?p=80689#primaryimage\"},\"thumbnailUrl\":\"https:\\\/\\\/lospoliticosveracruz.com.mx\\\/wp-content\\\/uploads\\\/2021\\\/10\\\/WhatsApp-Image-2021-10-02-at-15.20.25-724x1024.jpeg\",\"datePublished\":\"2021-10-15T12:58:18+00:00\",\"dateModified\":\"2021-10-15T12:58:23+00:00\",\"breadcrumb\":{\"@id\":\"https:\\\/\\\/lospoliticosveracruz.com\\\/?p=80689#breadcrumb\"},\"inLanguage\":\"es\",\"potentialAction\":[{\"@type\":\"ReadAction\",\"target\":[\"https:\\\/\\\/lospoliticosveracruz.com\\\/?p=80689\"]}]},{\"@type\":\"ImageObject\",\"inLanguage\":\"es\",\"@id\":\"https:\\\/\\\/lospoliticosveracruz.com\\\/?p=80689#primaryimage\",\"url\":\"https:\\\/\\\/lospoliticosveracruz.com.mx\\\/wp-content\\\/uploads\\\/2021\\\/10\\\/WhatsApp-Image-2021-10-02-at-15.20.25-724x1024.jpeg\",\"contentUrl\":\"https:\\\/\\\/lospoliticosveracruz.com.mx\\\/wp-content\\\/uploads\\\/2021\\\/10\\\/WhatsApp-Image-2021-10-02-at-15.20.25-724x1024.jpeg\"},{\"@type\":\"BreadcrumbList\",\"@id\":\"https:\\\/\\\/lospoliticosveracruz.com\\\/?p=80689#breadcrumb\",\"itemListElement\":[{\"@type\":\"ListItem\",\"position\":1,\"name\":\"Portada\",\"item\":\"https:\\\/\\\/lospoliticosveracruz.com\\\/\"},{\"@type\":\"ListItem\",\"position\":2,\"name\":\"\u00a1L\u00f3pez O. va a hablar de combate a la corrupci\u00f3n en la ONU!\"}]},{\"@type\":\"WebSite\",\"@id\":\"https:\\\/\\\/lospoliticosveracruz.com\\\/#website\",\"url\":\"https:\\\/\\\/lospoliticosveracruz.com\\\/\",\"name\":\"Los pol\u00edticos Veracruz\",\"description\":\"\",\"publisher\":{\"@id\":\"https:\\\/\\\/lospoliticosveracruz.com\\\/#organization\"},\"potentialAction\":[{\"@type\":\"SearchAction\",\"target\":{\"@type\":\"EntryPoint\",\"urlTemplate\":\"https:\\\/\\\/lospoliticosveracruz.com\\\/?s={search_term_string}\"},\"query-input\":{\"@type\":\"PropertyValueSpecification\",\"valueRequired\":true,\"valueName\":\"search_term_string\"}}],\"inLanguage\":\"es\"},{\"@type\":\"Organization\",\"@id\":\"https:\\\/\\\/lospoliticosveracruz.com\\\/#organization\",\"name\":\"Los pol\u00edticos Veracruz\",\"url\":\"https:\\\/\\\/lospoliticosveracruz.com\\\/\",\"logo\":{\"@type\":\"ImageObject\",\"inLanguage\":\"es\",\"@id\":\"https:\\\/\\\/lospoliticosveracruz.com\\\/#\\\/schema\\\/logo\\\/image\\\/\",\"url\":\"https:\\\/\\\/lospoliticosveracruz.com\\\/wp-content\\\/uploads\\\/2025\\\/12\\\/Logo-Nuevo-LOS-POLITICOS-1.jpg\",\"contentUrl\":\"https:\\\/\\\/lospoliticosveracruz.com\\\/wp-content\\\/uploads\\\/2025\\\/12\\\/Logo-Nuevo-LOS-POLITICOS-1.jpg\",\"width\":260,\"height\":70,\"caption\":\"Los pol\u00edticos Veracruz\"},\"image\":{\"@id\":\"https:\\\/\\\/lospoliticosveracruz.com\\\/#\\\/schema\\\/logo\\\/image\\\/\"},\"sameAs\":[\"https:\\\/\\\/www.facebook.com\\\/people\\\/Notimemes-de-los-Polticos\\\/61565672886568\\\/\",\"https:\\\/\\\/x.com\\\/LosPoliticosVer\"]},{\"@type\":\"Person\",\"@id\":\"https:\\\/\\\/lospoliticosveracruz.com\\\/#\\\/schema\\\/person\\\/b8702bb0e538456e6efd07080bf2a4a2\",\"name\":\"Lo viste en Los Pol\u00edticos\",\"image\":{\"@type\":\"ImageObject\",\"inLanguage\":\"es\",\"@id\":\"https:\\\/\\\/secure.gravatar.com\\\/avatar\\\/3a8de04a2656d44082be478bd6c086daa447c4651605818287b9532d3d0bd435?s=96&d=mm&r=g\",\"url\":\"https:\\\/\\\/secure.gravatar.com\\\/avatar\\\/3a8de04a2656d44082be478bd6c086daa447c4651605818287b9532d3d0bd435?s=96&d=mm&r=g\",\"contentUrl\":\"https:\\\/\\\/secure.gravatar.com\\\/avatar\\\/3a8de04a2656d44082be478bd6c086daa447c4651605818287b9532d3d0bd435?s=96&d=mm&r=g\",\"caption\":\"Lo viste en Los Pol\u00edticos\"},\"url\":\"https:\\\/\\\/lospoliticosveracruz.com\\\/?author=2\"}]}<\/script>\n<!-- \/ Yoast SEO plugin. -->","yoast_head_json":{"title":"\u00a1L\u00f3pez O. va a hablar de combate a la corrupci\u00f3n en la ONU! - Los pol\u00edticos Veracruz","robots":{"index":"index","follow":"follow","max-snippet":"max-snippet:-1","max-image-preview":"max-image-preview:large","max-video-preview":"max-video-preview:-1"},"canonical":"https:\/\/lospoliticosveracruz.com\/?p=80689","og_locale":"es_ES","og_type":"article","og_title":"\u00a1L\u00f3pez O. va a hablar de combate a la corrupci\u00f3n en la ONU! - Los pol\u00edticos Veracruz","og_description":"Felipe de Jes\u00fas Fern\u00e1ndez BasilioDesde A Janela Un accidente que puede llegar a ocurrir cuando se maneja una manguera para regar el c\u00e9sped consiste en que debido a la presi\u00f3n del agua la manguera explote y en lugar del pasto ba\u00f1e al operador, el asunto parece c\u00f3mico, pero puede ocurrir y m\u00e1s a\u00fan si no [&hellip;]","og_url":"https:\/\/lospoliticosveracruz.com\/?p=80689","og_site_name":"Los pol\u00edticos Veracruz","article_publisher":"https:\/\/www.facebook.com\/people\/Notimemes-de-los-Polticos\/61565672886568\/","article_published_time":"2021-10-15T12:58:18+00:00","article_modified_time":"2021-10-15T12:58:23+00:00","og_image":[{"url":"https:\/\/lospoliticosveracruz.com.mx\/wp-content\/uploads\/2021\/10\/WhatsApp-Image-2021-10-02-at-15.20.25-724x1024.jpeg","type":"","width":"","height":""}],"author":"Lo viste en Los Pol\u00edticos","twitter_card":"summary_large_image","twitter_creator":"@LosPoliticosVer","twitter_site":"@LosPoliticosVer","twitter_misc":{"Escrito por":"Lo viste en Los Pol\u00edticos","Tiempo de lectura":"6 minutos"},"schema":{"@context":"https:\/\/schema.org","@graph":[{"@type":"Article","@id":"https:\/\/lospoliticosveracruz.com\/?p=80689#article","isPartOf":{"@id":"https:\/\/lospoliticosveracruz.com\/?p=80689"},"author":{"name":"Lo viste en Los Pol\u00edticos","@id":"https:\/\/lospoliticosveracruz.com\/#\/schema\/person\/b8702bb0e538456e6efd07080bf2a4a2"},"headline":"\u00a1L\u00f3pez O. va a hablar de combate a la corrupci\u00f3n en la ONU!","datePublished":"2021-10-15T12:58:18+00:00","dateModified":"2021-10-15T12:58:23+00:00","mainEntityOfPage":{"@id":"https:\/\/lospoliticosveracruz.com\/?p=80689"},"wordCount":1265,"publisher":{"@id":"https:\/\/lospoliticosveracruz.com\/#organization"},"image":{"@id":"https:\/\/lospoliticosveracruz.com\/?p=80689#primaryimage"},"thumbnailUrl":"https:\/\/lospoliticosveracruz.com.mx\/wp-content\/uploads\/2021\/10\/WhatsApp-Image-2021-10-02-at-15.20.25-724x1024.jpeg","keywords":["Andr\u00e9s Manuel L\u00f3pez Obrador","Emilio Lozoya","Felipe de Jes\u00fas Fern\u00e1ndez Basilio","Odebrecht","ONU","Veracruz"],"articleSection":["De Opini\u00f3n"],"inLanguage":"es"},{"@type":"WebPage","@id":"https:\/\/lospoliticosveracruz.com\/?p=80689","url":"https:\/\/lospoliticosveracruz.com\/?p=80689","name":"\u00a1L\u00f3pez O. va a hablar de combate a la corrupci\u00f3n en la ONU! - Los pol\u00edticos Veracruz","isPartOf":{"@id":"https:\/\/lospoliticosveracruz.com\/#website"},"primaryImageOfPage":{"@id":"https:\/\/lospoliticosveracruz.com\/?p=80689#primaryimage"},"image":{"@id":"https:\/\/lospoliticosveracruz.com\/?p=80689#primaryimage"},"thumbnailUrl":"https:\/\/lospoliticosveracruz.com.mx\/wp-content\/uploads\/2021\/10\/WhatsApp-Image-2021-10-02-at-15.20.25-724x1024.jpeg","datePublished":"2021-10-15T12:58:18+00:00","dateModified":"2021-10-15T12:58:23+00:00","breadcrumb":{"@id":"https:\/\/lospoliticosveracruz.com\/?p=80689#breadcrumb"},"inLanguage":"es","potentialAction":[{"@type":"ReadAction","target":["https:\/\/lospoliticosveracruz.com\/?p=80689"]}]},{"@type":"ImageObject","inLanguage":"es","@id":"https:\/\/lospoliticosveracruz.com\/?p=80689#primaryimage","url":"https:\/\/lospoliticosveracruz.com.mx\/wp-content\/uploads\/2021\/10\/WhatsApp-Image-2021-10-02-at-15.20.25-724x1024.jpeg","contentUrl":"https:\/\/lospoliticosveracruz.com.mx\/wp-content\/uploads\/2021\/10\/WhatsApp-Image-2021-10-02-at-15.20.25-724x1024.jpeg"},{"@type":"BreadcrumbList","@id":"https:\/\/lospoliticosveracruz.com\/?p=80689#breadcrumb","itemListElement":[{"@type":"ListItem","position":1,"name":"Portada","item":"https:\/\/lospoliticosveracruz.com\/"},{"@type":"ListItem","position":2,"name":"\u00a1L\u00f3pez O. va a hablar de combate a la corrupci\u00f3n en la ONU!"}]},{"@type":"WebSite","@id":"https:\/\/lospoliticosveracruz.com\/#website","url":"https:\/\/lospoliticosveracruz.com\/","name":"Los pol\u00edticos Veracruz","description":"","publisher":{"@id":"https:\/\/lospoliticosveracruz.com\/#organization"},"potentialAction":[{"@type":"SearchAction","target":{"@type":"EntryPoint","urlTemplate":"https:\/\/lospoliticosveracruz.com\/?s={search_term_string}"},"query-input":{"@type":"PropertyValueSpecification","valueRequired":true,"valueName":"search_term_string"}}],"inLanguage":"es"},{"@type":"Organization","@id":"https:\/\/lospoliticosveracruz.com\/#organization","name":"Los pol\u00edticos Veracruz","url":"https:\/\/lospoliticosveracruz.com\/","logo":{"@type":"ImageObject","inLanguage":"es","@id":"https:\/\/lospoliticosveracruz.com\/#\/schema\/logo\/image\/","url":"https:\/\/lospoliticosveracruz.com\/wp-content\/uploads\/2025\/12\/Logo-Nuevo-LOS-POLITICOS-1.jpg","contentUrl":"https:\/\/lospoliticosveracruz.com\/wp-content\/uploads\/2025\/12\/Logo-Nuevo-LOS-POLITICOS-1.jpg","width":260,"height":70,"caption":"Los pol\u00edticos Veracruz"},"image":{"@id":"https:\/\/lospoliticosveracruz.com\/#\/schema\/logo\/image\/"},"sameAs":["https:\/\/www.facebook.com\/people\/Notimemes-de-los-Polticos\/61565672886568\/","https:\/\/x.com\/LosPoliticosVer"]},{"@type":"Person","@id":"https:\/\/lospoliticosveracruz.com\/#\/schema\/person\/b8702bb0e538456e6efd07080bf2a4a2","name":"Lo viste en Los Pol\u00edticos","image":{"@type":"ImageObject","inLanguage":"es","@id":"https:\/\/secure.gravatar.com\/avatar\/3a8de04a2656d44082be478bd6c086daa447c4651605818287b9532d3d0bd435?s=96&d=mm&r=g","url":"https:\/\/secure.gravatar.com\/avatar\/3a8de04a2656d44082be478bd6c086daa447c4651605818287b9532d3d0bd435?s=96&d=mm&r=g","contentUrl":"https:\/\/secure.gravatar.com\/avatar\/3a8de04a2656d44082be478bd6c086daa447c4651605818287b9532d3d0bd435?s=96&d=mm&r=g","caption":"Lo viste en Los Pol\u00edticos"},"url":"https:\/\/lospoliticosveracruz.com\/?author=2"}]}},"_links":{"self":[{"href":"https:\/\/lospoliticosveracruz.com\/index.php?rest_route=\/wp\/v2\/posts\/80689","targetHints":{"allow":["GET"]}}],"collection":[{"href":"https:\/\/lospoliticosveracruz.com\/index.php?rest_route=\/wp\/v2\/posts"}],"about":[{"href":"https:\/\/lospoliticosveracruz.com\/index.php?rest_route=\/wp\/v2\/types\/post"}],"author":[{"embeddable":true,"href":"https:\/\/lospoliticosveracruz.com\/index.php?rest_route=\/wp\/v2\/users\/2"}],"replies":[{"embeddable":true,"href":"https:\/\/lospoliticosveracruz.com\/index.php?rest_route=%2Fwp%2Fv2%2Fcomments&post=80689"}],"version-history":[{"count":1,"href":"https:\/\/lospoliticosveracruz.com\/index.php?rest_route=\/wp\/v2\/posts\/80689\/revisions"}],"predecessor-version":[{"id":80691,"href":"https:\/\/lospoliticosveracruz.com\/index.php?rest_route=\/wp\/v2\/posts\/80689\/revisions\/80691"}],"wp:attachment":[{"href":"https:\/\/lospoliticosveracruz.com\/index.php?rest_route=%2Fwp%2Fv2%2Fmedia&parent=80689"}],"wp:term":[{"taxonomy":"category","embeddable":true,"href":"https:\/\/lospoliticosveracruz.com\/index.php?rest_route=%2Fwp%2Fv2%2Fcategories&post=80689"},{"taxonomy":"post_tag","embeddable":true,"href":"https:\/\/lospoliticosveracruz.com\/index.php?rest_route=%2Fwp%2Fv2%2Ftags&post=80689"}],"curies":[{"name":"wp","href":"https:\/\/api.w.org\/{rel}","templated":true}]}}