{"id":80703,"date":"2021-10-15T08:57:48","date_gmt":"2021-10-15T13:57:48","guid":{"rendered":"https:\/\/lospoliticosveracruz.com.mx\/?p=80703"},"modified":"2021-10-15T08:57:55","modified_gmt":"2021-10-15T13:57:55","slug":"nahle-la-estrella","status":"publish","type":"post","link":"https:\/\/lospoliticosveracruz.com\/?p=80703","title":{"rendered":"Nahle, la estrella"},"content":{"rendered":"\n<p><\/p>\n\n\n\n<p><strong>Adriana Mu\u00f1oz<\/strong><\/p>\n\n\n\n<p><em>Sin Rencores<\/em><\/p>\n\n\n\n<p><\/p>\n\n\n\n<p>&nbsp;\u00abSer independiente de la opini\u00f3n p\u00fablica es la primera condici\u00f3n formal para lograr algo grande.\u00bb Friedrich Hegel.<\/p>\n\n\n\n<p>HECHO EST\u00c1\u2026<\/p>\n\n\n\n<p>No s\u00f3lo el secretario de Gobierno, Eric Cisneros Burgos, tambi\u00e9n el titular de la SEV, Zenyazen Escobar Garc\u00eda, que decir del organizador del evento, Enrique Nach\u00f3n Garc\u00eda, Guadalupe Osorno de Protecci\u00f3n Civil, Roberto Ramos Alor, de Salud, en fin.<\/p>\n\n\n\n<p>Todo los secretarios y diputados locales desde el primer d\u00eda de la Expo Energ\u00eda 2021 y principalmente ayer, cerraron filas con la titular de SENER, Roc\u00edo Nahle quien habr\u00eda de abrir el foro, no obstante, dos \u00abma\u00f1aneras\u00bb seguidas terminaron por alterar su agenda y cambiar su visita a Veracruz para el jueves.<\/p>\n\n\n\n<div class=\"wp-block-image\"><figure class=\"alignleft size-full is-resized\"><a href=\"https:\/\/lospoliticosveracruz.com.mx\/wp-content\/uploads\/2021\/10\/Zacauilt.jpg\"><img loading=\"lazy\" decoding=\"async\" src=\"https:\/\/lospoliticosveracruz.com.mx\/wp-content\/uploads\/2021\/10\/Zacauilt.jpg\" alt=\"\" class=\"wp-image-80558\" width=\"250\" height=\"500\"\/><\/a><\/figure><\/div>\n\n\n\n<p>El momento, el escenario fue clave.<\/p>\n\n\n\n<p>Dos discursos del gobernador Cuitlahuac Garc\u00eda Jim\u00e9nez determinantes.<\/p>\n\n\n\n<p>El mensaje fue dado.<\/p>\n\n\n\n<p>El primer d\u00eda, definiendo a Nahle como \u00abla estrella\u00bb de este escenario e invitando a todos a ir a verla, ayer, atajando a los advenedizos y concretando que \u00e9l ya como gobernador en turno, ella como la pr\u00f3xima candidata a sucederlo, son \u00abla transformaci\u00f3n de Veracruz y del pa\u00eds\u00bb<\/p>\n\n\n\n<p>M\u00e1s claro ni el agua.<\/p>\n\n\n\n<p>Donde pisa Nahle no van quienes a\u00fan creen que podr\u00e1n descabezar a la favorita entre las preferidas. No en Veracruz. Es tiempo de las mujeres.<\/p>\n\n\n\n<p>Empresarios de abolengo de Veracruz, nunca antes vistos en eventos de la 4T, la Expo, organizada en gran medida por Gerardo C\u00e1rdenas, vocero de Tenaris- Tamsa y quien goza de gran prestigio en la industria y la empresa, conjunt\u00f3 a la iniciativa privada m\u00e1s rancia de Veracruz a favor de la titular de SENER por instrucciones del titular de Sedecop, Nach\u00f3n Garc\u00eda, dependencia encargada del evento.<\/p>\n\n\n\n<p>La iniciativa privada que ya se dio cuenta que 2024 Veracruz se volver\u00e1 a pintar de guinda y por primera vez una mujer llegar\u00e1 a la gobernatura.<\/p>\n\n\n\n<p>Les guste o no les guste.<\/p>\n\n\n\n<p>&#8212;\/\/\/&#8211;<\/p>\n\n\n\n<p>EN EL LENGUAJE COTIDIANO\u2026<\/p>\n\n\n\n<p>El t\u00e9rmino DELIRIO EXTRAVAGANTE describe una creencia que es falsa, extravagante o derivada de un enga\u00f1o, mientras que en psiquiatr\u00eda, implica que la creencia es patol\u00f3gica, es decir, el resultado de una enfermedad o proceso de una enfermedad.<\/p>\n\n\n\n<p>Muchas chaquetas mentales han surgido por el ruido que en su momento pretendi\u00f3 hacer el diputado federal neomorenista, Sergio Guti\u00e9rrez Luna, quien en su estrategia medi\u00e1tica pag\u00f3 sendos convenios a periodistas y propietarios de medios de comunicaci\u00f3 que hoy gozan de la n\u00f3mina y partida que espec\u00edficamente para la prensa tiene la Mesa Directiva de la C\u00e1mara de Diputados\u2026UN A\u00d1O.<\/p>\n\n\n\n<p>El grueso principal del medio period\u00edstico beneficiado logicamente es el del sur, zona centro y norte solo han merecido \u00abpizcachas\u00bb y practicamente, como se ha escuchado en las mesas donde se sienta con su \u00abburbuja\u00bb, el tema medi\u00e1tico no ha sido problema para \u00e9l porque en concreto los \u00abagarr\u00f3 por el hambre\u00bb\u2026UN A\u00d1O.<\/p>\n\n\n\n<p>Eso por un lado.<\/p>\n\n\n\n<p>Por el otro, derivado de lo primero, el \u00abmontielista\u00bb Guti\u00e9rrez Luna, apost\u00f3 a que su \u00abmin\u00fascula\u00bb inversi\u00f3n, miserable comparada con otros tiempos, tuviera lo que hoy tiene, una r\u00e9plica natural y se fuera en espiral pues aunque los comentarios fuesen negativos, estos lo mantendr\u00edan en el hilo medi\u00e1tico si pero solo \u00a1UN A\u00d1O!<\/p>\n\n\n\n<p>Guti\u00e9rrez Luna, quien seg\u00fan sus cercanos revelan, se ostenta como operador de Horacio Duarte, l\u00edder pol\u00edtico del grupo Texcoco, todo refugiados del PRI y PAN, neoliberalistas que encontraron una rendija en Morena y consideran que deben ir por el pastel completo pues en sus propias palabras y las de sus aliados los empresarios \u00abno se le puede permitir a Morena quedarse nuevamente con todo en 2024\u00bb, por ello, esta loca carrera que solo durar\u00e1 en t\u00e9rminos num\u00e9ricos y en este escenario UN A\u00d1O.<\/p>\n\n\n\n<p>&#8212;&#8212;<\/p>\n\n\n\n<p>EVIDENTEMENTE\u2026<\/p>\n\n\n\n<p>Si se ve de manera fr\u00eda y no con la a\u00f1oranza de volver a los tiempos del pasado, si el dirigente nacional de Morena, Mario Delgado realmente pretend\u00eda posicionar a su alfil Guti\u00e9rrez Luna de cara al 2024, habr\u00eda utilizado una estrategia mucho m\u00e1s inteligente en el sentido estrictamente presupuestal, es decir, de 2021 a 2022, podr\u00e1 contar con todo el recurso que desee debido a la presidencia de la Mesa Directiva de la C\u00e1mara de Diputados que ostenta, pero \u00bfde d\u00f3nde sacar\u00e1 para sostener todo ese aparato que est\u00e1 \u00abcontratando\u00bb y \u00absubcontratando\u00bb de septiembre de 2022 al 2024? \u00bfDe la Administraci\u00f3n General de Aduana?<\/p>\n\n\n\n<p>\u00bfQu\u00e9 les va a decir a los empresarios y c\u00e1maras con las que se est\u00e1 reuniendo?<\/p>\n\n\n\n<p>No, la pol\u00edtica pasteleral, esa que inlfa y creaba cuadros tipo \u00abroyal\u00bb qued\u00f3 en la prehistoria.<\/p>\n\n\n\n<p>Es evidente que Mario Delgado est\u00e1 utilizando y encarrillando a Sergio Guti\u00e9rrez para sus propios proyectos en Veracruz, pero sabe que ni es caballo negro, ni ser\u00e1 considerado en 2024 ni est\u00e1 entre los favoritos de la militancia y mucho menos de los liderazgos para ser postulado a la gobernatura.<\/p>\n\n\n\n<p>Una cosa es \u00abno son los tiempos\u00bb y otra \u00abno son sus tiempos\u00bb, lo segundo le va bien al exdiputado federal por el Estado de M\u00e9xico.<\/p>\n\n\n\n<p>El PRI y el PAN afincado en Morena, transitando en Morena no ha entendido, no ha aprendido, no ha aceptado que esto es Morena y antes que verse amenazados los cuadros puros naturalmente candidateables a la gobernatura de Veracruz, lo \u00fanico que han hecho con esta estrategia \u00abagarra pendejos\u00bb, no es m\u00e1s que sentarse y aliar a sus grupos morenistas, los de cepa y unirlos, si, unir lo que si el conservadurismo hubiera sido inteligente, habr\u00eda permanecido naturalmente desunido.<\/p>\n\n\n\n<p>Los advenedizos del sistema no aceptan o no terminan de entender que la pol\u00edtica \u00abde royal\u00bb ya se qued\u00f3 en el pasado, no es a boletinazos como se infla una persona, no en los tiempos de la 4T donde nadie ve mal que otros aspirantes a un mismo cargo de elecci\u00f3n popular camine pues todo suma a las siglas y al final, a quien quede, c-a-m-i-n-a-r es la clave en Morena.<\/p>\n\n\n\n<p>A ver si me explico: los reporteros no definen una elecci\u00f3n ni la hacen ganar, perder si pero tendr\u00edan que hacer lo que 99 por ciento hace mucho ya no hace: investigar y de ah\u00ed transminar y tambalear al sistema, no es imposible pero en estos tiempos de escasez solo un suicida se pelear\u00eda con su quincena.<\/p>\n\n\n\n<p>Los empresarios contrarios, enojados con la 4T no definen una elecci\u00f3n, pagan pero su dinero como se vio en 2017, 2018 y 2021, se pulveriza en los salones, en el clima, en el club de golf y en las reuniones donde acuerdan pero no act\u00faan, eso no funciona ya donde la principal imagen de la Cuarta Transformaci\u00f3n sale todos los d\u00edas a primera hora a desmentir ataques y a respaldar a sus cuadros.<\/p>\n\n\n\n<p>&#8212;-<\/p>\n\n\n\n<p>AH\u00cd EST\u00c1 ROC\u00cdO NAHLE\u2026<\/p>\n\n\n\n<p>Nadie mejor respaldada por el Ciudadano Presidente.<\/p>\n\n\n\n<p>1.- La reforma energ\u00e9tica. Tirada por el conservadurismo. Amlo es claro: \u00abes tiempo de las mujeres\u00bb<\/p>\n\n\n\n<p>2.- Pemex. No pas\u00f3 nada cuando quisieron endilgarle, por ejemplo, la reducci\u00f3n de sueldos y prestaciones a los trabajadores en la pasada revisi\u00f3n contractual. Todo lo que han orquestado en su contra ha quedado pulverizado. Es tiempo de las mujeres.<\/p>\n\n\n\n<p>3.- CFE y sus cambios. Las tarifas altas, la reestructuraci\u00f3n de zonas, nada la toca, no es su grilla. Es tiempo de las mujeres.<\/p>\n\n\n\n<p>4.- El precio del gas, Gas Bienestar y los gaseros inconformes. La grilla de los hidrocarburos, los plantones y amenazas de huelga. Es tiempo de las mujeres.<\/p>\n\n\n\n<p>5.- La guerra contra el huachicol, incolume, incluso ante los intereses del pasado infiltrado en la Cuarta Transformaci\u00f3n que amenaza a los \u00abmorenos puros\u00bb. Sale ilesa. Es tiempo de las mujeres.<\/p>\n\n\n\n<p>6.- Dos bocas, defiende AMLO, defiende ICA, se pronuncia Nahle. El tema es sindical y se inaugura en 2022. Se llamar\u00e1 Olmeca. Problema atajado. Es tiempo de las mujeres.<\/p>\n\n\n\n<p>Ning\u00fan otro cuadro femenino de Veracruz soportada mejor por el mandatario nacional.<\/p>\n\n\n\n<p>Quien pretenda negociar por ejemplo, posiciones, sumar voluntades, juntar pues a los ignorados y dolidos de la 4T en un bando aliado al pasado y financiado por el pasado, no solo se equivoca, sue\u00f1a y divaga.<\/p>\n\n\n\n<p>Nadie que tenga cuatro dedos de cerebro, y sabiendo de pol\u00edtica puede dudar que si, los tiempos, que no la sucesi\u00f3n est\u00e1n adelantadas, pero quien o quienes pretenden hacerlo no son precisamente los futuros candidatos en 2024.<\/p>\n\n\n\n<p>Ni a la gobernatura, ni al senado de la Rep\u00fablica ni a la C\u00e1mara de Diputados, ni al Congreso Local o lo que se juegue en esas fechas.<\/p>\n\n\n\n<p>Entiendan, nada est\u00e1 escrito en pol\u00edtica pero as\u00ed como ser\u00e1n otros los tiempos, tambi\u00e9n ser\u00e1n otros los cuadros y sobre todo\u2026quienes los palomeen para la encuesta off course.<\/p>\n\n\n\n<p>\u00a1Es Morena!<\/p>\n\n\n\n<p>&nbsp;&#8212;\/\/\/&#8211;<\/p>\n\n\n\n<p>REFORMA EL\u00c9CTRICA\u2026<\/p>\n\n\n\n<p>Tanto brinco de la oposici\u00f3n y el piso est\u00e1 parejo.<\/p>\n\n\n\n<p>Es cuando duele que el pueblo no est\u00e9 letrado y que este lastre sea una herencia del pasado.<\/p>\n\n\n\n<p>\u00bfQu\u00e9 si la aprueban?<\/p>\n\n\n\n<p>Ninguna ley es retroactiva.<\/p>\n\n\n\n<p>En fin.<\/p>\n\n\n\n<p>Tambi\u00e9n habr\u00e1 reforma el\u00e9ctrica. Simple.<\/p>\n\n\n\n<p>&nbsp;&#8212;\/\/\/&#8212;<\/p>\n\n\n\n<p>&nbsp;LA PANISTA- CALDERONISTA WALLACE\u2026<\/p>\n\n\n\n<p>Los datos que aporta el informe de Alto al Secuestro son imprecisos.<\/p>\n\n\n\n<p>La organizaci\u00f3n Alto al Secuestro asegur\u00f3 en su \u00abReporte Nacional diciembre 2018-septiembre 2021\u00bb, que la Fiscal\u00eda General del Estado dirigida por Ver\u00f3nica Hern\u00e1ndez Giad\u00e1ns no report\u00f3 casos de secuestro ocurridos en el mes de septiembre en Veracruz; sin embargo, los datos carecen de credibilidad y confianza toda vez que no est\u00e1n basados en informaci\u00f3n oficial.<\/p>\n\n\n\n<p>Los datos oficiales de Secretar\u00eda de Seguridad y Protecci\u00f3n Ciudadana del Gobierno de M\u00e9xico reflejan que en el mes de septiembre la Unidad Especializada en Combate al Secuestro de la Fiscal\u00eda veracruzana inici\u00f3 \u00fanicamente tres carpetas de investigaci\u00f3n por la comisi\u00f3n de este delito de alto impacto, asimismo, liber\u00f3 sanas y salvas a cuatro v\u00edctimas y detuvo a 15 secuestradores.<\/p>\n\n\n\n<p>Si bien existen casos en donde v\u00edctimas fueron probablemente sustra\u00eddas de su libertad, no en todos los acontecimientos inciden los factores necesarios en la comisi\u00f3n para establecer que se trat\u00f3 del delito de secuestro, contrario a lo que se\u00f1ala el reporte de la organizaci\u00f3n no gubernamental Alto al Secuestro de la \u00abactivista\u00bb Isabel Miranda de Wallace.<\/p>\n\n\n\n<p>Autoridades federales y organizaciones civiles han reconocido que el trabajo coordinado de las autoridades federales, estatales y municipales ha propiciado el \u00e9xito en el combate a este flagelo en la entidad, un claro ejemplo es que hoy se cumplen 233 d\u00edas sin casos de secuestro en Coatzacoalcos, cifra hist\u00f3rica.<\/p>\n\n\n\n<p>Tambi\u00e9n, la Secretaria de Seguridad y Protecci\u00f3n Ciudadana, Rosa Icela Rodr\u00edguez Vel\u00e1zquez afirm\u00f3 hace unos meses que Veracruz es ejemplo en el abatimiento a este delito, logrando una reducci\u00f3n ejemplar del 89 por ciento en la cifra de v\u00edctimas entre febrero de 2019 a mayo del presente a\u00f1o.<\/p>\n\n\n\n<p>Isabel Miranda de Wallace y su organizaci\u00f3n Alto al Secuestro, cobraron notoriedad pol\u00edtica y econ\u00f3mica desde el a\u00f1o 2005, por fabricar culpables para sostener el falso secuestro y homicidio de su hijo Hugo Alberto Wallace Miranda.<\/p>\n\n\n\n<p>&#8212;\/\/\/&#8212;<\/p>\n\n\n\n<p>\u00bfPROHIBIR DOBLE REMOLQUE?<\/p>\n\n\n\n<p>La vida y Dios tienen decisiones duras a veces pero lo personal no debe ser sustento de propuestas que exigen argumento jur\u00eddico.<\/p>\n\n\n\n<p>No se vale.<\/p>\n\n\n\n<p>La propuesta del PRI- PAN de retirar fulles de circulaci\u00f3n es risible porque no se presentan estad\u00edsticas. Estudios. Cifras.<\/p>\n\n\n\n<p>No. No vale la politiquer\u00eda barata.<\/p>\n\n\n\n<p>El propio titular de SCT, Jorge Arganis le dio nuevamente carpetazo a la iniciativa que no pas\u00f3 de melodrama.<\/p>\n\n\n\n<p>Y critican a la 4T.<\/p>\n\n\n\n<p>&#8212;&#8212;&#8212;&#8211;<\/p>\n\n\n\n<p>MARADONA, \u00bfEL DIOS?<\/p>\n\n\n\n<p>Aunque el tema de g\u00e9nero continua minimizado en muchos aspectos, hay un caso donde todos los abusos se conjuntan y que evidencian lo que un pederasta puede hacer con poder, dinero y relaciones.<\/p>\n\n\n\n<p>Si bien muchas veces una menor o un menor de edad, casos muy comunes ahora que es \u00abnormal\u00bb llamar a los patrocinadores \u00absugar daddy\u00bb o \u00absuggar mommy\u00bb, se prestan a ser utilizados sexualmente a cambio de dinero, por necesidad, gusto o ambicion, de acuerdo a la ley, no por ser consensuado el delito deja de existir y si en el arreglo interviene un adulto tutor, familiar o padres del menor, incurren ya otros delitos como por ejemplo la trata de personas.<\/p>\n\n\n\n<p>A casi un a\u00f1o de la muerte del \u00abPelusa\u00bb, Diego Armando Maradona, el mundo se ha cimbrado ante las declaraciones de Mavys Alv\u00e1rez Rego, quien comenz\u00f3 una relaci\u00f3n con el astro del futbol mundial en los 90, cuando ten\u00eda solo 16 a\u00f1os en su natal Cuba, pa\u00eds donde Maradona era un rey y la ley estaba a sus pies gracias a su gran amigo, el tambi\u00e9n extinto dictador Fidel Castro.<\/p>\n\n\n\n<p>Si bien es un caso en miles que alberga la isla, cuyas ni\u00f1as y mujeres en el af\u00e1n de salir de ese r\u00e9gimen de vida y Estado, seguir normalizando este tipo de hechos solo coadyuva a seguir degradando la de por si fr\u00e1gil moral que nuestra sociedad enarbola en estos momentos.<\/p>\n\n\n\n<p>El tema fue ventilado por la misma joven que asegura, con papeles en mano que sufri\u00f3 abuso, violaci\u00f3n, golpes, secuestro e inducci\u00f3n a la drogadicci\u00f3n por parte del futbolista que a la fecha es considerado un dios por sus fans, principalmente por los argentinos.<\/p>\n\n\n\n<p>El caso no es para menos, involucra a funcionarios p\u00fablicos de ese entonces que firmaron visas e ingresos de la adolescente solo por ser Maradona el \u00abpatrocinador\u00bb y quien la tra\u00eda de acompa\u00f1ante as\u00ed tambi\u00e9n, se\u00f1ala a los colaboradores de primera l\u00ednea del astro quienes presenciaban o incluso filmaban a la pareja en la intimidad registrando otros delitos y abusos con esto.<\/p>\n\n\n\n<p>Sin duda, un ejemplo de todo lo que mueve el mundo del poder y el dinero y las consecuencias de no saber controlar el \u00e9xito, cosa que por supuesto no est\u00e1 peleado con principios y valores, algo que por lo que se ve, carec\u00eda el afamado futbolista, como deportista de los mejores de todos los tiempos, como persona, no sabemos.<\/p>\n\n\n\n<p>Otro dato, aunque este muerto y no se pueda defender, sus colaboradores estar\u00e1n sentados en el banquillo pues figuran en videos y documentos oficiales, lo que es lo mismo, a m\u00e1s de 30 a\u00f1os de los hechos, los presuntos delitos de ser comprobados por la hoy adulta no han prescrito y tendr\u00e1n que responder por sus consecuencias.<\/p>\n\n\n\n<p>&nbsp;&#8211;\/\/\/&#8211;<\/p>\n\n\n\n<p>AYER COMENZ\u00d3 \u2026<\/p>\n\n\n\n<p>El Festival Internacional Afrocaribe\u00f1o.<\/p>\n\n\n\n<p>Hoy se le entregar\u00e1 la medalla \u00abGonzalo Aguirre Beltr\u00e1n\u00bb a la senadora oaxaque\u00f1a,&nbsp; Susana Harp, de las familias m\u00e1s acaudaladas de Oaxaca y M\u00e9xico.<\/p>\n\n\n\n<p>Es, dicen, la pr\u00f3xima candidata de Morena a la gobernatura de \u00abLa bella antequera\u00bb<\/p>\n\n\n\n<p>Lo dicho: es tiempo de mujeres.<\/p>\n\n\n\n<p>Buen d\u00eda.<\/p>\n\n\n\n<p>e-mail: sinrencorespuntocom@gmail.com<\/p>\n","protected":false},"excerpt":{"rendered":"<p>Adriana Mu\u00f1oz Sin Rencores &nbsp;\u00abSer independiente de la opini\u00f3n p\u00fablica es la primera condici\u00f3n formal para lograr algo grande.\u00bb Friedrich Hegel. HECHO EST\u00c1\u2026 No s\u00f3lo el secretario de Gobierno, Eric Cisneros Burgos, tambi\u00e9n el titular de la SEV, Zenyazen Escobar Garc\u00eda, que decir del organizador del evento, Enrique Nach\u00f3n Garc\u00eda, Guadalupe Osorno de Protecci\u00f3n Civil, [&hellip;]<\/p>\n","protected":false},"author":2,"featured_media":0,"comment_status":"closed","ping_status":"closed","sticky":false,"template":"","format":"standard","meta":{"tdm_status":"","tdm_grid_status":"","footnotes":""},"categories":[70],"tags":[17426,23135,1563,15865,12299,30836,15372,12606,3578,20025,18990,16147,88,195,15165,12372],"class_list":{"0":"post-80703","1":"post","2":"type-post","3":"status-publish","4":"format-standard","6":"category-de-opinion","7":"tag-4t","8":"tag-adriana-munoz","9":"tag-cuitlahuac-garcia-jimenez","10":"tag-enrique-nachon-garcia","11":"tag-eric-cisneros-burgos","12":"tag-expo-energia-2021","13":"tag-guadalupe-osorno","14":"tag-roberto-ramos-alor","15":"tag-rocio-nahle","16":"tag-rosa-icela-rodriguez-velazquez","17":"tag-sener","18":"tag-sergio-gutierrez-luna","19":"tag-sev","20":"tag-veracruz","21":"tag-veronica-hernandez-giadans","22":"tag-zenyazen-escobar-garcia"},"yoast_head":"<!-- This site is optimized with the Yoast SEO plugin v27.4 - https:\/\/yoast.com\/product\/yoast-seo-wordpress\/ -->\n<title>Nahle, la estrella - Los pol\u00edticos Veracruz<\/title>\n<meta name=\"robots\" content=\"index, follow, max-snippet:-1, max-image-preview:large, max-video-preview:-1\" \/>\n<link rel=\"canonical\" href=\"https:\/\/lospoliticosveracruz.com\/?p=80703\" \/>\n<meta property=\"og:locale\" content=\"es_ES\" \/>\n<meta property=\"og:type\" content=\"article\" \/>\n<meta property=\"og:title\" content=\"Nahle, la estrella - Los pol\u00edticos Veracruz\" \/>\n<meta property=\"og:description\" content=\"Adriana Mu\u00f1oz Sin Rencores &nbsp;\u00abSer independiente de la opini\u00f3n p\u00fablica es la primera condici\u00f3n formal para lograr algo grande.\u00bb Friedrich Hegel. HECHO EST\u00c1\u2026 No s\u00f3lo el secretario de Gobierno, Eric Cisneros Burgos, tambi\u00e9n el titular de la SEV, Zenyazen Escobar Garc\u00eda, que decir del organizador del evento, Enrique Nach\u00f3n Garc\u00eda, Guadalupe Osorno de Protecci\u00f3n Civil, [&hellip;]\" \/>\n<meta property=\"og:url\" content=\"https:\/\/lospoliticosveracruz.com\/?p=80703\" \/>\n<meta property=\"og:site_name\" content=\"Los pol\u00edticos Veracruz\" \/>\n<meta property=\"article:publisher\" content=\"https:\/\/www.facebook.com\/people\/Notimemes-de-los-Polticos\/61565672886568\/\" \/>\n<meta property=\"article:published_time\" content=\"2021-10-15T13:57:48+00:00\" \/>\n<meta property=\"article:modified_time\" content=\"2021-10-15T13:57:55+00:00\" \/>\n<meta property=\"og:image\" content=\"https:\/\/lospoliticosveracruz.com.mx\/wp-content\/uploads\/2021\/10\/Zacauilt.jpg\" \/>\n<meta name=\"author\" content=\"Lo viste en Los Pol\u00edticos\" \/>\n<meta name=\"twitter:card\" content=\"summary_large_image\" \/>\n<meta name=\"twitter:creator\" content=\"@LosPoliticosVer\" \/>\n<meta name=\"twitter:site\" content=\"@LosPoliticosVer\" \/>\n<meta name=\"twitter:label1\" content=\"Escrito por\" \/>\n\t<meta name=\"twitter:data1\" content=\"Lo viste en Los Pol\u00edticos\" \/>\n\t<meta name=\"twitter:label2\" content=\"Tiempo de lectura\" \/>\n\t<meta name=\"twitter:data2\" content=\"13 minutos\" \/>\n<script type=\"application\/ld+json\" class=\"yoast-schema-graph\">{\"@context\":\"https:\\\/\\\/schema.org\",\"@graph\":[{\"@type\":\"Article\",\"@id\":\"https:\\\/\\\/lospoliticosveracruz.com\\\/?p=80703#article\",\"isPartOf\":{\"@id\":\"https:\\\/\\\/lospoliticosveracruz.com\\\/?p=80703\"},\"author\":{\"name\":\"Lo viste en Los Pol\u00edticos\",\"@id\":\"https:\\\/\\\/lospoliticosveracruz.com\\\/#\\\/schema\\\/person\\\/b8702bb0e538456e6efd07080bf2a4a2\"},\"headline\":\"Nahle, la estrella\",\"datePublished\":\"2021-10-15T13:57:48+00:00\",\"dateModified\":\"2021-10-15T13:57:55+00:00\",\"mainEntityOfPage\":{\"@id\":\"https:\\\/\\\/lospoliticosveracruz.com\\\/?p=80703\"},\"wordCount\":2549,\"publisher\":{\"@id\":\"https:\\\/\\\/lospoliticosveracruz.com\\\/#organization\"},\"image\":{\"@id\":\"https:\\\/\\\/lospoliticosveracruz.com\\\/?p=80703#primaryimage\"},\"thumbnailUrl\":\"https:\\\/\\\/lospoliticosveracruz.com.mx\\\/wp-content\\\/uploads\\\/2021\\\/10\\\/Zacauilt.jpg\",\"keywords\":[\"4T\",\"Adriana Mu\u00f1oz\",\"Cuitl\u00e1huac Garc\u00eda Jim\u00e9nez\",\"Enrique Nach\u00f3n Garc\u00eda\",\"Eric Cisneros Burgos\",\"Expo Energ\u00eda 2021\",\"Guadalupe Osorno\",\"Roberto Ramos Alor\",\"Roc\u00edo Nahle\",\"Rosa Icela Rodr\u00edguez Vel\u00e1zquez\",\"Sener\",\"Sergio Guti\u00e9rrez Luna\",\"SEV\",\"Veracruz\",\"Ver\u00f3nica Hern\u00e1ndez Giad\u00e1ns\",\"Zenyazen Escobar Garc\u00eda\"],\"articleSection\":[\"De Opini\u00f3n\"],\"inLanguage\":\"es\"},{\"@type\":\"WebPage\",\"@id\":\"https:\\\/\\\/lospoliticosveracruz.com\\\/?p=80703\",\"url\":\"https:\\\/\\\/lospoliticosveracruz.com\\\/?p=80703\",\"name\":\"Nahle, la estrella - Los pol\u00edticos Veracruz\",\"isPartOf\":{\"@id\":\"https:\\\/\\\/lospoliticosveracruz.com\\\/#website\"},\"primaryImageOfPage\":{\"@id\":\"https:\\\/\\\/lospoliticosveracruz.com\\\/?p=80703#primaryimage\"},\"image\":{\"@id\":\"https:\\\/\\\/lospoliticosveracruz.com\\\/?p=80703#primaryimage\"},\"thumbnailUrl\":\"https:\\\/\\\/lospoliticosveracruz.com.mx\\\/wp-content\\\/uploads\\\/2021\\\/10\\\/Zacauilt.jpg\",\"datePublished\":\"2021-10-15T13:57:48+00:00\",\"dateModified\":\"2021-10-15T13:57:55+00:00\",\"breadcrumb\":{\"@id\":\"https:\\\/\\\/lospoliticosveracruz.com\\\/?p=80703#breadcrumb\"},\"inLanguage\":\"es\",\"potentialAction\":[{\"@type\":\"ReadAction\",\"target\":[\"https:\\\/\\\/lospoliticosveracruz.com\\\/?p=80703\"]}]},{\"@type\":\"ImageObject\",\"inLanguage\":\"es\",\"@id\":\"https:\\\/\\\/lospoliticosveracruz.com\\\/?p=80703#primaryimage\",\"url\":\"https:\\\/\\\/lospoliticosveracruz.com.mx\\\/wp-content\\\/uploads\\\/2021\\\/10\\\/Zacauilt.jpg\",\"contentUrl\":\"https:\\\/\\\/lospoliticosveracruz.com.mx\\\/wp-content\\\/uploads\\\/2021\\\/10\\\/Zacauilt.jpg\"},{\"@type\":\"BreadcrumbList\",\"@id\":\"https:\\\/\\\/lospoliticosveracruz.com\\\/?p=80703#breadcrumb\",\"itemListElement\":[{\"@type\":\"ListItem\",\"position\":1,\"name\":\"Portada\",\"item\":\"https:\\\/\\\/lospoliticosveracruz.com\\\/\"},{\"@type\":\"ListItem\",\"position\":2,\"name\":\"Nahle, la estrella\"}]},{\"@type\":\"WebSite\",\"@id\":\"https:\\\/\\\/lospoliticosveracruz.com\\\/#website\",\"url\":\"https:\\\/\\\/lospoliticosveracruz.com\\\/\",\"name\":\"Los pol\u00edticos Veracruz\",\"description\":\"\",\"publisher\":{\"@id\":\"https:\\\/\\\/lospoliticosveracruz.com\\\/#organization\"},\"potentialAction\":[{\"@type\":\"SearchAction\",\"target\":{\"@type\":\"EntryPoint\",\"urlTemplate\":\"https:\\\/\\\/lospoliticosveracruz.com\\\/?s={search_term_string}\"},\"query-input\":{\"@type\":\"PropertyValueSpecification\",\"valueRequired\":true,\"valueName\":\"search_term_string\"}}],\"inLanguage\":\"es\"},{\"@type\":\"Organization\",\"@id\":\"https:\\\/\\\/lospoliticosveracruz.com\\\/#organization\",\"name\":\"Los pol\u00edticos Veracruz\",\"url\":\"https:\\\/\\\/lospoliticosveracruz.com\\\/\",\"logo\":{\"@type\":\"ImageObject\",\"inLanguage\":\"es\",\"@id\":\"https:\\\/\\\/lospoliticosveracruz.com\\\/#\\\/schema\\\/logo\\\/image\\\/\",\"url\":\"https:\\\/\\\/lospoliticosveracruz.com\\\/wp-content\\\/uploads\\\/2025\\\/12\\\/Logo-Nuevo-LOS-POLITICOS-1.jpg\",\"contentUrl\":\"https:\\\/\\\/lospoliticosveracruz.com\\\/wp-content\\\/uploads\\\/2025\\\/12\\\/Logo-Nuevo-LOS-POLITICOS-1.jpg\",\"width\":260,\"height\":70,\"caption\":\"Los pol\u00edticos Veracruz\"},\"image\":{\"@id\":\"https:\\\/\\\/lospoliticosveracruz.com\\\/#\\\/schema\\\/logo\\\/image\\\/\"},\"sameAs\":[\"https:\\\/\\\/www.facebook.com\\\/people\\\/Notimemes-de-los-Polticos\\\/61565672886568\\\/\",\"https:\\\/\\\/x.com\\\/LosPoliticosVer\"]},{\"@type\":\"Person\",\"@id\":\"https:\\\/\\\/lospoliticosveracruz.com\\\/#\\\/schema\\\/person\\\/b8702bb0e538456e6efd07080bf2a4a2\",\"name\":\"Lo viste en Los Pol\u00edticos\",\"image\":{\"@type\":\"ImageObject\",\"inLanguage\":\"es\",\"@id\":\"https:\\\/\\\/secure.gravatar.com\\\/avatar\\\/3a8de04a2656d44082be478bd6c086daa447c4651605818287b9532d3d0bd435?s=96&d=mm&r=g\",\"url\":\"https:\\\/\\\/secure.gravatar.com\\\/avatar\\\/3a8de04a2656d44082be478bd6c086daa447c4651605818287b9532d3d0bd435?s=96&d=mm&r=g\",\"contentUrl\":\"https:\\\/\\\/secure.gravatar.com\\\/avatar\\\/3a8de04a2656d44082be478bd6c086daa447c4651605818287b9532d3d0bd435?s=96&d=mm&r=g\",\"caption\":\"Lo viste en Los Pol\u00edticos\"},\"url\":\"https:\\\/\\\/lospoliticosveracruz.com\\\/?author=2\"}]}<\/script>\n<!-- \/ Yoast SEO plugin. -->","yoast_head_json":{"title":"Nahle, la estrella - Los pol\u00edticos Veracruz","robots":{"index":"index","follow":"follow","max-snippet":"max-snippet:-1","max-image-preview":"max-image-preview:large","max-video-preview":"max-video-preview:-1"},"canonical":"https:\/\/lospoliticosveracruz.com\/?p=80703","og_locale":"es_ES","og_type":"article","og_title":"Nahle, la estrella - Los pol\u00edticos Veracruz","og_description":"Adriana Mu\u00f1oz Sin Rencores &nbsp;\u00abSer independiente de la opini\u00f3n p\u00fablica es la primera condici\u00f3n formal para lograr algo grande.\u00bb Friedrich Hegel. HECHO EST\u00c1\u2026 No s\u00f3lo el secretario de Gobierno, Eric Cisneros Burgos, tambi\u00e9n el titular de la SEV, Zenyazen Escobar Garc\u00eda, que decir del organizador del evento, Enrique Nach\u00f3n Garc\u00eda, Guadalupe Osorno de Protecci\u00f3n Civil, [&hellip;]","og_url":"https:\/\/lospoliticosveracruz.com\/?p=80703","og_site_name":"Los pol\u00edticos Veracruz","article_publisher":"https:\/\/www.facebook.com\/people\/Notimemes-de-los-Polticos\/61565672886568\/","article_published_time":"2021-10-15T13:57:48+00:00","article_modified_time":"2021-10-15T13:57:55+00:00","og_image":[{"url":"https:\/\/lospoliticosveracruz.com.mx\/wp-content\/uploads\/2021\/10\/Zacauilt.jpg","type":"","width":"","height":""}],"author":"Lo viste en Los Pol\u00edticos","twitter_card":"summary_large_image","twitter_creator":"@LosPoliticosVer","twitter_site":"@LosPoliticosVer","twitter_misc":{"Escrito por":"Lo viste en Los Pol\u00edticos","Tiempo de lectura":"13 minutos"},"schema":{"@context":"https:\/\/schema.org","@graph":[{"@type":"Article","@id":"https:\/\/lospoliticosveracruz.com\/?p=80703#article","isPartOf":{"@id":"https:\/\/lospoliticosveracruz.com\/?p=80703"},"author":{"name":"Lo viste en Los Pol\u00edticos","@id":"https:\/\/lospoliticosveracruz.com\/#\/schema\/person\/b8702bb0e538456e6efd07080bf2a4a2"},"headline":"Nahle, la estrella","datePublished":"2021-10-15T13:57:48+00:00","dateModified":"2021-10-15T13:57:55+00:00","mainEntityOfPage":{"@id":"https:\/\/lospoliticosveracruz.com\/?p=80703"},"wordCount":2549,"publisher":{"@id":"https:\/\/lospoliticosveracruz.com\/#organization"},"image":{"@id":"https:\/\/lospoliticosveracruz.com\/?p=80703#primaryimage"},"thumbnailUrl":"https:\/\/lospoliticosveracruz.com.mx\/wp-content\/uploads\/2021\/10\/Zacauilt.jpg","keywords":["4T","Adriana Mu\u00f1oz","Cuitl\u00e1huac Garc\u00eda Jim\u00e9nez","Enrique Nach\u00f3n Garc\u00eda","Eric Cisneros Burgos","Expo Energ\u00eda 2021","Guadalupe Osorno","Roberto Ramos Alor","Roc\u00edo Nahle","Rosa Icela Rodr\u00edguez Vel\u00e1zquez","Sener","Sergio Guti\u00e9rrez Luna","SEV","Veracruz","Ver\u00f3nica Hern\u00e1ndez Giad\u00e1ns","Zenyazen Escobar Garc\u00eda"],"articleSection":["De Opini\u00f3n"],"inLanguage":"es"},{"@type":"WebPage","@id":"https:\/\/lospoliticosveracruz.com\/?p=80703","url":"https:\/\/lospoliticosveracruz.com\/?p=80703","name":"Nahle, la estrella - Los pol\u00edticos Veracruz","isPartOf":{"@id":"https:\/\/lospoliticosveracruz.com\/#website"},"primaryImageOfPage":{"@id":"https:\/\/lospoliticosveracruz.com\/?p=80703#primaryimage"},"image":{"@id":"https:\/\/lospoliticosveracruz.com\/?p=80703#primaryimage"},"thumbnailUrl":"https:\/\/lospoliticosveracruz.com.mx\/wp-content\/uploads\/2021\/10\/Zacauilt.jpg","datePublished":"2021-10-15T13:57:48+00:00","dateModified":"2021-10-15T13:57:55+00:00","breadcrumb":{"@id":"https:\/\/lospoliticosveracruz.com\/?p=80703#breadcrumb"},"inLanguage":"es","potentialAction":[{"@type":"ReadAction","target":["https:\/\/lospoliticosveracruz.com\/?p=80703"]}]},{"@type":"ImageObject","inLanguage":"es","@id":"https:\/\/lospoliticosveracruz.com\/?p=80703#primaryimage","url":"https:\/\/lospoliticosveracruz.com.mx\/wp-content\/uploads\/2021\/10\/Zacauilt.jpg","contentUrl":"https:\/\/lospoliticosveracruz.com.mx\/wp-content\/uploads\/2021\/10\/Zacauilt.jpg"},{"@type":"BreadcrumbList","@id":"https:\/\/lospoliticosveracruz.com\/?p=80703#breadcrumb","itemListElement":[{"@type":"ListItem","position":1,"name":"Portada","item":"https:\/\/lospoliticosveracruz.com\/"},{"@type":"ListItem","position":2,"name":"Nahle, la estrella"}]},{"@type":"WebSite","@id":"https:\/\/lospoliticosveracruz.com\/#website","url":"https:\/\/lospoliticosveracruz.com\/","name":"Los pol\u00edticos Veracruz","description":"","publisher":{"@id":"https:\/\/lospoliticosveracruz.com\/#organization"},"potentialAction":[{"@type":"SearchAction","target":{"@type":"EntryPoint","urlTemplate":"https:\/\/lospoliticosveracruz.com\/?s={search_term_string}"},"query-input":{"@type":"PropertyValueSpecification","valueRequired":true,"valueName":"search_term_string"}}],"inLanguage":"es"},{"@type":"Organization","@id":"https:\/\/lospoliticosveracruz.com\/#organization","name":"Los pol\u00edticos Veracruz","url":"https:\/\/lospoliticosveracruz.com\/","logo":{"@type":"ImageObject","inLanguage":"es","@id":"https:\/\/lospoliticosveracruz.com\/#\/schema\/logo\/image\/","url":"https:\/\/lospoliticosveracruz.com\/wp-content\/uploads\/2025\/12\/Logo-Nuevo-LOS-POLITICOS-1.jpg","contentUrl":"https:\/\/lospoliticosveracruz.com\/wp-content\/uploads\/2025\/12\/Logo-Nuevo-LOS-POLITICOS-1.jpg","width":260,"height":70,"caption":"Los pol\u00edticos Veracruz"},"image":{"@id":"https:\/\/lospoliticosveracruz.com\/#\/schema\/logo\/image\/"},"sameAs":["https:\/\/www.facebook.com\/people\/Notimemes-de-los-Polticos\/61565672886568\/","https:\/\/x.com\/LosPoliticosVer"]},{"@type":"Person","@id":"https:\/\/lospoliticosveracruz.com\/#\/schema\/person\/b8702bb0e538456e6efd07080bf2a4a2","name":"Lo viste en Los Pol\u00edticos","image":{"@type":"ImageObject","inLanguage":"es","@id":"https:\/\/secure.gravatar.com\/avatar\/3a8de04a2656d44082be478bd6c086daa447c4651605818287b9532d3d0bd435?s=96&d=mm&r=g","url":"https:\/\/secure.gravatar.com\/avatar\/3a8de04a2656d44082be478bd6c086daa447c4651605818287b9532d3d0bd435?s=96&d=mm&r=g","contentUrl":"https:\/\/secure.gravatar.com\/avatar\/3a8de04a2656d44082be478bd6c086daa447c4651605818287b9532d3d0bd435?s=96&d=mm&r=g","caption":"Lo viste en Los Pol\u00edticos"},"url":"https:\/\/lospoliticosveracruz.com\/?author=2"}]}},"_links":{"self":[{"href":"https:\/\/lospoliticosveracruz.com\/index.php?rest_route=\/wp\/v2\/posts\/80703","targetHints":{"allow":["GET"]}}],"collection":[{"href":"https:\/\/lospoliticosveracruz.com\/index.php?rest_route=\/wp\/v2\/posts"}],"about":[{"href":"https:\/\/lospoliticosveracruz.com\/index.php?rest_route=\/wp\/v2\/types\/post"}],"author":[{"embeddable":true,"href":"https:\/\/lospoliticosveracruz.com\/index.php?rest_route=\/wp\/v2\/users\/2"}],"replies":[{"embeddable":true,"href":"https:\/\/lospoliticosveracruz.com\/index.php?rest_route=%2Fwp%2Fv2%2Fcomments&post=80703"}],"version-history":[{"count":1,"href":"https:\/\/lospoliticosveracruz.com\/index.php?rest_route=\/wp\/v2\/posts\/80703\/revisions"}],"predecessor-version":[{"id":80705,"href":"https:\/\/lospoliticosveracruz.com\/index.php?rest_route=\/wp\/v2\/posts\/80703\/revisions\/80705"}],"wp:attachment":[{"href":"https:\/\/lospoliticosveracruz.com\/index.php?rest_route=%2Fwp%2Fv2%2Fmedia&parent=80703"}],"wp:term":[{"taxonomy":"category","embeddable":true,"href":"https:\/\/lospoliticosveracruz.com\/index.php?rest_route=%2Fwp%2Fv2%2Fcategories&post=80703"},{"taxonomy":"post_tag","embeddable":true,"href":"https:\/\/lospoliticosveracruz.com\/index.php?rest_route=%2Fwp%2Fv2%2Ftags&post=80703"}],"curies":[{"name":"wp","href":"https:\/\/api.w.org\/{rel}","templated":true}]}}