{"id":80717,"date":"2021-10-15T13:32:24","date_gmt":"2021-10-15T18:32:24","guid":{"rendered":"https:\/\/lospoliticosveracruz.com.mx\/?p=80717"},"modified":"2021-10-15T13:32:28","modified_gmt":"2021-10-15T18:32:28","slug":"pili-y-lili","status":"publish","type":"post","link":"https:\/\/lospoliticosveracruz.com\/?p=80717","title":{"rendered":"Pili y Lili"},"content":{"rendered":"\n<p><\/p>\n\n\n\n<p><br><strong>Teresa Carbajal<\/strong><br>Debo, no niego; pago, lo justo<\/p>\n\n\n\n<p><br>El art\u00edculo 17 de la Ley General de T\u00edtulos y Operaciones de Cr\u00e9dito precisa que cuando un t\u00edtulo de cr\u00e9dito sea pagado, debe restituirse o devolverse al deudor como muestra fehaciente e inequ\u00edvoca de que el pago ha sido satisfecho, la falta de exigencia de este requisito al finalizar una relaci\u00f3n de cr\u00e9dito, podr\u00eda dar lugar a cualquier tipo de historia cuyo final o desenlace sea el terminar con la amistad, el lazo afectivo, familiar e incluso con el patrimonio.<br>Este es el caso de Pili y Lili dos buenas amigas que acostumbraban pasar sus vacaciones familiares juntas en compa\u00f1\u00eda de sus hijos y esposos, se socorr\u00edan siempre en todo tipo de apuro, y compart\u00edan desde secretos, problemas, confidencias, consejos e incluso en cuestiones de dinero; no hab\u00eda entonces motivo alguno para desconfiar, despu\u00e9s de tantas muestras de solidaridad y amistad sincera.<br>Por azares del destino la tragedia lleg\u00f3 a casa de Lili, pues a muy joven edad perdi\u00f3 a su esposo qued\u00e1ndose a cargo de sus hijos, afortunadamente recibi\u00f3 una peque\u00f1a pensi\u00f3n mensual y un beneficio econ\u00f3mico como indemnizaci\u00f3n del seguro por el fallecimiento de su esposo. Con la pensi\u00f3n le alcanzar\u00eda para medio vivir, pero le ayudar\u00eda mucho no pagar renta, as\u00ed que invirti\u00f3 el dinero recibido en la compra de un terreno, y decidi\u00f3 que poco a poco ir\u00eda ahorrando para construir en \u00e9l una peque\u00f1a casa.<br>Los planes llegaron a o\u00eddos de su excepcional amiga Pili, quien para entonces administraba los dineros de la caja de ahorros de su trabajo quien propuso a Lili un plan: pedir prestado ambas a la caja y dividirse el dinero. As\u00ed Lili podr\u00eda ir poco a poco pagando los costos de la construcci\u00f3n y terminar pronto su vivienda y Pili tendr\u00eda para pagar algunas deudas y pendientes, de esos que nunca faltan.<br>\u00bfY como podr\u00edamos hacerle o qu\u00e9 necesitamos firmar? Pregunt\u00f3 Lili, ya inquieta por la propuesta, pues no le parec\u00eda un mal plan. Muy sencillo -respondi\u00f3 Pili- tu pedir\u00e1s el dinero y ambas firmaremos un pagar\u00e9, t\u00fa como deudora y yo como aval, nos dividiremos el pago de los intereses y del capital hasta cubrir todo y al final ambas saldremos beneficiadas.<br>As\u00ed pidieron no uno, sino cinco pr\u00e9stamos de los que al final Lili ya no pudo completar el pago, pues otra serie de problemas llegaron para entonces a su vida, despu\u00e9s de dialogar con su amiga y pedir que la esperara un poco mas para resolver lo del pago, y a sabiendas que hab\u00eda quedado a deber solo su mitad del \u00faltimo de los pagar\u00e9s aceptados, no pens\u00f3 en ello como un motivo de preocupaci\u00f3n.<br>Hasta que despu\u00e9s de unos meses recibiera en su domicilio la demanda de Pili en donde le reclamaba el pago de los cinco pagar\u00e9s con las cuentas completas y aduciendo que Lili no hab\u00eda pagado cantidad alguna de las ah\u00ed estipuladas, solicitando el embargo de su casa y el remate de la misma en caso de que no le fuera pagado el total de la deuda con intereses al 8 por ciento mensual como inter\u00e9s moratorio de cada uno de los pagar\u00e9s vencidos.<br>El pago se lo requer\u00eda por v\u00eda de un juzgado, y con un abogado de por medio que hab\u00eda sido contratado por Pili para recuperar el monto total de los cinco pagar\u00e9s firmados, abogado que ten\u00eda a su vez derecho, conforme al contrato de prestaci\u00f3n de sus servicios, de reclamar como pago de sus honorarios el 20 por ciento del total de lo recuperado incluyendo intereses, mas los costos del juicio.<br>Lamentablemente en aquel a\u00f1o Lili tuvo la doble desgracia de haberse encontrado con un abogado que no supo defenderla adecuadamente en el juzgado, hoy con una sentencia en contra, se enfrenta ya al remate de su propiedad en subasta p\u00fablica al no tener dinero para cubrir la deuda.<br>El exceso de confianza en la amistad, restarle valor a su firma, y la falta de orientaci\u00f3n legal puede colocar a cualquiera en una situaci\u00f3n agravada como la de Lili, sirva este espacio nuevamente para repasar una lecci\u00f3n muy viejita: si firm\u00f3 un pagar\u00e9 y lo pag\u00f3, \u00a1rec\u00f3jalo! y rescate su firma, no se arriesgue a un doble cobro, no ponga en riesgo su patrimonio.<\/p>\n\n\n\n<p>Llama al 2281148502 visite www.elbarzonrc.org Contacte elbarzonrc@yahoo.com.mx, O s\u00edgame en @terecarbajal<\/p>\n","protected":false},"excerpt":{"rendered":"<p>Teresa CarbajalDebo, no niego; pago, lo justo El art\u00edculo 17 de la Ley General de T\u00edtulos y Operaciones de Cr\u00e9dito precisa que cuando un t\u00edtulo de cr\u00e9dito sea pagado, debe restituirse o devolverse al deudor como muestra fehaciente e inequ\u00edvoca de que el pago ha sido satisfecho, la falta de exigencia de este requisito al [&hellip;]<\/p>\n","protected":false},"author":2,"featured_media":0,"comment_status":"closed","ping_status":"closed","sticky":false,"template":"","format":"standard","meta":{"tdm_status":"","tdm_grid_status":"","footnotes":""},"categories":[70],"tags":[18422,15570],"class_list":{"0":"post-80717","1":"post","2":"type-post","3":"status-publish","4":"format-standard","6":"category-de-opinion","7":"tag-credito","8":"tag-teresa-carbajal"},"yoast_head":"<!-- This site is optimized with the Yoast SEO plugin v27.4 - https:\/\/yoast.com\/product\/yoast-seo-wordpress\/ -->\n<title>Pili y Lili - Los pol\u00edticos Veracruz<\/title>\n<meta name=\"robots\" content=\"index, follow, max-snippet:-1, max-image-preview:large, max-video-preview:-1\" \/>\n<link rel=\"canonical\" href=\"https:\/\/lospoliticosveracruz.com\/?p=80717\" \/>\n<meta property=\"og:locale\" content=\"es_ES\" \/>\n<meta property=\"og:type\" content=\"article\" \/>\n<meta property=\"og:title\" content=\"Pili y Lili - Los pol\u00edticos Veracruz\" \/>\n<meta property=\"og:description\" content=\"Teresa CarbajalDebo, no niego; pago, lo justo El art\u00edculo 17 de la Ley General de T\u00edtulos y Operaciones de Cr\u00e9dito precisa que cuando un t\u00edtulo de cr\u00e9dito sea pagado, debe restituirse o devolverse al deudor como muestra fehaciente e inequ\u00edvoca de que el pago ha sido satisfecho, la falta de exigencia de este requisito al [&hellip;]\" \/>\n<meta property=\"og:url\" content=\"https:\/\/lospoliticosveracruz.com\/?p=80717\" \/>\n<meta property=\"og:site_name\" content=\"Los pol\u00edticos Veracruz\" \/>\n<meta property=\"article:publisher\" content=\"https:\/\/www.facebook.com\/people\/Notimemes-de-los-Polticos\/61565672886568\/\" \/>\n<meta property=\"article:published_time\" content=\"2021-10-15T18:32:24+00:00\" \/>\n<meta property=\"article:modified_time\" content=\"2021-10-15T18:32:28+00:00\" \/>\n<meta property=\"og:image\" content=\"https:\/\/lospoliticosveracruz.com\/wp-content\/uploads\/2016\/07\/Logo-Dor.jpg\" \/>\n\t<meta property=\"og:image:width\" content=\"200\" \/>\n\t<meta property=\"og:image:height\" content=\"200\" \/>\n\t<meta property=\"og:image:type\" content=\"image\/jpeg\" \/>\n<meta name=\"author\" content=\"Lo viste en Los Pol\u00edticos\" \/>\n<meta name=\"twitter:card\" content=\"summary_large_image\" \/>\n<meta name=\"twitter:creator\" content=\"@LosPoliticosVer\" \/>\n<meta name=\"twitter:site\" content=\"@LosPoliticosVer\" \/>\n<meta name=\"twitter:label1\" content=\"Escrito por\" \/>\n\t<meta name=\"twitter:data1\" content=\"Lo viste en Los Pol\u00edticos\" \/>\n\t<meta name=\"twitter:label2\" content=\"Tiempo de lectura\" \/>\n\t<meta name=\"twitter:data2\" content=\"4 minutos\" \/>\n<script type=\"application\/ld+json\" class=\"yoast-schema-graph\">{\"@context\":\"https:\\\/\\\/schema.org\",\"@graph\":[{\"@type\":\"Article\",\"@id\":\"https:\\\/\\\/lospoliticosveracruz.com\\\/?p=80717#article\",\"isPartOf\":{\"@id\":\"https:\\\/\\\/lospoliticosveracruz.com\\\/?p=80717\"},\"author\":{\"name\":\"Lo viste en Los Pol\u00edticos\",\"@id\":\"https:\\\/\\\/lospoliticosveracruz.com\\\/#\\\/schema\\\/person\\\/b8702bb0e538456e6efd07080bf2a4a2\"},\"headline\":\"Pili y Lili\",\"datePublished\":\"2021-10-15T18:32:24+00:00\",\"dateModified\":\"2021-10-15T18:32:28+00:00\",\"mainEntityOfPage\":{\"@id\":\"https:\\\/\\\/lospoliticosveracruz.com\\\/?p=80717\"},\"wordCount\":782,\"publisher\":{\"@id\":\"https:\\\/\\\/lospoliticosveracruz.com\\\/#organization\"},\"keywords\":[\"cr\u00e9dito\",\"Teresa Carbajal\"],\"articleSection\":[\"De Opini\u00f3n\"],\"inLanguage\":\"es\"},{\"@type\":\"WebPage\",\"@id\":\"https:\\\/\\\/lospoliticosveracruz.com\\\/?p=80717\",\"url\":\"https:\\\/\\\/lospoliticosveracruz.com\\\/?p=80717\",\"name\":\"Pili y Lili - Los pol\u00edticos Veracruz\",\"isPartOf\":{\"@id\":\"https:\\\/\\\/lospoliticosveracruz.com\\\/#website\"},\"datePublished\":\"2021-10-15T18:32:24+00:00\",\"dateModified\":\"2021-10-15T18:32:28+00:00\",\"breadcrumb\":{\"@id\":\"https:\\\/\\\/lospoliticosveracruz.com\\\/?p=80717#breadcrumb\"},\"inLanguage\":\"es\",\"potentialAction\":[{\"@type\":\"ReadAction\",\"target\":[\"https:\\\/\\\/lospoliticosveracruz.com\\\/?p=80717\"]}]},{\"@type\":\"BreadcrumbList\",\"@id\":\"https:\\\/\\\/lospoliticosveracruz.com\\\/?p=80717#breadcrumb\",\"itemListElement\":[{\"@type\":\"ListItem\",\"position\":1,\"name\":\"Portada\",\"item\":\"https:\\\/\\\/lospoliticosveracruz.com\\\/\"},{\"@type\":\"ListItem\",\"position\":2,\"name\":\"Pili y Lili\"}]},{\"@type\":\"WebSite\",\"@id\":\"https:\\\/\\\/lospoliticosveracruz.com\\\/#website\",\"url\":\"https:\\\/\\\/lospoliticosveracruz.com\\\/\",\"name\":\"Los pol\u00edticos Veracruz\",\"description\":\"\",\"publisher\":{\"@id\":\"https:\\\/\\\/lospoliticosveracruz.com\\\/#organization\"},\"potentialAction\":[{\"@type\":\"SearchAction\",\"target\":{\"@type\":\"EntryPoint\",\"urlTemplate\":\"https:\\\/\\\/lospoliticosveracruz.com\\\/?s={search_term_string}\"},\"query-input\":{\"@type\":\"PropertyValueSpecification\",\"valueRequired\":true,\"valueName\":\"search_term_string\"}}],\"inLanguage\":\"es\"},{\"@type\":\"Organization\",\"@id\":\"https:\\\/\\\/lospoliticosveracruz.com\\\/#organization\",\"name\":\"Los pol\u00edticos Veracruz\",\"url\":\"https:\\\/\\\/lospoliticosveracruz.com\\\/\",\"logo\":{\"@type\":\"ImageObject\",\"inLanguage\":\"es\",\"@id\":\"https:\\\/\\\/lospoliticosveracruz.com\\\/#\\\/schema\\\/logo\\\/image\\\/\",\"url\":\"https:\\\/\\\/lospoliticosveracruz.com\\\/wp-content\\\/uploads\\\/2025\\\/12\\\/Logo-Nuevo-LOS-POLITICOS-1.jpg\",\"contentUrl\":\"https:\\\/\\\/lospoliticosveracruz.com\\\/wp-content\\\/uploads\\\/2025\\\/12\\\/Logo-Nuevo-LOS-POLITICOS-1.jpg\",\"width\":260,\"height\":70,\"caption\":\"Los pol\u00edticos Veracruz\"},\"image\":{\"@id\":\"https:\\\/\\\/lospoliticosveracruz.com\\\/#\\\/schema\\\/logo\\\/image\\\/\"},\"sameAs\":[\"https:\\\/\\\/www.facebook.com\\\/people\\\/Notimemes-de-los-Polticos\\\/61565672886568\\\/\",\"https:\\\/\\\/x.com\\\/LosPoliticosVer\"]},{\"@type\":\"Person\",\"@id\":\"https:\\\/\\\/lospoliticosveracruz.com\\\/#\\\/schema\\\/person\\\/b8702bb0e538456e6efd07080bf2a4a2\",\"name\":\"Lo viste en Los Pol\u00edticos\",\"image\":{\"@type\":\"ImageObject\",\"inLanguage\":\"es\",\"@id\":\"https:\\\/\\\/secure.gravatar.com\\\/avatar\\\/3a8de04a2656d44082be478bd6c086daa447c4651605818287b9532d3d0bd435?s=96&d=mm&r=g\",\"url\":\"https:\\\/\\\/secure.gravatar.com\\\/avatar\\\/3a8de04a2656d44082be478bd6c086daa447c4651605818287b9532d3d0bd435?s=96&d=mm&r=g\",\"contentUrl\":\"https:\\\/\\\/secure.gravatar.com\\\/avatar\\\/3a8de04a2656d44082be478bd6c086daa447c4651605818287b9532d3d0bd435?s=96&d=mm&r=g\",\"caption\":\"Lo viste en Los Pol\u00edticos\"},\"url\":\"https:\\\/\\\/lospoliticosveracruz.com\\\/?author=2\"}]}<\/script>\n<!-- \/ Yoast SEO plugin. -->","yoast_head_json":{"title":"Pili y Lili - Los pol\u00edticos Veracruz","robots":{"index":"index","follow":"follow","max-snippet":"max-snippet:-1","max-image-preview":"max-image-preview:large","max-video-preview":"max-video-preview:-1"},"canonical":"https:\/\/lospoliticosveracruz.com\/?p=80717","og_locale":"es_ES","og_type":"article","og_title":"Pili y Lili - Los pol\u00edticos Veracruz","og_description":"Teresa CarbajalDebo, no niego; pago, lo justo El art\u00edculo 17 de la Ley General de T\u00edtulos y Operaciones de Cr\u00e9dito precisa que cuando un t\u00edtulo de cr\u00e9dito sea pagado, debe restituirse o devolverse al deudor como muestra fehaciente e inequ\u00edvoca de que el pago ha sido satisfecho, la falta de exigencia de este requisito al [&hellip;]","og_url":"https:\/\/lospoliticosveracruz.com\/?p=80717","og_site_name":"Los pol\u00edticos Veracruz","article_publisher":"https:\/\/www.facebook.com\/people\/Notimemes-de-los-Polticos\/61565672886568\/","article_published_time":"2021-10-15T18:32:24+00:00","article_modified_time":"2021-10-15T18:32:28+00:00","og_image":[{"width":200,"height":200,"url":"https:\/\/lospoliticosveracruz.com\/wp-content\/uploads\/2016\/07\/Logo-Dor.jpg","type":"image\/jpeg"}],"author":"Lo viste en Los Pol\u00edticos","twitter_card":"summary_large_image","twitter_creator":"@LosPoliticosVer","twitter_site":"@LosPoliticosVer","twitter_misc":{"Escrito por":"Lo viste en Los Pol\u00edticos","Tiempo de lectura":"4 minutos"},"schema":{"@context":"https:\/\/schema.org","@graph":[{"@type":"Article","@id":"https:\/\/lospoliticosveracruz.com\/?p=80717#article","isPartOf":{"@id":"https:\/\/lospoliticosveracruz.com\/?p=80717"},"author":{"name":"Lo viste en Los Pol\u00edticos","@id":"https:\/\/lospoliticosveracruz.com\/#\/schema\/person\/b8702bb0e538456e6efd07080bf2a4a2"},"headline":"Pili y Lili","datePublished":"2021-10-15T18:32:24+00:00","dateModified":"2021-10-15T18:32:28+00:00","mainEntityOfPage":{"@id":"https:\/\/lospoliticosveracruz.com\/?p=80717"},"wordCount":782,"publisher":{"@id":"https:\/\/lospoliticosveracruz.com\/#organization"},"keywords":["cr\u00e9dito","Teresa Carbajal"],"articleSection":["De Opini\u00f3n"],"inLanguage":"es"},{"@type":"WebPage","@id":"https:\/\/lospoliticosveracruz.com\/?p=80717","url":"https:\/\/lospoliticosveracruz.com\/?p=80717","name":"Pili y Lili - Los pol\u00edticos Veracruz","isPartOf":{"@id":"https:\/\/lospoliticosveracruz.com\/#website"},"datePublished":"2021-10-15T18:32:24+00:00","dateModified":"2021-10-15T18:32:28+00:00","breadcrumb":{"@id":"https:\/\/lospoliticosveracruz.com\/?p=80717#breadcrumb"},"inLanguage":"es","potentialAction":[{"@type":"ReadAction","target":["https:\/\/lospoliticosveracruz.com\/?p=80717"]}]},{"@type":"BreadcrumbList","@id":"https:\/\/lospoliticosveracruz.com\/?p=80717#breadcrumb","itemListElement":[{"@type":"ListItem","position":1,"name":"Portada","item":"https:\/\/lospoliticosveracruz.com\/"},{"@type":"ListItem","position":2,"name":"Pili y Lili"}]},{"@type":"WebSite","@id":"https:\/\/lospoliticosveracruz.com\/#website","url":"https:\/\/lospoliticosveracruz.com\/","name":"Los pol\u00edticos Veracruz","description":"","publisher":{"@id":"https:\/\/lospoliticosveracruz.com\/#organization"},"potentialAction":[{"@type":"SearchAction","target":{"@type":"EntryPoint","urlTemplate":"https:\/\/lospoliticosveracruz.com\/?s={search_term_string}"},"query-input":{"@type":"PropertyValueSpecification","valueRequired":true,"valueName":"search_term_string"}}],"inLanguage":"es"},{"@type":"Organization","@id":"https:\/\/lospoliticosveracruz.com\/#organization","name":"Los pol\u00edticos Veracruz","url":"https:\/\/lospoliticosveracruz.com\/","logo":{"@type":"ImageObject","inLanguage":"es","@id":"https:\/\/lospoliticosveracruz.com\/#\/schema\/logo\/image\/","url":"https:\/\/lospoliticosveracruz.com\/wp-content\/uploads\/2025\/12\/Logo-Nuevo-LOS-POLITICOS-1.jpg","contentUrl":"https:\/\/lospoliticosveracruz.com\/wp-content\/uploads\/2025\/12\/Logo-Nuevo-LOS-POLITICOS-1.jpg","width":260,"height":70,"caption":"Los pol\u00edticos Veracruz"},"image":{"@id":"https:\/\/lospoliticosveracruz.com\/#\/schema\/logo\/image\/"},"sameAs":["https:\/\/www.facebook.com\/people\/Notimemes-de-los-Polticos\/61565672886568\/","https:\/\/x.com\/LosPoliticosVer"]},{"@type":"Person","@id":"https:\/\/lospoliticosveracruz.com\/#\/schema\/person\/b8702bb0e538456e6efd07080bf2a4a2","name":"Lo viste en Los Pol\u00edticos","image":{"@type":"ImageObject","inLanguage":"es","@id":"https:\/\/secure.gravatar.com\/avatar\/3a8de04a2656d44082be478bd6c086daa447c4651605818287b9532d3d0bd435?s=96&d=mm&r=g","url":"https:\/\/secure.gravatar.com\/avatar\/3a8de04a2656d44082be478bd6c086daa447c4651605818287b9532d3d0bd435?s=96&d=mm&r=g","contentUrl":"https:\/\/secure.gravatar.com\/avatar\/3a8de04a2656d44082be478bd6c086daa447c4651605818287b9532d3d0bd435?s=96&d=mm&r=g","caption":"Lo viste en Los Pol\u00edticos"},"url":"https:\/\/lospoliticosveracruz.com\/?author=2"}]}},"_links":{"self":[{"href":"https:\/\/lospoliticosveracruz.com\/index.php?rest_route=\/wp\/v2\/posts\/80717","targetHints":{"allow":["GET"]}}],"collection":[{"href":"https:\/\/lospoliticosveracruz.com\/index.php?rest_route=\/wp\/v2\/posts"}],"about":[{"href":"https:\/\/lospoliticosveracruz.com\/index.php?rest_route=\/wp\/v2\/types\/post"}],"author":[{"embeddable":true,"href":"https:\/\/lospoliticosveracruz.com\/index.php?rest_route=\/wp\/v2\/users\/2"}],"replies":[{"embeddable":true,"href":"https:\/\/lospoliticosveracruz.com\/index.php?rest_route=%2Fwp%2Fv2%2Fcomments&post=80717"}],"version-history":[{"count":1,"href":"https:\/\/lospoliticosveracruz.com\/index.php?rest_route=\/wp\/v2\/posts\/80717\/revisions"}],"predecessor-version":[{"id":80719,"href":"https:\/\/lospoliticosveracruz.com\/index.php?rest_route=\/wp\/v2\/posts\/80717\/revisions\/80719"}],"wp:attachment":[{"href":"https:\/\/lospoliticosveracruz.com\/index.php?rest_route=%2Fwp%2Fv2%2Fmedia&parent=80717"}],"wp:term":[{"taxonomy":"category","embeddable":true,"href":"https:\/\/lospoliticosveracruz.com\/index.php?rest_route=%2Fwp%2Fv2%2Fcategories&post=80717"},{"taxonomy":"post_tag","embeddable":true,"href":"https:\/\/lospoliticosveracruz.com\/index.php?rest_route=%2Fwp%2Fv2%2Ftags&post=80717"}],"curies":[{"name":"wp","href":"https:\/\/api.w.org\/{rel}","templated":true}]}}