{"id":80869,"date":"2021-10-18T20:37:46","date_gmt":"2021-10-19T01:37:46","guid":{"rendered":"https:\/\/lospoliticosveracruz.com.mx\/?p=80869"},"modified":"2021-10-18T20:37:53","modified_gmt":"2021-10-19T01:37:53","slug":"diputada-diputado-y-diputade","status":"publish","type":"post","link":"https:\/\/lospoliticosveracruz.com\/?p=80869","title":{"rendered":"Diputada, Diputado y Diputade\u2026"},"content":{"rendered":"\n<p><strong>Uriel Flores Aguayo<\/strong><\/p>\n\n\n\n<p>Novedoso, necesario e interesante el todav\u00eda leve debate que se empieza a dar sobre la forma de denominar a las personas que se asumen como de un g\u00e9nero no binario. Un diputado electo, Gonzalo Iv\u00e1n Dur\u00e1n Chincoya, est\u00e1 en esa condici\u00f3n y reclama se le diga Diputade. Me parece oportuno hacer una m\u00ednima aproximaci\u00f3n a este tema desde los puntos de vista legal y gramatical:<br>Adelanto una conclusi\u00f3n para ir sustent\u00e1ndola: en tanto en VERACRUZ no se legisle en materia de identidad de g\u00e9nero, continuar\u00e1n denomin\u00e1ndose los g\u00e9neros como masculino y femenino independientemente de su orientaci\u00f3n sexual. Este hecho sigue siendo fundamental para los registros en documentos legales.<br>Por razones legales y pol\u00edticas se viene hablando de este tema en Veracruz, el diputado electo Duran Chincoya, anima el debate. Es una cuesti\u00f3n de mucho inter\u00e9s por su novedad local, pertinencia, derechos y reivindicaciones que involucra en las leyes y la democracia.<br>La Constituci\u00f3n Pol\u00edtica de Veracruz ( art\u00edculos 4 y 21 ) y el C\u00f3digo Electoral ( art\u00edculos 13,14,42,173 y 250 ) vigentes, respectivamente, mantienen la clasificaci\u00f3n de hombres y mujeres, diputadas y diputados, candidatos y candidatas, adem\u00e1s del criterio de paridad en ambos g\u00e9neros.<br>Entre los requisitos para registrarse en las candidaturas correspondientes, entre otros, est\u00e1 la presentaci\u00f3n del acta de nacimiento y la credencial de elector donde, hasta ahora, se se\u00f1ala el g\u00e9nero respectivo. Quien se haya registrado ante el OPLE indispensablemente se vio precisado a indicar que es femenino o masculino y hacerlo evidente con su nombre propio. Podr\u00eda ser injusto o muestra de atraso en nuestra sociedad e instituciones pero mientras as\u00ed lo determinen las normas es de observancia obligatoria.<br>Conforme a la legalidad veracruzana no hay manera, en derecho, de que se hagan excepciones a la paridad de cincuenta y cincuenta por ciento de ambos g\u00e9neros para integrar la pr\u00f3xima legislatura. Solo unos ocho pa\u00edses y creo tres Estados de M\u00e9xico, reconocen la categor\u00eda de sexo no binario en documentos de identidad, licencias de conducir, actas de nacimiento, etc\u00e9tera; VERACRUZ no est\u00e1 entre ellos .<br>M\u00e1s all\u00e1 de los aspectos legales, que tendr\u00e1 que abordarse con seriedad en su momento, hay una creativa e interesante pol\u00e9mica en el manejo del lenguaje respecto a las personas asumidas como de g\u00e9nero no binario. Al hablar de esta realidad todos aprendemos ya que estamos ante algo in\u00e9dito y se requiere absoluta apertura y di\u00e1logo de buen nivel. Por supuesto que la realidad cuenta, es el punto de partida, tanto que la voluntad y valent\u00eda de los promotores de este nivel de equidad han logrado que se abran paso ciertas denominaciones que luchan por un lugar en nuestro idioma.<br>No debemos omitir que nuestra lengua espa\u00f1ola se basa en su gram\u00e1tica, la cual agrupa dos g\u00e9neros: masculino y femenino. El g\u00e9nero gramatical es una propiedad exclusiva de los sustantivos. De esta manera, sin reforma gramatical, a los legisladores solo se les pueden denominar diputadas y diputados en el buen uso del idioma. Es diferente en \u00e1mbitos partidistas, amistosos o familiares donde se pueden expresar como gusten o mejor coincidan. Hay algunos criterios socioling\u00fc\u00edsticos y pragm\u00e1ticos que se vienen aplicando de facto para encontrar la denominaci\u00f3n adecuada a las personas no binarias.<br>En todo caso, estamos ante una realidad que debe atenderse con seriedad y apertura. Es un paso civilizatorio. Implica revisi\u00f3n y adaptaci\u00f3n de leyes, as\u00ed como un manejo correcto y moderno del lenguaje. Es indispensable que la visibilidad de las personas no binarias se concrete en leyes y el lenguaje, sobre todo que sean sujetas de derechos.<\/p>\n\n\n\n<ul class=\"wp-block-list\"><li>a petici\u00f3n de ex alumnos\u2026<\/li><\/ul>\n","protected":false},"excerpt":{"rendered":"<p>Uriel Flores Aguayo Novedoso, necesario e interesante el todav\u00eda leve debate que se empieza a dar sobre la forma de denominar a las personas que se asumen como de un g\u00e9nero no binario. Un diputado electo, Gonzalo Iv\u00e1n Dur\u00e1n Chincoya, est\u00e1 en esa condici\u00f3n y reclama se le diga Diputade. Me parece oportuno hacer una [&hellip;]<\/p>\n","protected":false},"author":2,"featured_media":0,"comment_status":"closed","ping_status":"closed","sticky":false,"template":"","format":"standard","meta":{"tdm_status":"","tdm_grid_status":"","footnotes":""},"categories":[70],"tags":[1413,454,30885,2552,195],"class_list":{"0":"post-80869","1":"post","2":"type-post","3":"status-publish","4":"format-standard","6":"category-de-opinion","7":"tag-codigo-electoral","8":"tag-diputado","9":"tag-gonzalo-ivan-duran-chincoya","10":"tag-uriel-flores-aguayo","11":"tag-veracruz"},"yoast_head":"<!-- This site is optimized with the Yoast SEO plugin v27.4 - https:\/\/yoast.com\/product\/yoast-seo-wordpress\/ -->\n<title>Diputada, Diputado y Diputade\u2026 - Los pol\u00edticos Veracruz<\/title>\n<meta name=\"robots\" content=\"index, follow, max-snippet:-1, max-image-preview:large, max-video-preview:-1\" \/>\n<link rel=\"canonical\" href=\"https:\/\/lospoliticosveracruz.com\/?p=80869\" \/>\n<meta property=\"og:locale\" content=\"es_ES\" \/>\n<meta property=\"og:type\" content=\"article\" \/>\n<meta property=\"og:title\" content=\"Diputada, Diputado y Diputade\u2026 - Los pol\u00edticos Veracruz\" \/>\n<meta property=\"og:description\" content=\"Uriel Flores Aguayo Novedoso, necesario e interesante el todav\u00eda leve debate que se empieza a dar sobre la forma de denominar a las personas que se asumen como de un g\u00e9nero no binario. Un diputado electo, Gonzalo Iv\u00e1n Dur\u00e1n Chincoya, est\u00e1 en esa condici\u00f3n y reclama se le diga Diputade. Me parece oportuno hacer una [&hellip;]\" \/>\n<meta property=\"og:url\" content=\"https:\/\/lospoliticosveracruz.com\/?p=80869\" \/>\n<meta property=\"og:site_name\" content=\"Los pol\u00edticos Veracruz\" \/>\n<meta property=\"article:publisher\" content=\"https:\/\/www.facebook.com\/people\/Notimemes-de-los-Polticos\/61565672886568\/\" \/>\n<meta property=\"article:published_time\" content=\"2021-10-19T01:37:46+00:00\" \/>\n<meta property=\"article:modified_time\" content=\"2021-10-19T01:37:53+00:00\" \/>\n<meta property=\"og:image\" content=\"https:\/\/lospoliticosveracruz.com\/wp-content\/uploads\/2016\/07\/Logo-Dor.jpg\" \/>\n\t<meta property=\"og:image:width\" content=\"200\" \/>\n\t<meta property=\"og:image:height\" content=\"200\" \/>\n\t<meta property=\"og:image:type\" content=\"image\/jpeg\" \/>\n<meta name=\"author\" content=\"Lo viste en Los Pol\u00edticos\" \/>\n<meta name=\"twitter:card\" content=\"summary_large_image\" \/>\n<meta name=\"twitter:creator\" content=\"@LosPoliticosVer\" \/>\n<meta name=\"twitter:site\" content=\"@LosPoliticosVer\" \/>\n<meta name=\"twitter:label1\" content=\"Escrito por\" \/>\n\t<meta name=\"twitter:data1\" content=\"Lo viste en Los Pol\u00edticos\" \/>\n\t<meta name=\"twitter:label2\" content=\"Tiempo de lectura\" \/>\n\t<meta name=\"twitter:data2\" content=\"3 minutos\" \/>\n<script type=\"application\/ld+json\" class=\"yoast-schema-graph\">{\"@context\":\"https:\\\/\\\/schema.org\",\"@graph\":[{\"@type\":\"Article\",\"@id\":\"https:\\\/\\\/lospoliticosveracruz.com\\\/?p=80869#article\",\"isPartOf\":{\"@id\":\"https:\\\/\\\/lospoliticosveracruz.com\\\/?p=80869\"},\"author\":{\"name\":\"Lo viste en Los Pol\u00edticos\",\"@id\":\"https:\\\/\\\/lospoliticosveracruz.com\\\/#\\\/schema\\\/person\\\/b8702bb0e538456e6efd07080bf2a4a2\"},\"headline\":\"Diputada, Diputado y Diputade\u2026\",\"datePublished\":\"2021-10-19T01:37:46+00:00\",\"dateModified\":\"2021-10-19T01:37:53+00:00\",\"mainEntityOfPage\":{\"@id\":\"https:\\\/\\\/lospoliticosveracruz.com\\\/?p=80869\"},\"wordCount\":643,\"publisher\":{\"@id\":\"https:\\\/\\\/lospoliticosveracruz.com\\\/#organization\"},\"keywords\":[\"C\u00f3digo Electoral\",\"diputado\",\"Gonzalo Iv\u00e1n Dur\u00e1n Chincoya\",\"Uriel Flores Aguayo\",\"Veracruz\"],\"articleSection\":[\"De Opini\u00f3n\"],\"inLanguage\":\"es\"},{\"@type\":\"WebPage\",\"@id\":\"https:\\\/\\\/lospoliticosveracruz.com\\\/?p=80869\",\"url\":\"https:\\\/\\\/lospoliticosveracruz.com\\\/?p=80869\",\"name\":\"Diputada, Diputado y Diputade\u2026 - Los pol\u00edticos Veracruz\",\"isPartOf\":{\"@id\":\"https:\\\/\\\/lospoliticosveracruz.com\\\/#website\"},\"datePublished\":\"2021-10-19T01:37:46+00:00\",\"dateModified\":\"2021-10-19T01:37:53+00:00\",\"breadcrumb\":{\"@id\":\"https:\\\/\\\/lospoliticosveracruz.com\\\/?p=80869#breadcrumb\"},\"inLanguage\":\"es\",\"potentialAction\":[{\"@type\":\"ReadAction\",\"target\":[\"https:\\\/\\\/lospoliticosveracruz.com\\\/?p=80869\"]}]},{\"@type\":\"BreadcrumbList\",\"@id\":\"https:\\\/\\\/lospoliticosveracruz.com\\\/?p=80869#breadcrumb\",\"itemListElement\":[{\"@type\":\"ListItem\",\"position\":1,\"name\":\"Portada\",\"item\":\"https:\\\/\\\/lospoliticosveracruz.com\\\/\"},{\"@type\":\"ListItem\",\"position\":2,\"name\":\"Diputada, Diputado y Diputade\u2026\"}]},{\"@type\":\"WebSite\",\"@id\":\"https:\\\/\\\/lospoliticosveracruz.com\\\/#website\",\"url\":\"https:\\\/\\\/lospoliticosveracruz.com\\\/\",\"name\":\"Los pol\u00edticos Veracruz\",\"description\":\"\",\"publisher\":{\"@id\":\"https:\\\/\\\/lospoliticosveracruz.com\\\/#organization\"},\"potentialAction\":[{\"@type\":\"SearchAction\",\"target\":{\"@type\":\"EntryPoint\",\"urlTemplate\":\"https:\\\/\\\/lospoliticosveracruz.com\\\/?s={search_term_string}\"},\"query-input\":{\"@type\":\"PropertyValueSpecification\",\"valueRequired\":true,\"valueName\":\"search_term_string\"}}],\"inLanguage\":\"es\"},{\"@type\":\"Organization\",\"@id\":\"https:\\\/\\\/lospoliticosveracruz.com\\\/#organization\",\"name\":\"Los pol\u00edticos Veracruz\",\"url\":\"https:\\\/\\\/lospoliticosveracruz.com\\\/\",\"logo\":{\"@type\":\"ImageObject\",\"inLanguage\":\"es\",\"@id\":\"https:\\\/\\\/lospoliticosveracruz.com\\\/#\\\/schema\\\/logo\\\/image\\\/\",\"url\":\"https:\\\/\\\/lospoliticosveracruz.com\\\/wp-content\\\/uploads\\\/2025\\\/12\\\/Logo-Nuevo-LOS-POLITICOS-1.jpg\",\"contentUrl\":\"https:\\\/\\\/lospoliticosveracruz.com\\\/wp-content\\\/uploads\\\/2025\\\/12\\\/Logo-Nuevo-LOS-POLITICOS-1.jpg\",\"width\":260,\"height\":70,\"caption\":\"Los pol\u00edticos Veracruz\"},\"image\":{\"@id\":\"https:\\\/\\\/lospoliticosveracruz.com\\\/#\\\/schema\\\/logo\\\/image\\\/\"},\"sameAs\":[\"https:\\\/\\\/www.facebook.com\\\/people\\\/Notimemes-de-los-Polticos\\\/61565672886568\\\/\",\"https:\\\/\\\/x.com\\\/LosPoliticosVer\"]},{\"@type\":\"Person\",\"@id\":\"https:\\\/\\\/lospoliticosveracruz.com\\\/#\\\/schema\\\/person\\\/b8702bb0e538456e6efd07080bf2a4a2\",\"name\":\"Lo viste en Los Pol\u00edticos\",\"image\":{\"@type\":\"ImageObject\",\"inLanguage\":\"es\",\"@id\":\"https:\\\/\\\/secure.gravatar.com\\\/avatar\\\/3a8de04a2656d44082be478bd6c086daa447c4651605818287b9532d3d0bd435?s=96&d=mm&r=g\",\"url\":\"https:\\\/\\\/secure.gravatar.com\\\/avatar\\\/3a8de04a2656d44082be478bd6c086daa447c4651605818287b9532d3d0bd435?s=96&d=mm&r=g\",\"contentUrl\":\"https:\\\/\\\/secure.gravatar.com\\\/avatar\\\/3a8de04a2656d44082be478bd6c086daa447c4651605818287b9532d3d0bd435?s=96&d=mm&r=g\",\"caption\":\"Lo viste en Los Pol\u00edticos\"},\"url\":\"https:\\\/\\\/lospoliticosveracruz.com\\\/?author=2\"}]}<\/script>\n<!-- \/ Yoast SEO plugin. -->","yoast_head_json":{"title":"Diputada, Diputado y Diputade\u2026 - Los pol\u00edticos Veracruz","robots":{"index":"index","follow":"follow","max-snippet":"max-snippet:-1","max-image-preview":"max-image-preview:large","max-video-preview":"max-video-preview:-1"},"canonical":"https:\/\/lospoliticosveracruz.com\/?p=80869","og_locale":"es_ES","og_type":"article","og_title":"Diputada, Diputado y Diputade\u2026 - Los pol\u00edticos Veracruz","og_description":"Uriel Flores Aguayo Novedoso, necesario e interesante el todav\u00eda leve debate que se empieza a dar sobre la forma de denominar a las personas que se asumen como de un g\u00e9nero no binario. Un diputado electo, Gonzalo Iv\u00e1n Dur\u00e1n Chincoya, est\u00e1 en esa condici\u00f3n y reclama se le diga Diputade. Me parece oportuno hacer una [&hellip;]","og_url":"https:\/\/lospoliticosveracruz.com\/?p=80869","og_site_name":"Los pol\u00edticos Veracruz","article_publisher":"https:\/\/www.facebook.com\/people\/Notimemes-de-los-Polticos\/61565672886568\/","article_published_time":"2021-10-19T01:37:46+00:00","article_modified_time":"2021-10-19T01:37:53+00:00","og_image":[{"width":200,"height":200,"url":"https:\/\/lospoliticosveracruz.com\/wp-content\/uploads\/2016\/07\/Logo-Dor.jpg","type":"image\/jpeg"}],"author":"Lo viste en Los Pol\u00edticos","twitter_card":"summary_large_image","twitter_creator":"@LosPoliticosVer","twitter_site":"@LosPoliticosVer","twitter_misc":{"Escrito por":"Lo viste en Los Pol\u00edticos","Tiempo de lectura":"3 minutos"},"schema":{"@context":"https:\/\/schema.org","@graph":[{"@type":"Article","@id":"https:\/\/lospoliticosveracruz.com\/?p=80869#article","isPartOf":{"@id":"https:\/\/lospoliticosveracruz.com\/?p=80869"},"author":{"name":"Lo viste en Los Pol\u00edticos","@id":"https:\/\/lospoliticosveracruz.com\/#\/schema\/person\/b8702bb0e538456e6efd07080bf2a4a2"},"headline":"Diputada, Diputado y Diputade\u2026","datePublished":"2021-10-19T01:37:46+00:00","dateModified":"2021-10-19T01:37:53+00:00","mainEntityOfPage":{"@id":"https:\/\/lospoliticosveracruz.com\/?p=80869"},"wordCount":643,"publisher":{"@id":"https:\/\/lospoliticosveracruz.com\/#organization"},"keywords":["C\u00f3digo Electoral","diputado","Gonzalo Iv\u00e1n Dur\u00e1n Chincoya","Uriel Flores Aguayo","Veracruz"],"articleSection":["De Opini\u00f3n"],"inLanguage":"es"},{"@type":"WebPage","@id":"https:\/\/lospoliticosveracruz.com\/?p=80869","url":"https:\/\/lospoliticosveracruz.com\/?p=80869","name":"Diputada, Diputado y Diputade\u2026 - Los pol\u00edticos Veracruz","isPartOf":{"@id":"https:\/\/lospoliticosveracruz.com\/#website"},"datePublished":"2021-10-19T01:37:46+00:00","dateModified":"2021-10-19T01:37:53+00:00","breadcrumb":{"@id":"https:\/\/lospoliticosveracruz.com\/?p=80869#breadcrumb"},"inLanguage":"es","potentialAction":[{"@type":"ReadAction","target":["https:\/\/lospoliticosveracruz.com\/?p=80869"]}]},{"@type":"BreadcrumbList","@id":"https:\/\/lospoliticosveracruz.com\/?p=80869#breadcrumb","itemListElement":[{"@type":"ListItem","position":1,"name":"Portada","item":"https:\/\/lospoliticosveracruz.com\/"},{"@type":"ListItem","position":2,"name":"Diputada, Diputado y Diputade\u2026"}]},{"@type":"WebSite","@id":"https:\/\/lospoliticosveracruz.com\/#website","url":"https:\/\/lospoliticosveracruz.com\/","name":"Los pol\u00edticos Veracruz","description":"","publisher":{"@id":"https:\/\/lospoliticosveracruz.com\/#organization"},"potentialAction":[{"@type":"SearchAction","target":{"@type":"EntryPoint","urlTemplate":"https:\/\/lospoliticosveracruz.com\/?s={search_term_string}"},"query-input":{"@type":"PropertyValueSpecification","valueRequired":true,"valueName":"search_term_string"}}],"inLanguage":"es"},{"@type":"Organization","@id":"https:\/\/lospoliticosveracruz.com\/#organization","name":"Los pol\u00edticos Veracruz","url":"https:\/\/lospoliticosveracruz.com\/","logo":{"@type":"ImageObject","inLanguage":"es","@id":"https:\/\/lospoliticosveracruz.com\/#\/schema\/logo\/image\/","url":"https:\/\/lospoliticosveracruz.com\/wp-content\/uploads\/2025\/12\/Logo-Nuevo-LOS-POLITICOS-1.jpg","contentUrl":"https:\/\/lospoliticosveracruz.com\/wp-content\/uploads\/2025\/12\/Logo-Nuevo-LOS-POLITICOS-1.jpg","width":260,"height":70,"caption":"Los pol\u00edticos Veracruz"},"image":{"@id":"https:\/\/lospoliticosveracruz.com\/#\/schema\/logo\/image\/"},"sameAs":["https:\/\/www.facebook.com\/people\/Notimemes-de-los-Polticos\/61565672886568\/","https:\/\/x.com\/LosPoliticosVer"]},{"@type":"Person","@id":"https:\/\/lospoliticosveracruz.com\/#\/schema\/person\/b8702bb0e538456e6efd07080bf2a4a2","name":"Lo viste en Los Pol\u00edticos","image":{"@type":"ImageObject","inLanguage":"es","@id":"https:\/\/secure.gravatar.com\/avatar\/3a8de04a2656d44082be478bd6c086daa447c4651605818287b9532d3d0bd435?s=96&d=mm&r=g","url":"https:\/\/secure.gravatar.com\/avatar\/3a8de04a2656d44082be478bd6c086daa447c4651605818287b9532d3d0bd435?s=96&d=mm&r=g","contentUrl":"https:\/\/secure.gravatar.com\/avatar\/3a8de04a2656d44082be478bd6c086daa447c4651605818287b9532d3d0bd435?s=96&d=mm&r=g","caption":"Lo viste en Los Pol\u00edticos"},"url":"https:\/\/lospoliticosveracruz.com\/?author=2"}]}},"_links":{"self":[{"href":"https:\/\/lospoliticosveracruz.com\/index.php?rest_route=\/wp\/v2\/posts\/80869","targetHints":{"allow":["GET"]}}],"collection":[{"href":"https:\/\/lospoliticosveracruz.com\/index.php?rest_route=\/wp\/v2\/posts"}],"about":[{"href":"https:\/\/lospoliticosveracruz.com\/index.php?rest_route=\/wp\/v2\/types\/post"}],"author":[{"embeddable":true,"href":"https:\/\/lospoliticosveracruz.com\/index.php?rest_route=\/wp\/v2\/users\/2"}],"replies":[{"embeddable":true,"href":"https:\/\/lospoliticosveracruz.com\/index.php?rest_route=%2Fwp%2Fv2%2Fcomments&post=80869"}],"version-history":[{"count":1,"href":"https:\/\/lospoliticosveracruz.com\/index.php?rest_route=\/wp\/v2\/posts\/80869\/revisions"}],"predecessor-version":[{"id":80871,"href":"https:\/\/lospoliticosveracruz.com\/index.php?rest_route=\/wp\/v2\/posts\/80869\/revisions\/80871"}],"wp:attachment":[{"href":"https:\/\/lospoliticosveracruz.com\/index.php?rest_route=%2Fwp%2Fv2%2Fmedia&parent=80869"}],"wp:term":[{"taxonomy":"category","embeddable":true,"href":"https:\/\/lospoliticosveracruz.com\/index.php?rest_route=%2Fwp%2Fv2%2Fcategories&post=80869"},{"taxonomy":"post_tag","embeddable":true,"href":"https:\/\/lospoliticosveracruz.com\/index.php?rest_route=%2Fwp%2Fv2%2Ftags&post=80869"}],"curies":[{"name":"wp","href":"https:\/\/api.w.org\/{rel}","templated":true}]}}