{"id":80948,"date":"2021-10-20T16:28:25","date_gmt":"2021-10-20T21:28:25","guid":{"rendered":"https:\/\/lospoliticosveracruz.com.mx\/?p=80948"},"modified":"2021-10-20T16:28:34","modified_gmt":"2021-10-20T21:28:34","slug":"llega-el-national-pancake-day","status":"publish","type":"post","link":"https:\/\/lospoliticosveracruz.com\/?p=80948","title":{"rendered":"Llega el \u201cNational Pancake Day\u201d"},"content":{"rendered":"\n<p><\/p>\n\n\n\n<ul class=\"wp-block-list\"><li><\/li><\/ul>\n\n\n\n<p><strong>Xalapa<br><\/strong>Con el \u201cNational Pancake Day\u201d se busca obtener recursos para ayudar a las ni\u00f1as y ni\u00f1os enfermos de c\u00e1ncer. Este a\u00f1o se llevar\u00e1 a cabo la octava edici\u00f3n y todo lo recaudado ser\u00e1 donado a la Asociaci\u00f3n Mexicana de Ayuda a Ni\u00f1os con C\u00e1ncer (AMANC), as\u00ed como a las organizaciones locales con las que colabora.<\/p>\n\n\n\n<p>El 26 de octubre, en todas las sucursales del pa\u00eds de IHOP se vender\u00e1n dos cl\u00e1sicos \u201cButtermilk Pancakes\u201d a un precio especial de 29 pesos. La meta es superar m\u00e1s de dos millones de pesos.<\/p>\n\n\n\n<p>Guadalupe Alejandre, fundadora y presidente de AMANC, enfatiz\u00f3 en la necesidad de apoyar a ni\u00f1as y ni\u00f1os que tienen el anhelo de recuperar su salud, \u201cvivimos tiempos dif\u00edciles y hoy somos m\u00e1s conscientes de la importancia de vivir libres de cualquier enfermedad o de malestares\u201d.<\/p>\n\n\n\n<p>\u201cDesafortunadamente, adem\u00e1s de lo que ha significado la pandemia para todos, muchas familias han recibido la noticia de que su hijo o hija tiene c\u00e1ncer; as\u00ed han tenido que iniciar los tratamientos, cuid\u00e1ndose al doble y, en muchos casos, teniendo que desplazarse de ciudad para recibir atenci\u00f3n m\u00e9dica. Son familias que necesitan de nuestro apoyo y el National Pancake Day es ya una deliciosa tradici\u00f3n de ayuda a nivel nacional\u201d, agreg\u00f3.<\/p>\n\n\n\n<p>En la conferencia de prensa estuvieron la presidenta de AMANC-Veracruz, Susana Lara Garc\u00eda; Sandra Lindo Simon\u00edn, enlace de AMANC-Xalapa; M\u00f3nica L\u00b4Kehoe Amezcua de AMANC-Zona Norte; la psic\u00f3loga Dalila Fern\u00e1ndez Palmeros y Giselle Rivas del \u00e1rea de Relaciones P\u00fablicas de IHOP.<\/p>\n\n\n\n<p>Se indic\u00f3 que el c\u00e1ncer en la infancia y la adolescencia es la primera causa de muerte por enfermedad en menores de edad. En M\u00e9xico se registran m\u00e1s de 5 mil nuevos casos cada a\u00f1o y la tasa de sobreviva es apenas superior al 56 por ciento, seg\u00fan datos oficiales de esta asociaci\u00f3n.<\/p>\n\n\n\n<p>Por ello, desde 2014, IHOP y AMANC se han unido en la difusi\u00f3n y lucha contra esta enfermedad, a trav\u00e9s de donaciones y apoyo profesional.<\/p>\n\n\n\n<p>AMANC, pr\u00f3xima a cumplir 40 a\u00f1os de labor, contribuye a la calidad de vida de los pacientes y sus familias, con medicamentos, hospedaje, intervenci\u00f3n emocional, apoyo nutricional y actividades de desarrollo humano.<\/p>\n\n\n\n<p>Cabe mencionar que el \u201cNational Pancake Day\u201d comenz\u00f3 como una tradici\u00f3n en Estados Unidos desde hace 15 a\u00f1os y ha recaudado m\u00e1s de 30 millones de d\u00f3lares para varios hospitales infantiles en todo el pa\u00eds.<\/p>\n\n\n\n<p>En M\u00e9xico se han superado las metas de recaudaci\u00f3n cada a\u00f1o, llegando a un gran total de 6,192,011.00 pesos, destinados en su totalidad a AMANC y sus organizaciones locales.<\/p>\n","protected":false},"excerpt":{"rendered":"<p>XalapaCon el \u201cNational Pancake Day\u201d se busca obtener recursos para ayudar a las ni\u00f1as y ni\u00f1os enfermos de c\u00e1ncer. Este a\u00f1o se llevar\u00e1 a cabo la octava edici\u00f3n y todo lo recaudado ser\u00e1 donado a la Asociaci\u00f3n Mexicana de Ayuda a Ni\u00f1os con C\u00e1ncer (AMANC), as\u00ed como a las organizaciones locales con las que colabora. [&hellip;]<\/p>\n","protected":false},"author":2,"featured_media":0,"comment_status":"closed","ping_status":"closed","sticky":false,"template":"","format":"standard","meta":{"tdm_status":"","tdm_grid_status":"","footnotes":""},"categories":[73],"tags":[30914,296,7139,30913],"class_list":{"0":"post-80948","1":"post","2":"type-post","3":"status-publish","4":"format-standard","6":"category-de-boleto","7":"tag-buttermilk-pancakes","8":"tag-cancer","9":"tag-ihop","10":"tag-national-pancake-day"},"yoast_head":"<!-- This site is optimized with the Yoast SEO plugin v27.4 - https:\/\/yoast.com\/product\/yoast-seo-wordpress\/ -->\n<title>Llega el \u201cNational Pancake Day\u201d - Los pol\u00edticos Veracruz<\/title>\n<meta name=\"robots\" content=\"index, follow, max-snippet:-1, max-image-preview:large, max-video-preview:-1\" \/>\n<link rel=\"canonical\" href=\"https:\/\/lospoliticosveracruz.com\/?p=80948\" \/>\n<meta property=\"og:locale\" content=\"es_ES\" \/>\n<meta property=\"og:type\" content=\"article\" \/>\n<meta property=\"og:title\" content=\"Llega el \u201cNational Pancake Day\u201d - Los pol\u00edticos Veracruz\" \/>\n<meta property=\"og:description\" content=\"XalapaCon el \u201cNational Pancake Day\u201d se busca obtener recursos para ayudar a las ni\u00f1as y ni\u00f1os enfermos de c\u00e1ncer. Este a\u00f1o se llevar\u00e1 a cabo la octava edici\u00f3n y todo lo recaudado ser\u00e1 donado a la Asociaci\u00f3n Mexicana de Ayuda a Ni\u00f1os con C\u00e1ncer (AMANC), as\u00ed como a las organizaciones locales con las que colabora. [&hellip;]\" \/>\n<meta property=\"og:url\" content=\"https:\/\/lospoliticosveracruz.com\/?p=80948\" \/>\n<meta property=\"og:site_name\" content=\"Los pol\u00edticos Veracruz\" \/>\n<meta property=\"article:publisher\" content=\"https:\/\/www.facebook.com\/people\/Notimemes-de-los-Polticos\/61565672886568\/\" \/>\n<meta property=\"article:published_time\" content=\"2021-10-20T21:28:25+00:00\" \/>\n<meta property=\"article:modified_time\" content=\"2021-10-20T21:28:34+00:00\" \/>\n<meta property=\"og:image\" content=\"https:\/\/lospoliticosveracruz.com\/wp-content\/uploads\/2016\/07\/Logo-Dor.jpg\" \/>\n\t<meta property=\"og:image:width\" content=\"200\" \/>\n\t<meta property=\"og:image:height\" content=\"200\" \/>\n\t<meta property=\"og:image:type\" content=\"image\/jpeg\" \/>\n<meta name=\"author\" content=\"Lo viste en Los Pol\u00edticos\" \/>\n<meta name=\"twitter:card\" content=\"summary_large_image\" \/>\n<meta name=\"twitter:creator\" content=\"@LosPoliticosVer\" \/>\n<meta name=\"twitter:site\" content=\"@LosPoliticosVer\" \/>\n<meta name=\"twitter:label1\" content=\"Escrito por\" \/>\n\t<meta name=\"twitter:data1\" content=\"Lo viste en Los Pol\u00edticos\" \/>\n\t<meta name=\"twitter:label2\" content=\"Tiempo de lectura\" \/>\n\t<meta name=\"twitter:data2\" content=\"2 minutos\" \/>\n<script type=\"application\/ld+json\" class=\"yoast-schema-graph\">{\"@context\":\"https:\\\/\\\/schema.org\",\"@graph\":[{\"@type\":\"Article\",\"@id\":\"https:\\\/\\\/lospoliticosveracruz.com\\\/?p=80948#article\",\"isPartOf\":{\"@id\":\"https:\\\/\\\/lospoliticosveracruz.com\\\/?p=80948\"},\"author\":{\"name\":\"Lo viste en Los Pol\u00edticos\",\"@id\":\"https:\\\/\\\/lospoliticosveracruz.com\\\/#\\\/schema\\\/person\\\/b8702bb0e538456e6efd07080bf2a4a2\"},\"headline\":\"Llega el \u201cNational Pancake Day\u201d\",\"datePublished\":\"2021-10-20T21:28:25+00:00\",\"dateModified\":\"2021-10-20T21:28:34+00:00\",\"mainEntityOfPage\":{\"@id\":\"https:\\\/\\\/lospoliticosveracruz.com\\\/?p=80948\"},\"wordCount\":465,\"publisher\":{\"@id\":\"https:\\\/\\\/lospoliticosveracruz.com\\\/#organization\"},\"keywords\":[\"Buttermilk Pancakes\",\"C\u00e1ncer\",\"IHOP\",\"National Pancake Day\"],\"articleSection\":[\"De Boleto\"],\"inLanguage\":\"es\"},{\"@type\":\"WebPage\",\"@id\":\"https:\\\/\\\/lospoliticosveracruz.com\\\/?p=80948\",\"url\":\"https:\\\/\\\/lospoliticosveracruz.com\\\/?p=80948\",\"name\":\"Llega el \u201cNational Pancake Day\u201d - Los pol\u00edticos Veracruz\",\"isPartOf\":{\"@id\":\"https:\\\/\\\/lospoliticosveracruz.com\\\/#website\"},\"datePublished\":\"2021-10-20T21:28:25+00:00\",\"dateModified\":\"2021-10-20T21:28:34+00:00\",\"breadcrumb\":{\"@id\":\"https:\\\/\\\/lospoliticosveracruz.com\\\/?p=80948#breadcrumb\"},\"inLanguage\":\"es\",\"potentialAction\":[{\"@type\":\"ReadAction\",\"target\":[\"https:\\\/\\\/lospoliticosveracruz.com\\\/?p=80948\"]}]},{\"@type\":\"BreadcrumbList\",\"@id\":\"https:\\\/\\\/lospoliticosveracruz.com\\\/?p=80948#breadcrumb\",\"itemListElement\":[{\"@type\":\"ListItem\",\"position\":1,\"name\":\"Portada\",\"item\":\"https:\\\/\\\/lospoliticosveracruz.com\\\/\"},{\"@type\":\"ListItem\",\"position\":2,\"name\":\"Llega el \u201cNational Pancake Day\u201d\"}]},{\"@type\":\"WebSite\",\"@id\":\"https:\\\/\\\/lospoliticosveracruz.com\\\/#website\",\"url\":\"https:\\\/\\\/lospoliticosveracruz.com\\\/\",\"name\":\"Los pol\u00edticos Veracruz\",\"description\":\"\",\"publisher\":{\"@id\":\"https:\\\/\\\/lospoliticosveracruz.com\\\/#organization\"},\"potentialAction\":[{\"@type\":\"SearchAction\",\"target\":{\"@type\":\"EntryPoint\",\"urlTemplate\":\"https:\\\/\\\/lospoliticosveracruz.com\\\/?s={search_term_string}\"},\"query-input\":{\"@type\":\"PropertyValueSpecification\",\"valueRequired\":true,\"valueName\":\"search_term_string\"}}],\"inLanguage\":\"es\"},{\"@type\":\"Organization\",\"@id\":\"https:\\\/\\\/lospoliticosveracruz.com\\\/#organization\",\"name\":\"Los pol\u00edticos Veracruz\",\"url\":\"https:\\\/\\\/lospoliticosveracruz.com\\\/\",\"logo\":{\"@type\":\"ImageObject\",\"inLanguage\":\"es\",\"@id\":\"https:\\\/\\\/lospoliticosveracruz.com\\\/#\\\/schema\\\/logo\\\/image\\\/\",\"url\":\"https:\\\/\\\/lospoliticosveracruz.com\\\/wp-content\\\/uploads\\\/2025\\\/12\\\/Logo-Nuevo-LOS-POLITICOS-1.jpg\",\"contentUrl\":\"https:\\\/\\\/lospoliticosveracruz.com\\\/wp-content\\\/uploads\\\/2025\\\/12\\\/Logo-Nuevo-LOS-POLITICOS-1.jpg\",\"width\":260,\"height\":70,\"caption\":\"Los pol\u00edticos Veracruz\"},\"image\":{\"@id\":\"https:\\\/\\\/lospoliticosveracruz.com\\\/#\\\/schema\\\/logo\\\/image\\\/\"},\"sameAs\":[\"https:\\\/\\\/www.facebook.com\\\/people\\\/Notimemes-de-los-Polticos\\\/61565672886568\\\/\",\"https:\\\/\\\/x.com\\\/LosPoliticosVer\"]},{\"@type\":\"Person\",\"@id\":\"https:\\\/\\\/lospoliticosveracruz.com\\\/#\\\/schema\\\/person\\\/b8702bb0e538456e6efd07080bf2a4a2\",\"name\":\"Lo viste en Los Pol\u00edticos\",\"image\":{\"@type\":\"ImageObject\",\"inLanguage\":\"es\",\"@id\":\"https:\\\/\\\/secure.gravatar.com\\\/avatar\\\/3a8de04a2656d44082be478bd6c086daa447c4651605818287b9532d3d0bd435?s=96&d=mm&r=g\",\"url\":\"https:\\\/\\\/secure.gravatar.com\\\/avatar\\\/3a8de04a2656d44082be478bd6c086daa447c4651605818287b9532d3d0bd435?s=96&d=mm&r=g\",\"contentUrl\":\"https:\\\/\\\/secure.gravatar.com\\\/avatar\\\/3a8de04a2656d44082be478bd6c086daa447c4651605818287b9532d3d0bd435?s=96&d=mm&r=g\",\"caption\":\"Lo viste en Los Pol\u00edticos\"},\"url\":\"https:\\\/\\\/lospoliticosveracruz.com\\\/?author=2\"}]}<\/script>\n<!-- \/ Yoast SEO plugin. -->","yoast_head_json":{"title":"Llega el \u201cNational Pancake Day\u201d - Los pol\u00edticos Veracruz","robots":{"index":"index","follow":"follow","max-snippet":"max-snippet:-1","max-image-preview":"max-image-preview:large","max-video-preview":"max-video-preview:-1"},"canonical":"https:\/\/lospoliticosveracruz.com\/?p=80948","og_locale":"es_ES","og_type":"article","og_title":"Llega el \u201cNational Pancake Day\u201d - Los pol\u00edticos Veracruz","og_description":"XalapaCon el \u201cNational Pancake Day\u201d se busca obtener recursos para ayudar a las ni\u00f1as y ni\u00f1os enfermos de c\u00e1ncer. Este a\u00f1o se llevar\u00e1 a cabo la octava edici\u00f3n y todo lo recaudado ser\u00e1 donado a la Asociaci\u00f3n Mexicana de Ayuda a Ni\u00f1os con C\u00e1ncer (AMANC), as\u00ed como a las organizaciones locales con las que colabora. [&hellip;]","og_url":"https:\/\/lospoliticosveracruz.com\/?p=80948","og_site_name":"Los pol\u00edticos Veracruz","article_publisher":"https:\/\/www.facebook.com\/people\/Notimemes-de-los-Polticos\/61565672886568\/","article_published_time":"2021-10-20T21:28:25+00:00","article_modified_time":"2021-10-20T21:28:34+00:00","og_image":[{"width":200,"height":200,"url":"https:\/\/lospoliticosveracruz.com\/wp-content\/uploads\/2016\/07\/Logo-Dor.jpg","type":"image\/jpeg"}],"author":"Lo viste en Los Pol\u00edticos","twitter_card":"summary_large_image","twitter_creator":"@LosPoliticosVer","twitter_site":"@LosPoliticosVer","twitter_misc":{"Escrito por":"Lo viste en Los Pol\u00edticos","Tiempo de lectura":"2 minutos"},"schema":{"@context":"https:\/\/schema.org","@graph":[{"@type":"Article","@id":"https:\/\/lospoliticosveracruz.com\/?p=80948#article","isPartOf":{"@id":"https:\/\/lospoliticosveracruz.com\/?p=80948"},"author":{"name":"Lo viste en Los Pol\u00edticos","@id":"https:\/\/lospoliticosveracruz.com\/#\/schema\/person\/b8702bb0e538456e6efd07080bf2a4a2"},"headline":"Llega el \u201cNational Pancake Day\u201d","datePublished":"2021-10-20T21:28:25+00:00","dateModified":"2021-10-20T21:28:34+00:00","mainEntityOfPage":{"@id":"https:\/\/lospoliticosveracruz.com\/?p=80948"},"wordCount":465,"publisher":{"@id":"https:\/\/lospoliticosveracruz.com\/#organization"},"keywords":["Buttermilk Pancakes","C\u00e1ncer","IHOP","National Pancake Day"],"articleSection":["De Boleto"],"inLanguage":"es"},{"@type":"WebPage","@id":"https:\/\/lospoliticosveracruz.com\/?p=80948","url":"https:\/\/lospoliticosveracruz.com\/?p=80948","name":"Llega el \u201cNational Pancake Day\u201d - Los pol\u00edticos Veracruz","isPartOf":{"@id":"https:\/\/lospoliticosveracruz.com\/#website"},"datePublished":"2021-10-20T21:28:25+00:00","dateModified":"2021-10-20T21:28:34+00:00","breadcrumb":{"@id":"https:\/\/lospoliticosveracruz.com\/?p=80948#breadcrumb"},"inLanguage":"es","potentialAction":[{"@type":"ReadAction","target":["https:\/\/lospoliticosveracruz.com\/?p=80948"]}]},{"@type":"BreadcrumbList","@id":"https:\/\/lospoliticosveracruz.com\/?p=80948#breadcrumb","itemListElement":[{"@type":"ListItem","position":1,"name":"Portada","item":"https:\/\/lospoliticosveracruz.com\/"},{"@type":"ListItem","position":2,"name":"Llega el \u201cNational Pancake Day\u201d"}]},{"@type":"WebSite","@id":"https:\/\/lospoliticosveracruz.com\/#website","url":"https:\/\/lospoliticosveracruz.com\/","name":"Los pol\u00edticos Veracruz","description":"","publisher":{"@id":"https:\/\/lospoliticosveracruz.com\/#organization"},"potentialAction":[{"@type":"SearchAction","target":{"@type":"EntryPoint","urlTemplate":"https:\/\/lospoliticosveracruz.com\/?s={search_term_string}"},"query-input":{"@type":"PropertyValueSpecification","valueRequired":true,"valueName":"search_term_string"}}],"inLanguage":"es"},{"@type":"Organization","@id":"https:\/\/lospoliticosveracruz.com\/#organization","name":"Los pol\u00edticos Veracruz","url":"https:\/\/lospoliticosveracruz.com\/","logo":{"@type":"ImageObject","inLanguage":"es","@id":"https:\/\/lospoliticosveracruz.com\/#\/schema\/logo\/image\/","url":"https:\/\/lospoliticosveracruz.com\/wp-content\/uploads\/2025\/12\/Logo-Nuevo-LOS-POLITICOS-1.jpg","contentUrl":"https:\/\/lospoliticosveracruz.com\/wp-content\/uploads\/2025\/12\/Logo-Nuevo-LOS-POLITICOS-1.jpg","width":260,"height":70,"caption":"Los pol\u00edticos Veracruz"},"image":{"@id":"https:\/\/lospoliticosveracruz.com\/#\/schema\/logo\/image\/"},"sameAs":["https:\/\/www.facebook.com\/people\/Notimemes-de-los-Polticos\/61565672886568\/","https:\/\/x.com\/LosPoliticosVer"]},{"@type":"Person","@id":"https:\/\/lospoliticosveracruz.com\/#\/schema\/person\/b8702bb0e538456e6efd07080bf2a4a2","name":"Lo viste en Los Pol\u00edticos","image":{"@type":"ImageObject","inLanguage":"es","@id":"https:\/\/secure.gravatar.com\/avatar\/3a8de04a2656d44082be478bd6c086daa447c4651605818287b9532d3d0bd435?s=96&d=mm&r=g","url":"https:\/\/secure.gravatar.com\/avatar\/3a8de04a2656d44082be478bd6c086daa447c4651605818287b9532d3d0bd435?s=96&d=mm&r=g","contentUrl":"https:\/\/secure.gravatar.com\/avatar\/3a8de04a2656d44082be478bd6c086daa447c4651605818287b9532d3d0bd435?s=96&d=mm&r=g","caption":"Lo viste en Los Pol\u00edticos"},"url":"https:\/\/lospoliticosveracruz.com\/?author=2"}]}},"_links":{"self":[{"href":"https:\/\/lospoliticosveracruz.com\/index.php?rest_route=\/wp\/v2\/posts\/80948","targetHints":{"allow":["GET"]}}],"collection":[{"href":"https:\/\/lospoliticosveracruz.com\/index.php?rest_route=\/wp\/v2\/posts"}],"about":[{"href":"https:\/\/lospoliticosveracruz.com\/index.php?rest_route=\/wp\/v2\/types\/post"}],"author":[{"embeddable":true,"href":"https:\/\/lospoliticosveracruz.com\/index.php?rest_route=\/wp\/v2\/users\/2"}],"replies":[{"embeddable":true,"href":"https:\/\/lospoliticosveracruz.com\/index.php?rest_route=%2Fwp%2Fv2%2Fcomments&post=80948"}],"version-history":[{"count":1,"href":"https:\/\/lospoliticosveracruz.com\/index.php?rest_route=\/wp\/v2\/posts\/80948\/revisions"}],"predecessor-version":[{"id":80950,"href":"https:\/\/lospoliticosveracruz.com\/index.php?rest_route=\/wp\/v2\/posts\/80948\/revisions\/80950"}],"wp:attachment":[{"href":"https:\/\/lospoliticosveracruz.com\/index.php?rest_route=%2Fwp%2Fv2%2Fmedia&parent=80948"}],"wp:term":[{"taxonomy":"category","embeddable":true,"href":"https:\/\/lospoliticosveracruz.com\/index.php?rest_route=%2Fwp%2Fv2%2Fcategories&post=80948"},{"taxonomy":"post_tag","embeddable":true,"href":"https:\/\/lospoliticosveracruz.com\/index.php?rest_route=%2Fwp%2Fv2%2Ftags&post=80948"}],"curies":[{"name":"wp","href":"https:\/\/api.w.org\/{rel}","templated":true}]}}