{"id":80951,"date":"2021-10-20T16:31:34","date_gmt":"2021-10-20T21:31:34","guid":{"rendered":"https:\/\/lospoliticosveracruz.com.mx\/?p=80951"},"modified":"2021-10-20T16:31:39","modified_gmt":"2021-10-20T21:31:39","slug":"diez-francos-ejemplo-de-eficiencia-y-honestidad-renato","status":"publish","type":"post","link":"https:\/\/lospoliticosveracruz.com\/?p=80951","title":{"rendered":"Diez Francos, ejemplo de eficiencia y honestidad: Renato"},"content":{"rendered":"\n<p><\/p>\n\n\n\n<p><\/p>\n\n\n\n<p><\/p>\n\n\n\n<p><strong>Orizaba<\/strong><br>El Presidente de la Fundaci\u00f3n Colosio en el Estado de Veracruz, Renato Alarc\u00f3n Guevara, dijo que las declaraciones hechas por On\u00e9simo Zu\u00f1iga Obando, Representante de Morena ante el INE, respecto de la campa\u00f1a pol\u00edtica y la persona de Juan Manuel Diez Francos, \u201csolo demuestran que el tal On\u00e9simo es un perfecto ignorante\u201d.<\/p>\n\n\n\n<p>Alarc\u00f3n Guevara, tambi\u00e9n ex Presidente del PRI en el Estado, se\u00f1al\u00f3 que: \u201cJuan Manuel Diez es un hombre \u00edntegro y honorable; es un ejemplo de eficiencia y honestidad. Prueba de ello es la transformaci\u00f3n de Orizaba, ciudad de la que ser\u00e1 Alcalde por tercera vez con el apoyo absolutamente mayoritario de los orizabe\u00f1os\u201d.<\/p>\n\n\n\n<p>Lament\u00f3 mucho que funcionarios partidistas de MORENA no se den cuenta del caos en el viven las ciudades gobernadas por ellos, como Xalapa y Coatzacoalcos. \u201cAh\u00ed deber\u00edan alzar la voz y no en Orizaba\u201d, agreg\u00f3 el Presidente la Fundaci\u00f3n Colosio.<\/p>\n\n\n\n<p>Respecto del actual Presidente Municipal, Igor Roji L\u00f3pez, se\u00f1al\u00f3 que: \u201ces un Alcalde bien evaluado por la gente; solo es \u201cc\u00f3mplice\u201d del desarrollo y la transformaci\u00f3n de Orizaba\u201d.<\/p>\n\n\n\n<p>Por \u00faltimo, se\u00f1al\u00f3 que los resultados electorales en Orizaba fueron contundentes. \u201cSe gan\u00f3 en las urnas y los \u00f3rganos electorales y tribunales lo han confirmado; y as\u00ed lo seguir\u00e1n confirmando\u201d.<\/p>\n\n\n\n<p>Estas declaraciones del dirigente pri\u00edsta se dan como contundente respuesta a los se\u00f1alamientos del representante de Morena ante el INE, que el d\u00eda de ayer atac\u00f3 verbalmente a los alcaldes en funciones y electo de dicha ciudad y cuestion\u00f3 los resultados electorales.<\/p>\n","protected":false},"excerpt":{"rendered":"<p>OrizabaEl Presidente de la Fundaci\u00f3n Colosio en el Estado de Veracruz, Renato Alarc\u00f3n Guevara, dijo que las declaraciones hechas por On\u00e9simo Zu\u00f1iga Obando, Representante de Morena ante el INE, respecto de la campa\u00f1a pol\u00edtica y la persona de Juan Manuel Diez Francos, \u201csolo demuestran que el tal On\u00e9simo es un perfecto ignorante\u201d. Alarc\u00f3n Guevara, tambi\u00e9n [&hellip;]<\/p>\n","protected":false},"author":2,"featured_media":0,"comment_status":"closed","ping_status":"closed","sticky":false,"template":"","format":"standard","meta":{"tdm_status":"","tdm_grid_status":"","footnotes":""},"categories":[73],"tags":[9712,554,1640,1026,30915,1128,195],"class_list":{"0":"post-80951","1":"post","2":"type-post","3":"status-publish","4":"format-standard","6":"category-de-boleto","7":"tag-fundacion-colosio","8":"tag-ine","9":"tag-juan-manuel-diez-francos","10":"tag-morena","11":"tag-onesimo-zuniga-obando","12":"tag-renato-alarcon-guevara","13":"tag-veracruz"},"yoast_head":"<!-- This site is optimized with the Yoast SEO plugin v27.4 - https:\/\/yoast.com\/product\/yoast-seo-wordpress\/ -->\n<title>Diez Francos, ejemplo de eficiencia y honestidad: Renato - Los pol\u00edticos Veracruz<\/title>\n<meta name=\"robots\" content=\"index, follow, max-snippet:-1, max-image-preview:large, max-video-preview:-1\" \/>\n<link rel=\"canonical\" href=\"https:\/\/lospoliticosveracruz.com\/?p=80951\" \/>\n<meta property=\"og:locale\" content=\"es_ES\" \/>\n<meta property=\"og:type\" content=\"article\" \/>\n<meta property=\"og:title\" content=\"Diez Francos, ejemplo de eficiencia y honestidad: Renato - Los pol\u00edticos Veracruz\" \/>\n<meta property=\"og:description\" content=\"OrizabaEl Presidente de la Fundaci\u00f3n Colosio en el Estado de Veracruz, Renato Alarc\u00f3n Guevara, dijo que las declaraciones hechas por On\u00e9simo Zu\u00f1iga Obando, Representante de Morena ante el INE, respecto de la campa\u00f1a pol\u00edtica y la persona de Juan Manuel Diez Francos, \u201csolo demuestran que el tal On\u00e9simo es un perfecto ignorante\u201d. Alarc\u00f3n Guevara, tambi\u00e9n [&hellip;]\" \/>\n<meta property=\"og:url\" content=\"https:\/\/lospoliticosveracruz.com\/?p=80951\" \/>\n<meta property=\"og:site_name\" content=\"Los pol\u00edticos Veracruz\" \/>\n<meta property=\"article:publisher\" content=\"https:\/\/www.facebook.com\/people\/Notimemes-de-los-Polticos\/61565672886568\/\" \/>\n<meta property=\"article:published_time\" content=\"2021-10-20T21:31:34+00:00\" \/>\n<meta property=\"article:modified_time\" content=\"2021-10-20T21:31:39+00:00\" \/>\n<meta property=\"og:image\" content=\"https:\/\/lospoliticosveracruz.com\/wp-content\/uploads\/2016\/07\/Logo-Dor.jpg\" \/>\n\t<meta property=\"og:image:width\" content=\"200\" \/>\n\t<meta property=\"og:image:height\" content=\"200\" \/>\n\t<meta property=\"og:image:type\" content=\"image\/jpeg\" \/>\n<meta name=\"author\" content=\"Lo viste en Los Pol\u00edticos\" \/>\n<meta name=\"twitter:card\" content=\"summary_large_image\" \/>\n<meta name=\"twitter:creator\" content=\"@LosPoliticosVer\" \/>\n<meta name=\"twitter:site\" content=\"@LosPoliticosVer\" \/>\n<meta name=\"twitter:label1\" content=\"Escrito por\" \/>\n\t<meta name=\"twitter:data1\" content=\"Lo viste en Los Pol\u00edticos\" \/>\n\t<meta name=\"twitter:label2\" content=\"Tiempo de lectura\" \/>\n\t<meta name=\"twitter:data2\" content=\"1 minuto\" \/>\n<script type=\"application\/ld+json\" class=\"yoast-schema-graph\">{\"@context\":\"https:\\\/\\\/schema.org\",\"@graph\":[{\"@type\":\"Article\",\"@id\":\"https:\\\/\\\/lospoliticosveracruz.com\\\/?p=80951#article\",\"isPartOf\":{\"@id\":\"https:\\\/\\\/lospoliticosveracruz.com\\\/?p=80951\"},\"author\":{\"name\":\"Lo viste en Los Pol\u00edticos\",\"@id\":\"https:\\\/\\\/lospoliticosveracruz.com\\\/#\\\/schema\\\/person\\\/b8702bb0e538456e6efd07080bf2a4a2\"},\"headline\":\"Diez Francos, ejemplo de eficiencia y honestidad: Renato\",\"datePublished\":\"2021-10-20T21:31:34+00:00\",\"dateModified\":\"2021-10-20T21:31:39+00:00\",\"mainEntityOfPage\":{\"@id\":\"https:\\\/\\\/lospoliticosveracruz.com\\\/?p=80951\"},\"wordCount\":277,\"publisher\":{\"@id\":\"https:\\\/\\\/lospoliticosveracruz.com\\\/#organization\"},\"keywords\":[\"Fundaci\u00f3n Colosio\",\"INE\",\"Juan Manuel Diez Francos\",\"Morena\",\"On\u00e9simo Zu\u00f1iga Obando\",\"Renato Alarc\u00f3n Guevara\",\"Veracruz\"],\"articleSection\":[\"De Boleto\"],\"inLanguage\":\"es\"},{\"@type\":\"WebPage\",\"@id\":\"https:\\\/\\\/lospoliticosveracruz.com\\\/?p=80951\",\"url\":\"https:\\\/\\\/lospoliticosveracruz.com\\\/?p=80951\",\"name\":\"Diez Francos, ejemplo de eficiencia y honestidad: Renato - Los pol\u00edticos Veracruz\",\"isPartOf\":{\"@id\":\"https:\\\/\\\/lospoliticosveracruz.com\\\/#website\"},\"datePublished\":\"2021-10-20T21:31:34+00:00\",\"dateModified\":\"2021-10-20T21:31:39+00:00\",\"breadcrumb\":{\"@id\":\"https:\\\/\\\/lospoliticosveracruz.com\\\/?p=80951#breadcrumb\"},\"inLanguage\":\"es\",\"potentialAction\":[{\"@type\":\"ReadAction\",\"target\":[\"https:\\\/\\\/lospoliticosveracruz.com\\\/?p=80951\"]}]},{\"@type\":\"BreadcrumbList\",\"@id\":\"https:\\\/\\\/lospoliticosveracruz.com\\\/?p=80951#breadcrumb\",\"itemListElement\":[{\"@type\":\"ListItem\",\"position\":1,\"name\":\"Portada\",\"item\":\"https:\\\/\\\/lospoliticosveracruz.com\\\/\"},{\"@type\":\"ListItem\",\"position\":2,\"name\":\"Diez Francos, ejemplo de eficiencia y honestidad: Renato\"}]},{\"@type\":\"WebSite\",\"@id\":\"https:\\\/\\\/lospoliticosveracruz.com\\\/#website\",\"url\":\"https:\\\/\\\/lospoliticosveracruz.com\\\/\",\"name\":\"Los pol\u00edticos Veracruz\",\"description\":\"\",\"publisher\":{\"@id\":\"https:\\\/\\\/lospoliticosveracruz.com\\\/#organization\"},\"potentialAction\":[{\"@type\":\"SearchAction\",\"target\":{\"@type\":\"EntryPoint\",\"urlTemplate\":\"https:\\\/\\\/lospoliticosveracruz.com\\\/?s={search_term_string}\"},\"query-input\":{\"@type\":\"PropertyValueSpecification\",\"valueRequired\":true,\"valueName\":\"search_term_string\"}}],\"inLanguage\":\"es\"},{\"@type\":\"Organization\",\"@id\":\"https:\\\/\\\/lospoliticosveracruz.com\\\/#organization\",\"name\":\"Los pol\u00edticos Veracruz\",\"url\":\"https:\\\/\\\/lospoliticosveracruz.com\\\/\",\"logo\":{\"@type\":\"ImageObject\",\"inLanguage\":\"es\",\"@id\":\"https:\\\/\\\/lospoliticosveracruz.com\\\/#\\\/schema\\\/logo\\\/image\\\/\",\"url\":\"https:\\\/\\\/lospoliticosveracruz.com\\\/wp-content\\\/uploads\\\/2025\\\/12\\\/Logo-Nuevo-LOS-POLITICOS-1.jpg\",\"contentUrl\":\"https:\\\/\\\/lospoliticosveracruz.com\\\/wp-content\\\/uploads\\\/2025\\\/12\\\/Logo-Nuevo-LOS-POLITICOS-1.jpg\",\"width\":260,\"height\":70,\"caption\":\"Los pol\u00edticos Veracruz\"},\"image\":{\"@id\":\"https:\\\/\\\/lospoliticosveracruz.com\\\/#\\\/schema\\\/logo\\\/image\\\/\"},\"sameAs\":[\"https:\\\/\\\/www.facebook.com\\\/people\\\/Notimemes-de-los-Polticos\\\/61565672886568\\\/\",\"https:\\\/\\\/x.com\\\/LosPoliticosVer\"]},{\"@type\":\"Person\",\"@id\":\"https:\\\/\\\/lospoliticosveracruz.com\\\/#\\\/schema\\\/person\\\/b8702bb0e538456e6efd07080bf2a4a2\",\"name\":\"Lo viste en Los Pol\u00edticos\",\"image\":{\"@type\":\"ImageObject\",\"inLanguage\":\"es\",\"@id\":\"https:\\\/\\\/secure.gravatar.com\\\/avatar\\\/3a8de04a2656d44082be478bd6c086daa447c4651605818287b9532d3d0bd435?s=96&d=mm&r=g\",\"url\":\"https:\\\/\\\/secure.gravatar.com\\\/avatar\\\/3a8de04a2656d44082be478bd6c086daa447c4651605818287b9532d3d0bd435?s=96&d=mm&r=g\",\"contentUrl\":\"https:\\\/\\\/secure.gravatar.com\\\/avatar\\\/3a8de04a2656d44082be478bd6c086daa447c4651605818287b9532d3d0bd435?s=96&d=mm&r=g\",\"caption\":\"Lo viste en Los Pol\u00edticos\"},\"url\":\"https:\\\/\\\/lospoliticosveracruz.com\\\/?author=2\"}]}<\/script>\n<!-- \/ Yoast SEO plugin. -->","yoast_head_json":{"title":"Diez Francos, ejemplo de eficiencia y honestidad: Renato - Los pol\u00edticos Veracruz","robots":{"index":"index","follow":"follow","max-snippet":"max-snippet:-1","max-image-preview":"max-image-preview:large","max-video-preview":"max-video-preview:-1"},"canonical":"https:\/\/lospoliticosveracruz.com\/?p=80951","og_locale":"es_ES","og_type":"article","og_title":"Diez Francos, ejemplo de eficiencia y honestidad: Renato - Los pol\u00edticos Veracruz","og_description":"OrizabaEl Presidente de la Fundaci\u00f3n Colosio en el Estado de Veracruz, Renato Alarc\u00f3n Guevara, dijo que las declaraciones hechas por On\u00e9simo Zu\u00f1iga Obando, Representante de Morena ante el INE, respecto de la campa\u00f1a pol\u00edtica y la persona de Juan Manuel Diez Francos, \u201csolo demuestran que el tal On\u00e9simo es un perfecto ignorante\u201d. Alarc\u00f3n Guevara, tambi\u00e9n [&hellip;]","og_url":"https:\/\/lospoliticosveracruz.com\/?p=80951","og_site_name":"Los pol\u00edticos Veracruz","article_publisher":"https:\/\/www.facebook.com\/people\/Notimemes-de-los-Polticos\/61565672886568\/","article_published_time":"2021-10-20T21:31:34+00:00","article_modified_time":"2021-10-20T21:31:39+00:00","og_image":[{"width":200,"height":200,"url":"https:\/\/lospoliticosveracruz.com\/wp-content\/uploads\/2016\/07\/Logo-Dor.jpg","type":"image\/jpeg"}],"author":"Lo viste en Los Pol\u00edticos","twitter_card":"summary_large_image","twitter_creator":"@LosPoliticosVer","twitter_site":"@LosPoliticosVer","twitter_misc":{"Escrito por":"Lo viste en Los Pol\u00edticos","Tiempo de lectura":"1 minuto"},"schema":{"@context":"https:\/\/schema.org","@graph":[{"@type":"Article","@id":"https:\/\/lospoliticosveracruz.com\/?p=80951#article","isPartOf":{"@id":"https:\/\/lospoliticosveracruz.com\/?p=80951"},"author":{"name":"Lo viste en Los Pol\u00edticos","@id":"https:\/\/lospoliticosveracruz.com\/#\/schema\/person\/b8702bb0e538456e6efd07080bf2a4a2"},"headline":"Diez Francos, ejemplo de eficiencia y honestidad: Renato","datePublished":"2021-10-20T21:31:34+00:00","dateModified":"2021-10-20T21:31:39+00:00","mainEntityOfPage":{"@id":"https:\/\/lospoliticosveracruz.com\/?p=80951"},"wordCount":277,"publisher":{"@id":"https:\/\/lospoliticosveracruz.com\/#organization"},"keywords":["Fundaci\u00f3n Colosio","INE","Juan Manuel Diez Francos","Morena","On\u00e9simo Zu\u00f1iga Obando","Renato Alarc\u00f3n Guevara","Veracruz"],"articleSection":["De Boleto"],"inLanguage":"es"},{"@type":"WebPage","@id":"https:\/\/lospoliticosveracruz.com\/?p=80951","url":"https:\/\/lospoliticosveracruz.com\/?p=80951","name":"Diez Francos, ejemplo de eficiencia y honestidad: Renato - Los pol\u00edticos Veracruz","isPartOf":{"@id":"https:\/\/lospoliticosveracruz.com\/#website"},"datePublished":"2021-10-20T21:31:34+00:00","dateModified":"2021-10-20T21:31:39+00:00","breadcrumb":{"@id":"https:\/\/lospoliticosveracruz.com\/?p=80951#breadcrumb"},"inLanguage":"es","potentialAction":[{"@type":"ReadAction","target":["https:\/\/lospoliticosveracruz.com\/?p=80951"]}]},{"@type":"BreadcrumbList","@id":"https:\/\/lospoliticosveracruz.com\/?p=80951#breadcrumb","itemListElement":[{"@type":"ListItem","position":1,"name":"Portada","item":"https:\/\/lospoliticosveracruz.com\/"},{"@type":"ListItem","position":2,"name":"Diez Francos, ejemplo de eficiencia y honestidad: Renato"}]},{"@type":"WebSite","@id":"https:\/\/lospoliticosveracruz.com\/#website","url":"https:\/\/lospoliticosveracruz.com\/","name":"Los pol\u00edticos Veracruz","description":"","publisher":{"@id":"https:\/\/lospoliticosveracruz.com\/#organization"},"potentialAction":[{"@type":"SearchAction","target":{"@type":"EntryPoint","urlTemplate":"https:\/\/lospoliticosveracruz.com\/?s={search_term_string}"},"query-input":{"@type":"PropertyValueSpecification","valueRequired":true,"valueName":"search_term_string"}}],"inLanguage":"es"},{"@type":"Organization","@id":"https:\/\/lospoliticosveracruz.com\/#organization","name":"Los pol\u00edticos Veracruz","url":"https:\/\/lospoliticosveracruz.com\/","logo":{"@type":"ImageObject","inLanguage":"es","@id":"https:\/\/lospoliticosveracruz.com\/#\/schema\/logo\/image\/","url":"https:\/\/lospoliticosveracruz.com\/wp-content\/uploads\/2025\/12\/Logo-Nuevo-LOS-POLITICOS-1.jpg","contentUrl":"https:\/\/lospoliticosveracruz.com\/wp-content\/uploads\/2025\/12\/Logo-Nuevo-LOS-POLITICOS-1.jpg","width":260,"height":70,"caption":"Los pol\u00edticos Veracruz"},"image":{"@id":"https:\/\/lospoliticosveracruz.com\/#\/schema\/logo\/image\/"},"sameAs":["https:\/\/www.facebook.com\/people\/Notimemes-de-los-Polticos\/61565672886568\/","https:\/\/x.com\/LosPoliticosVer"]},{"@type":"Person","@id":"https:\/\/lospoliticosveracruz.com\/#\/schema\/person\/b8702bb0e538456e6efd07080bf2a4a2","name":"Lo viste en Los Pol\u00edticos","image":{"@type":"ImageObject","inLanguage":"es","@id":"https:\/\/secure.gravatar.com\/avatar\/3a8de04a2656d44082be478bd6c086daa447c4651605818287b9532d3d0bd435?s=96&d=mm&r=g","url":"https:\/\/secure.gravatar.com\/avatar\/3a8de04a2656d44082be478bd6c086daa447c4651605818287b9532d3d0bd435?s=96&d=mm&r=g","contentUrl":"https:\/\/secure.gravatar.com\/avatar\/3a8de04a2656d44082be478bd6c086daa447c4651605818287b9532d3d0bd435?s=96&d=mm&r=g","caption":"Lo viste en Los Pol\u00edticos"},"url":"https:\/\/lospoliticosveracruz.com\/?author=2"}]}},"_links":{"self":[{"href":"https:\/\/lospoliticosveracruz.com\/index.php?rest_route=\/wp\/v2\/posts\/80951","targetHints":{"allow":["GET"]}}],"collection":[{"href":"https:\/\/lospoliticosveracruz.com\/index.php?rest_route=\/wp\/v2\/posts"}],"about":[{"href":"https:\/\/lospoliticosveracruz.com\/index.php?rest_route=\/wp\/v2\/types\/post"}],"author":[{"embeddable":true,"href":"https:\/\/lospoliticosveracruz.com\/index.php?rest_route=\/wp\/v2\/users\/2"}],"replies":[{"embeddable":true,"href":"https:\/\/lospoliticosveracruz.com\/index.php?rest_route=%2Fwp%2Fv2%2Fcomments&post=80951"}],"version-history":[{"count":1,"href":"https:\/\/lospoliticosveracruz.com\/index.php?rest_route=\/wp\/v2\/posts\/80951\/revisions"}],"predecessor-version":[{"id":80953,"href":"https:\/\/lospoliticosveracruz.com\/index.php?rest_route=\/wp\/v2\/posts\/80951\/revisions\/80953"}],"wp:attachment":[{"href":"https:\/\/lospoliticosveracruz.com\/index.php?rest_route=%2Fwp%2Fv2%2Fmedia&parent=80951"}],"wp:term":[{"taxonomy":"category","embeddable":true,"href":"https:\/\/lospoliticosveracruz.com\/index.php?rest_route=%2Fwp%2Fv2%2Fcategories&post=80951"},{"taxonomy":"post_tag","embeddable":true,"href":"https:\/\/lospoliticosveracruz.com\/index.php?rest_route=%2Fwp%2Fv2%2Ftags&post=80951"}],"curies":[{"name":"wp","href":"https:\/\/api.w.org\/{rel}","templated":true}]}}