{"id":80964,"date":"2021-10-20T20:34:32","date_gmt":"2021-10-21T01:34:32","guid":{"rendered":"https:\/\/lospoliticosveracruz.com.mx\/?p=80964"},"modified":"2021-10-20T20:34:40","modified_gmt":"2021-10-21T01:34:40","slug":"mas-abuelitos-a-pension-bienestar","status":"publish","type":"post","link":"https:\/\/lospoliticosveracruz.com\/?p=80964","title":{"rendered":"M\u00e1s abuelitos a Pensi\u00f3n Bienestar!"},"content":{"rendered":"\n<p><\/p>\n\n\n\n<p><strong>Enrique Yasser Pompeyo<br><\/strong><em>Xalapa<\/em><\/p>\n\n\n\n<p>El registro de incorporaci\u00f3n a la pensi\u00f3n para el bienestar de las personas adultas mayores que tienen entre 65 a 67 a\u00f1os de edad no para y sigue.<\/p>\n\n\n\n<p>En la entidad veracruzana, ya se atienden a 647 mil 059 derechohabientes de la pensi\u00f3n, pero la meta es incorporar a 194 mil 353 adultos mayores de 65 a\u00f1os m\u00e1s, para acercar este recurso a un total de 841 mil 412 personas adultas mayores que viven en Veracruz; se tiene un avance de 110 mil 690 nuevas incorporaciones, de acuerdo con la Secretar\u00eda de Bienestar, a trav\u00e9s de la Delegaci\u00f3n Estatal de Programas para el Desarrollo en Veracruz.<\/p>\n\n\n\n<p>Un dato relevante. La meta nacional es incorporar a 2 millones 664 mil 633 nuevos derechohabientes y hasta el momento se lleva un avance de 1 mill\u00f3n 726 mil 007 nuevos adultos mayores, es decir, cerca del 65 por ciento de la meta en M\u00e9xico.<\/p>\n\n\n\n<p>El padr\u00f3n nacional suma a m\u00e1s de 8 millones de adultos mayores y con esta incorporaci\u00f3n se busca alcanzar a m\u00e1s de 10 millones derechohabientes. El tr\u00e1mite se sigue realizando en m\u00f3dulos y en etapas, con prioridad para los municipios m\u00e1s pobres.<\/p>\n\n\n\n<p>Cada bimestre se est\u00e1 incorporando a m\u00e1s de 450 mil personas y se espera que en abril de 2022 se concluya todo el registro para cubrir la meta total nacional.<\/p>\n\n\n\n<p>Una vez realizado el tr\u00e1mite, se les avisar\u00e1 sobre cu\u00e1ndo y d\u00f3nde se les entregar\u00e1 su Tarjeta de la Pensi\u00f3n para el Bienestar de los Adultos Mayores de 65 a\u00f1os, con la cual podr\u00e1n cobrar el recurso que este a\u00f1o aument\u00f3 a 3 mil 100 pesos bimestrales.<\/p>\n\n\n\n<p>A partir de que el presidente Andr\u00e9s Manuel L\u00f3pez Obrador instruy\u00f3 que este derecho social se ampliara para beneficiar de manera general a las personas a partir de los 65 a\u00f1os cumplidos (pues hasta ahora hab\u00eda sido a partir de los 68 a\u00f1os y de los 65 a\u00f1os \u00fanicamente para comunidades ind\u00edgenas y afrodescendientes) se ha llevado a cabo este operativo de registro desde agosto.<\/p>\n\n\n\n<p>La poblaci\u00f3n interesada debe estar pendiente de las convocatorias en cada localidad y a trav\u00e9s del portal <strong><em><a href=\"https:\/\/ubicatumodulo.bienestar.gob.mx\/index\">https:\/\/ubicatumodulo.bienestar.gob.mx\/index<\/a><\/em><\/strong> localizar el m\u00f3dulo que corresponde. Este derecho incluye a las personas pensionadas y jubiladas, por lo que tambi\u00e9n deber\u00e1n acudir a los m\u00f3dulos de registro.<\/p>\n\n\n\n<p>Para realizar el tr\u00e1mite se requieren los siguientes documentos:<\/p>\n\n\n\n<ul class=\"wp-block-list\"><li>Identificaci\u00f3n oficial (credencial del elector, pasaporte, cartilla, c\u00e9dula profesional, credencial del Inapam o carta de identidad).<\/li><li>CURP.<\/li><li>Acta de nacimiento legible.<\/li><li>Comprobante de domicilio no mayor a seis meses (tel\u00e9fono, luz, gas, agua o predial).<\/li><li>Tel\u00e9fono de contacto para dar seguimiento a tu tr\u00e1mite.<\/li><\/ul>\n\n\n\n<p>Para los casos que lo requieran, podr\u00e1n registrar a una persona auxiliar, la cual tambi\u00e9n deber\u00e1 llevar los documentos mencionados.<\/p>\n\n\n\n<p>En caso de que la persona adulta mayor viva en condici\u00f3n de discapacidad o padezca alguna enfermedad que le impida salir de su domicilio, un familiar podr\u00e1 solicitar una visita del personal de la Secretar\u00eda de Bienestar en Veracruz para que realice su registro a la pensi\u00f3n.<\/p>\n","protected":false},"excerpt":{"rendered":"<p>Enrique Yasser PompeyoXalapa El registro de incorporaci\u00f3n a la pensi\u00f3n para el bienestar de las personas adultas mayores que tienen entre 65 a 67 a\u00f1os de edad no para y sigue. En la entidad veracruzana, ya se atienden a 647 mil 059 derechohabientes de la pensi\u00f3n, pero la meta es incorporar a 194 mil 353 [&hellip;]<\/p>\n","protected":false},"author":2,"featured_media":0,"comment_status":"closed","ping_status":"closed","sticky":false,"template":"","format":"standard","meta":{"tdm_status":"","tdm_grid_status":"","footnotes":""},"categories":[6446],"tags":[618,17020,3236,17524],"class_list":{"0":"post-80964","1":"post","2":"type-post","3":"status-publish","4":"format-standard","6":"category-la-nota","7":"tag-andres-manuel-lopez-obrador","8":"tag-bienestar","9":"tag-pension","10":"tag-programas-para-el-desarrollo"},"yoast_head":"<!-- This site is optimized with the Yoast SEO plugin v27.4 - https:\/\/yoast.com\/product\/yoast-seo-wordpress\/ -->\n<title>M\u00e1s abuelitos a Pensi\u00f3n Bienestar! - Los pol\u00edticos Veracruz<\/title>\n<meta name=\"robots\" content=\"index, follow, max-snippet:-1, max-image-preview:large, max-video-preview:-1\" \/>\n<link rel=\"canonical\" href=\"https:\/\/lospoliticosveracruz.com\/?p=80964\" \/>\n<meta property=\"og:locale\" content=\"es_ES\" \/>\n<meta property=\"og:type\" content=\"article\" \/>\n<meta property=\"og:title\" content=\"M\u00e1s abuelitos a Pensi\u00f3n Bienestar! - Los pol\u00edticos Veracruz\" \/>\n<meta property=\"og:description\" content=\"Enrique Yasser PompeyoXalapa El registro de incorporaci\u00f3n a la pensi\u00f3n para el bienestar de las personas adultas mayores que tienen entre 65 a 67 a\u00f1os de edad no para y sigue. En la entidad veracruzana, ya se atienden a 647 mil 059 derechohabientes de la pensi\u00f3n, pero la meta es incorporar a 194 mil 353 [&hellip;]\" \/>\n<meta property=\"og:url\" content=\"https:\/\/lospoliticosveracruz.com\/?p=80964\" \/>\n<meta property=\"og:site_name\" content=\"Los pol\u00edticos Veracruz\" \/>\n<meta property=\"article:publisher\" content=\"https:\/\/www.facebook.com\/people\/Notimemes-de-los-Polticos\/61565672886568\/\" \/>\n<meta property=\"article:published_time\" content=\"2021-10-21T01:34:32+00:00\" \/>\n<meta property=\"article:modified_time\" content=\"2021-10-21T01:34:40+00:00\" \/>\n<meta property=\"og:image\" content=\"https:\/\/lospoliticosveracruz.com\/wp-content\/uploads\/2016\/07\/Logo-Dor.jpg\" \/>\n\t<meta property=\"og:image:width\" content=\"200\" \/>\n\t<meta property=\"og:image:height\" content=\"200\" \/>\n\t<meta property=\"og:image:type\" content=\"image\/jpeg\" \/>\n<meta name=\"author\" content=\"Lo viste en Los Pol\u00edticos\" \/>\n<meta name=\"twitter:card\" content=\"summary_large_image\" \/>\n<meta name=\"twitter:creator\" content=\"@LosPoliticosVer\" \/>\n<meta name=\"twitter:site\" content=\"@LosPoliticosVer\" \/>\n<meta name=\"twitter:label1\" content=\"Escrito por\" \/>\n\t<meta name=\"twitter:data1\" content=\"Lo viste en Los Pol\u00edticos\" \/>\n\t<meta name=\"twitter:label2\" content=\"Tiempo de lectura\" \/>\n\t<meta name=\"twitter:data2\" content=\"3 minutos\" \/>\n<script type=\"application\/ld+json\" class=\"yoast-schema-graph\">{\"@context\":\"https:\\\/\\\/schema.org\",\"@graph\":[{\"@type\":\"Article\",\"@id\":\"https:\\\/\\\/lospoliticosveracruz.com\\\/?p=80964#article\",\"isPartOf\":{\"@id\":\"https:\\\/\\\/lospoliticosveracruz.com\\\/?p=80964\"},\"author\":{\"name\":\"Lo viste en Los Pol\u00edticos\",\"@id\":\"https:\\\/\\\/lospoliticosveracruz.com\\\/#\\\/schema\\\/person\\\/b8702bb0e538456e6efd07080bf2a4a2\"},\"headline\":\"M\u00e1s abuelitos a Pensi\u00f3n Bienestar!\",\"datePublished\":\"2021-10-21T01:34:32+00:00\",\"dateModified\":\"2021-10-21T01:34:40+00:00\",\"mainEntityOfPage\":{\"@id\":\"https:\\\/\\\/lospoliticosveracruz.com\\\/?p=80964\"},\"wordCount\":536,\"publisher\":{\"@id\":\"https:\\\/\\\/lospoliticosveracruz.com\\\/#organization\"},\"keywords\":[\"Andr\u00e9s Manuel L\u00f3pez Obrador\",\"Bienestar\",\"pensi\u00f3n\",\"Programas para el Desarrollo\"],\"articleSection\":[\"La Nota\"],\"inLanguage\":\"es\"},{\"@type\":\"WebPage\",\"@id\":\"https:\\\/\\\/lospoliticosveracruz.com\\\/?p=80964\",\"url\":\"https:\\\/\\\/lospoliticosveracruz.com\\\/?p=80964\",\"name\":\"M\u00e1s abuelitos a Pensi\u00f3n Bienestar! - Los pol\u00edticos Veracruz\",\"isPartOf\":{\"@id\":\"https:\\\/\\\/lospoliticosveracruz.com\\\/#website\"},\"datePublished\":\"2021-10-21T01:34:32+00:00\",\"dateModified\":\"2021-10-21T01:34:40+00:00\",\"breadcrumb\":{\"@id\":\"https:\\\/\\\/lospoliticosveracruz.com\\\/?p=80964#breadcrumb\"},\"inLanguage\":\"es\",\"potentialAction\":[{\"@type\":\"ReadAction\",\"target\":[\"https:\\\/\\\/lospoliticosveracruz.com\\\/?p=80964\"]}]},{\"@type\":\"BreadcrumbList\",\"@id\":\"https:\\\/\\\/lospoliticosveracruz.com\\\/?p=80964#breadcrumb\",\"itemListElement\":[{\"@type\":\"ListItem\",\"position\":1,\"name\":\"Portada\",\"item\":\"https:\\\/\\\/lospoliticosveracruz.com\\\/\"},{\"@type\":\"ListItem\",\"position\":2,\"name\":\"M\u00e1s abuelitos a Pensi\u00f3n Bienestar!\"}]},{\"@type\":\"WebSite\",\"@id\":\"https:\\\/\\\/lospoliticosveracruz.com\\\/#website\",\"url\":\"https:\\\/\\\/lospoliticosveracruz.com\\\/\",\"name\":\"Los pol\u00edticos Veracruz\",\"description\":\"\",\"publisher\":{\"@id\":\"https:\\\/\\\/lospoliticosveracruz.com\\\/#organization\"},\"potentialAction\":[{\"@type\":\"SearchAction\",\"target\":{\"@type\":\"EntryPoint\",\"urlTemplate\":\"https:\\\/\\\/lospoliticosveracruz.com\\\/?s={search_term_string}\"},\"query-input\":{\"@type\":\"PropertyValueSpecification\",\"valueRequired\":true,\"valueName\":\"search_term_string\"}}],\"inLanguage\":\"es\"},{\"@type\":\"Organization\",\"@id\":\"https:\\\/\\\/lospoliticosveracruz.com\\\/#organization\",\"name\":\"Los pol\u00edticos Veracruz\",\"url\":\"https:\\\/\\\/lospoliticosveracruz.com\\\/\",\"logo\":{\"@type\":\"ImageObject\",\"inLanguage\":\"es\",\"@id\":\"https:\\\/\\\/lospoliticosveracruz.com\\\/#\\\/schema\\\/logo\\\/image\\\/\",\"url\":\"https:\\\/\\\/lospoliticosveracruz.com\\\/wp-content\\\/uploads\\\/2025\\\/12\\\/Logo-Nuevo-LOS-POLITICOS-1.jpg\",\"contentUrl\":\"https:\\\/\\\/lospoliticosveracruz.com\\\/wp-content\\\/uploads\\\/2025\\\/12\\\/Logo-Nuevo-LOS-POLITICOS-1.jpg\",\"width\":260,\"height\":70,\"caption\":\"Los pol\u00edticos Veracruz\"},\"image\":{\"@id\":\"https:\\\/\\\/lospoliticosveracruz.com\\\/#\\\/schema\\\/logo\\\/image\\\/\"},\"sameAs\":[\"https:\\\/\\\/www.facebook.com\\\/people\\\/Notimemes-de-los-Polticos\\\/61565672886568\\\/\",\"https:\\\/\\\/x.com\\\/LosPoliticosVer\"]},{\"@type\":\"Person\",\"@id\":\"https:\\\/\\\/lospoliticosveracruz.com\\\/#\\\/schema\\\/person\\\/b8702bb0e538456e6efd07080bf2a4a2\",\"name\":\"Lo viste en Los Pol\u00edticos\",\"image\":{\"@type\":\"ImageObject\",\"inLanguage\":\"es\",\"@id\":\"https:\\\/\\\/secure.gravatar.com\\\/avatar\\\/3a8de04a2656d44082be478bd6c086daa447c4651605818287b9532d3d0bd435?s=96&d=mm&r=g\",\"url\":\"https:\\\/\\\/secure.gravatar.com\\\/avatar\\\/3a8de04a2656d44082be478bd6c086daa447c4651605818287b9532d3d0bd435?s=96&d=mm&r=g\",\"contentUrl\":\"https:\\\/\\\/secure.gravatar.com\\\/avatar\\\/3a8de04a2656d44082be478bd6c086daa447c4651605818287b9532d3d0bd435?s=96&d=mm&r=g\",\"caption\":\"Lo viste en Los Pol\u00edticos\"},\"url\":\"https:\\\/\\\/lospoliticosveracruz.com\\\/?author=2\"}]}<\/script>\n<!-- \/ Yoast SEO plugin. -->","yoast_head_json":{"title":"M\u00e1s abuelitos a Pensi\u00f3n Bienestar! - Los pol\u00edticos Veracruz","robots":{"index":"index","follow":"follow","max-snippet":"max-snippet:-1","max-image-preview":"max-image-preview:large","max-video-preview":"max-video-preview:-1"},"canonical":"https:\/\/lospoliticosveracruz.com\/?p=80964","og_locale":"es_ES","og_type":"article","og_title":"M\u00e1s abuelitos a Pensi\u00f3n Bienestar! - Los pol\u00edticos Veracruz","og_description":"Enrique Yasser PompeyoXalapa El registro de incorporaci\u00f3n a la pensi\u00f3n para el bienestar de las personas adultas mayores que tienen entre 65 a 67 a\u00f1os de edad no para y sigue. En la entidad veracruzana, ya se atienden a 647 mil 059 derechohabientes de la pensi\u00f3n, pero la meta es incorporar a 194 mil 353 [&hellip;]","og_url":"https:\/\/lospoliticosveracruz.com\/?p=80964","og_site_name":"Los pol\u00edticos Veracruz","article_publisher":"https:\/\/www.facebook.com\/people\/Notimemes-de-los-Polticos\/61565672886568\/","article_published_time":"2021-10-21T01:34:32+00:00","article_modified_time":"2021-10-21T01:34:40+00:00","og_image":[{"width":200,"height":200,"url":"https:\/\/lospoliticosveracruz.com\/wp-content\/uploads\/2016\/07\/Logo-Dor.jpg","type":"image\/jpeg"}],"author":"Lo viste en Los Pol\u00edticos","twitter_card":"summary_large_image","twitter_creator":"@LosPoliticosVer","twitter_site":"@LosPoliticosVer","twitter_misc":{"Escrito por":"Lo viste en Los Pol\u00edticos","Tiempo de lectura":"3 minutos"},"schema":{"@context":"https:\/\/schema.org","@graph":[{"@type":"Article","@id":"https:\/\/lospoliticosveracruz.com\/?p=80964#article","isPartOf":{"@id":"https:\/\/lospoliticosveracruz.com\/?p=80964"},"author":{"name":"Lo viste en Los Pol\u00edticos","@id":"https:\/\/lospoliticosveracruz.com\/#\/schema\/person\/b8702bb0e538456e6efd07080bf2a4a2"},"headline":"M\u00e1s abuelitos a Pensi\u00f3n Bienestar!","datePublished":"2021-10-21T01:34:32+00:00","dateModified":"2021-10-21T01:34:40+00:00","mainEntityOfPage":{"@id":"https:\/\/lospoliticosveracruz.com\/?p=80964"},"wordCount":536,"publisher":{"@id":"https:\/\/lospoliticosveracruz.com\/#organization"},"keywords":["Andr\u00e9s Manuel L\u00f3pez Obrador","Bienestar","pensi\u00f3n","Programas para el Desarrollo"],"articleSection":["La Nota"],"inLanguage":"es"},{"@type":"WebPage","@id":"https:\/\/lospoliticosveracruz.com\/?p=80964","url":"https:\/\/lospoliticosveracruz.com\/?p=80964","name":"M\u00e1s abuelitos a Pensi\u00f3n Bienestar! - Los pol\u00edticos Veracruz","isPartOf":{"@id":"https:\/\/lospoliticosveracruz.com\/#website"},"datePublished":"2021-10-21T01:34:32+00:00","dateModified":"2021-10-21T01:34:40+00:00","breadcrumb":{"@id":"https:\/\/lospoliticosveracruz.com\/?p=80964#breadcrumb"},"inLanguage":"es","potentialAction":[{"@type":"ReadAction","target":["https:\/\/lospoliticosveracruz.com\/?p=80964"]}]},{"@type":"BreadcrumbList","@id":"https:\/\/lospoliticosveracruz.com\/?p=80964#breadcrumb","itemListElement":[{"@type":"ListItem","position":1,"name":"Portada","item":"https:\/\/lospoliticosveracruz.com\/"},{"@type":"ListItem","position":2,"name":"M\u00e1s abuelitos a Pensi\u00f3n Bienestar!"}]},{"@type":"WebSite","@id":"https:\/\/lospoliticosveracruz.com\/#website","url":"https:\/\/lospoliticosveracruz.com\/","name":"Los pol\u00edticos Veracruz","description":"","publisher":{"@id":"https:\/\/lospoliticosveracruz.com\/#organization"},"potentialAction":[{"@type":"SearchAction","target":{"@type":"EntryPoint","urlTemplate":"https:\/\/lospoliticosveracruz.com\/?s={search_term_string}"},"query-input":{"@type":"PropertyValueSpecification","valueRequired":true,"valueName":"search_term_string"}}],"inLanguage":"es"},{"@type":"Organization","@id":"https:\/\/lospoliticosveracruz.com\/#organization","name":"Los pol\u00edticos Veracruz","url":"https:\/\/lospoliticosveracruz.com\/","logo":{"@type":"ImageObject","inLanguage":"es","@id":"https:\/\/lospoliticosveracruz.com\/#\/schema\/logo\/image\/","url":"https:\/\/lospoliticosveracruz.com\/wp-content\/uploads\/2025\/12\/Logo-Nuevo-LOS-POLITICOS-1.jpg","contentUrl":"https:\/\/lospoliticosveracruz.com\/wp-content\/uploads\/2025\/12\/Logo-Nuevo-LOS-POLITICOS-1.jpg","width":260,"height":70,"caption":"Los pol\u00edticos Veracruz"},"image":{"@id":"https:\/\/lospoliticosveracruz.com\/#\/schema\/logo\/image\/"},"sameAs":["https:\/\/www.facebook.com\/people\/Notimemes-de-los-Polticos\/61565672886568\/","https:\/\/x.com\/LosPoliticosVer"]},{"@type":"Person","@id":"https:\/\/lospoliticosveracruz.com\/#\/schema\/person\/b8702bb0e538456e6efd07080bf2a4a2","name":"Lo viste en Los Pol\u00edticos","image":{"@type":"ImageObject","inLanguage":"es","@id":"https:\/\/secure.gravatar.com\/avatar\/3a8de04a2656d44082be478bd6c086daa447c4651605818287b9532d3d0bd435?s=96&d=mm&r=g","url":"https:\/\/secure.gravatar.com\/avatar\/3a8de04a2656d44082be478bd6c086daa447c4651605818287b9532d3d0bd435?s=96&d=mm&r=g","contentUrl":"https:\/\/secure.gravatar.com\/avatar\/3a8de04a2656d44082be478bd6c086daa447c4651605818287b9532d3d0bd435?s=96&d=mm&r=g","caption":"Lo viste en Los Pol\u00edticos"},"url":"https:\/\/lospoliticosveracruz.com\/?author=2"}]}},"_links":{"self":[{"href":"https:\/\/lospoliticosveracruz.com\/index.php?rest_route=\/wp\/v2\/posts\/80964","targetHints":{"allow":["GET"]}}],"collection":[{"href":"https:\/\/lospoliticosveracruz.com\/index.php?rest_route=\/wp\/v2\/posts"}],"about":[{"href":"https:\/\/lospoliticosveracruz.com\/index.php?rest_route=\/wp\/v2\/types\/post"}],"author":[{"embeddable":true,"href":"https:\/\/lospoliticosveracruz.com\/index.php?rest_route=\/wp\/v2\/users\/2"}],"replies":[{"embeddable":true,"href":"https:\/\/lospoliticosveracruz.com\/index.php?rest_route=%2Fwp%2Fv2%2Fcomments&post=80964"}],"version-history":[{"count":1,"href":"https:\/\/lospoliticosveracruz.com\/index.php?rest_route=\/wp\/v2\/posts\/80964\/revisions"}],"predecessor-version":[{"id":80966,"href":"https:\/\/lospoliticosveracruz.com\/index.php?rest_route=\/wp\/v2\/posts\/80964\/revisions\/80966"}],"wp:attachment":[{"href":"https:\/\/lospoliticosveracruz.com\/index.php?rest_route=%2Fwp%2Fv2%2Fmedia&parent=80964"}],"wp:term":[{"taxonomy":"category","embeddable":true,"href":"https:\/\/lospoliticosveracruz.com\/index.php?rest_route=%2Fwp%2Fv2%2Fcategories&post=80964"},{"taxonomy":"post_tag","embeddable":true,"href":"https:\/\/lospoliticosveracruz.com\/index.php?rest_route=%2Fwp%2Fv2%2Ftags&post=80964"}],"curies":[{"name":"wp","href":"https:\/\/api.w.org\/{rel}","templated":true}]}}