{"id":80998,"date":"2021-10-21T19:11:16","date_gmt":"2021-10-22T00:11:16","guid":{"rendered":"https:\/\/lospoliticosveracruz.com.mx\/?p=80998"},"modified":"2021-10-21T19:11:20","modified_gmt":"2021-10-22T00:11:20","slug":"se-saca-10-en-rehabilitacion-de-escuelas-y-becas","status":"publish","type":"post","link":"https:\/\/lospoliticosveracruz.com\/?p=80998","title":{"rendered":"Se saca 10 en rehabilitaci\u00f3n de escuelas y becas!"},"content":{"rendered":"\n<p><\/p>\n\n\n\n<p><\/p>\n\n\n\n<p>Veracruz<br>Al rendir su cuarto informe de labores, Miguel Hermida Copado, regidor tercero del Ayuntamiento de Veracruz, destac\u00f3 el trabajo realizado al frente de las tres comisiones que encabez\u00f3 en el cabildo porte\u00f1o: educaci\u00f3n, limpia p\u00fablica y fomento deportivo.<\/p>\n\n\n\n<p>Al iniciar su discurso, Miguel Hermida agradeci\u00f3 la asistencia del Alcalde Fernando Yunes M\u00e1rquez, de la sindica Alma Aida La Madrid y de sus compa\u00f1eros ediles, as\u00ed como de la Presidenta Municipal electa, Patricia Lobeira de Yunes y de Miguel \u00c1ngel Yunes M\u00e1rquez.<\/p>\n\n\n\n<p>Tambi\u00e9n agradeci\u00f3 la presencia de los presidentes de Coparmex, Alberto Aja Cantero; Canirac, Marcel Vaneyck, de la Asociaci\u00f3n de Hoteles y Moteles de Veracruz Boca del R\u00edo, Santiago Carames Chaparro; de su pap\u00e1, Miguel Hermida Hern\u00e1ndez, as\u00ed como del secretario general del PAN estatal, Tito Delfin, de legisladores federales y estatales, de sus compa\u00f1eros de su partido Acci\u00f3n Nacional y del dirigente del PRI Estatal, Marlon Ram\u00edrez.<\/p>\n\n\n\n<p>Miguel Hermida inform\u00f3 que el eje central de la administraci\u00f3n municipal, presidida por Fernando Yunes, ha sido la transparencia y la rendici\u00f3n de cuentas en el servicio p\u00fablico, la cual se ha convertido en la mejor forma de evaluaci\u00f3n e interacci\u00f3n entre los ciudadanos y sus funcionarios, y por ello fueron galardonados como uno de los ayuntamientos m\u00e1s transparentes del pa\u00eds.<\/p>\n\n\n\n<p>En la Comisi\u00f3n de Educaci\u00f3n, destac\u00f3 el reto que signific\u00f3 la aplicaci\u00f3n de los recursos priorizando las necesidades de las escuelas, logrando intervenir 121 espacios educativos.<\/p>\n\n\n\n<p>\u201cEl rezago en infraestructura en nuestra ciudad es muy profundo, por ello el cabildo encabezado por Fernando Yunes M\u00e1rquez, propuso en sus 4 Planes Generales de Inversi\u00f3n obras por mas de 62 millones de pesos\u201d, dijo.<\/p>\n\n\n\n<p>Se\u00f1al\u00f3 que en contraste el Gobierno del Estado s\u00f3lo ha realizado unas cuantas obras. \u201cLas prioridades cambiaron y, para muestra un bot\u00f3n: la obra mas importante que ha realizado el gobierno de Cuitl\u00e1huac Garc\u00eda en la zona conurbada es la remodelaci\u00f3n del estadio de b\u00e9isbol por 89 millones de pesos\u201d.<\/p>\n\n\n\n<p>Tambi\u00e9n destac\u00f3 el ahorro realizado por el Alcalde Fernando Yunes al disminuir salarios de los regidores y reducirles el personal. \u201cDe este ahorro se logr\u00f3 una bolsa de 10 millones de pesos, mismos que se convirtieron en 10 mil becas para los estudiantes de nuestra ciudad\u201d.<\/p>\n\n\n\n<p>Asimismo dio a conocer que el Ayuntamiento de Veracruz entreg\u00f3 en donaci\u00f3n m\u00e1s de 200 millones de pesos en inmuebles a la Secretar\u00eda de Educaci\u00f3n de Veracruz, e hizo el exhorto al Secretario de Educaci\u00f3n de Veracruz Zenyazen Escobar a que termine los proceso de escrituraci\u00f3n de las escuelas.<\/p>\n\n\n\n<p>En la Comisi\u00f3n de Limpia P\u00fablica, Hermida Copado dijo que a pesar de las condiciones adversas que se presentaron durante esta administraci\u00f3n, como fueron el cierre del relleno sanitario, problem\u00e1tica heredada a esta administraci\u00f3n y una pandemia mundial, el servicio no se interrumpi\u00f3 un solo d\u00eda.<\/p>\n\n\n\n<p>Miguel Hermida dijo que en Fomento Deportivo la primera acci\u00f3n en el gobierno municipal fue recuperar todas y cada una de las unidades deportivas del municipio y se cre\u00f3 un Reglamento que estableciera que nunca mas particulares asumieran como propias canchas y unidades deportivas de la ciudad.<\/p>\n\n\n\n<p>\u201cHoy todas son administradas por personal del Ayuntamiento, realizamos un inventario de necesidades de cada una de ellas y las transformamos en unidades deportivas dignas, limpias y seguras\u201d.<\/p>\n\n\n\n<p>Destac\u00f3 que el cabildo de Veracruz aprob\u00f3 en sus Planes Generales de Inversi\u00f3n durante estos 4 a\u00f1os mas de 40 millones de pesos en Obra P\u00fablica mismos que se invirtieron en 9 complejos deportivos para su mejoramiento.<\/p>\n\n\n\n<p>Por \u00faltimo, el regidor Miguel Hermida afirm\u00f3 que pertenecer al cabildo de los 500 a\u00f1os de la fundaci\u00f3n del Ayuntamiento de Veracruz ha sido un honor.<\/p>\n\n\n\n<p>\u201cMe voy con el orgullo del deber cumplido, contribuyendo para mejorar el entorno de mi ciudad, quiero agradecer al alcalde Fernando Yunes haberme invitado a pertenecer a su cabildo y a mi ciudad, el haberme elegido regidor; a los ciudadanos de Veracruz gracias por la oportunidad de permitirme seguirles sirviendo\u201d, concluy\u00f3.<\/p>\n","protected":false},"excerpt":{"rendered":"<p>VeracruzAl rendir su cuarto informe de labores, Miguel Hermida Copado, regidor tercero del Ayuntamiento de Veracruz, destac\u00f3 el trabajo realizado al frente de las tres comisiones que encabez\u00f3 en el cabildo porte\u00f1o: educaci\u00f3n, limpia p\u00fablica y fomento deportivo. Al iniciar su discurso, Miguel Hermida agradeci\u00f3 la asistencia del Alcalde Fernando Yunes M\u00e1rquez, de la sindica [&hellip;]<\/p>\n","protected":false},"author":2,"featured_media":0,"comment_status":"closed","ping_status":"closed","sticky":false,"template":"","format":"standard","meta":{"tdm_status":"","tdm_grid_status":"","footnotes":""},"categories":[73],"tags":[7998,6293,818,30938,28430,28226],"class_list":{"0":"post-80998","1":"post","2":"type-post","3":"status-publish","4":"format-standard","6":"category-de-boleto","7":"tag-canirac","8":"tag-coparmex","9":"tag-fernando-yunes-marquez","10":"tag-marcel-vaneyck","11":"tag-miguel-hermida-copado","12":"tag-paty-lobeira-de-yunes"},"yoast_head":"<!-- This site is optimized with the Yoast SEO plugin v27.4 - https:\/\/yoast.com\/product\/yoast-seo-wordpress\/ -->\n<title>Se saca 10 en rehabilitaci\u00f3n de escuelas y becas! - Los pol\u00edticos Veracruz<\/title>\n<meta name=\"robots\" content=\"index, follow, max-snippet:-1, max-image-preview:large, max-video-preview:-1\" \/>\n<link rel=\"canonical\" href=\"https:\/\/lospoliticosveracruz.com\/?p=80998\" \/>\n<meta property=\"og:locale\" content=\"es_ES\" \/>\n<meta property=\"og:type\" content=\"article\" \/>\n<meta property=\"og:title\" content=\"Se saca 10 en rehabilitaci\u00f3n de escuelas y becas! - Los pol\u00edticos Veracruz\" \/>\n<meta property=\"og:description\" content=\"VeracruzAl rendir su cuarto informe de labores, Miguel Hermida Copado, regidor tercero del Ayuntamiento de Veracruz, destac\u00f3 el trabajo realizado al frente de las tres comisiones que encabez\u00f3 en el cabildo porte\u00f1o: educaci\u00f3n, limpia p\u00fablica y fomento deportivo. Al iniciar su discurso, Miguel Hermida agradeci\u00f3 la asistencia del Alcalde Fernando Yunes M\u00e1rquez, de la sindica [&hellip;]\" \/>\n<meta property=\"og:url\" content=\"https:\/\/lospoliticosveracruz.com\/?p=80998\" \/>\n<meta property=\"og:site_name\" content=\"Los pol\u00edticos Veracruz\" \/>\n<meta property=\"article:publisher\" content=\"https:\/\/www.facebook.com\/people\/Notimemes-de-los-Polticos\/61565672886568\/\" \/>\n<meta property=\"article:published_time\" content=\"2021-10-22T00:11:16+00:00\" \/>\n<meta property=\"article:modified_time\" content=\"2021-10-22T00:11:20+00:00\" \/>\n<meta property=\"og:image\" content=\"https:\/\/lospoliticosveracruz.com\/wp-content\/uploads\/2016\/07\/Logo-Dor.jpg\" \/>\n\t<meta property=\"og:image:width\" content=\"200\" \/>\n\t<meta property=\"og:image:height\" content=\"200\" \/>\n\t<meta property=\"og:image:type\" content=\"image\/jpeg\" \/>\n<meta name=\"author\" content=\"Lo viste en Los Pol\u00edticos\" \/>\n<meta name=\"twitter:card\" content=\"summary_large_image\" \/>\n<meta name=\"twitter:creator\" content=\"@LosPoliticosVer\" \/>\n<meta name=\"twitter:site\" content=\"@LosPoliticosVer\" \/>\n<meta name=\"twitter:label1\" content=\"Escrito por\" \/>\n\t<meta name=\"twitter:data1\" content=\"Lo viste en Los Pol\u00edticos\" \/>\n\t<meta name=\"twitter:label2\" content=\"Tiempo de lectura\" \/>\n\t<meta name=\"twitter:data2\" content=\"3 minutos\" \/>\n<script type=\"application\/ld+json\" class=\"yoast-schema-graph\">{\"@context\":\"https:\\\/\\\/schema.org\",\"@graph\":[{\"@type\":\"Article\",\"@id\":\"https:\\\/\\\/lospoliticosveracruz.com\\\/?p=80998#article\",\"isPartOf\":{\"@id\":\"https:\\\/\\\/lospoliticosveracruz.com\\\/?p=80998\"},\"author\":{\"name\":\"Lo viste en Los Pol\u00edticos\",\"@id\":\"https:\\\/\\\/lospoliticosveracruz.com\\\/#\\\/schema\\\/person\\\/b8702bb0e538456e6efd07080bf2a4a2\"},\"headline\":\"Se saca 10 en rehabilitaci\u00f3n de escuelas y becas!\",\"datePublished\":\"2021-10-22T00:11:16+00:00\",\"dateModified\":\"2021-10-22T00:11:20+00:00\",\"mainEntityOfPage\":{\"@id\":\"https:\\\/\\\/lospoliticosveracruz.com\\\/?p=80998\"},\"wordCount\":700,\"publisher\":{\"@id\":\"https:\\\/\\\/lospoliticosveracruz.com\\\/#organization\"},\"keywords\":[\"Canirac\",\"Coparmex\",\"Fernando Yunes M\u00e1rquez\",\"Marcel Vaneyck\",\"Miguel Hermida Copado\",\"Paty Lobeira de Yunes\"],\"articleSection\":[\"De Boleto\"],\"inLanguage\":\"es\"},{\"@type\":\"WebPage\",\"@id\":\"https:\\\/\\\/lospoliticosveracruz.com\\\/?p=80998\",\"url\":\"https:\\\/\\\/lospoliticosveracruz.com\\\/?p=80998\",\"name\":\"Se saca 10 en rehabilitaci\u00f3n de escuelas y becas! - Los pol\u00edticos Veracruz\",\"isPartOf\":{\"@id\":\"https:\\\/\\\/lospoliticosveracruz.com\\\/#website\"},\"datePublished\":\"2021-10-22T00:11:16+00:00\",\"dateModified\":\"2021-10-22T00:11:20+00:00\",\"breadcrumb\":{\"@id\":\"https:\\\/\\\/lospoliticosveracruz.com\\\/?p=80998#breadcrumb\"},\"inLanguage\":\"es\",\"potentialAction\":[{\"@type\":\"ReadAction\",\"target\":[\"https:\\\/\\\/lospoliticosveracruz.com\\\/?p=80998\"]}]},{\"@type\":\"BreadcrumbList\",\"@id\":\"https:\\\/\\\/lospoliticosveracruz.com\\\/?p=80998#breadcrumb\",\"itemListElement\":[{\"@type\":\"ListItem\",\"position\":1,\"name\":\"Portada\",\"item\":\"https:\\\/\\\/lospoliticosveracruz.com\\\/\"},{\"@type\":\"ListItem\",\"position\":2,\"name\":\"Se saca 10 en rehabilitaci\u00f3n de escuelas y becas!\"}]},{\"@type\":\"WebSite\",\"@id\":\"https:\\\/\\\/lospoliticosveracruz.com\\\/#website\",\"url\":\"https:\\\/\\\/lospoliticosveracruz.com\\\/\",\"name\":\"Los pol\u00edticos Veracruz\",\"description\":\"\",\"publisher\":{\"@id\":\"https:\\\/\\\/lospoliticosveracruz.com\\\/#organization\"},\"potentialAction\":[{\"@type\":\"SearchAction\",\"target\":{\"@type\":\"EntryPoint\",\"urlTemplate\":\"https:\\\/\\\/lospoliticosveracruz.com\\\/?s={search_term_string}\"},\"query-input\":{\"@type\":\"PropertyValueSpecification\",\"valueRequired\":true,\"valueName\":\"search_term_string\"}}],\"inLanguage\":\"es\"},{\"@type\":\"Organization\",\"@id\":\"https:\\\/\\\/lospoliticosveracruz.com\\\/#organization\",\"name\":\"Los pol\u00edticos Veracruz\",\"url\":\"https:\\\/\\\/lospoliticosveracruz.com\\\/\",\"logo\":{\"@type\":\"ImageObject\",\"inLanguage\":\"es\",\"@id\":\"https:\\\/\\\/lospoliticosveracruz.com\\\/#\\\/schema\\\/logo\\\/image\\\/\",\"url\":\"https:\\\/\\\/lospoliticosveracruz.com\\\/wp-content\\\/uploads\\\/2025\\\/12\\\/Logo-Nuevo-LOS-POLITICOS-1.jpg\",\"contentUrl\":\"https:\\\/\\\/lospoliticosveracruz.com\\\/wp-content\\\/uploads\\\/2025\\\/12\\\/Logo-Nuevo-LOS-POLITICOS-1.jpg\",\"width\":260,\"height\":70,\"caption\":\"Los pol\u00edticos Veracruz\"},\"image\":{\"@id\":\"https:\\\/\\\/lospoliticosveracruz.com\\\/#\\\/schema\\\/logo\\\/image\\\/\"},\"sameAs\":[\"https:\\\/\\\/www.facebook.com\\\/people\\\/Notimemes-de-los-Polticos\\\/61565672886568\\\/\",\"https:\\\/\\\/x.com\\\/LosPoliticosVer\"]},{\"@type\":\"Person\",\"@id\":\"https:\\\/\\\/lospoliticosveracruz.com\\\/#\\\/schema\\\/person\\\/b8702bb0e538456e6efd07080bf2a4a2\",\"name\":\"Lo viste en Los Pol\u00edticos\",\"image\":{\"@type\":\"ImageObject\",\"inLanguage\":\"es\",\"@id\":\"https:\\\/\\\/secure.gravatar.com\\\/avatar\\\/3a8de04a2656d44082be478bd6c086daa447c4651605818287b9532d3d0bd435?s=96&d=mm&r=g\",\"url\":\"https:\\\/\\\/secure.gravatar.com\\\/avatar\\\/3a8de04a2656d44082be478bd6c086daa447c4651605818287b9532d3d0bd435?s=96&d=mm&r=g\",\"contentUrl\":\"https:\\\/\\\/secure.gravatar.com\\\/avatar\\\/3a8de04a2656d44082be478bd6c086daa447c4651605818287b9532d3d0bd435?s=96&d=mm&r=g\",\"caption\":\"Lo viste en Los Pol\u00edticos\"},\"url\":\"https:\\\/\\\/lospoliticosveracruz.com\\\/?author=2\"}]}<\/script>\n<!-- \/ Yoast SEO plugin. -->","yoast_head_json":{"title":"Se saca 10 en rehabilitaci\u00f3n de escuelas y becas! - Los pol\u00edticos Veracruz","robots":{"index":"index","follow":"follow","max-snippet":"max-snippet:-1","max-image-preview":"max-image-preview:large","max-video-preview":"max-video-preview:-1"},"canonical":"https:\/\/lospoliticosveracruz.com\/?p=80998","og_locale":"es_ES","og_type":"article","og_title":"Se saca 10 en rehabilitaci\u00f3n de escuelas y becas! - Los pol\u00edticos Veracruz","og_description":"VeracruzAl rendir su cuarto informe de labores, Miguel Hermida Copado, regidor tercero del Ayuntamiento de Veracruz, destac\u00f3 el trabajo realizado al frente de las tres comisiones que encabez\u00f3 en el cabildo porte\u00f1o: educaci\u00f3n, limpia p\u00fablica y fomento deportivo. Al iniciar su discurso, Miguel Hermida agradeci\u00f3 la asistencia del Alcalde Fernando Yunes M\u00e1rquez, de la sindica [&hellip;]","og_url":"https:\/\/lospoliticosveracruz.com\/?p=80998","og_site_name":"Los pol\u00edticos Veracruz","article_publisher":"https:\/\/www.facebook.com\/people\/Notimemes-de-los-Polticos\/61565672886568\/","article_published_time":"2021-10-22T00:11:16+00:00","article_modified_time":"2021-10-22T00:11:20+00:00","og_image":[{"width":200,"height":200,"url":"https:\/\/lospoliticosveracruz.com\/wp-content\/uploads\/2016\/07\/Logo-Dor.jpg","type":"image\/jpeg"}],"author":"Lo viste en Los Pol\u00edticos","twitter_card":"summary_large_image","twitter_creator":"@LosPoliticosVer","twitter_site":"@LosPoliticosVer","twitter_misc":{"Escrito por":"Lo viste en Los Pol\u00edticos","Tiempo de lectura":"3 minutos"},"schema":{"@context":"https:\/\/schema.org","@graph":[{"@type":"Article","@id":"https:\/\/lospoliticosveracruz.com\/?p=80998#article","isPartOf":{"@id":"https:\/\/lospoliticosveracruz.com\/?p=80998"},"author":{"name":"Lo viste en Los Pol\u00edticos","@id":"https:\/\/lospoliticosveracruz.com\/#\/schema\/person\/b8702bb0e538456e6efd07080bf2a4a2"},"headline":"Se saca 10 en rehabilitaci\u00f3n de escuelas y becas!","datePublished":"2021-10-22T00:11:16+00:00","dateModified":"2021-10-22T00:11:20+00:00","mainEntityOfPage":{"@id":"https:\/\/lospoliticosveracruz.com\/?p=80998"},"wordCount":700,"publisher":{"@id":"https:\/\/lospoliticosveracruz.com\/#organization"},"keywords":["Canirac","Coparmex","Fernando Yunes M\u00e1rquez","Marcel Vaneyck","Miguel Hermida Copado","Paty Lobeira de Yunes"],"articleSection":["De Boleto"],"inLanguage":"es"},{"@type":"WebPage","@id":"https:\/\/lospoliticosveracruz.com\/?p=80998","url":"https:\/\/lospoliticosveracruz.com\/?p=80998","name":"Se saca 10 en rehabilitaci\u00f3n de escuelas y becas! - Los pol\u00edticos Veracruz","isPartOf":{"@id":"https:\/\/lospoliticosveracruz.com\/#website"},"datePublished":"2021-10-22T00:11:16+00:00","dateModified":"2021-10-22T00:11:20+00:00","breadcrumb":{"@id":"https:\/\/lospoliticosveracruz.com\/?p=80998#breadcrumb"},"inLanguage":"es","potentialAction":[{"@type":"ReadAction","target":["https:\/\/lospoliticosveracruz.com\/?p=80998"]}]},{"@type":"BreadcrumbList","@id":"https:\/\/lospoliticosveracruz.com\/?p=80998#breadcrumb","itemListElement":[{"@type":"ListItem","position":1,"name":"Portada","item":"https:\/\/lospoliticosveracruz.com\/"},{"@type":"ListItem","position":2,"name":"Se saca 10 en rehabilitaci\u00f3n de escuelas y becas!"}]},{"@type":"WebSite","@id":"https:\/\/lospoliticosveracruz.com\/#website","url":"https:\/\/lospoliticosveracruz.com\/","name":"Los pol\u00edticos Veracruz","description":"","publisher":{"@id":"https:\/\/lospoliticosveracruz.com\/#organization"},"potentialAction":[{"@type":"SearchAction","target":{"@type":"EntryPoint","urlTemplate":"https:\/\/lospoliticosveracruz.com\/?s={search_term_string}"},"query-input":{"@type":"PropertyValueSpecification","valueRequired":true,"valueName":"search_term_string"}}],"inLanguage":"es"},{"@type":"Organization","@id":"https:\/\/lospoliticosveracruz.com\/#organization","name":"Los pol\u00edticos Veracruz","url":"https:\/\/lospoliticosveracruz.com\/","logo":{"@type":"ImageObject","inLanguage":"es","@id":"https:\/\/lospoliticosveracruz.com\/#\/schema\/logo\/image\/","url":"https:\/\/lospoliticosveracruz.com\/wp-content\/uploads\/2025\/12\/Logo-Nuevo-LOS-POLITICOS-1.jpg","contentUrl":"https:\/\/lospoliticosveracruz.com\/wp-content\/uploads\/2025\/12\/Logo-Nuevo-LOS-POLITICOS-1.jpg","width":260,"height":70,"caption":"Los pol\u00edticos Veracruz"},"image":{"@id":"https:\/\/lospoliticosveracruz.com\/#\/schema\/logo\/image\/"},"sameAs":["https:\/\/www.facebook.com\/people\/Notimemes-de-los-Polticos\/61565672886568\/","https:\/\/x.com\/LosPoliticosVer"]},{"@type":"Person","@id":"https:\/\/lospoliticosveracruz.com\/#\/schema\/person\/b8702bb0e538456e6efd07080bf2a4a2","name":"Lo viste en Los Pol\u00edticos","image":{"@type":"ImageObject","inLanguage":"es","@id":"https:\/\/secure.gravatar.com\/avatar\/3a8de04a2656d44082be478bd6c086daa447c4651605818287b9532d3d0bd435?s=96&d=mm&r=g","url":"https:\/\/secure.gravatar.com\/avatar\/3a8de04a2656d44082be478bd6c086daa447c4651605818287b9532d3d0bd435?s=96&d=mm&r=g","contentUrl":"https:\/\/secure.gravatar.com\/avatar\/3a8de04a2656d44082be478bd6c086daa447c4651605818287b9532d3d0bd435?s=96&d=mm&r=g","caption":"Lo viste en Los Pol\u00edticos"},"url":"https:\/\/lospoliticosveracruz.com\/?author=2"}]}},"_links":{"self":[{"href":"https:\/\/lospoliticosveracruz.com\/index.php?rest_route=\/wp\/v2\/posts\/80998","targetHints":{"allow":["GET"]}}],"collection":[{"href":"https:\/\/lospoliticosveracruz.com\/index.php?rest_route=\/wp\/v2\/posts"}],"about":[{"href":"https:\/\/lospoliticosveracruz.com\/index.php?rest_route=\/wp\/v2\/types\/post"}],"author":[{"embeddable":true,"href":"https:\/\/lospoliticosveracruz.com\/index.php?rest_route=\/wp\/v2\/users\/2"}],"replies":[{"embeddable":true,"href":"https:\/\/lospoliticosveracruz.com\/index.php?rest_route=%2Fwp%2Fv2%2Fcomments&post=80998"}],"version-history":[{"count":1,"href":"https:\/\/lospoliticosveracruz.com\/index.php?rest_route=\/wp\/v2\/posts\/80998\/revisions"}],"predecessor-version":[{"id":81000,"href":"https:\/\/lospoliticosveracruz.com\/index.php?rest_route=\/wp\/v2\/posts\/80998\/revisions\/81000"}],"wp:attachment":[{"href":"https:\/\/lospoliticosveracruz.com\/index.php?rest_route=%2Fwp%2Fv2%2Fmedia&parent=80998"}],"wp:term":[{"taxonomy":"category","embeddable":true,"href":"https:\/\/lospoliticosveracruz.com\/index.php?rest_route=%2Fwp%2Fv2%2Fcategories&post=80998"},{"taxonomy":"post_tag","embeddable":true,"href":"https:\/\/lospoliticosveracruz.com\/index.php?rest_route=%2Fwp%2Fv2%2Ftags&post=80998"}],"curies":[{"name":"wp","href":"https:\/\/api.w.org\/{rel}","templated":true}]}}