{"id":81023,"date":"2021-10-22T09:09:59","date_gmt":"2021-10-22T14:09:59","guid":{"rendered":"https:\/\/lospoliticosveracruz.com.mx\/?p=81023"},"modified":"2021-10-22T09:10:05","modified_gmt":"2021-10-22T14:10:05","slug":"impunidad-las-cosas-van-empeorando","status":"publish","type":"post","link":"https:\/\/lospoliticosveracruz.com\/?p=81023","title":{"rendered":"Impunidad: Las cosas van empeorando"},"content":{"rendered":"\n<p><strong>Felipe de Jes\u00fas Fern\u00e1ndez Basilio<br><\/strong><em>Desde A Janela<\/em><\/p>\n\n\n\n<p><br>Mucho se dice que M\u00e9xico (principalmente su parte sur) es un pa\u00eds en el que las inversiones no son seguras y eso se corrobora con gobiernos que no respetan las leyes y los compromisos existentes, de hecho todos los gobiernos de este pa\u00eds han querido hacer reformas a las leyes y a la constituci\u00f3n, ignorando ol\u00edmpicamente que la mejor manera de generar seguridad jur\u00eddica y por tanto confianza para emprendedores e inversionistas es a trav\u00e9s de tener leyes que sean pr\u00e1cticamente inmutables y que adem\u00e1s se cumplan y en caso de no hacerlo, se hagan cumplir de una manera firme y sin distinci\u00f3n respecto del infractor.<\/p>\n\n\n\n<div class=\"wp-block-image\"><figure class=\"alignleft size-full is-resized\"><a href=\"https:\/\/lospoliticosveracruz.com.mx\/wp-content\/uploads\/2021\/10\/Zacauilt.jpg\"><img loading=\"lazy\" decoding=\"async\" src=\"https:\/\/lospoliticosveracruz.com.mx\/wp-content\/uploads\/2021\/10\/Zacauilt.jpg\" alt=\"\" class=\"wp-image-80558\" width=\"250\" height=\"500\"\/><\/a><\/figure><\/div>\n\n\n\n<p><br>Ahora bien, para que se generen las condiciones que permitan alcanzar la seguridad jur\u00eddica resulta de especial importancia que las normas que se encargan de establecer los delitos y de combatir a los delincuentes sean cumplidas a cabalidad y si esto no sucede que exista un mecanismo eficaz para sancionar a quien cometa un delito.<br>Hasta ah\u00ed las cosas no pintan tan mal, ya que en M\u00e9xico todo eso existe y para darse cuenta de ello basta con leer los art\u00edculos constitucionales en materia penal, los c\u00f3digos penales, el nacional de procedimientos penales, las diversas leyes que se han creado para combatir delitos en espec\u00edfico o bien ver la inversi\u00f3n que se ha hecho en la creaci\u00f3n y construcci\u00f3n de juzgados penales y hasta en la capacitaci\u00f3n de jueces y personal especializados en la materia.<br>Es decir, en teor\u00eda tenemos un buen sistema de justicia penal y aunque \u00faltimamente han abusado queri\u00e9ndolo parchar para ampliar el uso de la prisi\u00f3n preventiva, en general est\u00e1 bien dise\u00f1ado.<br>El problema viene cuando esa teor\u00eda se vuelve pr\u00e1ctica, porque salvo los casos pol\u00edticos que son un circo que corre en otra pista, nos topamos con que casi nada de lo que est\u00e1 escrito tiene una utilidad real para la gente de este pa\u00eds y el principal problema est\u00e1 en los organismos que se encargan de procurar justicia, es decir las fiscal\u00edas.<br>Cualquiera que ha sufrido un delito o que haya sabido de un ser cercano que lo sufri\u00f3, se ha dado cuenta que pocas cosas en la vida hay m\u00e1s tortuosas que presentar una denuncia, han inventado tantos filtros para hacerlo que solo es posible llevarla a cabo con mucha perseverancia.<br>Sin embargo, esas trabas son solo el principio de una aventura llena de sinsabores y p\u00e9rdidas de tiempo y de dinero para las v\u00edctimas que en la mayor\u00eda de los casos terminan por desistir de continuar con la investigaci\u00f3n debido a la gran cantidad de excusas que los fiscales tienen para retrasar el avance de esas investigaciones.<br>Y es que el repertorio que \u00e9stos tienen para no hacer nada es tan amplio que bien se puede escribir una enciclopedia de muchos m\u00e1s tomos que la Espasa-Calpe o la Brit\u00e1nica y as\u00ed tenemos casos como: \u00abse enferm\u00f3 el fiscal y nadie puede ver sus asuntos\u00bb, \u00abestoy lleno de detenidos y no me ha dado tiempo (aunque no se vea ninguno)\u00bb, \u00abestoy de guardia y no he podido ver el asunto\u00bb, \u00abse fue de curso o comisi\u00f3n y cuando vuelva puede buscarlo\u00bb, \u00abacabo de regresar y no me he podido imponer de su carpeta\u00bb y as\u00ed hasta el infinito encontramos casos de negligencia en el personal de las fiscal\u00edas.<br>Llegando las cosas al absurdo de que se presentan casos de delitos en flagrancia llevando detenido al que los cometi\u00f3, tal y como lo establece la ley y con tal de no comenzar con los procedimientos que el caso amerita, liberan al delincuente y le dicen a la v\u00edctima que inicie una denuncia con todo y procedimiento de mediaci\u00f3n incluido.<br>Siendo tan grave la situaci\u00f3n que hay v\u00edctimas que llevan d\u00e9cadas esperando que su caso sea conocido por un juez y a eso se le llama impunidad y esa impunidad es lo m\u00e1s da\u00f1ino que hay para cualquier pa\u00eds debido a que destruye la confianza en el Estado y por consiguiente ahuyenta emprendimientos e inversiones, \u00a1Qui\u00e9n va a querer hacer algo si en cualquier momento puede ser violentado y no va a poder hacer nada m\u00e1s que meterse en m\u00e1s problemas al poner su caso en conocimiento de un fiscal!<br>Y eso que en esta ocasi\u00f3n solo hablamos de negligencia, la corrupci\u00f3n es otra cuesti\u00f3n.<br>Y este problema no es nada nuevo, ya que al menos desde el siglo XX, la impunidad ha estado presente en este pa\u00eds; lo que s\u00ed es grave es que con la autollamada 4t en lugar de revisarse y componerse, como tanto lo pregon\u00f3 el presidente en sus campa\u00f1as durante casi 20 a\u00f1os, la impunidad se ha agravado hasta el extremo de la inoperancia casi total de las fiscal\u00edas, las cuales han quedado como meros ap\u00e9ndices de los ejecutivos capaces de crear de la noche a la ma\u00f1ana carpetas de veinte mil hojas para perseguir a cient\u00edficos, porque el presidente as\u00ed lo quiere, pero que no pueden integrar una carpeta relacionada a un delincuente capturado en flagrancia y con todos los elementos necesarios para llevarlo de inmediato ante un juez.<br>As\u00ed de deteriorada est\u00e1 la situaci\u00f3n de nuestro M\u00e9xico.<br>felfebas@gmail.com<br>Twitter: @FelipeFBasilio<\/p>\n","protected":false},"excerpt":{"rendered":"<p>Felipe de Jes\u00fas Fern\u00e1ndez BasilioDesde A Janela Mucho se dice que M\u00e9xico (principalmente su parte sur) es un pa\u00eds en el que las inversiones no son seguras y eso se corrobora con gobiernos que no respetan las leyes y los compromisos existentes, de hecho todos los gobiernos de este pa\u00eds han querido hacer reformas a [&hellip;]<\/p>\n","protected":false},"author":2,"featured_media":0,"comment_status":"closed","ping_status":"closed","sticky":false,"template":"","format":"standard","meta":{"tdm_status":"","tdm_grid_status":"","footnotes":""},"categories":[70],"tags":[17426,282,12710,30732,1177],"class_list":{"0":"post-81023","1":"post","2":"type-post","3":"status-publish","4":"format-standard","6":"category-de-opinion","7":"tag-4t","8":"tag-corrupcion","9":"tag-felipe-de-jesus-fernandez-basilio","10":"tag-fiscalias","11":"tag-impunidad"},"yoast_head":"<!-- This site is optimized with the Yoast SEO plugin v27.4 - https:\/\/yoast.com\/product\/yoast-seo-wordpress\/ -->\n<title>Impunidad: Las cosas van empeorando - Los pol\u00edticos Veracruz<\/title>\n<meta name=\"robots\" content=\"index, follow, max-snippet:-1, max-image-preview:large, max-video-preview:-1\" \/>\n<link rel=\"canonical\" href=\"https:\/\/lospoliticosveracruz.com\/?p=81023\" \/>\n<meta property=\"og:locale\" content=\"es_ES\" \/>\n<meta property=\"og:type\" content=\"article\" \/>\n<meta property=\"og:title\" content=\"Impunidad: Las cosas van empeorando - Los pol\u00edticos Veracruz\" \/>\n<meta property=\"og:description\" content=\"Felipe de Jes\u00fas Fern\u00e1ndez BasilioDesde A Janela Mucho se dice que M\u00e9xico (principalmente su parte sur) es un pa\u00eds en el que las inversiones no son seguras y eso se corrobora con gobiernos que no respetan las leyes y los compromisos existentes, de hecho todos los gobiernos de este pa\u00eds han querido hacer reformas a [&hellip;]\" \/>\n<meta property=\"og:url\" content=\"https:\/\/lospoliticosveracruz.com\/?p=81023\" \/>\n<meta property=\"og:site_name\" content=\"Los pol\u00edticos Veracruz\" \/>\n<meta property=\"article:publisher\" content=\"https:\/\/www.facebook.com\/people\/Notimemes-de-los-Polticos\/61565672886568\/\" \/>\n<meta property=\"article:published_time\" content=\"2021-10-22T14:09:59+00:00\" \/>\n<meta property=\"article:modified_time\" content=\"2021-10-22T14:10:05+00:00\" \/>\n<meta property=\"og:image\" content=\"https:\/\/lospoliticosveracruz.com.mx\/wp-content\/uploads\/2021\/10\/Zacauilt.jpg\" \/>\n<meta name=\"author\" content=\"Lo viste en Los Pol\u00edticos\" \/>\n<meta name=\"twitter:card\" content=\"summary_large_image\" \/>\n<meta name=\"twitter:creator\" content=\"@LosPoliticosVer\" \/>\n<meta name=\"twitter:site\" content=\"@LosPoliticosVer\" \/>\n<meta name=\"twitter:label1\" content=\"Escrito por\" \/>\n\t<meta name=\"twitter:data1\" content=\"Lo viste en Los Pol\u00edticos\" \/>\n\t<meta name=\"twitter:label2\" content=\"Tiempo de lectura\" \/>\n\t<meta name=\"twitter:data2\" content=\"5 minutos\" \/>\n<script type=\"application\/ld+json\" class=\"yoast-schema-graph\">{\"@context\":\"https:\\\/\\\/schema.org\",\"@graph\":[{\"@type\":\"Article\",\"@id\":\"https:\\\/\\\/lospoliticosveracruz.com\\\/?p=81023#article\",\"isPartOf\":{\"@id\":\"https:\\\/\\\/lospoliticosveracruz.com\\\/?p=81023\"},\"author\":{\"name\":\"Lo viste en Los Pol\u00edticos\",\"@id\":\"https:\\\/\\\/lospoliticosveracruz.com\\\/#\\\/schema\\\/person\\\/b8702bb0e538456e6efd07080bf2a4a2\"},\"headline\":\"Impunidad: Las cosas van empeorando\",\"datePublished\":\"2021-10-22T14:09:59+00:00\",\"dateModified\":\"2021-10-22T14:10:05+00:00\",\"mainEntityOfPage\":{\"@id\":\"https:\\\/\\\/lospoliticosveracruz.com\\\/?p=81023\"},\"wordCount\":933,\"publisher\":{\"@id\":\"https:\\\/\\\/lospoliticosveracruz.com\\\/#organization\"},\"image\":{\"@id\":\"https:\\\/\\\/lospoliticosveracruz.com\\\/?p=81023#primaryimage\"},\"thumbnailUrl\":\"https:\\\/\\\/lospoliticosveracruz.com.mx\\\/wp-content\\\/uploads\\\/2021\\\/10\\\/Zacauilt.jpg\",\"keywords\":[\"4T\",\"corrupci\u00f3n\",\"Felipe de Jes\u00fas Fern\u00e1ndez Basilio\",\"fiscal\u00edas\",\"impunidad\"],\"articleSection\":[\"De Opini\u00f3n\"],\"inLanguage\":\"es\"},{\"@type\":\"WebPage\",\"@id\":\"https:\\\/\\\/lospoliticosveracruz.com\\\/?p=81023\",\"url\":\"https:\\\/\\\/lospoliticosveracruz.com\\\/?p=81023\",\"name\":\"Impunidad: Las cosas van empeorando - Los pol\u00edticos Veracruz\",\"isPartOf\":{\"@id\":\"https:\\\/\\\/lospoliticosveracruz.com\\\/#website\"},\"primaryImageOfPage\":{\"@id\":\"https:\\\/\\\/lospoliticosveracruz.com\\\/?p=81023#primaryimage\"},\"image\":{\"@id\":\"https:\\\/\\\/lospoliticosveracruz.com\\\/?p=81023#primaryimage\"},\"thumbnailUrl\":\"https:\\\/\\\/lospoliticosveracruz.com.mx\\\/wp-content\\\/uploads\\\/2021\\\/10\\\/Zacauilt.jpg\",\"datePublished\":\"2021-10-22T14:09:59+00:00\",\"dateModified\":\"2021-10-22T14:10:05+00:00\",\"breadcrumb\":{\"@id\":\"https:\\\/\\\/lospoliticosveracruz.com\\\/?p=81023#breadcrumb\"},\"inLanguage\":\"es\",\"potentialAction\":[{\"@type\":\"ReadAction\",\"target\":[\"https:\\\/\\\/lospoliticosveracruz.com\\\/?p=81023\"]}]},{\"@type\":\"ImageObject\",\"inLanguage\":\"es\",\"@id\":\"https:\\\/\\\/lospoliticosveracruz.com\\\/?p=81023#primaryimage\",\"url\":\"https:\\\/\\\/lospoliticosveracruz.com.mx\\\/wp-content\\\/uploads\\\/2021\\\/10\\\/Zacauilt.jpg\",\"contentUrl\":\"https:\\\/\\\/lospoliticosveracruz.com.mx\\\/wp-content\\\/uploads\\\/2021\\\/10\\\/Zacauilt.jpg\"},{\"@type\":\"BreadcrumbList\",\"@id\":\"https:\\\/\\\/lospoliticosveracruz.com\\\/?p=81023#breadcrumb\",\"itemListElement\":[{\"@type\":\"ListItem\",\"position\":1,\"name\":\"Portada\",\"item\":\"https:\\\/\\\/lospoliticosveracruz.com\\\/\"},{\"@type\":\"ListItem\",\"position\":2,\"name\":\"Impunidad: Las cosas van empeorando\"}]},{\"@type\":\"WebSite\",\"@id\":\"https:\\\/\\\/lospoliticosveracruz.com\\\/#website\",\"url\":\"https:\\\/\\\/lospoliticosveracruz.com\\\/\",\"name\":\"Los pol\u00edticos Veracruz\",\"description\":\"\",\"publisher\":{\"@id\":\"https:\\\/\\\/lospoliticosveracruz.com\\\/#organization\"},\"potentialAction\":[{\"@type\":\"SearchAction\",\"target\":{\"@type\":\"EntryPoint\",\"urlTemplate\":\"https:\\\/\\\/lospoliticosveracruz.com\\\/?s={search_term_string}\"},\"query-input\":{\"@type\":\"PropertyValueSpecification\",\"valueRequired\":true,\"valueName\":\"search_term_string\"}}],\"inLanguage\":\"es\"},{\"@type\":\"Organization\",\"@id\":\"https:\\\/\\\/lospoliticosveracruz.com\\\/#organization\",\"name\":\"Los pol\u00edticos Veracruz\",\"url\":\"https:\\\/\\\/lospoliticosveracruz.com\\\/\",\"logo\":{\"@type\":\"ImageObject\",\"inLanguage\":\"es\",\"@id\":\"https:\\\/\\\/lospoliticosveracruz.com\\\/#\\\/schema\\\/logo\\\/image\\\/\",\"url\":\"https:\\\/\\\/lospoliticosveracruz.com\\\/wp-content\\\/uploads\\\/2025\\\/12\\\/Logo-Nuevo-LOS-POLITICOS-1.jpg\",\"contentUrl\":\"https:\\\/\\\/lospoliticosveracruz.com\\\/wp-content\\\/uploads\\\/2025\\\/12\\\/Logo-Nuevo-LOS-POLITICOS-1.jpg\",\"width\":260,\"height\":70,\"caption\":\"Los pol\u00edticos Veracruz\"},\"image\":{\"@id\":\"https:\\\/\\\/lospoliticosveracruz.com\\\/#\\\/schema\\\/logo\\\/image\\\/\"},\"sameAs\":[\"https:\\\/\\\/www.facebook.com\\\/people\\\/Notimemes-de-los-Polticos\\\/61565672886568\\\/\",\"https:\\\/\\\/x.com\\\/LosPoliticosVer\"]},{\"@type\":\"Person\",\"@id\":\"https:\\\/\\\/lospoliticosveracruz.com\\\/#\\\/schema\\\/person\\\/b8702bb0e538456e6efd07080bf2a4a2\",\"name\":\"Lo viste en Los Pol\u00edticos\",\"image\":{\"@type\":\"ImageObject\",\"inLanguage\":\"es\",\"@id\":\"https:\\\/\\\/secure.gravatar.com\\\/avatar\\\/3a8de04a2656d44082be478bd6c086daa447c4651605818287b9532d3d0bd435?s=96&d=mm&r=g\",\"url\":\"https:\\\/\\\/secure.gravatar.com\\\/avatar\\\/3a8de04a2656d44082be478bd6c086daa447c4651605818287b9532d3d0bd435?s=96&d=mm&r=g\",\"contentUrl\":\"https:\\\/\\\/secure.gravatar.com\\\/avatar\\\/3a8de04a2656d44082be478bd6c086daa447c4651605818287b9532d3d0bd435?s=96&d=mm&r=g\",\"caption\":\"Lo viste en Los Pol\u00edticos\"},\"url\":\"https:\\\/\\\/lospoliticosveracruz.com\\\/?author=2\"}]}<\/script>\n<!-- \/ Yoast SEO plugin. -->","yoast_head_json":{"title":"Impunidad: Las cosas van empeorando - Los pol\u00edticos Veracruz","robots":{"index":"index","follow":"follow","max-snippet":"max-snippet:-1","max-image-preview":"max-image-preview:large","max-video-preview":"max-video-preview:-1"},"canonical":"https:\/\/lospoliticosveracruz.com\/?p=81023","og_locale":"es_ES","og_type":"article","og_title":"Impunidad: Las cosas van empeorando - Los pol\u00edticos Veracruz","og_description":"Felipe de Jes\u00fas Fern\u00e1ndez BasilioDesde A Janela Mucho se dice que M\u00e9xico (principalmente su parte sur) es un pa\u00eds en el que las inversiones no son seguras y eso se corrobora con gobiernos que no respetan las leyes y los compromisos existentes, de hecho todos los gobiernos de este pa\u00eds han querido hacer reformas a [&hellip;]","og_url":"https:\/\/lospoliticosveracruz.com\/?p=81023","og_site_name":"Los pol\u00edticos Veracruz","article_publisher":"https:\/\/www.facebook.com\/people\/Notimemes-de-los-Polticos\/61565672886568\/","article_published_time":"2021-10-22T14:09:59+00:00","article_modified_time":"2021-10-22T14:10:05+00:00","og_image":[{"url":"https:\/\/lospoliticosveracruz.com.mx\/wp-content\/uploads\/2021\/10\/Zacauilt.jpg","type":"","width":"","height":""}],"author":"Lo viste en Los Pol\u00edticos","twitter_card":"summary_large_image","twitter_creator":"@LosPoliticosVer","twitter_site":"@LosPoliticosVer","twitter_misc":{"Escrito por":"Lo viste en Los Pol\u00edticos","Tiempo de lectura":"5 minutos"},"schema":{"@context":"https:\/\/schema.org","@graph":[{"@type":"Article","@id":"https:\/\/lospoliticosveracruz.com\/?p=81023#article","isPartOf":{"@id":"https:\/\/lospoliticosveracruz.com\/?p=81023"},"author":{"name":"Lo viste en Los Pol\u00edticos","@id":"https:\/\/lospoliticosveracruz.com\/#\/schema\/person\/b8702bb0e538456e6efd07080bf2a4a2"},"headline":"Impunidad: Las cosas van empeorando","datePublished":"2021-10-22T14:09:59+00:00","dateModified":"2021-10-22T14:10:05+00:00","mainEntityOfPage":{"@id":"https:\/\/lospoliticosveracruz.com\/?p=81023"},"wordCount":933,"publisher":{"@id":"https:\/\/lospoliticosveracruz.com\/#organization"},"image":{"@id":"https:\/\/lospoliticosveracruz.com\/?p=81023#primaryimage"},"thumbnailUrl":"https:\/\/lospoliticosveracruz.com.mx\/wp-content\/uploads\/2021\/10\/Zacauilt.jpg","keywords":["4T","corrupci\u00f3n","Felipe de Jes\u00fas Fern\u00e1ndez Basilio","fiscal\u00edas","impunidad"],"articleSection":["De Opini\u00f3n"],"inLanguage":"es"},{"@type":"WebPage","@id":"https:\/\/lospoliticosveracruz.com\/?p=81023","url":"https:\/\/lospoliticosveracruz.com\/?p=81023","name":"Impunidad: Las cosas van empeorando - Los pol\u00edticos Veracruz","isPartOf":{"@id":"https:\/\/lospoliticosveracruz.com\/#website"},"primaryImageOfPage":{"@id":"https:\/\/lospoliticosveracruz.com\/?p=81023#primaryimage"},"image":{"@id":"https:\/\/lospoliticosveracruz.com\/?p=81023#primaryimage"},"thumbnailUrl":"https:\/\/lospoliticosveracruz.com.mx\/wp-content\/uploads\/2021\/10\/Zacauilt.jpg","datePublished":"2021-10-22T14:09:59+00:00","dateModified":"2021-10-22T14:10:05+00:00","breadcrumb":{"@id":"https:\/\/lospoliticosveracruz.com\/?p=81023#breadcrumb"},"inLanguage":"es","potentialAction":[{"@type":"ReadAction","target":["https:\/\/lospoliticosveracruz.com\/?p=81023"]}]},{"@type":"ImageObject","inLanguage":"es","@id":"https:\/\/lospoliticosveracruz.com\/?p=81023#primaryimage","url":"https:\/\/lospoliticosveracruz.com.mx\/wp-content\/uploads\/2021\/10\/Zacauilt.jpg","contentUrl":"https:\/\/lospoliticosveracruz.com.mx\/wp-content\/uploads\/2021\/10\/Zacauilt.jpg"},{"@type":"BreadcrumbList","@id":"https:\/\/lospoliticosveracruz.com\/?p=81023#breadcrumb","itemListElement":[{"@type":"ListItem","position":1,"name":"Portada","item":"https:\/\/lospoliticosveracruz.com\/"},{"@type":"ListItem","position":2,"name":"Impunidad: Las cosas van empeorando"}]},{"@type":"WebSite","@id":"https:\/\/lospoliticosveracruz.com\/#website","url":"https:\/\/lospoliticosveracruz.com\/","name":"Los pol\u00edticos Veracruz","description":"","publisher":{"@id":"https:\/\/lospoliticosveracruz.com\/#organization"},"potentialAction":[{"@type":"SearchAction","target":{"@type":"EntryPoint","urlTemplate":"https:\/\/lospoliticosveracruz.com\/?s={search_term_string}"},"query-input":{"@type":"PropertyValueSpecification","valueRequired":true,"valueName":"search_term_string"}}],"inLanguage":"es"},{"@type":"Organization","@id":"https:\/\/lospoliticosveracruz.com\/#organization","name":"Los pol\u00edticos Veracruz","url":"https:\/\/lospoliticosveracruz.com\/","logo":{"@type":"ImageObject","inLanguage":"es","@id":"https:\/\/lospoliticosveracruz.com\/#\/schema\/logo\/image\/","url":"https:\/\/lospoliticosveracruz.com\/wp-content\/uploads\/2025\/12\/Logo-Nuevo-LOS-POLITICOS-1.jpg","contentUrl":"https:\/\/lospoliticosveracruz.com\/wp-content\/uploads\/2025\/12\/Logo-Nuevo-LOS-POLITICOS-1.jpg","width":260,"height":70,"caption":"Los pol\u00edticos Veracruz"},"image":{"@id":"https:\/\/lospoliticosveracruz.com\/#\/schema\/logo\/image\/"},"sameAs":["https:\/\/www.facebook.com\/people\/Notimemes-de-los-Polticos\/61565672886568\/","https:\/\/x.com\/LosPoliticosVer"]},{"@type":"Person","@id":"https:\/\/lospoliticosveracruz.com\/#\/schema\/person\/b8702bb0e538456e6efd07080bf2a4a2","name":"Lo viste en Los Pol\u00edticos","image":{"@type":"ImageObject","inLanguage":"es","@id":"https:\/\/secure.gravatar.com\/avatar\/3a8de04a2656d44082be478bd6c086daa447c4651605818287b9532d3d0bd435?s=96&d=mm&r=g","url":"https:\/\/secure.gravatar.com\/avatar\/3a8de04a2656d44082be478bd6c086daa447c4651605818287b9532d3d0bd435?s=96&d=mm&r=g","contentUrl":"https:\/\/secure.gravatar.com\/avatar\/3a8de04a2656d44082be478bd6c086daa447c4651605818287b9532d3d0bd435?s=96&d=mm&r=g","caption":"Lo viste en Los Pol\u00edticos"},"url":"https:\/\/lospoliticosveracruz.com\/?author=2"}]}},"_links":{"self":[{"href":"https:\/\/lospoliticosveracruz.com\/index.php?rest_route=\/wp\/v2\/posts\/81023","targetHints":{"allow":["GET"]}}],"collection":[{"href":"https:\/\/lospoliticosveracruz.com\/index.php?rest_route=\/wp\/v2\/posts"}],"about":[{"href":"https:\/\/lospoliticosveracruz.com\/index.php?rest_route=\/wp\/v2\/types\/post"}],"author":[{"embeddable":true,"href":"https:\/\/lospoliticosveracruz.com\/index.php?rest_route=\/wp\/v2\/users\/2"}],"replies":[{"embeddable":true,"href":"https:\/\/lospoliticosveracruz.com\/index.php?rest_route=%2Fwp%2Fv2%2Fcomments&post=81023"}],"version-history":[{"count":1,"href":"https:\/\/lospoliticosveracruz.com\/index.php?rest_route=\/wp\/v2\/posts\/81023\/revisions"}],"predecessor-version":[{"id":81025,"href":"https:\/\/lospoliticosveracruz.com\/index.php?rest_route=\/wp\/v2\/posts\/81023\/revisions\/81025"}],"wp:attachment":[{"href":"https:\/\/lospoliticosveracruz.com\/index.php?rest_route=%2Fwp%2Fv2%2Fmedia&parent=81023"}],"wp:term":[{"taxonomy":"category","embeddable":true,"href":"https:\/\/lospoliticosveracruz.com\/index.php?rest_route=%2Fwp%2Fv2%2Fcategories&post=81023"},{"taxonomy":"post_tag","embeddable":true,"href":"https:\/\/lospoliticosveracruz.com\/index.php?rest_route=%2Fwp%2Fv2%2Ftags&post=81023"}],"curies":[{"name":"wp","href":"https:\/\/api.w.org\/{rel}","templated":true}]}}