{"id":81068,"date":"2021-10-23T16:27:55","date_gmt":"2021-10-23T21:27:55","guid":{"rendered":"https:\/\/lospoliticosveracruz.com.mx\/?p=81068"},"modified":"2021-10-23T16:28:01","modified_gmt":"2021-10-23T21:28:01","slug":"inclusion-con-accion-en-el-pri","status":"publish","type":"post","link":"https:\/\/lospoliticosveracruz.com\/?p=81068","title":{"rendered":"Inclusi\u00f3n con acci\u00f3n en el PRI"},"content":{"rendered":"\n<p><\/p>\n\n\n\n<p><strong>Xalapa<\/strong><\/p>\n\n\n\n<p><br>Las presidentas y presidentes municipales, tienen la gran oportunidad de realizar acciones que no queden s\u00f3lo en la entrega de sillas de ruedas, bastones y estos implementos, sino en la generaci\u00f3n de empleo, de acceso a la salud, educaci\u00f3n y deporte, entre otras, se\u00f1al\u00f3 Arianna Angeles Aguirre, secretaria general del CDE del PRI en Veracruz.<\/p>\n\n\n\n<p>Durante el Taller para Generar Acciones Inclusivas que Fortalezcan los Derechos Humanos y Pol\u00edticos de las Personas con Discapacidad, dijo que considera importante la conformaci\u00f3n de una direcci\u00f3n en cada ayuntamiento, que tenga la atenci\u00f3n a personas con discapacidad, pues estas autoridades tienen un contacto directo y permanente con ellas.<\/p>\n\n\n\n<p>Con la presencia de Adri\u00e1n Mart\u00edn Pineda Selvas, secretario de Atenci\u00f3n a Personas con Discapacidad del CDE y anfitri\u00f3n del taller, detall\u00f3 que la indicaci\u00f3n del presidente del comit\u00e9 del PRI en Veracruz, es que opere activamente la Secretar\u00eda de Atenci\u00f3n a Personas con Discapacidad, adem\u00e1s de que, en los comit\u00e9s municipales, en los seccionales, en los sectores y en las organizaciones, tambi\u00e9n se conformen estas secretar\u00edas.<\/p>\n\n\n\n<p>Arianna Angeles Aguirre, extendi\u00f3 la invitaci\u00f3n a todos los presentes para que sean incluidos en las mesas de trabajo de las asambleas regionales y estatal, previas a la XXIII Asamblea Nacional, \u201ces importante que participen y se escuche su voz.\u201d<\/p>\n\n\n\n<p>Asimismo, agradeci\u00f3 a Norma Ang\u00e9lica Aceves Garc\u00eda, secretaria de Atenci\u00f3n a Personas con Discapacidad del CEN del PRI y diputada federal, por su acompa\u00f1amiento, \u201cs\u00e9 que t\u00fa eres la voz en el Congreso de la Uni\u00f3n para poder defender los derechos de las personas con discapacidad, y que hoy no quede en un mero discurso, que haya congruencia de lo que se dice con lo que se hace.\u201d<\/p>\n\n\n\n<p>Por su parte, Norma Ang\u00e9lica Aceves Garc\u00eda, diputada federal, se\u00f1al\u00f3 que este es un tema que deber\u00eda importarnos a todos, porque todas las personas vamos a vivir con una condici\u00f3n de discapacidad en alg\u00fan momento de la vida debido a la edad.<\/p>\n\n\n\n<p>\u201cEl tema de la inclusi\u00f3n de las personas con discapacidad no es un tema muy vendible, no a toda la gente le importa, esa es la realidad, siempre hay temas m\u00e1s importantes como el del presupuesto, empleo, econom\u00eda, y Adri\u00e1n Mart\u00edn Pineda, ha sido muy perseverante, no se ha cansado y cuando intenta cansarse siempre encuentra de d\u00f3nde sacar fuerzas\u201d, expres\u00f3.<\/p>\n\n\n\n<p>Refiri\u00f3 que estos espacios tienen que ser el detonante de generar una cultura de inclusi\u00f3n, no solamente que quede en este taller, sino en ir hacia afuera y replicar lo que aqu\u00ed aprendimos, lo compartamos con nuestras familias, amigos y vecinos, y los presidentes municipales, tener siempre en consideraci\u00f3n este tema como prioritario.<\/p>\n\n\n\n<p>\u201cSe trata de que hagamos equipo, que cada quien haga lo que le toca, porque podemos tener rampas en todos lados, las mejores banquetas, pero hay una mala actitud de la gente, y eso ya no nos da posibilidad de acceder a los derechos. Otro ejemplo, son las escuelas que est\u00e1n muy bien construidas, con condiciones de accesibilidad, pero la directora o maestras no aceptan a ni\u00f1os con discapacidad\u201d, refiri\u00f3.<\/p>\n\n\n\n<p>Reconoci\u00f3 que el secretario de Atenci\u00f3n a Personas con Discapacidad, Adri\u00e1n Mart\u00edn Pineda Selvas, no est\u00e1 solo y tiene un equipo que lo acompa\u00f1a en el CDE de Veracruz, y agradeci\u00f3 el respaldo de la dirigencia estatal, encabezada por Marlon Ram\u00edrez Mar\u00edn y Arianna Angeles Aguirre; de las distintas secretarias, y tambi\u00e9n de las organizaciones y organismos especializados que brindan su apoyo.<\/p>\n\n\n\n<p>Estuvieron presentes: Renato Alarc\u00f3n Guevara, presidente de la Fundaci\u00f3n Colosio en Veracruz; Yolanda Lagunes L\u00f3pez, dirigente estatal del ONMPRI en Veracruz; Eliseo Islas Chagoya, secretario de Cultura del CDE; Karla Ladr\u00f3n de Guevara, secretaria general del Instituto de Formaci\u00f3n Pol\u00edtica Jes\u00fas Reyes Heroles; Aleida Tepepa, presidenta municipal electa de naranjal; Delfino Ortega, presidente municipal electo de Perote; Arnulfo Espinoza, alcalde electo de Ixhuatl\u00e1n de Madero, Fernando Gordillo, presidente municipal electo de Yanga; presidentas y presidentes municipales emanados del PRI; integrantes del CDE, representantes de sectores, organizaciones y militantes.<\/p>\n","protected":false},"excerpt":{"rendered":"<p>Xalapa Las presidentas y presidentes municipales, tienen la gran oportunidad de realizar acciones que no queden s\u00f3lo en la entrega de sillas de ruedas, bastones y estos implementos, sino en la generaci\u00f3n de empleo, de acceso a la salud, educaci\u00f3n y deporte, entre otras, se\u00f1al\u00f3 Arianna Angeles Aguirre, secretaria general del CDE del PRI en [&hellip;]<\/p>\n","protected":false},"author":2,"featured_media":0,"comment_status":"closed","ping_status":"closed","sticky":false,"template":"","format":"standard","meta":{"tdm_status":"","tdm_grid_status":"","footnotes":""},"categories":[73],"tags":[6619,30958,195],"class_list":{"0":"post-81068","1":"post","2":"type-post","3":"status-publish","4":"format-standard","6":"category-de-boleto","7":"tag-inclusion","8":"tag-norma-angelica-aceves-garcia","9":"tag-veracruz"},"yoast_head":"<!-- This site is optimized with the Yoast SEO plugin v27.4 - https:\/\/yoast.com\/product\/yoast-seo-wordpress\/ -->\n<title>Inclusi\u00f3n con acci\u00f3n en el PRI - Los pol\u00edticos Veracruz<\/title>\n<meta name=\"robots\" content=\"index, follow, max-snippet:-1, max-image-preview:large, max-video-preview:-1\" \/>\n<link rel=\"canonical\" href=\"https:\/\/lospoliticosveracruz.com\/?p=81068\" \/>\n<meta property=\"og:locale\" content=\"es_ES\" \/>\n<meta property=\"og:type\" content=\"article\" \/>\n<meta property=\"og:title\" content=\"Inclusi\u00f3n con acci\u00f3n en el PRI - Los pol\u00edticos Veracruz\" \/>\n<meta property=\"og:description\" content=\"Xalapa Las presidentas y presidentes municipales, tienen la gran oportunidad de realizar acciones que no queden s\u00f3lo en la entrega de sillas de ruedas, bastones y estos implementos, sino en la generaci\u00f3n de empleo, de acceso a la salud, educaci\u00f3n y deporte, entre otras, se\u00f1al\u00f3 Arianna Angeles Aguirre, secretaria general del CDE del PRI en [&hellip;]\" \/>\n<meta property=\"og:url\" content=\"https:\/\/lospoliticosveracruz.com\/?p=81068\" \/>\n<meta property=\"og:site_name\" content=\"Los pol\u00edticos Veracruz\" \/>\n<meta property=\"article:publisher\" content=\"https:\/\/www.facebook.com\/people\/Notimemes-de-los-Polticos\/61565672886568\/\" \/>\n<meta property=\"article:published_time\" content=\"2021-10-23T21:27:55+00:00\" \/>\n<meta property=\"article:modified_time\" content=\"2021-10-23T21:28:01+00:00\" \/>\n<meta property=\"og:image\" content=\"https:\/\/lospoliticosveracruz.com\/wp-content\/uploads\/2016\/07\/Logo-Dor.jpg\" \/>\n\t<meta property=\"og:image:width\" content=\"200\" \/>\n\t<meta property=\"og:image:height\" content=\"200\" \/>\n\t<meta property=\"og:image:type\" content=\"image\/jpeg\" \/>\n<meta name=\"author\" content=\"Lo viste en Los Pol\u00edticos\" \/>\n<meta name=\"twitter:card\" content=\"summary_large_image\" \/>\n<meta name=\"twitter:creator\" content=\"@LosPoliticosVer\" \/>\n<meta name=\"twitter:site\" content=\"@LosPoliticosVer\" \/>\n<meta name=\"twitter:label1\" content=\"Escrito por\" \/>\n\t<meta name=\"twitter:data1\" content=\"Lo viste en Los Pol\u00edticos\" \/>\n\t<meta name=\"twitter:label2\" content=\"Tiempo de lectura\" \/>\n\t<meta name=\"twitter:data2\" content=\"4 minutos\" \/>\n<script type=\"application\/ld+json\" class=\"yoast-schema-graph\">{\"@context\":\"https:\\\/\\\/schema.org\",\"@graph\":[{\"@type\":\"Article\",\"@id\":\"https:\\\/\\\/lospoliticosveracruz.com\\\/?p=81068#article\",\"isPartOf\":{\"@id\":\"https:\\\/\\\/lospoliticosveracruz.com\\\/?p=81068\"},\"author\":{\"name\":\"Lo viste en Los Pol\u00edticos\",\"@id\":\"https:\\\/\\\/lospoliticosveracruz.com\\\/#\\\/schema\\\/person\\\/b8702bb0e538456e6efd07080bf2a4a2\"},\"headline\":\"Inclusi\u00f3n con acci\u00f3n en el PRI\",\"datePublished\":\"2021-10-23T21:27:55+00:00\",\"dateModified\":\"2021-10-23T21:28:01+00:00\",\"mainEntityOfPage\":{\"@id\":\"https:\\\/\\\/lospoliticosveracruz.com\\\/?p=81068\"},\"wordCount\":721,\"publisher\":{\"@id\":\"https:\\\/\\\/lospoliticosveracruz.com\\\/#organization\"},\"keywords\":[\"Inclusi\u00f3n\",\"Norma Ang\u00e9lica Aceves Garc\u00eda\",\"Veracruz\"],\"articleSection\":[\"De Boleto\"],\"inLanguage\":\"es\"},{\"@type\":\"WebPage\",\"@id\":\"https:\\\/\\\/lospoliticosveracruz.com\\\/?p=81068\",\"url\":\"https:\\\/\\\/lospoliticosveracruz.com\\\/?p=81068\",\"name\":\"Inclusi\u00f3n con acci\u00f3n en el PRI - Los pol\u00edticos Veracruz\",\"isPartOf\":{\"@id\":\"https:\\\/\\\/lospoliticosveracruz.com\\\/#website\"},\"datePublished\":\"2021-10-23T21:27:55+00:00\",\"dateModified\":\"2021-10-23T21:28:01+00:00\",\"breadcrumb\":{\"@id\":\"https:\\\/\\\/lospoliticosveracruz.com\\\/?p=81068#breadcrumb\"},\"inLanguage\":\"es\",\"potentialAction\":[{\"@type\":\"ReadAction\",\"target\":[\"https:\\\/\\\/lospoliticosveracruz.com\\\/?p=81068\"]}]},{\"@type\":\"BreadcrumbList\",\"@id\":\"https:\\\/\\\/lospoliticosveracruz.com\\\/?p=81068#breadcrumb\",\"itemListElement\":[{\"@type\":\"ListItem\",\"position\":1,\"name\":\"Portada\",\"item\":\"https:\\\/\\\/lospoliticosveracruz.com\\\/\"},{\"@type\":\"ListItem\",\"position\":2,\"name\":\"Inclusi\u00f3n con acci\u00f3n en el PRI\"}]},{\"@type\":\"WebSite\",\"@id\":\"https:\\\/\\\/lospoliticosveracruz.com\\\/#website\",\"url\":\"https:\\\/\\\/lospoliticosveracruz.com\\\/\",\"name\":\"Los pol\u00edticos Veracruz\",\"description\":\"\",\"publisher\":{\"@id\":\"https:\\\/\\\/lospoliticosveracruz.com\\\/#organization\"},\"potentialAction\":[{\"@type\":\"SearchAction\",\"target\":{\"@type\":\"EntryPoint\",\"urlTemplate\":\"https:\\\/\\\/lospoliticosveracruz.com\\\/?s={search_term_string}\"},\"query-input\":{\"@type\":\"PropertyValueSpecification\",\"valueRequired\":true,\"valueName\":\"search_term_string\"}}],\"inLanguage\":\"es\"},{\"@type\":\"Organization\",\"@id\":\"https:\\\/\\\/lospoliticosveracruz.com\\\/#organization\",\"name\":\"Los pol\u00edticos Veracruz\",\"url\":\"https:\\\/\\\/lospoliticosveracruz.com\\\/\",\"logo\":{\"@type\":\"ImageObject\",\"inLanguage\":\"es\",\"@id\":\"https:\\\/\\\/lospoliticosveracruz.com\\\/#\\\/schema\\\/logo\\\/image\\\/\",\"url\":\"https:\\\/\\\/lospoliticosveracruz.com\\\/wp-content\\\/uploads\\\/2025\\\/12\\\/Logo-Nuevo-LOS-POLITICOS-1.jpg\",\"contentUrl\":\"https:\\\/\\\/lospoliticosveracruz.com\\\/wp-content\\\/uploads\\\/2025\\\/12\\\/Logo-Nuevo-LOS-POLITICOS-1.jpg\",\"width\":260,\"height\":70,\"caption\":\"Los pol\u00edticos Veracruz\"},\"image\":{\"@id\":\"https:\\\/\\\/lospoliticosveracruz.com\\\/#\\\/schema\\\/logo\\\/image\\\/\"},\"sameAs\":[\"https:\\\/\\\/www.facebook.com\\\/people\\\/Notimemes-de-los-Polticos\\\/61565672886568\\\/\",\"https:\\\/\\\/x.com\\\/LosPoliticosVer\"]},{\"@type\":\"Person\",\"@id\":\"https:\\\/\\\/lospoliticosveracruz.com\\\/#\\\/schema\\\/person\\\/b8702bb0e538456e6efd07080bf2a4a2\",\"name\":\"Lo viste en Los Pol\u00edticos\",\"image\":{\"@type\":\"ImageObject\",\"inLanguage\":\"es\",\"@id\":\"https:\\\/\\\/secure.gravatar.com\\\/avatar\\\/3a8de04a2656d44082be478bd6c086daa447c4651605818287b9532d3d0bd435?s=96&d=mm&r=g\",\"url\":\"https:\\\/\\\/secure.gravatar.com\\\/avatar\\\/3a8de04a2656d44082be478bd6c086daa447c4651605818287b9532d3d0bd435?s=96&d=mm&r=g\",\"contentUrl\":\"https:\\\/\\\/secure.gravatar.com\\\/avatar\\\/3a8de04a2656d44082be478bd6c086daa447c4651605818287b9532d3d0bd435?s=96&d=mm&r=g\",\"caption\":\"Lo viste en Los Pol\u00edticos\"},\"url\":\"https:\\\/\\\/lospoliticosveracruz.com\\\/?author=2\"}]}<\/script>\n<!-- \/ Yoast SEO plugin. -->","yoast_head_json":{"title":"Inclusi\u00f3n con acci\u00f3n en el PRI - Los pol\u00edticos Veracruz","robots":{"index":"index","follow":"follow","max-snippet":"max-snippet:-1","max-image-preview":"max-image-preview:large","max-video-preview":"max-video-preview:-1"},"canonical":"https:\/\/lospoliticosveracruz.com\/?p=81068","og_locale":"es_ES","og_type":"article","og_title":"Inclusi\u00f3n con acci\u00f3n en el PRI - Los pol\u00edticos Veracruz","og_description":"Xalapa Las presidentas y presidentes municipales, tienen la gran oportunidad de realizar acciones que no queden s\u00f3lo en la entrega de sillas de ruedas, bastones y estos implementos, sino en la generaci\u00f3n de empleo, de acceso a la salud, educaci\u00f3n y deporte, entre otras, se\u00f1al\u00f3 Arianna Angeles Aguirre, secretaria general del CDE del PRI en [&hellip;]","og_url":"https:\/\/lospoliticosveracruz.com\/?p=81068","og_site_name":"Los pol\u00edticos Veracruz","article_publisher":"https:\/\/www.facebook.com\/people\/Notimemes-de-los-Polticos\/61565672886568\/","article_published_time":"2021-10-23T21:27:55+00:00","article_modified_time":"2021-10-23T21:28:01+00:00","og_image":[{"width":200,"height":200,"url":"https:\/\/lospoliticosveracruz.com\/wp-content\/uploads\/2016\/07\/Logo-Dor.jpg","type":"image\/jpeg"}],"author":"Lo viste en Los Pol\u00edticos","twitter_card":"summary_large_image","twitter_creator":"@LosPoliticosVer","twitter_site":"@LosPoliticosVer","twitter_misc":{"Escrito por":"Lo viste en Los Pol\u00edticos","Tiempo de lectura":"4 minutos"},"schema":{"@context":"https:\/\/schema.org","@graph":[{"@type":"Article","@id":"https:\/\/lospoliticosveracruz.com\/?p=81068#article","isPartOf":{"@id":"https:\/\/lospoliticosveracruz.com\/?p=81068"},"author":{"name":"Lo viste en Los Pol\u00edticos","@id":"https:\/\/lospoliticosveracruz.com\/#\/schema\/person\/b8702bb0e538456e6efd07080bf2a4a2"},"headline":"Inclusi\u00f3n con acci\u00f3n en el PRI","datePublished":"2021-10-23T21:27:55+00:00","dateModified":"2021-10-23T21:28:01+00:00","mainEntityOfPage":{"@id":"https:\/\/lospoliticosveracruz.com\/?p=81068"},"wordCount":721,"publisher":{"@id":"https:\/\/lospoliticosveracruz.com\/#organization"},"keywords":["Inclusi\u00f3n","Norma Ang\u00e9lica Aceves Garc\u00eda","Veracruz"],"articleSection":["De Boleto"],"inLanguage":"es"},{"@type":"WebPage","@id":"https:\/\/lospoliticosveracruz.com\/?p=81068","url":"https:\/\/lospoliticosveracruz.com\/?p=81068","name":"Inclusi\u00f3n con acci\u00f3n en el PRI - Los pol\u00edticos Veracruz","isPartOf":{"@id":"https:\/\/lospoliticosveracruz.com\/#website"},"datePublished":"2021-10-23T21:27:55+00:00","dateModified":"2021-10-23T21:28:01+00:00","breadcrumb":{"@id":"https:\/\/lospoliticosveracruz.com\/?p=81068#breadcrumb"},"inLanguage":"es","potentialAction":[{"@type":"ReadAction","target":["https:\/\/lospoliticosveracruz.com\/?p=81068"]}]},{"@type":"BreadcrumbList","@id":"https:\/\/lospoliticosveracruz.com\/?p=81068#breadcrumb","itemListElement":[{"@type":"ListItem","position":1,"name":"Portada","item":"https:\/\/lospoliticosveracruz.com\/"},{"@type":"ListItem","position":2,"name":"Inclusi\u00f3n con acci\u00f3n en el PRI"}]},{"@type":"WebSite","@id":"https:\/\/lospoliticosveracruz.com\/#website","url":"https:\/\/lospoliticosveracruz.com\/","name":"Los pol\u00edticos Veracruz","description":"","publisher":{"@id":"https:\/\/lospoliticosveracruz.com\/#organization"},"potentialAction":[{"@type":"SearchAction","target":{"@type":"EntryPoint","urlTemplate":"https:\/\/lospoliticosveracruz.com\/?s={search_term_string}"},"query-input":{"@type":"PropertyValueSpecification","valueRequired":true,"valueName":"search_term_string"}}],"inLanguage":"es"},{"@type":"Organization","@id":"https:\/\/lospoliticosveracruz.com\/#organization","name":"Los pol\u00edticos Veracruz","url":"https:\/\/lospoliticosveracruz.com\/","logo":{"@type":"ImageObject","inLanguage":"es","@id":"https:\/\/lospoliticosveracruz.com\/#\/schema\/logo\/image\/","url":"https:\/\/lospoliticosveracruz.com\/wp-content\/uploads\/2025\/12\/Logo-Nuevo-LOS-POLITICOS-1.jpg","contentUrl":"https:\/\/lospoliticosveracruz.com\/wp-content\/uploads\/2025\/12\/Logo-Nuevo-LOS-POLITICOS-1.jpg","width":260,"height":70,"caption":"Los pol\u00edticos Veracruz"},"image":{"@id":"https:\/\/lospoliticosveracruz.com\/#\/schema\/logo\/image\/"},"sameAs":["https:\/\/www.facebook.com\/people\/Notimemes-de-los-Polticos\/61565672886568\/","https:\/\/x.com\/LosPoliticosVer"]},{"@type":"Person","@id":"https:\/\/lospoliticosveracruz.com\/#\/schema\/person\/b8702bb0e538456e6efd07080bf2a4a2","name":"Lo viste en Los Pol\u00edticos","image":{"@type":"ImageObject","inLanguage":"es","@id":"https:\/\/secure.gravatar.com\/avatar\/3a8de04a2656d44082be478bd6c086daa447c4651605818287b9532d3d0bd435?s=96&d=mm&r=g","url":"https:\/\/secure.gravatar.com\/avatar\/3a8de04a2656d44082be478bd6c086daa447c4651605818287b9532d3d0bd435?s=96&d=mm&r=g","contentUrl":"https:\/\/secure.gravatar.com\/avatar\/3a8de04a2656d44082be478bd6c086daa447c4651605818287b9532d3d0bd435?s=96&d=mm&r=g","caption":"Lo viste en Los Pol\u00edticos"},"url":"https:\/\/lospoliticosveracruz.com\/?author=2"}]}},"_links":{"self":[{"href":"https:\/\/lospoliticosveracruz.com\/index.php?rest_route=\/wp\/v2\/posts\/81068","targetHints":{"allow":["GET"]}}],"collection":[{"href":"https:\/\/lospoliticosveracruz.com\/index.php?rest_route=\/wp\/v2\/posts"}],"about":[{"href":"https:\/\/lospoliticosveracruz.com\/index.php?rest_route=\/wp\/v2\/types\/post"}],"author":[{"embeddable":true,"href":"https:\/\/lospoliticosveracruz.com\/index.php?rest_route=\/wp\/v2\/users\/2"}],"replies":[{"embeddable":true,"href":"https:\/\/lospoliticosveracruz.com\/index.php?rest_route=%2Fwp%2Fv2%2Fcomments&post=81068"}],"version-history":[{"count":1,"href":"https:\/\/lospoliticosveracruz.com\/index.php?rest_route=\/wp\/v2\/posts\/81068\/revisions"}],"predecessor-version":[{"id":81070,"href":"https:\/\/lospoliticosveracruz.com\/index.php?rest_route=\/wp\/v2\/posts\/81068\/revisions\/81070"}],"wp:attachment":[{"href":"https:\/\/lospoliticosveracruz.com\/index.php?rest_route=%2Fwp%2Fv2%2Fmedia&parent=81068"}],"wp:term":[{"taxonomy":"category","embeddable":true,"href":"https:\/\/lospoliticosveracruz.com\/index.php?rest_route=%2Fwp%2Fv2%2Fcategories&post=81068"},{"taxonomy":"post_tag","embeddable":true,"href":"https:\/\/lospoliticosveracruz.com\/index.php?rest_route=%2Fwp%2Fv2%2Ftags&post=81068"}],"curies":[{"name":"wp","href":"https:\/\/api.w.org\/{rel}","templated":true}]}}