{"id":81090,"date":"2021-10-24T13:11:36","date_gmt":"2021-10-24T18:11:36","guid":{"rendered":"https:\/\/lospoliticosveracruz.com.mx\/?p=81090"},"modified":"2021-10-24T13:11:41","modified_gmt":"2021-10-24T18:11:41","slug":"sergio-cumple-a-caneros","status":"publish","type":"post","link":"https:\/\/lospoliticosveracruz.com\/?p=81090","title":{"rendered":"Sergio cumple a ca\u00f1eros!"},"content":{"rendered":"\n<p><em>Carlos A. Carrillo<\/em><br>El diputado Sergio Guti\u00e9rrez Luna es un hombre de palabra que le cumpli\u00f3 al gremio ca\u00f1ero del pa\u00eds porque, gracias a sus gestiones, 50 mil de nuestras familias tendr\u00e1n seguridad social en la pr\u00f3xima zafra, dijo el presidente de la Uni\u00f3n Nacional de Productores de Ca\u00f1a de Az\u00facar, Javier S\u00e1nchez Ch\u00e1vez.<\/p>\n\n\n\n<p>El l\u00edder, que representa a 107 mil agremiados en todo el pa\u00eds, relat\u00f3 que hace tres semanas busc\u00f3 al Diputado Federal veracruzano para gestionar la defensa de un subsidio de 297 millones de pesos a la seguridad social de los ca\u00f1eros que estaba en riesgo de perderse: \u201cSergio se sali\u00f3 un momento de la sesi\u00f3n, nos atendi\u00f3 y tom\u00f3 el asunto como propio. Hoy nuestro subsidio y el acceso a la salud de nuestras familias est\u00e1 asegurado gracias a \u00e9l\u201d.<\/p>\n\n\n\n<p>La ma\u00f1ana de este domingo Sergio Guti\u00e9rrez y un grupo de ca\u00f1eros encabezados por Javier S\u00e1nchez se reunieron en el municipio de Carlos A. Carrillo, donde est\u00e1 la sede del mayor ingenio del pa\u00eds: el San Cristobal, en el coraz\u00f3n de la Cuenca del Papaloapan.<\/p>\n\n\n\n<p>Sergio Guti\u00e9rrez les dijo que \u00abtengan la seguridad, de que vamos a dejar todo nuestro empe\u00f1o para que se quede en el Presupuesto ese subsidio para los ca\u00f1eros de Veracruz, porque es un reconocimiento a su trabajo y es nuestra obligaci\u00f3n defender sus intereses\u00bb.<\/p>\n\n\n\n<p>El legislador minatitleco habl\u00f3 en plural refiri\u00e9ndose a la presencia de otro Diputado Federal morenista, el oaxaque\u00f1o y tambi\u00e9n ca\u00f1ero \u00c1ngel Dom\u00ednguez Escobar, \u00abEl Andariego\u00bb, qui\u00e9n se sum\u00f3 al encuentro.<\/p>\n\n\n\n<p>Acordaron reunirse nuevamente en noviembre, cuando el Presupuesto ya est\u00e9 aprobado.<\/p>\n\n\n\n<p>Estuvieron presentes, adem\u00e1s, el l\u00edder local de ca\u00f1eros, Luis Carlos P\u00e9rez Balderas y la diputada local Jessica Ram\u00edrez Cisneros.<\/p>\n\n\n\n<p>De igual forma, el alcalde electo de Carlos A. Carrillo, On\u00e1n Hern\u00e1ndez L\u00f3pez; alcalde electo de Tlacojalpan, Francisco Carvajal; alcalde electo de Tlacotalpan, Luis Medina.<\/p>\n\n\n\n<p><\/p>\n","protected":false},"excerpt":{"rendered":"<p>Carlos A. CarrilloEl diputado Sergio Guti\u00e9rrez Luna es un hombre de palabra que le cumpli\u00f3 al gremio ca\u00f1ero del pa\u00eds porque, gracias a sus gestiones, 50 mil de nuestras familias tendr\u00e1n seguridad social en la pr\u00f3xima zafra, dijo el presidente de la Uni\u00f3n Nacional de Productores de Ca\u00f1a de Az\u00facar, Javier S\u00e1nchez Ch\u00e1vez. El l\u00edder, [&hellip;]<\/p>\n","protected":false},"author":2,"featured_media":0,"comment_status":"closed","ping_status":"closed","sticky":false,"template":"","format":"standard","meta":{"tdm_status":"","tdm_grid_status":"","footnotes":""},"categories":[73],"tags":[13718,3658,12297,30309,13448,18404,6167,16147,30962],"class_list":{"0":"post-81090","1":"post","2":"type-post","3":"status-publish","4":"format-standard","6":"category-de-boleto","7":"tag-caneros","8":"tag-carlos-a-carrillo","9":"tag-cuenca-del-papaloapan","10":"tag-javier-sanchez-chavez","11":"tag-jessica-ramirez-cisneros","12":"tag-luis-carlos-perez-balderas","13":"tag-seguro-social","14":"tag-sergio-gutierrez-luna","15":"tag-union-nacional-de-productores-de-cana-de-azucar"},"yoast_head":"<!-- This site is optimized with the Yoast SEO plugin v27.4 - https:\/\/yoast.com\/product\/yoast-seo-wordpress\/ -->\n<title>Sergio cumple a ca\u00f1eros! - Los pol\u00edticos Veracruz<\/title>\n<meta name=\"robots\" content=\"index, follow, max-snippet:-1, max-image-preview:large, max-video-preview:-1\" \/>\n<link rel=\"canonical\" href=\"https:\/\/lospoliticosveracruz.com\/?p=81090\" \/>\n<meta property=\"og:locale\" content=\"es_ES\" \/>\n<meta property=\"og:type\" content=\"article\" \/>\n<meta property=\"og:title\" content=\"Sergio cumple a ca\u00f1eros! - Los pol\u00edticos Veracruz\" \/>\n<meta property=\"og:description\" content=\"Carlos A. CarrilloEl diputado Sergio Guti\u00e9rrez Luna es un hombre de palabra que le cumpli\u00f3 al gremio ca\u00f1ero del pa\u00eds porque, gracias a sus gestiones, 50 mil de nuestras familias tendr\u00e1n seguridad social en la pr\u00f3xima zafra, dijo el presidente de la Uni\u00f3n Nacional de Productores de Ca\u00f1a de Az\u00facar, Javier S\u00e1nchez Ch\u00e1vez. El l\u00edder, [&hellip;]\" \/>\n<meta property=\"og:url\" content=\"https:\/\/lospoliticosveracruz.com\/?p=81090\" \/>\n<meta property=\"og:site_name\" content=\"Los pol\u00edticos Veracruz\" \/>\n<meta property=\"article:publisher\" content=\"https:\/\/www.facebook.com\/people\/Notimemes-de-los-Polticos\/61565672886568\/\" \/>\n<meta property=\"article:published_time\" content=\"2021-10-24T18:11:36+00:00\" \/>\n<meta property=\"article:modified_time\" content=\"2021-10-24T18:11:41+00:00\" \/>\n<meta property=\"og:image\" content=\"https:\/\/lospoliticosveracruz.com\/wp-content\/uploads\/2016\/07\/Logo-Dor.jpg\" \/>\n\t<meta property=\"og:image:width\" content=\"200\" \/>\n\t<meta property=\"og:image:height\" content=\"200\" \/>\n\t<meta property=\"og:image:type\" content=\"image\/jpeg\" \/>\n<meta name=\"author\" content=\"Lo viste en Los Pol\u00edticos\" \/>\n<meta name=\"twitter:card\" content=\"summary_large_image\" \/>\n<meta name=\"twitter:creator\" content=\"@LosPoliticosVer\" \/>\n<meta name=\"twitter:site\" content=\"@LosPoliticosVer\" \/>\n<meta name=\"twitter:label1\" content=\"Escrito por\" \/>\n\t<meta name=\"twitter:data1\" content=\"Lo viste en Los Pol\u00edticos\" \/>\n\t<meta name=\"twitter:label2\" content=\"Tiempo de lectura\" \/>\n\t<meta name=\"twitter:data2\" content=\"2 minutos\" \/>\n<script type=\"application\/ld+json\" class=\"yoast-schema-graph\">{\"@context\":\"https:\\\/\\\/schema.org\",\"@graph\":[{\"@type\":\"Article\",\"@id\":\"https:\\\/\\\/lospoliticosveracruz.com\\\/?p=81090#article\",\"isPartOf\":{\"@id\":\"https:\\\/\\\/lospoliticosveracruz.com\\\/?p=81090\"},\"author\":{\"name\":\"Lo viste en Los Pol\u00edticos\",\"@id\":\"https:\\\/\\\/lospoliticosveracruz.com\\\/#\\\/schema\\\/person\\\/b8702bb0e538456e6efd07080bf2a4a2\"},\"headline\":\"Sergio cumple a ca\u00f1eros!\",\"datePublished\":\"2021-10-24T18:11:36+00:00\",\"dateModified\":\"2021-10-24T18:11:41+00:00\",\"mainEntityOfPage\":{\"@id\":\"https:\\\/\\\/lospoliticosveracruz.com\\\/?p=81090\"},\"wordCount\":348,\"publisher\":{\"@id\":\"https:\\\/\\\/lospoliticosveracruz.com\\\/#organization\"},\"keywords\":[\"ca\u00f1eros\",\"Carlos A. Carrillo\",\"Cuenca del Papaloapan\",\"Javier S\u00e1nchez Ch\u00e1vez\",\"Jessica Ram\u00edrez Cisneros\",\"Luis Carlos P\u00e9rez Balderas\",\"Seguro Social\",\"Sergio Guti\u00e9rrez Luna\",\"Uni\u00f3n Nacional de Productores de Ca\u00f1a de Az\u00facar\"],\"articleSection\":[\"De Boleto\"],\"inLanguage\":\"es\"},{\"@type\":\"WebPage\",\"@id\":\"https:\\\/\\\/lospoliticosveracruz.com\\\/?p=81090\",\"url\":\"https:\\\/\\\/lospoliticosveracruz.com\\\/?p=81090\",\"name\":\"Sergio cumple a ca\u00f1eros! - Los pol\u00edticos Veracruz\",\"isPartOf\":{\"@id\":\"https:\\\/\\\/lospoliticosveracruz.com\\\/#website\"},\"datePublished\":\"2021-10-24T18:11:36+00:00\",\"dateModified\":\"2021-10-24T18:11:41+00:00\",\"breadcrumb\":{\"@id\":\"https:\\\/\\\/lospoliticosveracruz.com\\\/?p=81090#breadcrumb\"},\"inLanguage\":\"es\",\"potentialAction\":[{\"@type\":\"ReadAction\",\"target\":[\"https:\\\/\\\/lospoliticosveracruz.com\\\/?p=81090\"]}]},{\"@type\":\"BreadcrumbList\",\"@id\":\"https:\\\/\\\/lospoliticosveracruz.com\\\/?p=81090#breadcrumb\",\"itemListElement\":[{\"@type\":\"ListItem\",\"position\":1,\"name\":\"Portada\",\"item\":\"https:\\\/\\\/lospoliticosveracruz.com\\\/\"},{\"@type\":\"ListItem\",\"position\":2,\"name\":\"Sergio cumple a ca\u00f1eros!\"}]},{\"@type\":\"WebSite\",\"@id\":\"https:\\\/\\\/lospoliticosveracruz.com\\\/#website\",\"url\":\"https:\\\/\\\/lospoliticosveracruz.com\\\/\",\"name\":\"Los pol\u00edticos Veracruz\",\"description\":\"\",\"publisher\":{\"@id\":\"https:\\\/\\\/lospoliticosveracruz.com\\\/#organization\"},\"potentialAction\":[{\"@type\":\"SearchAction\",\"target\":{\"@type\":\"EntryPoint\",\"urlTemplate\":\"https:\\\/\\\/lospoliticosveracruz.com\\\/?s={search_term_string}\"},\"query-input\":{\"@type\":\"PropertyValueSpecification\",\"valueRequired\":true,\"valueName\":\"search_term_string\"}}],\"inLanguage\":\"es\"},{\"@type\":\"Organization\",\"@id\":\"https:\\\/\\\/lospoliticosveracruz.com\\\/#organization\",\"name\":\"Los pol\u00edticos Veracruz\",\"url\":\"https:\\\/\\\/lospoliticosveracruz.com\\\/\",\"logo\":{\"@type\":\"ImageObject\",\"inLanguage\":\"es\",\"@id\":\"https:\\\/\\\/lospoliticosveracruz.com\\\/#\\\/schema\\\/logo\\\/image\\\/\",\"url\":\"https:\\\/\\\/lospoliticosveracruz.com\\\/wp-content\\\/uploads\\\/2025\\\/12\\\/Logo-Nuevo-LOS-POLITICOS-1.jpg\",\"contentUrl\":\"https:\\\/\\\/lospoliticosveracruz.com\\\/wp-content\\\/uploads\\\/2025\\\/12\\\/Logo-Nuevo-LOS-POLITICOS-1.jpg\",\"width\":260,\"height\":70,\"caption\":\"Los pol\u00edticos Veracruz\"},\"image\":{\"@id\":\"https:\\\/\\\/lospoliticosveracruz.com\\\/#\\\/schema\\\/logo\\\/image\\\/\"},\"sameAs\":[\"https:\\\/\\\/www.facebook.com\\\/people\\\/Notimemes-de-los-Polticos\\\/61565672886568\\\/\",\"https:\\\/\\\/x.com\\\/LosPoliticosVer\"]},{\"@type\":\"Person\",\"@id\":\"https:\\\/\\\/lospoliticosveracruz.com\\\/#\\\/schema\\\/person\\\/b8702bb0e538456e6efd07080bf2a4a2\",\"name\":\"Lo viste en Los Pol\u00edticos\",\"image\":{\"@type\":\"ImageObject\",\"inLanguage\":\"es\",\"@id\":\"https:\\\/\\\/secure.gravatar.com\\\/avatar\\\/3a8de04a2656d44082be478bd6c086daa447c4651605818287b9532d3d0bd435?s=96&d=mm&r=g\",\"url\":\"https:\\\/\\\/secure.gravatar.com\\\/avatar\\\/3a8de04a2656d44082be478bd6c086daa447c4651605818287b9532d3d0bd435?s=96&d=mm&r=g\",\"contentUrl\":\"https:\\\/\\\/secure.gravatar.com\\\/avatar\\\/3a8de04a2656d44082be478bd6c086daa447c4651605818287b9532d3d0bd435?s=96&d=mm&r=g\",\"caption\":\"Lo viste en Los Pol\u00edticos\"},\"url\":\"https:\\\/\\\/lospoliticosveracruz.com\\\/?author=2\"}]}<\/script>\n<!-- \/ Yoast SEO plugin. -->","yoast_head_json":{"title":"Sergio cumple a ca\u00f1eros! - Los pol\u00edticos Veracruz","robots":{"index":"index","follow":"follow","max-snippet":"max-snippet:-1","max-image-preview":"max-image-preview:large","max-video-preview":"max-video-preview:-1"},"canonical":"https:\/\/lospoliticosveracruz.com\/?p=81090","og_locale":"es_ES","og_type":"article","og_title":"Sergio cumple a ca\u00f1eros! - Los pol\u00edticos Veracruz","og_description":"Carlos A. CarrilloEl diputado Sergio Guti\u00e9rrez Luna es un hombre de palabra que le cumpli\u00f3 al gremio ca\u00f1ero del pa\u00eds porque, gracias a sus gestiones, 50 mil de nuestras familias tendr\u00e1n seguridad social en la pr\u00f3xima zafra, dijo el presidente de la Uni\u00f3n Nacional de Productores de Ca\u00f1a de Az\u00facar, Javier S\u00e1nchez Ch\u00e1vez. El l\u00edder, [&hellip;]","og_url":"https:\/\/lospoliticosveracruz.com\/?p=81090","og_site_name":"Los pol\u00edticos Veracruz","article_publisher":"https:\/\/www.facebook.com\/people\/Notimemes-de-los-Polticos\/61565672886568\/","article_published_time":"2021-10-24T18:11:36+00:00","article_modified_time":"2021-10-24T18:11:41+00:00","og_image":[{"width":200,"height":200,"url":"https:\/\/lospoliticosveracruz.com\/wp-content\/uploads\/2016\/07\/Logo-Dor.jpg","type":"image\/jpeg"}],"author":"Lo viste en Los Pol\u00edticos","twitter_card":"summary_large_image","twitter_creator":"@LosPoliticosVer","twitter_site":"@LosPoliticosVer","twitter_misc":{"Escrito por":"Lo viste en Los Pol\u00edticos","Tiempo de lectura":"2 minutos"},"schema":{"@context":"https:\/\/schema.org","@graph":[{"@type":"Article","@id":"https:\/\/lospoliticosveracruz.com\/?p=81090#article","isPartOf":{"@id":"https:\/\/lospoliticosveracruz.com\/?p=81090"},"author":{"name":"Lo viste en Los Pol\u00edticos","@id":"https:\/\/lospoliticosveracruz.com\/#\/schema\/person\/b8702bb0e538456e6efd07080bf2a4a2"},"headline":"Sergio cumple a ca\u00f1eros!","datePublished":"2021-10-24T18:11:36+00:00","dateModified":"2021-10-24T18:11:41+00:00","mainEntityOfPage":{"@id":"https:\/\/lospoliticosveracruz.com\/?p=81090"},"wordCount":348,"publisher":{"@id":"https:\/\/lospoliticosveracruz.com\/#organization"},"keywords":["ca\u00f1eros","Carlos A. Carrillo","Cuenca del Papaloapan","Javier S\u00e1nchez Ch\u00e1vez","Jessica Ram\u00edrez Cisneros","Luis Carlos P\u00e9rez Balderas","Seguro Social","Sergio Guti\u00e9rrez Luna","Uni\u00f3n Nacional de Productores de Ca\u00f1a de Az\u00facar"],"articleSection":["De Boleto"],"inLanguage":"es"},{"@type":"WebPage","@id":"https:\/\/lospoliticosveracruz.com\/?p=81090","url":"https:\/\/lospoliticosveracruz.com\/?p=81090","name":"Sergio cumple a ca\u00f1eros! - Los pol\u00edticos Veracruz","isPartOf":{"@id":"https:\/\/lospoliticosveracruz.com\/#website"},"datePublished":"2021-10-24T18:11:36+00:00","dateModified":"2021-10-24T18:11:41+00:00","breadcrumb":{"@id":"https:\/\/lospoliticosveracruz.com\/?p=81090#breadcrumb"},"inLanguage":"es","potentialAction":[{"@type":"ReadAction","target":["https:\/\/lospoliticosveracruz.com\/?p=81090"]}]},{"@type":"BreadcrumbList","@id":"https:\/\/lospoliticosveracruz.com\/?p=81090#breadcrumb","itemListElement":[{"@type":"ListItem","position":1,"name":"Portada","item":"https:\/\/lospoliticosveracruz.com\/"},{"@type":"ListItem","position":2,"name":"Sergio cumple a ca\u00f1eros!"}]},{"@type":"WebSite","@id":"https:\/\/lospoliticosveracruz.com\/#website","url":"https:\/\/lospoliticosveracruz.com\/","name":"Los pol\u00edticos Veracruz","description":"","publisher":{"@id":"https:\/\/lospoliticosveracruz.com\/#organization"},"potentialAction":[{"@type":"SearchAction","target":{"@type":"EntryPoint","urlTemplate":"https:\/\/lospoliticosveracruz.com\/?s={search_term_string}"},"query-input":{"@type":"PropertyValueSpecification","valueRequired":true,"valueName":"search_term_string"}}],"inLanguage":"es"},{"@type":"Organization","@id":"https:\/\/lospoliticosveracruz.com\/#organization","name":"Los pol\u00edticos Veracruz","url":"https:\/\/lospoliticosveracruz.com\/","logo":{"@type":"ImageObject","inLanguage":"es","@id":"https:\/\/lospoliticosveracruz.com\/#\/schema\/logo\/image\/","url":"https:\/\/lospoliticosveracruz.com\/wp-content\/uploads\/2025\/12\/Logo-Nuevo-LOS-POLITICOS-1.jpg","contentUrl":"https:\/\/lospoliticosveracruz.com\/wp-content\/uploads\/2025\/12\/Logo-Nuevo-LOS-POLITICOS-1.jpg","width":260,"height":70,"caption":"Los pol\u00edticos Veracruz"},"image":{"@id":"https:\/\/lospoliticosveracruz.com\/#\/schema\/logo\/image\/"},"sameAs":["https:\/\/www.facebook.com\/people\/Notimemes-de-los-Polticos\/61565672886568\/","https:\/\/x.com\/LosPoliticosVer"]},{"@type":"Person","@id":"https:\/\/lospoliticosveracruz.com\/#\/schema\/person\/b8702bb0e538456e6efd07080bf2a4a2","name":"Lo viste en Los Pol\u00edticos","image":{"@type":"ImageObject","inLanguage":"es","@id":"https:\/\/secure.gravatar.com\/avatar\/3a8de04a2656d44082be478bd6c086daa447c4651605818287b9532d3d0bd435?s=96&d=mm&r=g","url":"https:\/\/secure.gravatar.com\/avatar\/3a8de04a2656d44082be478bd6c086daa447c4651605818287b9532d3d0bd435?s=96&d=mm&r=g","contentUrl":"https:\/\/secure.gravatar.com\/avatar\/3a8de04a2656d44082be478bd6c086daa447c4651605818287b9532d3d0bd435?s=96&d=mm&r=g","caption":"Lo viste en Los Pol\u00edticos"},"url":"https:\/\/lospoliticosveracruz.com\/?author=2"}]}},"_links":{"self":[{"href":"https:\/\/lospoliticosveracruz.com\/index.php?rest_route=\/wp\/v2\/posts\/81090","targetHints":{"allow":["GET"]}}],"collection":[{"href":"https:\/\/lospoliticosveracruz.com\/index.php?rest_route=\/wp\/v2\/posts"}],"about":[{"href":"https:\/\/lospoliticosveracruz.com\/index.php?rest_route=\/wp\/v2\/types\/post"}],"author":[{"embeddable":true,"href":"https:\/\/lospoliticosveracruz.com\/index.php?rest_route=\/wp\/v2\/users\/2"}],"replies":[{"embeddable":true,"href":"https:\/\/lospoliticosveracruz.com\/index.php?rest_route=%2Fwp%2Fv2%2Fcomments&post=81090"}],"version-history":[{"count":1,"href":"https:\/\/lospoliticosveracruz.com\/index.php?rest_route=\/wp\/v2\/posts\/81090\/revisions"}],"predecessor-version":[{"id":81092,"href":"https:\/\/lospoliticosveracruz.com\/index.php?rest_route=\/wp\/v2\/posts\/81090\/revisions\/81092"}],"wp:attachment":[{"href":"https:\/\/lospoliticosveracruz.com\/index.php?rest_route=%2Fwp%2Fv2%2Fmedia&parent=81090"}],"wp:term":[{"taxonomy":"category","embeddable":true,"href":"https:\/\/lospoliticosveracruz.com\/index.php?rest_route=%2Fwp%2Fv2%2Fcategories&post=81090"},{"taxonomy":"post_tag","embeddable":true,"href":"https:\/\/lospoliticosveracruz.com\/index.php?rest_route=%2Fwp%2Fv2%2Ftags&post=81090"}],"curies":[{"name":"wp","href":"https:\/\/api.w.org\/{rel}","templated":true}]}}