{"id":81096,"date":"2021-10-24T14:25:05","date_gmt":"2021-10-24T19:25:05","guid":{"rendered":"https:\/\/lospoliticosveracruz.com.mx\/?p=81096"},"modified":"2021-10-24T14:25:11","modified_gmt":"2021-10-24T19:25:11","slug":"aun-entregan-apoyos-a-afectados-por-grace","status":"publish","type":"post","link":"https:\/\/lospoliticosveracruz.com\/?p=81096","title":{"rendered":"A\u00fan entregan apoyos a afectados por Grace"},"content":{"rendered":"\n<p><em>Papantla<\/em><br>El Delegado de Programas para el Desarrollo, Manuel Huerta Ladr\u00f3n de Guevara, inform\u00f3 que los operativos de Programas Sociales avanzan en varias regiones del Estado, e igualmente la vacunaci\u00f3n, como en Papantla. Adem\u00e1s, en la zona norte sigue la entrega de enseres dom\u00e9sticos para los afectados por el hurac\u00e1n Grace.<\/p>\n\n\n\n<p>Huerta se\u00f1al\u00f3 que en Papantla actualmente se aplican las segundas dosis para la generaci\u00f3n de 30 a 39 a\u00f1os; en el primer d\u00eda de estos operativos se llevan reportadas 4 mil personas que han asistido a recibir su vacuna y coment\u00f3 que esta jornada se mantendr\u00e1 hasta el martes 25 de octubre.<\/p>\n\n\n\n<p>Asimismo, record\u00f3 que la poblaci\u00f3n rezagada mayor de 18 a\u00f1os, tanto del municipio como de la regi\u00f3n, podr\u00e1 asistir esos d\u00edas para recibir su vacuna; a este conjunto se le vacunar\u00e1 con el biol\u00f3gico unidosis de Cansino.<\/p>\n\n\n\n<p>En otro orden, el funcionario se\u00f1al\u00f3 que los ciudadanos que resultaron afectados por el paso del hurac\u00e1n Grace en agosto pasado y que a\u00fan no reciben su apoyo se han entregado alrededor de 60 mil apoyos y est\u00e1 activo el operativo con personal de SEDENA para la entrega de enseres dom\u00e9sticos. Pidi\u00f3 a la poblaci\u00f3n tener paciencia, ya que pronto les llegar\u00e1 su ayuda.<\/p>\n\n\n\n<p>Adem\u00e1s, enfatiz\u00f3 que solamente se apoyar\u00e1 a los que recibieron su cintillo amarillo y asegur\u00f3 que Bienestar no actuar\u00e1 bajo presi\u00f3n de ning\u00fan grupo que haga reclamos sin fundamentos. Dijo que esas viejas pr\u00e1cticas ya no son efectivas, porque los apoyos se entregan de manera directa y sin intermediarios.<\/p>\n\n\n\n<p>El Delegado dijo que estas acciones del gobierno son muy importantes por la coordinaci\u00f3n y la din\u00e1mica de apoyo a la poblaci\u00f3n y coment\u00f3 que para este objetivo tan solo en su primera etapa de entrega de recursos por vivienda afectada se han destinado para Veracruz m\u00e1s de mil 700 millones de pesos, a los que se agregar\u00e1 el complemento que autoridades de Protecci\u00f3n Civil recientemente aprobaron.<\/p>\n\n\n\n<p>Finalmente, inform\u00f3 que contin\u00faa el trabajo de Programas como La Escuela es Nuestra en 200 escuelas de la zona norte del estado que resultaron afectadas por Grace, asimismo se est\u00e1 apoyando a los productores agr\u00edcolas que perdieron sus cultivos, se\u00f1al\u00f3 que por otro lado contin\u00faa la cuarta etapa de incorporaciones del programa de Pensi\u00f3n para el Adulto Mayor.<\/p>\n","protected":false},"excerpt":{"rendered":"<p>PapantlaEl Delegado de Programas para el Desarrollo, Manuel Huerta Ladr\u00f3n de Guevara, inform\u00f3 que los operativos de Programas Sociales avanzan en varias regiones del Estado, e igualmente la vacunaci\u00f3n, como en Papantla. Adem\u00e1s, en la zona norte sigue la entrega de enseres dom\u00e9sticos para los afectados por el hurac\u00e1n Grace. Huerta se\u00f1al\u00f3 que en Papantla [&hellip;]<\/p>\n","protected":false},"author":2,"featured_media":0,"comment_status":"closed","ping_status":"closed","sticky":false,"template":"","format":"standard","meta":{"tdm_status":"","tdm_grid_status":"","footnotes":""},"categories":[73],"tags":[618,17020,29914,19878,1850,3315,6582],"class_list":{"0":"post-81096","1":"post","2":"type-post","3":"status-publish","4":"format-standard","6":"category-de-boleto","7":"tag-andres-manuel-lopez-obrador","8":"tag-bienestar","9":"tag-grace","10":"tag-la-escuela-es-nuestra","11":"tag-manuel-huerta-ladron-de-guevara","12":"tag-papantla","13":"tag-vacunas"},"yoast_head":"<!-- This site is optimized with the Yoast SEO plugin v27.4 - https:\/\/yoast.com\/product\/yoast-seo-wordpress\/ -->\n<title>A\u00fan entregan apoyos a afectados por Grace - Los pol\u00edticos Veracruz<\/title>\n<meta name=\"robots\" content=\"index, follow, max-snippet:-1, max-image-preview:large, max-video-preview:-1\" \/>\n<link rel=\"canonical\" href=\"https:\/\/lospoliticosveracruz.com\/?p=81096\" \/>\n<meta property=\"og:locale\" content=\"es_ES\" \/>\n<meta property=\"og:type\" content=\"article\" \/>\n<meta property=\"og:title\" content=\"A\u00fan entregan apoyos a afectados por Grace - Los pol\u00edticos Veracruz\" \/>\n<meta property=\"og:description\" content=\"PapantlaEl Delegado de Programas para el Desarrollo, Manuel Huerta Ladr\u00f3n de Guevara, inform\u00f3 que los operativos de Programas Sociales avanzan en varias regiones del Estado, e igualmente la vacunaci\u00f3n, como en Papantla. Adem\u00e1s, en la zona norte sigue la entrega de enseres dom\u00e9sticos para los afectados por el hurac\u00e1n Grace. Huerta se\u00f1al\u00f3 que en Papantla [&hellip;]\" \/>\n<meta property=\"og:url\" content=\"https:\/\/lospoliticosveracruz.com\/?p=81096\" \/>\n<meta property=\"og:site_name\" content=\"Los pol\u00edticos Veracruz\" \/>\n<meta property=\"article:publisher\" content=\"https:\/\/www.facebook.com\/people\/Notimemes-de-los-Polticos\/61565672886568\/\" \/>\n<meta property=\"article:published_time\" content=\"2021-10-24T19:25:05+00:00\" \/>\n<meta property=\"article:modified_time\" content=\"2021-10-24T19:25:11+00:00\" \/>\n<meta property=\"og:image\" content=\"https:\/\/lospoliticosveracruz.com\/wp-content\/uploads\/2016\/07\/Logo-Dor.jpg\" \/>\n\t<meta property=\"og:image:width\" content=\"200\" \/>\n\t<meta property=\"og:image:height\" content=\"200\" \/>\n\t<meta property=\"og:image:type\" content=\"image\/jpeg\" \/>\n<meta name=\"author\" content=\"Lo viste en Los Pol\u00edticos\" \/>\n<meta name=\"twitter:card\" content=\"summary_large_image\" \/>\n<meta name=\"twitter:creator\" content=\"@LosPoliticosVer\" \/>\n<meta name=\"twitter:site\" content=\"@LosPoliticosVer\" \/>\n<meta name=\"twitter:label1\" content=\"Escrito por\" \/>\n\t<meta name=\"twitter:data1\" content=\"Lo viste en Los Pol\u00edticos\" \/>\n\t<meta name=\"twitter:label2\" content=\"Tiempo de lectura\" \/>\n\t<meta name=\"twitter:data2\" content=\"2 minutos\" \/>\n<script type=\"application\/ld+json\" class=\"yoast-schema-graph\">{\"@context\":\"https:\\\/\\\/schema.org\",\"@graph\":[{\"@type\":\"Article\",\"@id\":\"https:\\\/\\\/lospoliticosveracruz.com\\\/?p=81096#article\",\"isPartOf\":{\"@id\":\"https:\\\/\\\/lospoliticosveracruz.com\\\/?p=81096\"},\"author\":{\"name\":\"Lo viste en Los Pol\u00edticos\",\"@id\":\"https:\\\/\\\/lospoliticosveracruz.com\\\/#\\\/schema\\\/person\\\/b8702bb0e538456e6efd07080bf2a4a2\"},\"headline\":\"A\u00fan entregan apoyos a afectados por Grace\",\"datePublished\":\"2021-10-24T19:25:05+00:00\",\"dateModified\":\"2021-10-24T19:25:11+00:00\",\"mainEntityOfPage\":{\"@id\":\"https:\\\/\\\/lospoliticosveracruz.com\\\/?p=81096\"},\"wordCount\":411,\"publisher\":{\"@id\":\"https:\\\/\\\/lospoliticosveracruz.com\\\/#organization\"},\"keywords\":[\"Andr\u00e9s Manuel L\u00f3pez Obrador\",\"Bienestar\",\"Grace\",\"La Escuela es Nuestra\",\"Manuel Huerta Ladr\u00f3n de Guevara\",\"Papantla\",\"Vacunas\"],\"articleSection\":[\"De Boleto\"],\"inLanguage\":\"es\"},{\"@type\":\"WebPage\",\"@id\":\"https:\\\/\\\/lospoliticosveracruz.com\\\/?p=81096\",\"url\":\"https:\\\/\\\/lospoliticosveracruz.com\\\/?p=81096\",\"name\":\"A\u00fan entregan apoyos a afectados por Grace - Los pol\u00edticos Veracruz\",\"isPartOf\":{\"@id\":\"https:\\\/\\\/lospoliticosveracruz.com\\\/#website\"},\"datePublished\":\"2021-10-24T19:25:05+00:00\",\"dateModified\":\"2021-10-24T19:25:11+00:00\",\"breadcrumb\":{\"@id\":\"https:\\\/\\\/lospoliticosveracruz.com\\\/?p=81096#breadcrumb\"},\"inLanguage\":\"es\",\"potentialAction\":[{\"@type\":\"ReadAction\",\"target\":[\"https:\\\/\\\/lospoliticosveracruz.com\\\/?p=81096\"]}]},{\"@type\":\"BreadcrumbList\",\"@id\":\"https:\\\/\\\/lospoliticosveracruz.com\\\/?p=81096#breadcrumb\",\"itemListElement\":[{\"@type\":\"ListItem\",\"position\":1,\"name\":\"Portada\",\"item\":\"https:\\\/\\\/lospoliticosveracruz.com\\\/\"},{\"@type\":\"ListItem\",\"position\":2,\"name\":\"A\u00fan entregan apoyos a afectados por Grace\"}]},{\"@type\":\"WebSite\",\"@id\":\"https:\\\/\\\/lospoliticosveracruz.com\\\/#website\",\"url\":\"https:\\\/\\\/lospoliticosveracruz.com\\\/\",\"name\":\"Los pol\u00edticos Veracruz\",\"description\":\"\",\"publisher\":{\"@id\":\"https:\\\/\\\/lospoliticosveracruz.com\\\/#organization\"},\"potentialAction\":[{\"@type\":\"SearchAction\",\"target\":{\"@type\":\"EntryPoint\",\"urlTemplate\":\"https:\\\/\\\/lospoliticosveracruz.com\\\/?s={search_term_string}\"},\"query-input\":{\"@type\":\"PropertyValueSpecification\",\"valueRequired\":true,\"valueName\":\"search_term_string\"}}],\"inLanguage\":\"es\"},{\"@type\":\"Organization\",\"@id\":\"https:\\\/\\\/lospoliticosveracruz.com\\\/#organization\",\"name\":\"Los pol\u00edticos Veracruz\",\"url\":\"https:\\\/\\\/lospoliticosveracruz.com\\\/\",\"logo\":{\"@type\":\"ImageObject\",\"inLanguage\":\"es\",\"@id\":\"https:\\\/\\\/lospoliticosveracruz.com\\\/#\\\/schema\\\/logo\\\/image\\\/\",\"url\":\"https:\\\/\\\/lospoliticosveracruz.com\\\/wp-content\\\/uploads\\\/2025\\\/12\\\/Logo-Nuevo-LOS-POLITICOS-1.jpg\",\"contentUrl\":\"https:\\\/\\\/lospoliticosveracruz.com\\\/wp-content\\\/uploads\\\/2025\\\/12\\\/Logo-Nuevo-LOS-POLITICOS-1.jpg\",\"width\":260,\"height\":70,\"caption\":\"Los pol\u00edticos Veracruz\"},\"image\":{\"@id\":\"https:\\\/\\\/lospoliticosveracruz.com\\\/#\\\/schema\\\/logo\\\/image\\\/\"},\"sameAs\":[\"https:\\\/\\\/www.facebook.com\\\/people\\\/Notimemes-de-los-Polticos\\\/61565672886568\\\/\",\"https:\\\/\\\/x.com\\\/LosPoliticosVer\"]},{\"@type\":\"Person\",\"@id\":\"https:\\\/\\\/lospoliticosveracruz.com\\\/#\\\/schema\\\/person\\\/b8702bb0e538456e6efd07080bf2a4a2\",\"name\":\"Lo viste en Los Pol\u00edticos\",\"image\":{\"@type\":\"ImageObject\",\"inLanguage\":\"es\",\"@id\":\"https:\\\/\\\/secure.gravatar.com\\\/avatar\\\/3a8de04a2656d44082be478bd6c086daa447c4651605818287b9532d3d0bd435?s=96&d=mm&r=g\",\"url\":\"https:\\\/\\\/secure.gravatar.com\\\/avatar\\\/3a8de04a2656d44082be478bd6c086daa447c4651605818287b9532d3d0bd435?s=96&d=mm&r=g\",\"contentUrl\":\"https:\\\/\\\/secure.gravatar.com\\\/avatar\\\/3a8de04a2656d44082be478bd6c086daa447c4651605818287b9532d3d0bd435?s=96&d=mm&r=g\",\"caption\":\"Lo viste en Los Pol\u00edticos\"},\"url\":\"https:\\\/\\\/lospoliticosveracruz.com\\\/?author=2\"}]}<\/script>\n<!-- \/ Yoast SEO plugin. -->","yoast_head_json":{"title":"A\u00fan entregan apoyos a afectados por Grace - Los pol\u00edticos Veracruz","robots":{"index":"index","follow":"follow","max-snippet":"max-snippet:-1","max-image-preview":"max-image-preview:large","max-video-preview":"max-video-preview:-1"},"canonical":"https:\/\/lospoliticosveracruz.com\/?p=81096","og_locale":"es_ES","og_type":"article","og_title":"A\u00fan entregan apoyos a afectados por Grace - Los pol\u00edticos Veracruz","og_description":"PapantlaEl Delegado de Programas para el Desarrollo, Manuel Huerta Ladr\u00f3n de Guevara, inform\u00f3 que los operativos de Programas Sociales avanzan en varias regiones del Estado, e igualmente la vacunaci\u00f3n, como en Papantla. Adem\u00e1s, en la zona norte sigue la entrega de enseres dom\u00e9sticos para los afectados por el hurac\u00e1n Grace. Huerta se\u00f1al\u00f3 que en Papantla [&hellip;]","og_url":"https:\/\/lospoliticosveracruz.com\/?p=81096","og_site_name":"Los pol\u00edticos Veracruz","article_publisher":"https:\/\/www.facebook.com\/people\/Notimemes-de-los-Polticos\/61565672886568\/","article_published_time":"2021-10-24T19:25:05+00:00","article_modified_time":"2021-10-24T19:25:11+00:00","og_image":[{"width":200,"height":200,"url":"https:\/\/lospoliticosveracruz.com\/wp-content\/uploads\/2016\/07\/Logo-Dor.jpg","type":"image\/jpeg"}],"author":"Lo viste en Los Pol\u00edticos","twitter_card":"summary_large_image","twitter_creator":"@LosPoliticosVer","twitter_site":"@LosPoliticosVer","twitter_misc":{"Escrito por":"Lo viste en Los Pol\u00edticos","Tiempo de lectura":"2 minutos"},"schema":{"@context":"https:\/\/schema.org","@graph":[{"@type":"Article","@id":"https:\/\/lospoliticosveracruz.com\/?p=81096#article","isPartOf":{"@id":"https:\/\/lospoliticosveracruz.com\/?p=81096"},"author":{"name":"Lo viste en Los Pol\u00edticos","@id":"https:\/\/lospoliticosveracruz.com\/#\/schema\/person\/b8702bb0e538456e6efd07080bf2a4a2"},"headline":"A\u00fan entregan apoyos a afectados por Grace","datePublished":"2021-10-24T19:25:05+00:00","dateModified":"2021-10-24T19:25:11+00:00","mainEntityOfPage":{"@id":"https:\/\/lospoliticosveracruz.com\/?p=81096"},"wordCount":411,"publisher":{"@id":"https:\/\/lospoliticosveracruz.com\/#organization"},"keywords":["Andr\u00e9s Manuel L\u00f3pez Obrador","Bienestar","Grace","La Escuela es Nuestra","Manuel Huerta Ladr\u00f3n de Guevara","Papantla","Vacunas"],"articleSection":["De Boleto"],"inLanguage":"es"},{"@type":"WebPage","@id":"https:\/\/lospoliticosveracruz.com\/?p=81096","url":"https:\/\/lospoliticosveracruz.com\/?p=81096","name":"A\u00fan entregan apoyos a afectados por Grace - Los pol\u00edticos Veracruz","isPartOf":{"@id":"https:\/\/lospoliticosveracruz.com\/#website"},"datePublished":"2021-10-24T19:25:05+00:00","dateModified":"2021-10-24T19:25:11+00:00","breadcrumb":{"@id":"https:\/\/lospoliticosveracruz.com\/?p=81096#breadcrumb"},"inLanguage":"es","potentialAction":[{"@type":"ReadAction","target":["https:\/\/lospoliticosveracruz.com\/?p=81096"]}]},{"@type":"BreadcrumbList","@id":"https:\/\/lospoliticosveracruz.com\/?p=81096#breadcrumb","itemListElement":[{"@type":"ListItem","position":1,"name":"Portada","item":"https:\/\/lospoliticosveracruz.com\/"},{"@type":"ListItem","position":2,"name":"A\u00fan entregan apoyos a afectados por Grace"}]},{"@type":"WebSite","@id":"https:\/\/lospoliticosveracruz.com\/#website","url":"https:\/\/lospoliticosveracruz.com\/","name":"Los pol\u00edticos Veracruz","description":"","publisher":{"@id":"https:\/\/lospoliticosveracruz.com\/#organization"},"potentialAction":[{"@type":"SearchAction","target":{"@type":"EntryPoint","urlTemplate":"https:\/\/lospoliticosveracruz.com\/?s={search_term_string}"},"query-input":{"@type":"PropertyValueSpecification","valueRequired":true,"valueName":"search_term_string"}}],"inLanguage":"es"},{"@type":"Organization","@id":"https:\/\/lospoliticosveracruz.com\/#organization","name":"Los pol\u00edticos Veracruz","url":"https:\/\/lospoliticosveracruz.com\/","logo":{"@type":"ImageObject","inLanguage":"es","@id":"https:\/\/lospoliticosveracruz.com\/#\/schema\/logo\/image\/","url":"https:\/\/lospoliticosveracruz.com\/wp-content\/uploads\/2025\/12\/Logo-Nuevo-LOS-POLITICOS-1.jpg","contentUrl":"https:\/\/lospoliticosveracruz.com\/wp-content\/uploads\/2025\/12\/Logo-Nuevo-LOS-POLITICOS-1.jpg","width":260,"height":70,"caption":"Los pol\u00edticos Veracruz"},"image":{"@id":"https:\/\/lospoliticosveracruz.com\/#\/schema\/logo\/image\/"},"sameAs":["https:\/\/www.facebook.com\/people\/Notimemes-de-los-Polticos\/61565672886568\/","https:\/\/x.com\/LosPoliticosVer"]},{"@type":"Person","@id":"https:\/\/lospoliticosveracruz.com\/#\/schema\/person\/b8702bb0e538456e6efd07080bf2a4a2","name":"Lo viste en Los Pol\u00edticos","image":{"@type":"ImageObject","inLanguage":"es","@id":"https:\/\/secure.gravatar.com\/avatar\/3a8de04a2656d44082be478bd6c086daa447c4651605818287b9532d3d0bd435?s=96&d=mm&r=g","url":"https:\/\/secure.gravatar.com\/avatar\/3a8de04a2656d44082be478bd6c086daa447c4651605818287b9532d3d0bd435?s=96&d=mm&r=g","contentUrl":"https:\/\/secure.gravatar.com\/avatar\/3a8de04a2656d44082be478bd6c086daa447c4651605818287b9532d3d0bd435?s=96&d=mm&r=g","caption":"Lo viste en Los Pol\u00edticos"},"url":"https:\/\/lospoliticosveracruz.com\/?author=2"}]}},"_links":{"self":[{"href":"https:\/\/lospoliticosveracruz.com\/index.php?rest_route=\/wp\/v2\/posts\/81096","targetHints":{"allow":["GET"]}}],"collection":[{"href":"https:\/\/lospoliticosveracruz.com\/index.php?rest_route=\/wp\/v2\/posts"}],"about":[{"href":"https:\/\/lospoliticosveracruz.com\/index.php?rest_route=\/wp\/v2\/types\/post"}],"author":[{"embeddable":true,"href":"https:\/\/lospoliticosveracruz.com\/index.php?rest_route=\/wp\/v2\/users\/2"}],"replies":[{"embeddable":true,"href":"https:\/\/lospoliticosveracruz.com\/index.php?rest_route=%2Fwp%2Fv2%2Fcomments&post=81096"}],"version-history":[{"count":1,"href":"https:\/\/lospoliticosveracruz.com\/index.php?rest_route=\/wp\/v2\/posts\/81096\/revisions"}],"predecessor-version":[{"id":81098,"href":"https:\/\/lospoliticosveracruz.com\/index.php?rest_route=\/wp\/v2\/posts\/81096\/revisions\/81098"}],"wp:attachment":[{"href":"https:\/\/lospoliticosveracruz.com\/index.php?rest_route=%2Fwp%2Fv2%2Fmedia&parent=81096"}],"wp:term":[{"taxonomy":"category","embeddable":true,"href":"https:\/\/lospoliticosveracruz.com\/index.php?rest_route=%2Fwp%2Fv2%2Fcategories&post=81096"},{"taxonomy":"post_tag","embeddable":true,"href":"https:\/\/lospoliticosveracruz.com\/index.php?rest_route=%2Fwp%2Fv2%2Ftags&post=81096"}],"curies":[{"name":"wp","href":"https:\/\/api.w.org\/{rel}","templated":true}]}}