{"id":81226,"date":"2021-10-27T05:58:15","date_gmt":"2021-10-27T10:58:15","guid":{"rendered":"https:\/\/lospoliticosveracruz.com.mx\/?p=81226"},"modified":"2021-10-27T08:18:54","modified_gmt":"2021-10-27T13:18:54","slug":"ignorancia","status":"publish","type":"post","link":"https:\/\/lospoliticosveracruz.com\/?p=81226","title":{"rendered":"Ignorancia"},"content":{"rendered":"\n<p><strong>Maricarmen Garc\u00eda El\u00edas<\/strong><\/p>\n\n\n\n<p>Animalia<\/p>\n\n\n\n<p><br><br>Hay fechas bastante complicadas para los animales a lo largo del a\u00f1o en todo el mundo, por ejemplo, el Halloween en Estados Unidos donde se hacen sacrificios de animales o el D\u00eda de Acci\u00f3n de Gracias donde se deg\u00fcella a millones de pavos, las ceremonias del medio oriente donde sacrifican miles de ovejas, el San Ferm\u00edn en Espa\u00f1a, las navidades con juegos pirot\u00e9cnicos que lastiman los o\u00eddos de los perros, en M\u00e9xico las fiestas religiosas que emplean espect\u00e1culos con animales a lo largo de todo el territorio, en Veracruz el tradicional primer viernes de marzo donde los brujos hacen rituales brutales con animales o la danza del mole de caderas en Puebla, por mencionar solo algunos casos.<br>Sea cual sea el motivo o creencia a\u00fan hay mucha ignorancia detr\u00e1s de las pr\u00e1cticas donde se emplean y maltratan animales. El D\u00eda de Muertos en M\u00e9xico es una muestra de cultura para el resto del mundo, sin embargo tambi\u00e9n son fechas donde las personas hacen rituales de magia y vemos en las redes sociales como los animalistas piden encarecidamente no dar en adopci\u00f3n animales negros en estos d\u00edas o resguardar bien a aquellas mascotas de color negro.<\/p>\n\n\n\n<div class=\"wp-block-image\"><figure class=\"alignleft size-full is-resized\"><a href=\"https:\/\/lospoliticosveracruz.com.mx\/wp-content\/uploads\/2021\/10\/Zacauilt.jpg\"><img loading=\"lazy\" decoding=\"async\" src=\"https:\/\/lospoliticosveracruz.com.mx\/wp-content\/uploads\/2021\/10\/Zacauilt.jpg\" alt=\"\" class=\"wp-image-80558\" width=\"250\" height=\"500\"\/><\/a><\/figure><\/div>\n\n\n\n<p><br>La magia (blanca o negra como le llaman los santeros y brujos) por incre\u00edble que parezca es una pr\u00e1ctica com\u00fan en gente de todos los niveles sociales acaso por la desesperaci\u00f3n del problema en que se encuentran recurriendo a todo lo que est\u00e9 a su alcance incluyendo cosas indemostrables y absurdas como la magia la cual en su mayor\u00eda son fantoches quienes la realizan. El uso de b\u00fahos en la brujer\u00eda es uno de los principales factores para el comercio encubierto de estos animales en India.<br>Toros, chivos, sapos, cabras, perros, monos y dem\u00e1s animales tambi\u00e9n son empleados en diversos rituales de magia, M\u00e9xico es uno de los pa\u00edses de Latino Am\u00e9rica que a\u00fan albergan este folclor pero casi en toda Latino Am\u00e9rica se observan este tipo de pr\u00e1cticas. En otros pa\u00edses, para atraer la lluvia o mejorar las siembras, tambi\u00e9n se emplean animales vivos; en algunas tribus de \u00c1frica oriental, cuando un brujo desea hacer llover, coge una oveja y una ternera negras y en d\u00eda de sol las pone sobre el techo de la caba\u00f1a comunal donde est\u00e1 reunida la gente. Despu\u00e9s abre el vientre de los dos animales y esparce sus v\u00edsceras en todas direcciones; si despu\u00e9s de poner juntos en una vasija agua y \u00abmedicina\u00bb llega a hervir el agua, el encantamiento ha tenido \u00e9xito y la lluvia empezar\u00e1. Entre los matabeles, el hechizo para la lluvia estaba hecho con sangre y hiel de un buey negro. Otras tribus ofrendan en \u00e9poca de sequ\u00eda una cabra negra en la cima de una monta\u00f1a muy<br>Entre las altas monta\u00f1as de Jap\u00f3n hay un distrito en el que si la lluvia no ha ca\u00eddo en mucho tiempo, una partida de aldeanos va en procesi\u00f3n al lecho de un torrente monta\u00f1oso dirigidos por un sacerdote que lleva un perro negro. En el sitio elegido, atan el animal a una roca y le hacen blanco de sus flechas y proyectiles. Cuando su sangre salpica las rocas, sueltan los campesinos sus armas y elevan su voz en s\u00faplica al drag\u00f3n divino del torrente, exhort\u00e1ndole para que limpie el sitio profanado por la sangre del perro.<br>Volviendo a M\u00e9xico grupos animalistas han documentado a lo largo de varios a\u00f1os que los santeros en la clandestinidad usan perros, gatos, hurones, sapos, cabras, becerros, venados y colibr\u00edes principalmente en rituales para conseguirle al cliente el amor, poder , la buena suerte o para hacerle da\u00f1o a otra persona en rituales donde el animalito muere con mucho dolor y lentamente. A\u00fan hay mucho maltrato animal que erradicar sobre todo cuando nos enfrentamos a la ignorancia de muchas mentes que carecen de educaci\u00f3n y cultura pero en la medida en que las personas adquieran conciencia de lo absurdo que son estas pr\u00e1cticas, seremos una sociedad m\u00e1s civilizada y pr\u00f3spera sin tener que recurrir a maltratar animales para que nos vaya bien.<\/p>\n","protected":false},"excerpt":{"rendered":"<p>Maricarmen Garc\u00eda El\u00edas Animalia Hay fechas bastante complicadas para los animales a lo largo del a\u00f1o en todo el mundo, por ejemplo, el Halloween en Estados Unidos donde se hacen sacrificios de animales o el D\u00eda de Acci\u00f3n de Gracias donde se deg\u00fcella a millones de pavos, las ceremonias del medio oriente donde sacrifican miles [&hellip;]<\/p>\n","protected":false},"author":2,"featured_media":0,"comment_status":"closed","ping_status":"closed","sticky":false,"template":"","format":"standard","meta":{"tdm_status":"","tdm_grid_status":"","footnotes":""},"categories":[6451],"tags":[1983,31001,560,31002,16828,31003],"class_list":{"0":"post-81226","1":"post","2":"type-post","3":"status-publish","4":"format-standard","6":"category-historias_de_amigos","7":"tag-brujos","8":"tag-dia-de-accion-de-gracias","9":"tag-dia-de-muertos","10":"tag-hallowen","11":"tag-maricarmen-garcia-elias","12":"tag-sacrificios"},"yoast_head":"<!-- This site is optimized with the Yoast SEO plugin v27.4 - https:\/\/yoast.com\/product\/yoast-seo-wordpress\/ -->\n<title>Ignorancia - Los pol\u00edticos Veracruz<\/title>\n<meta name=\"robots\" content=\"index, follow, max-snippet:-1, max-image-preview:large, max-video-preview:-1\" \/>\n<link rel=\"canonical\" href=\"https:\/\/lospoliticosveracruz.com\/?p=81226\" \/>\n<meta property=\"og:locale\" content=\"es_ES\" \/>\n<meta property=\"og:type\" content=\"article\" \/>\n<meta property=\"og:title\" content=\"Ignorancia - Los pol\u00edticos Veracruz\" \/>\n<meta property=\"og:description\" content=\"Maricarmen Garc\u00eda El\u00edas Animalia Hay fechas bastante complicadas para los animales a lo largo del a\u00f1o en todo el mundo, por ejemplo, el Halloween en Estados Unidos donde se hacen sacrificios de animales o el D\u00eda de Acci\u00f3n de Gracias donde se deg\u00fcella a millones de pavos, las ceremonias del medio oriente donde sacrifican miles [&hellip;]\" \/>\n<meta property=\"og:url\" content=\"https:\/\/lospoliticosveracruz.com\/?p=81226\" \/>\n<meta property=\"og:site_name\" content=\"Los pol\u00edticos Veracruz\" \/>\n<meta property=\"article:publisher\" content=\"https:\/\/www.facebook.com\/people\/Notimemes-de-los-Polticos\/61565672886568\/\" \/>\n<meta property=\"article:published_time\" content=\"2021-10-27T10:58:15+00:00\" \/>\n<meta property=\"article:modified_time\" content=\"2021-10-27T13:18:54+00:00\" \/>\n<meta property=\"og:image\" content=\"https:\/\/lospoliticosveracruz.com.mx\/wp-content\/uploads\/2021\/10\/Zacauilt.jpg\" \/>\n<meta name=\"author\" content=\"Lo viste en Los Pol\u00edticos\" \/>\n<meta name=\"twitter:card\" content=\"summary_large_image\" \/>\n<meta name=\"twitter:creator\" content=\"@LosPoliticosVer\" \/>\n<meta name=\"twitter:site\" content=\"@LosPoliticosVer\" \/>\n<meta name=\"twitter:label1\" content=\"Escrito por\" \/>\n\t<meta name=\"twitter:data1\" content=\"Lo viste en Los Pol\u00edticos\" \/>\n\t<meta name=\"twitter:label2\" content=\"Tiempo de lectura\" \/>\n\t<meta name=\"twitter:data2\" content=\"4 minutos\" \/>\n<script type=\"application\/ld+json\" class=\"yoast-schema-graph\">{\"@context\":\"https:\\\/\\\/schema.org\",\"@graph\":[{\"@type\":\"Article\",\"@id\":\"https:\\\/\\\/lospoliticosveracruz.com\\\/?p=81226#article\",\"isPartOf\":{\"@id\":\"https:\\\/\\\/lospoliticosveracruz.com\\\/?p=81226\"},\"author\":{\"name\":\"Lo viste en Los Pol\u00edticos\",\"@id\":\"https:\\\/\\\/lospoliticosveracruz.com\\\/#\\\/schema\\\/person\\\/b8702bb0e538456e6efd07080bf2a4a2\"},\"headline\":\"Ignorancia\",\"datePublished\":\"2021-10-27T10:58:15+00:00\",\"dateModified\":\"2021-10-27T13:18:54+00:00\",\"mainEntityOfPage\":{\"@id\":\"https:\\\/\\\/lospoliticosveracruz.com\\\/?p=81226\"},\"wordCount\":734,\"publisher\":{\"@id\":\"https:\\\/\\\/lospoliticosveracruz.com\\\/#organization\"},\"image\":{\"@id\":\"https:\\\/\\\/lospoliticosveracruz.com\\\/?p=81226#primaryimage\"},\"thumbnailUrl\":\"https:\\\/\\\/lospoliticosveracruz.com.mx\\\/wp-content\\\/uploads\\\/2021\\\/10\\\/Zacauilt.jpg\",\"keywords\":[\"brujos\",\"D\u00eda de Acci\u00f3n de Gracias\",\"D\u00eda de Muertos\",\"hallowen\",\"Maricarmen Garc\u00eda El\u00edas\",\"sacrificios\"],\"articleSection\":[\"Historias de Amigos\"],\"inLanguage\":\"es\"},{\"@type\":\"WebPage\",\"@id\":\"https:\\\/\\\/lospoliticosveracruz.com\\\/?p=81226\",\"url\":\"https:\\\/\\\/lospoliticosveracruz.com\\\/?p=81226\",\"name\":\"Ignorancia - Los pol\u00edticos Veracruz\",\"isPartOf\":{\"@id\":\"https:\\\/\\\/lospoliticosveracruz.com\\\/#website\"},\"primaryImageOfPage\":{\"@id\":\"https:\\\/\\\/lospoliticosveracruz.com\\\/?p=81226#primaryimage\"},\"image\":{\"@id\":\"https:\\\/\\\/lospoliticosveracruz.com\\\/?p=81226#primaryimage\"},\"thumbnailUrl\":\"https:\\\/\\\/lospoliticosveracruz.com.mx\\\/wp-content\\\/uploads\\\/2021\\\/10\\\/Zacauilt.jpg\",\"datePublished\":\"2021-10-27T10:58:15+00:00\",\"dateModified\":\"2021-10-27T13:18:54+00:00\",\"breadcrumb\":{\"@id\":\"https:\\\/\\\/lospoliticosveracruz.com\\\/?p=81226#breadcrumb\"},\"inLanguage\":\"es\",\"potentialAction\":[{\"@type\":\"ReadAction\",\"target\":[\"https:\\\/\\\/lospoliticosveracruz.com\\\/?p=81226\"]}]},{\"@type\":\"ImageObject\",\"inLanguage\":\"es\",\"@id\":\"https:\\\/\\\/lospoliticosveracruz.com\\\/?p=81226#primaryimage\",\"url\":\"https:\\\/\\\/lospoliticosveracruz.com.mx\\\/wp-content\\\/uploads\\\/2021\\\/10\\\/Zacauilt.jpg\",\"contentUrl\":\"https:\\\/\\\/lospoliticosveracruz.com.mx\\\/wp-content\\\/uploads\\\/2021\\\/10\\\/Zacauilt.jpg\"},{\"@type\":\"BreadcrumbList\",\"@id\":\"https:\\\/\\\/lospoliticosveracruz.com\\\/?p=81226#breadcrumb\",\"itemListElement\":[{\"@type\":\"ListItem\",\"position\":1,\"name\":\"Portada\",\"item\":\"https:\\\/\\\/lospoliticosveracruz.com\\\/\"},{\"@type\":\"ListItem\",\"position\":2,\"name\":\"Ignorancia\"}]},{\"@type\":\"WebSite\",\"@id\":\"https:\\\/\\\/lospoliticosveracruz.com\\\/#website\",\"url\":\"https:\\\/\\\/lospoliticosveracruz.com\\\/\",\"name\":\"Los pol\u00edticos Veracruz\",\"description\":\"\",\"publisher\":{\"@id\":\"https:\\\/\\\/lospoliticosveracruz.com\\\/#organization\"},\"potentialAction\":[{\"@type\":\"SearchAction\",\"target\":{\"@type\":\"EntryPoint\",\"urlTemplate\":\"https:\\\/\\\/lospoliticosveracruz.com\\\/?s={search_term_string}\"},\"query-input\":{\"@type\":\"PropertyValueSpecification\",\"valueRequired\":true,\"valueName\":\"search_term_string\"}}],\"inLanguage\":\"es\"},{\"@type\":\"Organization\",\"@id\":\"https:\\\/\\\/lospoliticosveracruz.com\\\/#organization\",\"name\":\"Los pol\u00edticos Veracruz\",\"url\":\"https:\\\/\\\/lospoliticosveracruz.com\\\/\",\"logo\":{\"@type\":\"ImageObject\",\"inLanguage\":\"es\",\"@id\":\"https:\\\/\\\/lospoliticosveracruz.com\\\/#\\\/schema\\\/logo\\\/image\\\/\",\"url\":\"https:\\\/\\\/lospoliticosveracruz.com\\\/wp-content\\\/uploads\\\/2025\\\/12\\\/Logo-Nuevo-LOS-POLITICOS-1.jpg\",\"contentUrl\":\"https:\\\/\\\/lospoliticosveracruz.com\\\/wp-content\\\/uploads\\\/2025\\\/12\\\/Logo-Nuevo-LOS-POLITICOS-1.jpg\",\"width\":260,\"height\":70,\"caption\":\"Los pol\u00edticos Veracruz\"},\"image\":{\"@id\":\"https:\\\/\\\/lospoliticosveracruz.com\\\/#\\\/schema\\\/logo\\\/image\\\/\"},\"sameAs\":[\"https:\\\/\\\/www.facebook.com\\\/people\\\/Notimemes-de-los-Polticos\\\/61565672886568\\\/\",\"https:\\\/\\\/x.com\\\/LosPoliticosVer\"]},{\"@type\":\"Person\",\"@id\":\"https:\\\/\\\/lospoliticosveracruz.com\\\/#\\\/schema\\\/person\\\/b8702bb0e538456e6efd07080bf2a4a2\",\"name\":\"Lo viste en Los Pol\u00edticos\",\"image\":{\"@type\":\"ImageObject\",\"inLanguage\":\"es\",\"@id\":\"https:\\\/\\\/secure.gravatar.com\\\/avatar\\\/3a8de04a2656d44082be478bd6c086daa447c4651605818287b9532d3d0bd435?s=96&d=mm&r=g\",\"url\":\"https:\\\/\\\/secure.gravatar.com\\\/avatar\\\/3a8de04a2656d44082be478bd6c086daa447c4651605818287b9532d3d0bd435?s=96&d=mm&r=g\",\"contentUrl\":\"https:\\\/\\\/secure.gravatar.com\\\/avatar\\\/3a8de04a2656d44082be478bd6c086daa447c4651605818287b9532d3d0bd435?s=96&d=mm&r=g\",\"caption\":\"Lo viste en Los Pol\u00edticos\"},\"url\":\"https:\\\/\\\/lospoliticosveracruz.com\\\/?author=2\"}]}<\/script>\n<!-- \/ Yoast SEO plugin. -->","yoast_head_json":{"title":"Ignorancia - Los pol\u00edticos Veracruz","robots":{"index":"index","follow":"follow","max-snippet":"max-snippet:-1","max-image-preview":"max-image-preview:large","max-video-preview":"max-video-preview:-1"},"canonical":"https:\/\/lospoliticosveracruz.com\/?p=81226","og_locale":"es_ES","og_type":"article","og_title":"Ignorancia - Los pol\u00edticos Veracruz","og_description":"Maricarmen Garc\u00eda El\u00edas Animalia Hay fechas bastante complicadas para los animales a lo largo del a\u00f1o en todo el mundo, por ejemplo, el Halloween en Estados Unidos donde se hacen sacrificios de animales o el D\u00eda de Acci\u00f3n de Gracias donde se deg\u00fcella a millones de pavos, las ceremonias del medio oriente donde sacrifican miles [&hellip;]","og_url":"https:\/\/lospoliticosveracruz.com\/?p=81226","og_site_name":"Los pol\u00edticos Veracruz","article_publisher":"https:\/\/www.facebook.com\/people\/Notimemes-de-los-Polticos\/61565672886568\/","article_published_time":"2021-10-27T10:58:15+00:00","article_modified_time":"2021-10-27T13:18:54+00:00","og_image":[{"url":"https:\/\/lospoliticosveracruz.com.mx\/wp-content\/uploads\/2021\/10\/Zacauilt.jpg","type":"","width":"","height":""}],"author":"Lo viste en Los Pol\u00edticos","twitter_card":"summary_large_image","twitter_creator":"@LosPoliticosVer","twitter_site":"@LosPoliticosVer","twitter_misc":{"Escrito por":"Lo viste en Los Pol\u00edticos","Tiempo de lectura":"4 minutos"},"schema":{"@context":"https:\/\/schema.org","@graph":[{"@type":"Article","@id":"https:\/\/lospoliticosveracruz.com\/?p=81226#article","isPartOf":{"@id":"https:\/\/lospoliticosveracruz.com\/?p=81226"},"author":{"name":"Lo viste en Los Pol\u00edticos","@id":"https:\/\/lospoliticosveracruz.com\/#\/schema\/person\/b8702bb0e538456e6efd07080bf2a4a2"},"headline":"Ignorancia","datePublished":"2021-10-27T10:58:15+00:00","dateModified":"2021-10-27T13:18:54+00:00","mainEntityOfPage":{"@id":"https:\/\/lospoliticosveracruz.com\/?p=81226"},"wordCount":734,"publisher":{"@id":"https:\/\/lospoliticosveracruz.com\/#organization"},"image":{"@id":"https:\/\/lospoliticosveracruz.com\/?p=81226#primaryimage"},"thumbnailUrl":"https:\/\/lospoliticosveracruz.com.mx\/wp-content\/uploads\/2021\/10\/Zacauilt.jpg","keywords":["brujos","D\u00eda de Acci\u00f3n de Gracias","D\u00eda de Muertos","hallowen","Maricarmen Garc\u00eda El\u00edas","sacrificios"],"articleSection":["Historias de Amigos"],"inLanguage":"es"},{"@type":"WebPage","@id":"https:\/\/lospoliticosveracruz.com\/?p=81226","url":"https:\/\/lospoliticosveracruz.com\/?p=81226","name":"Ignorancia - Los pol\u00edticos Veracruz","isPartOf":{"@id":"https:\/\/lospoliticosveracruz.com\/#website"},"primaryImageOfPage":{"@id":"https:\/\/lospoliticosveracruz.com\/?p=81226#primaryimage"},"image":{"@id":"https:\/\/lospoliticosveracruz.com\/?p=81226#primaryimage"},"thumbnailUrl":"https:\/\/lospoliticosveracruz.com.mx\/wp-content\/uploads\/2021\/10\/Zacauilt.jpg","datePublished":"2021-10-27T10:58:15+00:00","dateModified":"2021-10-27T13:18:54+00:00","breadcrumb":{"@id":"https:\/\/lospoliticosveracruz.com\/?p=81226#breadcrumb"},"inLanguage":"es","potentialAction":[{"@type":"ReadAction","target":["https:\/\/lospoliticosveracruz.com\/?p=81226"]}]},{"@type":"ImageObject","inLanguage":"es","@id":"https:\/\/lospoliticosveracruz.com\/?p=81226#primaryimage","url":"https:\/\/lospoliticosveracruz.com.mx\/wp-content\/uploads\/2021\/10\/Zacauilt.jpg","contentUrl":"https:\/\/lospoliticosveracruz.com.mx\/wp-content\/uploads\/2021\/10\/Zacauilt.jpg"},{"@type":"BreadcrumbList","@id":"https:\/\/lospoliticosveracruz.com\/?p=81226#breadcrumb","itemListElement":[{"@type":"ListItem","position":1,"name":"Portada","item":"https:\/\/lospoliticosveracruz.com\/"},{"@type":"ListItem","position":2,"name":"Ignorancia"}]},{"@type":"WebSite","@id":"https:\/\/lospoliticosveracruz.com\/#website","url":"https:\/\/lospoliticosveracruz.com\/","name":"Los pol\u00edticos Veracruz","description":"","publisher":{"@id":"https:\/\/lospoliticosveracruz.com\/#organization"},"potentialAction":[{"@type":"SearchAction","target":{"@type":"EntryPoint","urlTemplate":"https:\/\/lospoliticosveracruz.com\/?s={search_term_string}"},"query-input":{"@type":"PropertyValueSpecification","valueRequired":true,"valueName":"search_term_string"}}],"inLanguage":"es"},{"@type":"Organization","@id":"https:\/\/lospoliticosveracruz.com\/#organization","name":"Los pol\u00edticos Veracruz","url":"https:\/\/lospoliticosveracruz.com\/","logo":{"@type":"ImageObject","inLanguage":"es","@id":"https:\/\/lospoliticosveracruz.com\/#\/schema\/logo\/image\/","url":"https:\/\/lospoliticosveracruz.com\/wp-content\/uploads\/2025\/12\/Logo-Nuevo-LOS-POLITICOS-1.jpg","contentUrl":"https:\/\/lospoliticosveracruz.com\/wp-content\/uploads\/2025\/12\/Logo-Nuevo-LOS-POLITICOS-1.jpg","width":260,"height":70,"caption":"Los pol\u00edticos Veracruz"},"image":{"@id":"https:\/\/lospoliticosveracruz.com\/#\/schema\/logo\/image\/"},"sameAs":["https:\/\/www.facebook.com\/people\/Notimemes-de-los-Polticos\/61565672886568\/","https:\/\/x.com\/LosPoliticosVer"]},{"@type":"Person","@id":"https:\/\/lospoliticosveracruz.com\/#\/schema\/person\/b8702bb0e538456e6efd07080bf2a4a2","name":"Lo viste en Los Pol\u00edticos","image":{"@type":"ImageObject","inLanguage":"es","@id":"https:\/\/secure.gravatar.com\/avatar\/3a8de04a2656d44082be478bd6c086daa447c4651605818287b9532d3d0bd435?s=96&d=mm&r=g","url":"https:\/\/secure.gravatar.com\/avatar\/3a8de04a2656d44082be478bd6c086daa447c4651605818287b9532d3d0bd435?s=96&d=mm&r=g","contentUrl":"https:\/\/secure.gravatar.com\/avatar\/3a8de04a2656d44082be478bd6c086daa447c4651605818287b9532d3d0bd435?s=96&d=mm&r=g","caption":"Lo viste en Los Pol\u00edticos"},"url":"https:\/\/lospoliticosveracruz.com\/?author=2"}]}},"_links":{"self":[{"href":"https:\/\/lospoliticosveracruz.com\/index.php?rest_route=\/wp\/v2\/posts\/81226","targetHints":{"allow":["GET"]}}],"collection":[{"href":"https:\/\/lospoliticosveracruz.com\/index.php?rest_route=\/wp\/v2\/posts"}],"about":[{"href":"https:\/\/lospoliticosveracruz.com\/index.php?rest_route=\/wp\/v2\/types\/post"}],"author":[{"embeddable":true,"href":"https:\/\/lospoliticosveracruz.com\/index.php?rest_route=\/wp\/v2\/users\/2"}],"replies":[{"embeddable":true,"href":"https:\/\/lospoliticosveracruz.com\/index.php?rest_route=%2Fwp%2Fv2%2Fcomments&post=81226"}],"version-history":[{"count":2,"href":"https:\/\/lospoliticosveracruz.com\/index.php?rest_route=\/wp\/v2\/posts\/81226\/revisions"}],"predecessor-version":[{"id":81240,"href":"https:\/\/lospoliticosveracruz.com\/index.php?rest_route=\/wp\/v2\/posts\/81226\/revisions\/81240"}],"wp:attachment":[{"href":"https:\/\/lospoliticosveracruz.com\/index.php?rest_route=%2Fwp%2Fv2%2Fmedia&parent=81226"}],"wp:term":[{"taxonomy":"category","embeddable":true,"href":"https:\/\/lospoliticosveracruz.com\/index.php?rest_route=%2Fwp%2Fv2%2Fcategories&post=81226"},{"taxonomy":"post_tag","embeddable":true,"href":"https:\/\/lospoliticosveracruz.com\/index.php?rest_route=%2Fwp%2Fv2%2Ftags&post=81226"}],"curies":[{"name":"wp","href":"https:\/\/api.w.org\/{rel}","templated":true}]}}