{"id":81247,"date":"2021-10-27T10:14:02","date_gmt":"2021-10-27T15:14:02","guid":{"rendered":"https:\/\/lospoliticosveracruz.com.mx\/?p=81247"},"modified":"2021-10-27T10:14:09","modified_gmt":"2021-10-27T15:14:09","slug":"justicia-de-ninos-en-manos-de-politicos","status":"publish","type":"post","link":"https:\/\/lospoliticosveracruz.com\/?p=81247","title":{"rendered":"Justicia de ni\u00f1os, en manos de \u00abPol\u00edticos\u00bb"},"content":{"rendered":"\n<p><\/p>\n\n\n\n<p><strong>A la bandeja<\/strong><\/p>\n\n\n\n<p><br>Despu\u00e9s de vivir de cerca los cambios que han ocurrido en el PJEV hoy una vez m\u00e1s me despierto en mi bello Xalapa, d\u00f3nde se dice que est\u00e1 el TRIBUNAL SUPERIOR DE JUSTICIA DEL ESTADO DE VERACRUZ y la desilusi\u00f3n se hace presente en m\u00ed, la tristeza al darme cuenta hasta donde han llegado por hambre de Poder.<\/p>\n\n\n\n<p>Cuando el Lic. Edel \u00c1lvarez Pe\u00f1a comenz\u00f3 con el proyecto de los Centros de Convivencia Familiar a cargo de la Mtra. Ruth Navarro todo Xalapa, inauguraba un antes y un despu\u00e9s, parec\u00eda que por fin est\u00e1bamos a la altura de lugares como el Estado de M\u00e9xico en impartici\u00f3n de Justicia a ni\u00f1as, ni\u00f1os y adolescentes, durante el tiempo en que estas personas lideraron e inauguraron este proyecto todo camino como deb\u00eda ser, por fin los ni\u00f1os ten\u00edan d\u00f3nde convivir, comenzaron a construirse nuevos centros, psic\u00f3logos comandados por una Psic\u00f3loga que cuidaba y ve\u00eda crecer a sus hijos con todo el empe\u00f1o y el amor.. LOS CECOFAMS. C\u00f3mo todo, hubo problemas, detalles y descontentos, sin embargo, lo principal siempre estaba presente, el inter\u00e9s superior del menor en esos momentos nunca se dej\u00f3 de lado.<\/p>\n\n\n\n<p>Cuando entra al Poder la \u00abMagistrada\u00bb Sof\u00eda Huerta lo primero que exhibe es que hay corrupci\u00f3n en la construcci\u00f3n de ciudades judiciales y que el cecofam tambi\u00e9n es culpable de ello, entonces proponen y ponen en el poder a la Psic. Laura Silvia de Castro que comenz\u00f3 por priorizar tener contentos a los jueces y poco a poco olvidarse del inter\u00e9s superior de los ni\u00f1os, pues cabe investigar y preguntar \u00bfQu\u00e9 hizo ella en su administraci\u00f3n? Pues por \u00abpandemia\u00bb ella solo \u00abtrabaj\u00f3\u00bb con su centro de Xalapa, para dar una buena imagen a los de arriba y los dem\u00e1s centros en todo ese tiempo no hicieron nada, cuando quitan a chofis de su cargo entra la Chabela.<\/p>\n\n\n\n<p>Chabela que en sus venas trae la transformaci\u00f3n lo primero que hace es quitar a la Psic. Laura Silvia a quien exhibi\u00f3 p\u00fablicamente diciendo que se despertaba a las 11 de la ma\u00f1ana y que hab\u00eda corrupci\u00f3n en el cecofam, generalizando totalmente, sabemos de antemano que la viejita no tiene profesionalismo y mucho menos capacidad para dar discursos.<\/p>\n\n\n\n<p>Chabe, que quiere que todos promulguen con su ejemplo, al quitar a la antigua Directora pone al disque Mtro. Horacio Said Gonz\u00e1lez Guerrero, quien tampoco sabe hablar en p\u00fablico, los invito a que cuando la p\u00e1gina de facebook del PJEV transmita en vivo algo relacionado con el Cecofam escuchen como habla el disque Mtro. Said.<\/p>\n\n\n\n<p>Estos \u00faltimos no siguieron la l\u00ednea de chofis de querer \u00abdescubrir\u00bb la corrupci\u00f3n que hay detr\u00e1s de las Ciudades Judiciales, pero, siguen dejando de lado la Justicia de las ni\u00f1as, ni\u00f1os y adolescentes, pues estos \u00faltimo en voz del Director Said hacen cursos, talleres, conferencias para as\u00ed tener trabajo y justificarlo al Consejo de la Judicatura, claro est\u00e1 que el trabajo est\u00e1 encaminado en un sentido pol\u00edtico y medi\u00e1tico, no pensado en la revinculaci\u00f3n familiar\u2026 \u00a1Qu\u00e9 tristeza!<\/p>\n\n\n\n<p>El PJEV ha dado pasos para atr\u00e1s y el Cecofam es un claro ejemplo, cada vez tienen menos personal, cada vez meten m\u00e1s gente por dedazo, como toda administraci\u00f3n, limpiaron gente de Edel para meter gente que no sab\u00eda absolutamente nada del proyecto, excepto el Judas del Cecofam, el Coordinador Carlos Arias quien primero traicion\u00f3 a su antigua direcci\u00f3n y a sus compa\u00f1eros para mantener el trabajo, despu\u00e9s lo sacaron unos meses y hasta la fecha sigue de Coordinador, siendo la \u00absombra\u00bb de Said, aunque se sabe por ah\u00ed que este es como un pez en el agua y antes de que le den un mejor hueso a Said la traici\u00f3n puede aparecer.<\/p>\n\n\n\n<p>Said est\u00e1 transformando al Cecofam, \u00e9l mismo lo ha dicho, y lo hace en nombre de Chabela y Cui, pues no cualquiera tiene cuadros en la pared\u2026 M\u00e1s que de sus superh\u00e9roes !<\/p>\n\n\n\n<p><strong>NOTA:<br><\/strong>Dicen por ah\u00ed que estamos en sem\u00e1foro verde, cada vez se avecina el regreso a clases presenciales y a quienes m\u00e1s les beneficia esto es a los ni\u00f1os, quienes psicol\u00f3gica y emocionalmente han sido los m\u00e1s afectados por esta pandemia, van a disfrutar su regreso a la escuela, a poder ver a otros ni\u00f1os, a jugar, etc. Ojal\u00e1 con todas necesarias esto sea pronto y beneficioso para todos.<\/p>\n\n\n\n<p><strong>NOTA EXTRA:<br><\/strong>Se viene d\u00eda de muertos y las calaveritas no se hacen esperar, incluso el Cecofam a trav\u00e9s del PJEV har\u00e1 un concurso de calaverita literaria, d\u00f3nde los ni\u00f1os deben hacer la suya con la tem\u00e1tica: \u00abProtecci\u00f3n de datos personales\u00bb. \u00bfUstedes saben a qu\u00e9 se refiere este tema? Un tema que un ni\u00f1o no entiende, incluso como adultos no sabes qu\u00e9 quieres decir.. Otro ejemplo m\u00e1s que ni para dar instrucciones son buenos !<\/p>\n\n\n\n<p>C\u00f3mo se dijo al principio\u2026 Son politiquillos.<\/p>\n","protected":false},"excerpt":{"rendered":"<p>A la bandeja Despu\u00e9s de vivir de cerca los cambios que han ocurrido en el PJEV hoy una vez m\u00e1s me despierto en mi bello Xalapa, d\u00f3nde se dice que est\u00e1 el TRIBUNAL SUPERIOR DE JUSTICIA DEL ESTADO DE VERACRUZ y la desilusi\u00f3n se hace presente en m\u00ed, la tristeza al darme cuenta hasta donde [&hellip;]<\/p>\n","protected":false},"author":2,"featured_media":0,"comment_status":"closed","ping_status":"closed","sticky":false,"template":"","format":"standard","meta":{"tdm_status":"","tdm_grid_status":"","footnotes":""},"categories":[74],"tags":[31006,1563,10185,15620,31005,31009,20753,31008,31007,195,96],"class_list":{"0":"post-81247","1":"post","2":"type-post","3":"status-publish","4":"format-standard","6":"category-lavadero","7":"tag-cecofams","8":"tag-cuitlahuac-garcia-jimenez","9":"tag-edel-alvarez-pena","10":"tag-isabel-ines-romero-cruz","11":"tag-mtra-ruth-navarro","12":"tag-mtro-horacio-said-gonzalez-guerrero","13":"tag-pjev","14":"tag-psic-laura-silvia-de-castro","15":"tag-sofia-huerta","16":"tag-veracruz","17":"tag-xalapa"},"yoast_head":"<!-- This site is optimized with the Yoast SEO plugin v27.4 - https:\/\/yoast.com\/product\/yoast-seo-wordpress\/ -->\n<title>Justicia de ni\u00f1os, en manos de &quot;Pol\u00edticos&quot; - Los pol\u00edticos Veracruz<\/title>\n<meta name=\"robots\" content=\"index, follow, max-snippet:-1, max-image-preview:large, max-video-preview:-1\" \/>\n<link rel=\"canonical\" href=\"https:\/\/lospoliticosveracruz.com\/?p=81247\" \/>\n<meta property=\"og:locale\" content=\"es_ES\" \/>\n<meta property=\"og:type\" content=\"article\" \/>\n<meta property=\"og:title\" content=\"Justicia de ni\u00f1os, en manos de &quot;Pol\u00edticos&quot; - Los pol\u00edticos Veracruz\" \/>\n<meta property=\"og:description\" content=\"A la bandeja Despu\u00e9s de vivir de cerca los cambios que han ocurrido en el PJEV hoy una vez m\u00e1s me despierto en mi bello Xalapa, d\u00f3nde se dice que est\u00e1 el TRIBUNAL SUPERIOR DE JUSTICIA DEL ESTADO DE VERACRUZ y la desilusi\u00f3n se hace presente en m\u00ed, la tristeza al darme cuenta hasta donde [&hellip;]\" \/>\n<meta property=\"og:url\" content=\"https:\/\/lospoliticosveracruz.com\/?p=81247\" \/>\n<meta property=\"og:site_name\" content=\"Los pol\u00edticos Veracruz\" \/>\n<meta property=\"article:publisher\" content=\"https:\/\/www.facebook.com\/people\/Notimemes-de-los-Polticos\/61565672886568\/\" \/>\n<meta property=\"article:published_time\" content=\"2021-10-27T15:14:02+00:00\" \/>\n<meta property=\"article:modified_time\" content=\"2021-10-27T15:14:09+00:00\" \/>\n<meta property=\"og:image\" content=\"https:\/\/lospoliticosveracruz.com\/wp-content\/uploads\/2016\/07\/Logo-Dor.jpg\" \/>\n\t<meta property=\"og:image:width\" content=\"200\" \/>\n\t<meta property=\"og:image:height\" content=\"200\" \/>\n\t<meta property=\"og:image:type\" content=\"image\/jpeg\" \/>\n<meta name=\"author\" content=\"Lo viste en Los Pol\u00edticos\" \/>\n<meta name=\"twitter:card\" content=\"summary_large_image\" \/>\n<meta name=\"twitter:creator\" content=\"@LosPoliticosVer\" \/>\n<meta name=\"twitter:site\" content=\"@LosPoliticosVer\" \/>\n<meta name=\"twitter:label1\" content=\"Escrito por\" \/>\n\t<meta name=\"twitter:data1\" content=\"Lo viste en Los Pol\u00edticos\" \/>\n\t<meta name=\"twitter:label2\" content=\"Tiempo de lectura\" \/>\n\t<meta name=\"twitter:data2\" content=\"4 minutos\" \/>\n<script type=\"application\/ld+json\" class=\"yoast-schema-graph\">{\"@context\":\"https:\\\/\\\/schema.org\",\"@graph\":[{\"@type\":\"Article\",\"@id\":\"https:\\\/\\\/lospoliticosveracruz.com\\\/?p=81247#article\",\"isPartOf\":{\"@id\":\"https:\\\/\\\/lospoliticosveracruz.com\\\/?p=81247\"},\"author\":{\"name\":\"Lo viste en Los Pol\u00edticos\",\"@id\":\"https:\\\/\\\/lospoliticosveracruz.com\\\/#\\\/schema\\\/person\\\/b8702bb0e538456e6efd07080bf2a4a2\"},\"headline\":\"Justicia de ni\u00f1os, en manos de \u00abPol\u00edticos\u00bb\",\"datePublished\":\"2021-10-27T15:14:02+00:00\",\"dateModified\":\"2021-10-27T15:14:09+00:00\",\"mainEntityOfPage\":{\"@id\":\"https:\\\/\\\/lospoliticosveracruz.com\\\/?p=81247\"},\"wordCount\":875,\"publisher\":{\"@id\":\"https:\\\/\\\/lospoliticosveracruz.com\\\/#organization\"},\"keywords\":[\"CECOFAMS\",\"Cuitl\u00e1huac Garc\u00eda Jim\u00e9nez\",\"Edel \u00c1lvarez Pe\u00f1a\",\"Isabel In\u00e9s Romero Cruz\",\"Mtra. Ruth Navarro\",\"Mtro. Horacio Said Gonz\u00e1lez Guerrero\",\"PJEV\",\"Psic. Laura Silvia de Castro\",\"Sof\u00eda Huerta\",\"Veracruz\",\"Xalapa\"],\"articleSection\":[\"Lavadero\"],\"inLanguage\":\"es\"},{\"@type\":\"WebPage\",\"@id\":\"https:\\\/\\\/lospoliticosveracruz.com\\\/?p=81247\",\"url\":\"https:\\\/\\\/lospoliticosveracruz.com\\\/?p=81247\",\"name\":\"Justicia de ni\u00f1os, en manos de \\\"Pol\u00edticos\\\" - Los pol\u00edticos Veracruz\",\"isPartOf\":{\"@id\":\"https:\\\/\\\/lospoliticosveracruz.com\\\/#website\"},\"datePublished\":\"2021-10-27T15:14:02+00:00\",\"dateModified\":\"2021-10-27T15:14:09+00:00\",\"breadcrumb\":{\"@id\":\"https:\\\/\\\/lospoliticosveracruz.com\\\/?p=81247#breadcrumb\"},\"inLanguage\":\"es\",\"potentialAction\":[{\"@type\":\"ReadAction\",\"target\":[\"https:\\\/\\\/lospoliticosveracruz.com\\\/?p=81247\"]}]},{\"@type\":\"BreadcrumbList\",\"@id\":\"https:\\\/\\\/lospoliticosveracruz.com\\\/?p=81247#breadcrumb\",\"itemListElement\":[{\"@type\":\"ListItem\",\"position\":1,\"name\":\"Portada\",\"item\":\"https:\\\/\\\/lospoliticosveracruz.com\\\/\"},{\"@type\":\"ListItem\",\"position\":2,\"name\":\"Justicia de ni\u00f1os, en manos de \u00abPol\u00edticos\u00bb\"}]},{\"@type\":\"WebSite\",\"@id\":\"https:\\\/\\\/lospoliticosveracruz.com\\\/#website\",\"url\":\"https:\\\/\\\/lospoliticosveracruz.com\\\/\",\"name\":\"Los pol\u00edticos Veracruz\",\"description\":\"\",\"publisher\":{\"@id\":\"https:\\\/\\\/lospoliticosveracruz.com\\\/#organization\"},\"potentialAction\":[{\"@type\":\"SearchAction\",\"target\":{\"@type\":\"EntryPoint\",\"urlTemplate\":\"https:\\\/\\\/lospoliticosveracruz.com\\\/?s={search_term_string}\"},\"query-input\":{\"@type\":\"PropertyValueSpecification\",\"valueRequired\":true,\"valueName\":\"search_term_string\"}}],\"inLanguage\":\"es\"},{\"@type\":\"Organization\",\"@id\":\"https:\\\/\\\/lospoliticosveracruz.com\\\/#organization\",\"name\":\"Los pol\u00edticos Veracruz\",\"url\":\"https:\\\/\\\/lospoliticosveracruz.com\\\/\",\"logo\":{\"@type\":\"ImageObject\",\"inLanguage\":\"es\",\"@id\":\"https:\\\/\\\/lospoliticosveracruz.com\\\/#\\\/schema\\\/logo\\\/image\\\/\",\"url\":\"https:\\\/\\\/lospoliticosveracruz.com\\\/wp-content\\\/uploads\\\/2025\\\/12\\\/Logo-Nuevo-LOS-POLITICOS-1.jpg\",\"contentUrl\":\"https:\\\/\\\/lospoliticosveracruz.com\\\/wp-content\\\/uploads\\\/2025\\\/12\\\/Logo-Nuevo-LOS-POLITICOS-1.jpg\",\"width\":260,\"height\":70,\"caption\":\"Los pol\u00edticos Veracruz\"},\"image\":{\"@id\":\"https:\\\/\\\/lospoliticosveracruz.com\\\/#\\\/schema\\\/logo\\\/image\\\/\"},\"sameAs\":[\"https:\\\/\\\/www.facebook.com\\\/people\\\/Notimemes-de-los-Polticos\\\/61565672886568\\\/\",\"https:\\\/\\\/x.com\\\/LosPoliticosVer\"]},{\"@type\":\"Person\",\"@id\":\"https:\\\/\\\/lospoliticosveracruz.com\\\/#\\\/schema\\\/person\\\/b8702bb0e538456e6efd07080bf2a4a2\",\"name\":\"Lo viste en Los Pol\u00edticos\",\"image\":{\"@type\":\"ImageObject\",\"inLanguage\":\"es\",\"@id\":\"https:\\\/\\\/secure.gravatar.com\\\/avatar\\\/3a8de04a2656d44082be478bd6c086daa447c4651605818287b9532d3d0bd435?s=96&d=mm&r=g\",\"url\":\"https:\\\/\\\/secure.gravatar.com\\\/avatar\\\/3a8de04a2656d44082be478bd6c086daa447c4651605818287b9532d3d0bd435?s=96&d=mm&r=g\",\"contentUrl\":\"https:\\\/\\\/secure.gravatar.com\\\/avatar\\\/3a8de04a2656d44082be478bd6c086daa447c4651605818287b9532d3d0bd435?s=96&d=mm&r=g\",\"caption\":\"Lo viste en Los Pol\u00edticos\"},\"url\":\"https:\\\/\\\/lospoliticosveracruz.com\\\/?author=2\"}]}<\/script>\n<!-- \/ Yoast SEO plugin. -->","yoast_head_json":{"title":"Justicia de ni\u00f1os, en manos de \"Pol\u00edticos\" - Los pol\u00edticos Veracruz","robots":{"index":"index","follow":"follow","max-snippet":"max-snippet:-1","max-image-preview":"max-image-preview:large","max-video-preview":"max-video-preview:-1"},"canonical":"https:\/\/lospoliticosveracruz.com\/?p=81247","og_locale":"es_ES","og_type":"article","og_title":"Justicia de ni\u00f1os, en manos de \"Pol\u00edticos\" - Los pol\u00edticos Veracruz","og_description":"A la bandeja Despu\u00e9s de vivir de cerca los cambios que han ocurrido en el PJEV hoy una vez m\u00e1s me despierto en mi bello Xalapa, d\u00f3nde se dice que est\u00e1 el TRIBUNAL SUPERIOR DE JUSTICIA DEL ESTADO DE VERACRUZ y la desilusi\u00f3n se hace presente en m\u00ed, la tristeza al darme cuenta hasta donde [&hellip;]","og_url":"https:\/\/lospoliticosveracruz.com\/?p=81247","og_site_name":"Los pol\u00edticos Veracruz","article_publisher":"https:\/\/www.facebook.com\/people\/Notimemes-de-los-Polticos\/61565672886568\/","article_published_time":"2021-10-27T15:14:02+00:00","article_modified_time":"2021-10-27T15:14:09+00:00","og_image":[{"width":200,"height":200,"url":"https:\/\/lospoliticosveracruz.com\/wp-content\/uploads\/2016\/07\/Logo-Dor.jpg","type":"image\/jpeg"}],"author":"Lo viste en Los Pol\u00edticos","twitter_card":"summary_large_image","twitter_creator":"@LosPoliticosVer","twitter_site":"@LosPoliticosVer","twitter_misc":{"Escrito por":"Lo viste en Los Pol\u00edticos","Tiempo de lectura":"4 minutos"},"schema":{"@context":"https:\/\/schema.org","@graph":[{"@type":"Article","@id":"https:\/\/lospoliticosveracruz.com\/?p=81247#article","isPartOf":{"@id":"https:\/\/lospoliticosveracruz.com\/?p=81247"},"author":{"name":"Lo viste en Los Pol\u00edticos","@id":"https:\/\/lospoliticosveracruz.com\/#\/schema\/person\/b8702bb0e538456e6efd07080bf2a4a2"},"headline":"Justicia de ni\u00f1os, en manos de \u00abPol\u00edticos\u00bb","datePublished":"2021-10-27T15:14:02+00:00","dateModified":"2021-10-27T15:14:09+00:00","mainEntityOfPage":{"@id":"https:\/\/lospoliticosveracruz.com\/?p=81247"},"wordCount":875,"publisher":{"@id":"https:\/\/lospoliticosveracruz.com\/#organization"},"keywords":["CECOFAMS","Cuitl\u00e1huac Garc\u00eda Jim\u00e9nez","Edel \u00c1lvarez Pe\u00f1a","Isabel In\u00e9s Romero Cruz","Mtra. Ruth Navarro","Mtro. Horacio Said Gonz\u00e1lez Guerrero","PJEV","Psic. Laura Silvia de Castro","Sof\u00eda Huerta","Veracruz","Xalapa"],"articleSection":["Lavadero"],"inLanguage":"es"},{"@type":"WebPage","@id":"https:\/\/lospoliticosveracruz.com\/?p=81247","url":"https:\/\/lospoliticosveracruz.com\/?p=81247","name":"Justicia de ni\u00f1os, en manos de \"Pol\u00edticos\" - Los pol\u00edticos Veracruz","isPartOf":{"@id":"https:\/\/lospoliticosveracruz.com\/#website"},"datePublished":"2021-10-27T15:14:02+00:00","dateModified":"2021-10-27T15:14:09+00:00","breadcrumb":{"@id":"https:\/\/lospoliticosveracruz.com\/?p=81247#breadcrumb"},"inLanguage":"es","potentialAction":[{"@type":"ReadAction","target":["https:\/\/lospoliticosveracruz.com\/?p=81247"]}]},{"@type":"BreadcrumbList","@id":"https:\/\/lospoliticosveracruz.com\/?p=81247#breadcrumb","itemListElement":[{"@type":"ListItem","position":1,"name":"Portada","item":"https:\/\/lospoliticosveracruz.com\/"},{"@type":"ListItem","position":2,"name":"Justicia de ni\u00f1os, en manos de \u00abPol\u00edticos\u00bb"}]},{"@type":"WebSite","@id":"https:\/\/lospoliticosveracruz.com\/#website","url":"https:\/\/lospoliticosveracruz.com\/","name":"Los pol\u00edticos Veracruz","description":"","publisher":{"@id":"https:\/\/lospoliticosveracruz.com\/#organization"},"potentialAction":[{"@type":"SearchAction","target":{"@type":"EntryPoint","urlTemplate":"https:\/\/lospoliticosveracruz.com\/?s={search_term_string}"},"query-input":{"@type":"PropertyValueSpecification","valueRequired":true,"valueName":"search_term_string"}}],"inLanguage":"es"},{"@type":"Organization","@id":"https:\/\/lospoliticosveracruz.com\/#organization","name":"Los pol\u00edticos Veracruz","url":"https:\/\/lospoliticosveracruz.com\/","logo":{"@type":"ImageObject","inLanguage":"es","@id":"https:\/\/lospoliticosveracruz.com\/#\/schema\/logo\/image\/","url":"https:\/\/lospoliticosveracruz.com\/wp-content\/uploads\/2025\/12\/Logo-Nuevo-LOS-POLITICOS-1.jpg","contentUrl":"https:\/\/lospoliticosveracruz.com\/wp-content\/uploads\/2025\/12\/Logo-Nuevo-LOS-POLITICOS-1.jpg","width":260,"height":70,"caption":"Los pol\u00edticos Veracruz"},"image":{"@id":"https:\/\/lospoliticosveracruz.com\/#\/schema\/logo\/image\/"},"sameAs":["https:\/\/www.facebook.com\/people\/Notimemes-de-los-Polticos\/61565672886568\/","https:\/\/x.com\/LosPoliticosVer"]},{"@type":"Person","@id":"https:\/\/lospoliticosveracruz.com\/#\/schema\/person\/b8702bb0e538456e6efd07080bf2a4a2","name":"Lo viste en Los Pol\u00edticos","image":{"@type":"ImageObject","inLanguage":"es","@id":"https:\/\/secure.gravatar.com\/avatar\/3a8de04a2656d44082be478bd6c086daa447c4651605818287b9532d3d0bd435?s=96&d=mm&r=g","url":"https:\/\/secure.gravatar.com\/avatar\/3a8de04a2656d44082be478bd6c086daa447c4651605818287b9532d3d0bd435?s=96&d=mm&r=g","contentUrl":"https:\/\/secure.gravatar.com\/avatar\/3a8de04a2656d44082be478bd6c086daa447c4651605818287b9532d3d0bd435?s=96&d=mm&r=g","caption":"Lo viste en Los Pol\u00edticos"},"url":"https:\/\/lospoliticosveracruz.com\/?author=2"}]}},"_links":{"self":[{"href":"https:\/\/lospoliticosveracruz.com\/index.php?rest_route=\/wp\/v2\/posts\/81247","targetHints":{"allow":["GET"]}}],"collection":[{"href":"https:\/\/lospoliticosveracruz.com\/index.php?rest_route=\/wp\/v2\/posts"}],"about":[{"href":"https:\/\/lospoliticosveracruz.com\/index.php?rest_route=\/wp\/v2\/types\/post"}],"author":[{"embeddable":true,"href":"https:\/\/lospoliticosveracruz.com\/index.php?rest_route=\/wp\/v2\/users\/2"}],"replies":[{"embeddable":true,"href":"https:\/\/lospoliticosveracruz.com\/index.php?rest_route=%2Fwp%2Fv2%2Fcomments&post=81247"}],"version-history":[{"count":1,"href":"https:\/\/lospoliticosveracruz.com\/index.php?rest_route=\/wp\/v2\/posts\/81247\/revisions"}],"predecessor-version":[{"id":81249,"href":"https:\/\/lospoliticosveracruz.com\/index.php?rest_route=\/wp\/v2\/posts\/81247\/revisions\/81249"}],"wp:attachment":[{"href":"https:\/\/lospoliticosveracruz.com\/index.php?rest_route=%2Fwp%2Fv2%2Fmedia&parent=81247"}],"wp:term":[{"taxonomy":"category","embeddable":true,"href":"https:\/\/lospoliticosveracruz.com\/index.php?rest_route=%2Fwp%2Fv2%2Fcategories&post=81247"},{"taxonomy":"post_tag","embeddable":true,"href":"https:\/\/lospoliticosveracruz.com\/index.php?rest_route=%2Fwp%2Fv2%2Ftags&post=81247"}],"curies":[{"name":"wp","href":"https:\/\/api.w.org\/{rel}","templated":true}]}}