{"id":81288,"date":"2021-10-28T12:10:57","date_gmt":"2021-10-28T17:10:57","guid":{"rendered":"https:\/\/lospoliticosveracruz.com.mx\/?p=81288"},"modified":"2021-10-28T12:11:01","modified_gmt":"2021-10-28T17:11:01","slug":"sin-quimio-vence-al-cancer","status":"publish","type":"post","link":"https:\/\/lospoliticosveracruz.com\/?p=81288","title":{"rendered":"Sin quimio, vence al c\u00e1ncer!"},"content":{"rendered":"\n<p><\/p>\n\n\n\n<p><\/p>\n\n\n\n<p><strong>Veracruz<\/strong><\/p>\n\n\n\n<p><strong><br><\/strong>El Instituto Mexicano del Seguro Social (IMSS) en Veracruz Norte invit\u00f3 a la poblaci\u00f3n en general a tomar conciencia de la detecci\u00f3n oportuna del c\u00e1ncer de mama, pues su diagn\u00f3stico en etapas tempranas, salva vidas.<br>En este sentido la directora de la Unidad de Detecci\u00f3n y Diagn\u00f3stico del C\u00e1ncer de Mama (UDDCM) del IMSS en Veracruz Norte, Mar\u00eda Candelaria Guzm\u00e1n Hern\u00e1ndez, coment\u00f3 que la detecci\u00f3n en etapas tempranas no s\u00f3lo aumenta la posibilidad de sobrevida, sino que brinda a la paciente la oportunidad de ser atendida con un manejo m\u00e9dico menos invasivo.<br>Tal es el caso de la paciente Rita \u201cN\u201d, de 60 a\u00f1os, quien gracias a la detecci\u00f3n oportuna que realiz\u00f3 la UDDCM fue diagnosticada con c\u00e1ncer de mama en una etapa temprana, lo que permiti\u00f3 que su tratamiento fuera una mastectom\u00eda radical del seno derecho (retiro del seno) sin necesitar tratamientos como quimioterapia o radioterapia, explic\u00f3 la especialista.<br>\u201cAfortunadamente qued\u00e9 en mi cirug\u00eda, no necesit\u00e9 ni quimio, ni radiaciones, sal\u00ed bien, nada m\u00e1s con mi pura cirug\u00eda. Estoy ahorita en tratamiento m\u00e9dico por cinco a\u00f1os, nada m\u00e1s con medicamento. Yo las invito a que ustedes se hagan sus estudios y se exploren. Si nos atendemos a tiempo, salimos adelante\u201d, expres\u00f3 en su oportunidad Rita \u201cN\u201d.<br>Adem\u00e1s, la paciente agreg\u00f3 que se siente agradecida con todo el personal de la Cl\u00ednica de Mama, en especial con la doctora que le realiz\u00f3 la mastograf\u00eda, pues la especialista fue muy persistente en revisar bien sus mamas y al detectar la sospecha de c\u00e1ncer, se lo comunic\u00f3 inmediatamente.<br>Para finalizar, la doctora Guzm\u00e1n Hern\u00e1ndez invit\u00f3 a todas las derechohabientes de entre 40 y 69 a\u00f1os que no se han realizado la mastograf\u00eda en los \u00faltimos dos a\u00f1os, a llamar al tel\u00e9fono 229 934 4697 o escribir al correo citamastografia.vnte@imss.gob.mx.<\/p>\n","protected":false},"excerpt":{"rendered":"<p>Veracruz El Instituto Mexicano del Seguro Social (IMSS) en Veracruz Norte invit\u00f3 a la poblaci\u00f3n en general a tomar conciencia de la detecci\u00f3n oportuna del c\u00e1ncer de mama, pues su diagn\u00f3stico en etapas tempranas, salva vidas.En este sentido la directora de la Unidad de Detecci\u00f3n y Diagn\u00f3stico del C\u00e1ncer de Mama (UDDCM) del IMSS en [&hellip;]<\/p>\n","protected":false},"author":2,"featured_media":0,"comment_status":"closed","ping_status":"closed","sticky":false,"template":"","format":"standard","meta":{"tdm_status":"","tdm_grid_status":"","footnotes":""},"categories":[73],"tags":[10956,1208,12338,30349,15527,15526,22209],"class_list":{"0":"post-81288","1":"post","2":"type-post","3":"status-publish","4":"format-standard","6":"category-de-boleto","7":"tag-clinica-de-mama","8":"tag-imss","9":"tag-imss-veracruz-norte","10":"tag-maria-candelaria-guzman-hernandez","11":"tag-mastectomia","12":"tag-mastografia","13":"tag-uddcm"},"yoast_head":"<!-- This site is optimized with the Yoast SEO plugin v27.4 - https:\/\/yoast.com\/product\/yoast-seo-wordpress\/ -->\n<title>Sin quimio, vence al c\u00e1ncer! - Los pol\u00edticos Veracruz<\/title>\n<meta name=\"robots\" content=\"index, follow, max-snippet:-1, max-image-preview:large, max-video-preview:-1\" \/>\n<link rel=\"canonical\" href=\"https:\/\/lospoliticosveracruz.com\/?p=81288\" \/>\n<meta property=\"og:locale\" content=\"es_ES\" \/>\n<meta property=\"og:type\" content=\"article\" \/>\n<meta property=\"og:title\" content=\"Sin quimio, vence al c\u00e1ncer! - Los pol\u00edticos Veracruz\" \/>\n<meta property=\"og:description\" content=\"Veracruz El Instituto Mexicano del Seguro Social (IMSS) en Veracruz Norte invit\u00f3 a la poblaci\u00f3n en general a tomar conciencia de la detecci\u00f3n oportuna del c\u00e1ncer de mama, pues su diagn\u00f3stico en etapas tempranas, salva vidas.En este sentido la directora de la Unidad de Detecci\u00f3n y Diagn\u00f3stico del C\u00e1ncer de Mama (UDDCM) del IMSS en [&hellip;]\" \/>\n<meta property=\"og:url\" content=\"https:\/\/lospoliticosveracruz.com\/?p=81288\" \/>\n<meta property=\"og:site_name\" content=\"Los pol\u00edticos Veracruz\" \/>\n<meta property=\"article:publisher\" content=\"https:\/\/www.facebook.com\/people\/Notimemes-de-los-Polticos\/61565672886568\/\" \/>\n<meta property=\"article:published_time\" content=\"2021-10-28T17:10:57+00:00\" \/>\n<meta property=\"article:modified_time\" content=\"2021-10-28T17:11:01+00:00\" \/>\n<meta property=\"og:image\" content=\"https:\/\/lospoliticosveracruz.com\/wp-content\/uploads\/2016\/07\/Logo-Dor.jpg\" \/>\n\t<meta property=\"og:image:width\" content=\"200\" \/>\n\t<meta property=\"og:image:height\" content=\"200\" \/>\n\t<meta property=\"og:image:type\" content=\"image\/jpeg\" \/>\n<meta name=\"author\" content=\"Lo viste en Los Pol\u00edticos\" \/>\n<meta name=\"twitter:card\" content=\"summary_large_image\" \/>\n<meta name=\"twitter:creator\" content=\"@LosPoliticosVer\" \/>\n<meta name=\"twitter:site\" content=\"@LosPoliticosVer\" \/>\n<meta name=\"twitter:label1\" content=\"Escrito por\" \/>\n\t<meta name=\"twitter:data1\" content=\"Lo viste en Los Pol\u00edticos\" \/>\n\t<meta name=\"twitter:label2\" content=\"Tiempo de lectura\" \/>\n\t<meta name=\"twitter:data2\" content=\"2 minutos\" \/>\n<script type=\"application\/ld+json\" class=\"yoast-schema-graph\">{\"@context\":\"https:\\\/\\\/schema.org\",\"@graph\":[{\"@type\":\"Article\",\"@id\":\"https:\\\/\\\/lospoliticosveracruz.com\\\/?p=81288#article\",\"isPartOf\":{\"@id\":\"https:\\\/\\\/lospoliticosveracruz.com\\\/?p=81288\"},\"author\":{\"name\":\"Lo viste en Los Pol\u00edticos\",\"@id\":\"https:\\\/\\\/lospoliticosveracruz.com\\\/#\\\/schema\\\/person\\\/b8702bb0e538456e6efd07080bf2a4a2\"},\"headline\":\"Sin quimio, vence al c\u00e1ncer!\",\"datePublished\":\"2021-10-28T17:10:57+00:00\",\"dateModified\":\"2021-10-28T17:11:01+00:00\",\"mainEntityOfPage\":{\"@id\":\"https:\\\/\\\/lospoliticosveracruz.com\\\/?p=81288\"},\"wordCount\":335,\"publisher\":{\"@id\":\"https:\\\/\\\/lospoliticosveracruz.com\\\/#organization\"},\"keywords\":[\"Cl\u00ednica de Mama\",\"IMSS\",\"IMSS Veracruz Norte\",\"Mar\u00eda Candelaria Guzm\u00e1n Hern\u00e1ndez\",\"mastectom\u00eda\",\"mastograf\u00eda\",\"UDDCM\"],\"articleSection\":[\"De Boleto\"],\"inLanguage\":\"es\"},{\"@type\":\"WebPage\",\"@id\":\"https:\\\/\\\/lospoliticosveracruz.com\\\/?p=81288\",\"url\":\"https:\\\/\\\/lospoliticosveracruz.com\\\/?p=81288\",\"name\":\"Sin quimio, vence al c\u00e1ncer! - Los pol\u00edticos Veracruz\",\"isPartOf\":{\"@id\":\"https:\\\/\\\/lospoliticosveracruz.com\\\/#website\"},\"datePublished\":\"2021-10-28T17:10:57+00:00\",\"dateModified\":\"2021-10-28T17:11:01+00:00\",\"breadcrumb\":{\"@id\":\"https:\\\/\\\/lospoliticosveracruz.com\\\/?p=81288#breadcrumb\"},\"inLanguage\":\"es\",\"potentialAction\":[{\"@type\":\"ReadAction\",\"target\":[\"https:\\\/\\\/lospoliticosveracruz.com\\\/?p=81288\"]}]},{\"@type\":\"BreadcrumbList\",\"@id\":\"https:\\\/\\\/lospoliticosveracruz.com\\\/?p=81288#breadcrumb\",\"itemListElement\":[{\"@type\":\"ListItem\",\"position\":1,\"name\":\"Portada\",\"item\":\"https:\\\/\\\/lospoliticosveracruz.com\\\/\"},{\"@type\":\"ListItem\",\"position\":2,\"name\":\"Sin quimio, vence al c\u00e1ncer!\"}]},{\"@type\":\"WebSite\",\"@id\":\"https:\\\/\\\/lospoliticosveracruz.com\\\/#website\",\"url\":\"https:\\\/\\\/lospoliticosveracruz.com\\\/\",\"name\":\"Los pol\u00edticos Veracruz\",\"description\":\"\",\"publisher\":{\"@id\":\"https:\\\/\\\/lospoliticosveracruz.com\\\/#organization\"},\"potentialAction\":[{\"@type\":\"SearchAction\",\"target\":{\"@type\":\"EntryPoint\",\"urlTemplate\":\"https:\\\/\\\/lospoliticosveracruz.com\\\/?s={search_term_string}\"},\"query-input\":{\"@type\":\"PropertyValueSpecification\",\"valueRequired\":true,\"valueName\":\"search_term_string\"}}],\"inLanguage\":\"es\"},{\"@type\":\"Organization\",\"@id\":\"https:\\\/\\\/lospoliticosveracruz.com\\\/#organization\",\"name\":\"Los pol\u00edticos Veracruz\",\"url\":\"https:\\\/\\\/lospoliticosveracruz.com\\\/\",\"logo\":{\"@type\":\"ImageObject\",\"inLanguage\":\"es\",\"@id\":\"https:\\\/\\\/lospoliticosveracruz.com\\\/#\\\/schema\\\/logo\\\/image\\\/\",\"url\":\"https:\\\/\\\/lospoliticosveracruz.com\\\/wp-content\\\/uploads\\\/2025\\\/12\\\/Logo-Nuevo-LOS-POLITICOS-1.jpg\",\"contentUrl\":\"https:\\\/\\\/lospoliticosveracruz.com\\\/wp-content\\\/uploads\\\/2025\\\/12\\\/Logo-Nuevo-LOS-POLITICOS-1.jpg\",\"width\":260,\"height\":70,\"caption\":\"Los pol\u00edticos Veracruz\"},\"image\":{\"@id\":\"https:\\\/\\\/lospoliticosveracruz.com\\\/#\\\/schema\\\/logo\\\/image\\\/\"},\"sameAs\":[\"https:\\\/\\\/www.facebook.com\\\/people\\\/Notimemes-de-los-Polticos\\\/61565672886568\\\/\",\"https:\\\/\\\/x.com\\\/LosPoliticosVer\"]},{\"@type\":\"Person\",\"@id\":\"https:\\\/\\\/lospoliticosveracruz.com\\\/#\\\/schema\\\/person\\\/b8702bb0e538456e6efd07080bf2a4a2\",\"name\":\"Lo viste en Los Pol\u00edticos\",\"image\":{\"@type\":\"ImageObject\",\"inLanguage\":\"es\",\"@id\":\"https:\\\/\\\/secure.gravatar.com\\\/avatar\\\/3a8de04a2656d44082be478bd6c086daa447c4651605818287b9532d3d0bd435?s=96&d=mm&r=g\",\"url\":\"https:\\\/\\\/secure.gravatar.com\\\/avatar\\\/3a8de04a2656d44082be478bd6c086daa447c4651605818287b9532d3d0bd435?s=96&d=mm&r=g\",\"contentUrl\":\"https:\\\/\\\/secure.gravatar.com\\\/avatar\\\/3a8de04a2656d44082be478bd6c086daa447c4651605818287b9532d3d0bd435?s=96&d=mm&r=g\",\"caption\":\"Lo viste en Los Pol\u00edticos\"},\"url\":\"https:\\\/\\\/lospoliticosveracruz.com\\\/?author=2\"}]}<\/script>\n<!-- \/ Yoast SEO plugin. -->","yoast_head_json":{"title":"Sin quimio, vence al c\u00e1ncer! - Los pol\u00edticos Veracruz","robots":{"index":"index","follow":"follow","max-snippet":"max-snippet:-1","max-image-preview":"max-image-preview:large","max-video-preview":"max-video-preview:-1"},"canonical":"https:\/\/lospoliticosveracruz.com\/?p=81288","og_locale":"es_ES","og_type":"article","og_title":"Sin quimio, vence al c\u00e1ncer! - Los pol\u00edticos Veracruz","og_description":"Veracruz El Instituto Mexicano del Seguro Social (IMSS) en Veracruz Norte invit\u00f3 a la poblaci\u00f3n en general a tomar conciencia de la detecci\u00f3n oportuna del c\u00e1ncer de mama, pues su diagn\u00f3stico en etapas tempranas, salva vidas.En este sentido la directora de la Unidad de Detecci\u00f3n y Diagn\u00f3stico del C\u00e1ncer de Mama (UDDCM) del IMSS en [&hellip;]","og_url":"https:\/\/lospoliticosveracruz.com\/?p=81288","og_site_name":"Los pol\u00edticos Veracruz","article_publisher":"https:\/\/www.facebook.com\/people\/Notimemes-de-los-Polticos\/61565672886568\/","article_published_time":"2021-10-28T17:10:57+00:00","article_modified_time":"2021-10-28T17:11:01+00:00","og_image":[{"width":200,"height":200,"url":"https:\/\/lospoliticosveracruz.com\/wp-content\/uploads\/2016\/07\/Logo-Dor.jpg","type":"image\/jpeg"}],"author":"Lo viste en Los Pol\u00edticos","twitter_card":"summary_large_image","twitter_creator":"@LosPoliticosVer","twitter_site":"@LosPoliticosVer","twitter_misc":{"Escrito por":"Lo viste en Los Pol\u00edticos","Tiempo de lectura":"2 minutos"},"schema":{"@context":"https:\/\/schema.org","@graph":[{"@type":"Article","@id":"https:\/\/lospoliticosveracruz.com\/?p=81288#article","isPartOf":{"@id":"https:\/\/lospoliticosveracruz.com\/?p=81288"},"author":{"name":"Lo viste en Los Pol\u00edticos","@id":"https:\/\/lospoliticosveracruz.com\/#\/schema\/person\/b8702bb0e538456e6efd07080bf2a4a2"},"headline":"Sin quimio, vence al c\u00e1ncer!","datePublished":"2021-10-28T17:10:57+00:00","dateModified":"2021-10-28T17:11:01+00:00","mainEntityOfPage":{"@id":"https:\/\/lospoliticosveracruz.com\/?p=81288"},"wordCount":335,"publisher":{"@id":"https:\/\/lospoliticosveracruz.com\/#organization"},"keywords":["Cl\u00ednica de Mama","IMSS","IMSS Veracruz Norte","Mar\u00eda Candelaria Guzm\u00e1n Hern\u00e1ndez","mastectom\u00eda","mastograf\u00eda","UDDCM"],"articleSection":["De Boleto"],"inLanguage":"es"},{"@type":"WebPage","@id":"https:\/\/lospoliticosveracruz.com\/?p=81288","url":"https:\/\/lospoliticosveracruz.com\/?p=81288","name":"Sin quimio, vence al c\u00e1ncer! - Los pol\u00edticos Veracruz","isPartOf":{"@id":"https:\/\/lospoliticosveracruz.com\/#website"},"datePublished":"2021-10-28T17:10:57+00:00","dateModified":"2021-10-28T17:11:01+00:00","breadcrumb":{"@id":"https:\/\/lospoliticosveracruz.com\/?p=81288#breadcrumb"},"inLanguage":"es","potentialAction":[{"@type":"ReadAction","target":["https:\/\/lospoliticosveracruz.com\/?p=81288"]}]},{"@type":"BreadcrumbList","@id":"https:\/\/lospoliticosveracruz.com\/?p=81288#breadcrumb","itemListElement":[{"@type":"ListItem","position":1,"name":"Portada","item":"https:\/\/lospoliticosveracruz.com\/"},{"@type":"ListItem","position":2,"name":"Sin quimio, vence al c\u00e1ncer!"}]},{"@type":"WebSite","@id":"https:\/\/lospoliticosveracruz.com\/#website","url":"https:\/\/lospoliticosveracruz.com\/","name":"Los pol\u00edticos Veracruz","description":"","publisher":{"@id":"https:\/\/lospoliticosveracruz.com\/#organization"},"potentialAction":[{"@type":"SearchAction","target":{"@type":"EntryPoint","urlTemplate":"https:\/\/lospoliticosveracruz.com\/?s={search_term_string}"},"query-input":{"@type":"PropertyValueSpecification","valueRequired":true,"valueName":"search_term_string"}}],"inLanguage":"es"},{"@type":"Organization","@id":"https:\/\/lospoliticosveracruz.com\/#organization","name":"Los pol\u00edticos Veracruz","url":"https:\/\/lospoliticosveracruz.com\/","logo":{"@type":"ImageObject","inLanguage":"es","@id":"https:\/\/lospoliticosveracruz.com\/#\/schema\/logo\/image\/","url":"https:\/\/lospoliticosveracruz.com\/wp-content\/uploads\/2025\/12\/Logo-Nuevo-LOS-POLITICOS-1.jpg","contentUrl":"https:\/\/lospoliticosveracruz.com\/wp-content\/uploads\/2025\/12\/Logo-Nuevo-LOS-POLITICOS-1.jpg","width":260,"height":70,"caption":"Los pol\u00edticos Veracruz"},"image":{"@id":"https:\/\/lospoliticosveracruz.com\/#\/schema\/logo\/image\/"},"sameAs":["https:\/\/www.facebook.com\/people\/Notimemes-de-los-Polticos\/61565672886568\/","https:\/\/x.com\/LosPoliticosVer"]},{"@type":"Person","@id":"https:\/\/lospoliticosveracruz.com\/#\/schema\/person\/b8702bb0e538456e6efd07080bf2a4a2","name":"Lo viste en Los Pol\u00edticos","image":{"@type":"ImageObject","inLanguage":"es","@id":"https:\/\/secure.gravatar.com\/avatar\/3a8de04a2656d44082be478bd6c086daa447c4651605818287b9532d3d0bd435?s=96&d=mm&r=g","url":"https:\/\/secure.gravatar.com\/avatar\/3a8de04a2656d44082be478bd6c086daa447c4651605818287b9532d3d0bd435?s=96&d=mm&r=g","contentUrl":"https:\/\/secure.gravatar.com\/avatar\/3a8de04a2656d44082be478bd6c086daa447c4651605818287b9532d3d0bd435?s=96&d=mm&r=g","caption":"Lo viste en Los Pol\u00edticos"},"url":"https:\/\/lospoliticosveracruz.com\/?author=2"}]}},"_links":{"self":[{"href":"https:\/\/lospoliticosveracruz.com\/index.php?rest_route=\/wp\/v2\/posts\/81288","targetHints":{"allow":["GET"]}}],"collection":[{"href":"https:\/\/lospoliticosveracruz.com\/index.php?rest_route=\/wp\/v2\/posts"}],"about":[{"href":"https:\/\/lospoliticosveracruz.com\/index.php?rest_route=\/wp\/v2\/types\/post"}],"author":[{"embeddable":true,"href":"https:\/\/lospoliticosveracruz.com\/index.php?rest_route=\/wp\/v2\/users\/2"}],"replies":[{"embeddable":true,"href":"https:\/\/lospoliticosveracruz.com\/index.php?rest_route=%2Fwp%2Fv2%2Fcomments&post=81288"}],"version-history":[{"count":1,"href":"https:\/\/lospoliticosveracruz.com\/index.php?rest_route=\/wp\/v2\/posts\/81288\/revisions"}],"predecessor-version":[{"id":81290,"href":"https:\/\/lospoliticosveracruz.com\/index.php?rest_route=\/wp\/v2\/posts\/81288\/revisions\/81290"}],"wp:attachment":[{"href":"https:\/\/lospoliticosveracruz.com\/index.php?rest_route=%2Fwp%2Fv2%2Fmedia&parent=81288"}],"wp:term":[{"taxonomy":"category","embeddable":true,"href":"https:\/\/lospoliticosveracruz.com\/index.php?rest_route=%2Fwp%2Fv2%2Fcategories&post=81288"},{"taxonomy":"post_tag","embeddable":true,"href":"https:\/\/lospoliticosveracruz.com\/index.php?rest_route=%2Fwp%2Fv2%2Ftags&post=81288"}],"curies":[{"name":"wp","href":"https:\/\/api.w.org\/{rel}","templated":true}]}}