{"id":81291,"date":"2021-10-28T12:17:45","date_gmt":"2021-10-28T17:17:45","guid":{"rendered":"https:\/\/lospoliticosveracruz.com.mx\/?p=81291"},"modified":"2021-10-28T12:17:50","modified_gmt":"2021-10-28T17:17:50","slug":"hay-potencial-para-la-industria-tecnologica-tono-luna","status":"publish","type":"post","link":"https:\/\/lospoliticosveracruz.com\/?p=81291","title":{"rendered":"Hay potencial para la industria tecnol\u00f3gica: To\u00f1o Luna"},"content":{"rendered":"\n<p><\/p>\n\n\n\n<p><\/p>\n\n\n\n<p><strong>Xalapa<\/strong><\/p>\n\n\n\n<p><br>Durante la mesa de an\u00e1lisis del programa radiof\u00f3nico \u2018Transformando la Conversaci\u00f3n\u2019, el diputado electo por el Distrito XIII, Antonio \u2018To\u00f1o\u2019 Luna Rosales, acot\u00f3 que en Veracruz, espec\u00edficamente en Xalapa, adem\u00e1s de su riqueza cultural y art\u00edstica que impera, es oportuno darle la oportunidad a la industria tecnol\u00f3gica para explotar el talento de los j\u00f3venes de la regi\u00f3n.<\/p>\n\n\n\n<p>\u201cXalapa es un semillero de Tecnolog\u00edas de la Informaci\u00f3n y Comunicaci\u00f3n (TIC\u00b4s), inclusive en administraciones pasadas se ten\u00eda el proyecto de instalar un Cl\u00faster de tecnolog\u00eda, lamentablemente no se llev\u00f3 a cabo, se dijo que se ubicar\u00eda en C\u00f3rdoba y tampoco sucedi\u00f3 cuando hab\u00edan los recursos necesarios, esto hizo que estados como Jalisco se afianzaran como el principal cl\u00faster no solo de M\u00e9xico sino de am\u00e9rica latina, fue una gran oportunidad que se dej\u00f3 pasar, ahora podemos invertir en ese sector y\/o encausar este de tipo de inversiones\u201d, opin\u00f3 en el espacio conducido por Manolo Victorio, Yamiri Rodr\u00edguez y con los invitados, el coordinador del Semillero Empresarial para el Desarrollo de M\u00e9xico AC, Carlos Salvador Abreu Dom\u00ednguez y Gustavo Filobello Ni\u00f1o.<\/p>\n\n\n\n<p>Por su parte, Abreu Dom\u00ednguez record\u00f3 la imperiosa tarea de fomentar la promoci\u00f3n y la cultura del consumo de los productos y comercios locales, puesto que a trav\u00e9s de estos peque\u00f1os negocios se mantuvo ligeramente la econom\u00eda durante las primeras etapas de la pandemia por COVID-19, e hizo un llamado a la creaci\u00f3n de espacios para que los peque\u00f1os productores vendan sus frutos.<\/p>\n\n\n\n<p>Ante la exposici\u00f3n, Luna Rosales concord\u00f3 en el fortalecimiento de la estrategia comercial \u2018Consume local\u2019, dirigida por la Secretar\u00eda de Desarrollo Econ\u00f3mico y Portuario (SEDECOP); tambi\u00e9n se\u00f1al\u00f3 que el reto es establecer una planeaci\u00f3n estrat\u00e9gica que detecte las fortalezas de cada regi\u00f3n as\u00ed como los polos de desarrollo, y con base en ello ejecutar las pol\u00edticas necesarias que estimulen las finanzas que la entidad necesita. Aunado al esfuerzo que realiza la Secretar\u00eda de Educaci\u00f3n de Veracruz (SEV) por procurar un modelo educativo s\u00f3lido y de brindar instituciones educativas dignas que abonen a la formaci\u00f3n de profesionistas competentes.<\/p>\n\n\n\n<p>\u201cEn la LXVI Legislatura seguiremos impulsando esta gran encomienda, con pol\u00edticas con sentido social acordes a las ejecutadas actualmente en M\u00e9xico, que en la entidad apoyemos a nuestras y nuestros j\u00f3venes con educaci\u00f3n superior para se aventuren al mercado laboral en otros pa\u00edses como profesionistas, no como indocumentados. Sin duda, vamos por el rumbo correcto\u201d, dijo.<\/p>\n","protected":false},"excerpt":{"rendered":"<p>Xalapa Durante la mesa de an\u00e1lisis del programa radiof\u00f3nico \u2018Transformando la Conversaci\u00f3n\u2019, el diputado electo por el Distrito XIII, Antonio \u2018To\u00f1o\u2019 Luna Rosales, acot\u00f3 que en Veracruz, espec\u00edficamente en Xalapa, adem\u00e1s de su riqueza cultural y art\u00edstica que impera, es oportuno darle la oportunidad a la industria tecnol\u00f3gica para explotar el talento de los j\u00f3venes [&hellip;]<\/p>\n","protected":false},"author":2,"featured_media":0,"comment_status":"closed","ping_status":"closed","sticky":false,"template":"","format":"standard","meta":{"tdm_status":"","tdm_grid_status":"","footnotes":""},"categories":[73],"tags":[8367,31020,1026,195],"class_list":{"0":"post-81291","1":"post","2":"type-post","3":"status-publish","4":"format-standard","6":"category-de-boleto","7":"tag-carlos-salvador-abreu-dominguez","8":"tag-gustavo-filobello-nino","9":"tag-morena","10":"tag-veracruz"},"yoast_head":"<!-- This site is optimized with the Yoast SEO plugin v27.4 - https:\/\/yoast.com\/product\/yoast-seo-wordpress\/ -->\n<title>Hay potencial para la industria tecnol\u00f3gica: To\u00f1o Luna - Los pol\u00edticos Veracruz<\/title>\n<meta name=\"robots\" content=\"index, follow, max-snippet:-1, max-image-preview:large, max-video-preview:-1\" \/>\n<link rel=\"canonical\" href=\"https:\/\/lospoliticosveracruz.com\/?p=81291\" \/>\n<meta property=\"og:locale\" content=\"es_ES\" \/>\n<meta property=\"og:type\" content=\"article\" \/>\n<meta property=\"og:title\" content=\"Hay potencial para la industria tecnol\u00f3gica: To\u00f1o Luna - Los pol\u00edticos Veracruz\" \/>\n<meta property=\"og:description\" content=\"Xalapa Durante la mesa de an\u00e1lisis del programa radiof\u00f3nico \u2018Transformando la Conversaci\u00f3n\u2019, el diputado electo por el Distrito XIII, Antonio \u2018To\u00f1o\u2019 Luna Rosales, acot\u00f3 que en Veracruz, espec\u00edficamente en Xalapa, adem\u00e1s de su riqueza cultural y art\u00edstica que impera, es oportuno darle la oportunidad a la industria tecnol\u00f3gica para explotar el talento de los j\u00f3venes [&hellip;]\" \/>\n<meta property=\"og:url\" content=\"https:\/\/lospoliticosveracruz.com\/?p=81291\" \/>\n<meta property=\"og:site_name\" content=\"Los pol\u00edticos Veracruz\" \/>\n<meta property=\"article:publisher\" content=\"https:\/\/www.facebook.com\/people\/Notimemes-de-los-Polticos\/61565672886568\/\" \/>\n<meta property=\"article:published_time\" content=\"2021-10-28T17:17:45+00:00\" \/>\n<meta property=\"article:modified_time\" content=\"2021-10-28T17:17:50+00:00\" \/>\n<meta property=\"og:image\" content=\"https:\/\/lospoliticosveracruz.com\/wp-content\/uploads\/2016\/07\/Logo-Dor.jpg\" \/>\n\t<meta property=\"og:image:width\" content=\"200\" \/>\n\t<meta property=\"og:image:height\" content=\"200\" \/>\n\t<meta property=\"og:image:type\" content=\"image\/jpeg\" \/>\n<meta name=\"author\" content=\"Lo viste en Los Pol\u00edticos\" \/>\n<meta name=\"twitter:card\" content=\"summary_large_image\" \/>\n<meta name=\"twitter:creator\" content=\"@LosPoliticosVer\" \/>\n<meta name=\"twitter:site\" content=\"@LosPoliticosVer\" \/>\n<meta name=\"twitter:label1\" content=\"Escrito por\" \/>\n\t<meta name=\"twitter:data1\" content=\"Lo viste en Los Pol\u00edticos\" \/>\n\t<meta name=\"twitter:label2\" content=\"Tiempo de lectura\" \/>\n\t<meta name=\"twitter:data2\" content=\"2 minutos\" \/>\n<script type=\"application\/ld+json\" class=\"yoast-schema-graph\">{\"@context\":\"https:\\\/\\\/schema.org\",\"@graph\":[{\"@type\":\"Article\",\"@id\":\"https:\\\/\\\/lospoliticosveracruz.com\\\/?p=81291#article\",\"isPartOf\":{\"@id\":\"https:\\\/\\\/lospoliticosveracruz.com\\\/?p=81291\"},\"author\":{\"name\":\"Lo viste en Los Pol\u00edticos\",\"@id\":\"https:\\\/\\\/lospoliticosveracruz.com\\\/#\\\/schema\\\/person\\\/b8702bb0e538456e6efd07080bf2a4a2\"},\"headline\":\"Hay potencial para la industria tecnol\u00f3gica: To\u00f1o Luna\",\"datePublished\":\"2021-10-28T17:17:45+00:00\",\"dateModified\":\"2021-10-28T17:17:50+00:00\",\"mainEntityOfPage\":{\"@id\":\"https:\\\/\\\/lospoliticosveracruz.com\\\/?p=81291\"},\"wordCount\":458,\"publisher\":{\"@id\":\"https:\\\/\\\/lospoliticosveracruz.com\\\/#organization\"},\"keywords\":[\"Carlos Salvador Abreu Dom\u00ednguez\",\"Gustavo Filobello Ni\u00f1o\",\"Morena\",\"Veracruz\"],\"articleSection\":[\"De Boleto\"],\"inLanguage\":\"es\"},{\"@type\":\"WebPage\",\"@id\":\"https:\\\/\\\/lospoliticosveracruz.com\\\/?p=81291\",\"url\":\"https:\\\/\\\/lospoliticosveracruz.com\\\/?p=81291\",\"name\":\"Hay potencial para la industria tecnol\u00f3gica: To\u00f1o Luna - Los pol\u00edticos Veracruz\",\"isPartOf\":{\"@id\":\"https:\\\/\\\/lospoliticosveracruz.com\\\/#website\"},\"datePublished\":\"2021-10-28T17:17:45+00:00\",\"dateModified\":\"2021-10-28T17:17:50+00:00\",\"breadcrumb\":{\"@id\":\"https:\\\/\\\/lospoliticosveracruz.com\\\/?p=81291#breadcrumb\"},\"inLanguage\":\"es\",\"potentialAction\":[{\"@type\":\"ReadAction\",\"target\":[\"https:\\\/\\\/lospoliticosveracruz.com\\\/?p=81291\"]}]},{\"@type\":\"BreadcrumbList\",\"@id\":\"https:\\\/\\\/lospoliticosveracruz.com\\\/?p=81291#breadcrumb\",\"itemListElement\":[{\"@type\":\"ListItem\",\"position\":1,\"name\":\"Portada\",\"item\":\"https:\\\/\\\/lospoliticosveracruz.com\\\/\"},{\"@type\":\"ListItem\",\"position\":2,\"name\":\"Hay potencial para la industria tecnol\u00f3gica: To\u00f1o Luna\"}]},{\"@type\":\"WebSite\",\"@id\":\"https:\\\/\\\/lospoliticosveracruz.com\\\/#website\",\"url\":\"https:\\\/\\\/lospoliticosveracruz.com\\\/\",\"name\":\"Los pol\u00edticos Veracruz\",\"description\":\"\",\"publisher\":{\"@id\":\"https:\\\/\\\/lospoliticosveracruz.com\\\/#organization\"},\"potentialAction\":[{\"@type\":\"SearchAction\",\"target\":{\"@type\":\"EntryPoint\",\"urlTemplate\":\"https:\\\/\\\/lospoliticosveracruz.com\\\/?s={search_term_string}\"},\"query-input\":{\"@type\":\"PropertyValueSpecification\",\"valueRequired\":true,\"valueName\":\"search_term_string\"}}],\"inLanguage\":\"es\"},{\"@type\":\"Organization\",\"@id\":\"https:\\\/\\\/lospoliticosveracruz.com\\\/#organization\",\"name\":\"Los pol\u00edticos Veracruz\",\"url\":\"https:\\\/\\\/lospoliticosveracruz.com\\\/\",\"logo\":{\"@type\":\"ImageObject\",\"inLanguage\":\"es\",\"@id\":\"https:\\\/\\\/lospoliticosveracruz.com\\\/#\\\/schema\\\/logo\\\/image\\\/\",\"url\":\"https:\\\/\\\/lospoliticosveracruz.com\\\/wp-content\\\/uploads\\\/2025\\\/12\\\/Logo-Nuevo-LOS-POLITICOS-1.jpg\",\"contentUrl\":\"https:\\\/\\\/lospoliticosveracruz.com\\\/wp-content\\\/uploads\\\/2025\\\/12\\\/Logo-Nuevo-LOS-POLITICOS-1.jpg\",\"width\":260,\"height\":70,\"caption\":\"Los pol\u00edticos Veracruz\"},\"image\":{\"@id\":\"https:\\\/\\\/lospoliticosveracruz.com\\\/#\\\/schema\\\/logo\\\/image\\\/\"},\"sameAs\":[\"https:\\\/\\\/www.facebook.com\\\/people\\\/Notimemes-de-los-Polticos\\\/61565672886568\\\/\",\"https:\\\/\\\/x.com\\\/LosPoliticosVer\"]},{\"@type\":\"Person\",\"@id\":\"https:\\\/\\\/lospoliticosveracruz.com\\\/#\\\/schema\\\/person\\\/b8702bb0e538456e6efd07080bf2a4a2\",\"name\":\"Lo viste en Los Pol\u00edticos\",\"image\":{\"@type\":\"ImageObject\",\"inLanguage\":\"es\",\"@id\":\"https:\\\/\\\/secure.gravatar.com\\\/avatar\\\/3a8de04a2656d44082be478bd6c086daa447c4651605818287b9532d3d0bd435?s=96&d=mm&r=g\",\"url\":\"https:\\\/\\\/secure.gravatar.com\\\/avatar\\\/3a8de04a2656d44082be478bd6c086daa447c4651605818287b9532d3d0bd435?s=96&d=mm&r=g\",\"contentUrl\":\"https:\\\/\\\/secure.gravatar.com\\\/avatar\\\/3a8de04a2656d44082be478bd6c086daa447c4651605818287b9532d3d0bd435?s=96&d=mm&r=g\",\"caption\":\"Lo viste en Los Pol\u00edticos\"},\"url\":\"https:\\\/\\\/lospoliticosveracruz.com\\\/?author=2\"}]}<\/script>\n<!-- \/ Yoast SEO plugin. -->","yoast_head_json":{"title":"Hay potencial para la industria tecnol\u00f3gica: To\u00f1o Luna - Los pol\u00edticos Veracruz","robots":{"index":"index","follow":"follow","max-snippet":"max-snippet:-1","max-image-preview":"max-image-preview:large","max-video-preview":"max-video-preview:-1"},"canonical":"https:\/\/lospoliticosveracruz.com\/?p=81291","og_locale":"es_ES","og_type":"article","og_title":"Hay potencial para la industria tecnol\u00f3gica: To\u00f1o Luna - Los pol\u00edticos Veracruz","og_description":"Xalapa Durante la mesa de an\u00e1lisis del programa radiof\u00f3nico \u2018Transformando la Conversaci\u00f3n\u2019, el diputado electo por el Distrito XIII, Antonio \u2018To\u00f1o\u2019 Luna Rosales, acot\u00f3 que en Veracruz, espec\u00edficamente en Xalapa, adem\u00e1s de su riqueza cultural y art\u00edstica que impera, es oportuno darle la oportunidad a la industria tecnol\u00f3gica para explotar el talento de los j\u00f3venes [&hellip;]","og_url":"https:\/\/lospoliticosveracruz.com\/?p=81291","og_site_name":"Los pol\u00edticos Veracruz","article_publisher":"https:\/\/www.facebook.com\/people\/Notimemes-de-los-Polticos\/61565672886568\/","article_published_time":"2021-10-28T17:17:45+00:00","article_modified_time":"2021-10-28T17:17:50+00:00","og_image":[{"width":200,"height":200,"url":"https:\/\/lospoliticosveracruz.com\/wp-content\/uploads\/2016\/07\/Logo-Dor.jpg","type":"image\/jpeg"}],"author":"Lo viste en Los Pol\u00edticos","twitter_card":"summary_large_image","twitter_creator":"@LosPoliticosVer","twitter_site":"@LosPoliticosVer","twitter_misc":{"Escrito por":"Lo viste en Los Pol\u00edticos","Tiempo de lectura":"2 minutos"},"schema":{"@context":"https:\/\/schema.org","@graph":[{"@type":"Article","@id":"https:\/\/lospoliticosveracruz.com\/?p=81291#article","isPartOf":{"@id":"https:\/\/lospoliticosveracruz.com\/?p=81291"},"author":{"name":"Lo viste en Los Pol\u00edticos","@id":"https:\/\/lospoliticosveracruz.com\/#\/schema\/person\/b8702bb0e538456e6efd07080bf2a4a2"},"headline":"Hay potencial para la industria tecnol\u00f3gica: To\u00f1o Luna","datePublished":"2021-10-28T17:17:45+00:00","dateModified":"2021-10-28T17:17:50+00:00","mainEntityOfPage":{"@id":"https:\/\/lospoliticosveracruz.com\/?p=81291"},"wordCount":458,"publisher":{"@id":"https:\/\/lospoliticosveracruz.com\/#organization"},"keywords":["Carlos Salvador Abreu Dom\u00ednguez","Gustavo Filobello Ni\u00f1o","Morena","Veracruz"],"articleSection":["De Boleto"],"inLanguage":"es"},{"@type":"WebPage","@id":"https:\/\/lospoliticosveracruz.com\/?p=81291","url":"https:\/\/lospoliticosveracruz.com\/?p=81291","name":"Hay potencial para la industria tecnol\u00f3gica: To\u00f1o Luna - Los pol\u00edticos Veracruz","isPartOf":{"@id":"https:\/\/lospoliticosveracruz.com\/#website"},"datePublished":"2021-10-28T17:17:45+00:00","dateModified":"2021-10-28T17:17:50+00:00","breadcrumb":{"@id":"https:\/\/lospoliticosveracruz.com\/?p=81291#breadcrumb"},"inLanguage":"es","potentialAction":[{"@type":"ReadAction","target":["https:\/\/lospoliticosveracruz.com\/?p=81291"]}]},{"@type":"BreadcrumbList","@id":"https:\/\/lospoliticosveracruz.com\/?p=81291#breadcrumb","itemListElement":[{"@type":"ListItem","position":1,"name":"Portada","item":"https:\/\/lospoliticosveracruz.com\/"},{"@type":"ListItem","position":2,"name":"Hay potencial para la industria tecnol\u00f3gica: To\u00f1o Luna"}]},{"@type":"WebSite","@id":"https:\/\/lospoliticosveracruz.com\/#website","url":"https:\/\/lospoliticosveracruz.com\/","name":"Los pol\u00edticos Veracruz","description":"","publisher":{"@id":"https:\/\/lospoliticosveracruz.com\/#organization"},"potentialAction":[{"@type":"SearchAction","target":{"@type":"EntryPoint","urlTemplate":"https:\/\/lospoliticosveracruz.com\/?s={search_term_string}"},"query-input":{"@type":"PropertyValueSpecification","valueRequired":true,"valueName":"search_term_string"}}],"inLanguage":"es"},{"@type":"Organization","@id":"https:\/\/lospoliticosveracruz.com\/#organization","name":"Los pol\u00edticos Veracruz","url":"https:\/\/lospoliticosveracruz.com\/","logo":{"@type":"ImageObject","inLanguage":"es","@id":"https:\/\/lospoliticosveracruz.com\/#\/schema\/logo\/image\/","url":"https:\/\/lospoliticosveracruz.com\/wp-content\/uploads\/2025\/12\/Logo-Nuevo-LOS-POLITICOS-1.jpg","contentUrl":"https:\/\/lospoliticosveracruz.com\/wp-content\/uploads\/2025\/12\/Logo-Nuevo-LOS-POLITICOS-1.jpg","width":260,"height":70,"caption":"Los pol\u00edticos Veracruz"},"image":{"@id":"https:\/\/lospoliticosveracruz.com\/#\/schema\/logo\/image\/"},"sameAs":["https:\/\/www.facebook.com\/people\/Notimemes-de-los-Polticos\/61565672886568\/","https:\/\/x.com\/LosPoliticosVer"]},{"@type":"Person","@id":"https:\/\/lospoliticosveracruz.com\/#\/schema\/person\/b8702bb0e538456e6efd07080bf2a4a2","name":"Lo viste en Los Pol\u00edticos","image":{"@type":"ImageObject","inLanguage":"es","@id":"https:\/\/secure.gravatar.com\/avatar\/3a8de04a2656d44082be478bd6c086daa447c4651605818287b9532d3d0bd435?s=96&d=mm&r=g","url":"https:\/\/secure.gravatar.com\/avatar\/3a8de04a2656d44082be478bd6c086daa447c4651605818287b9532d3d0bd435?s=96&d=mm&r=g","contentUrl":"https:\/\/secure.gravatar.com\/avatar\/3a8de04a2656d44082be478bd6c086daa447c4651605818287b9532d3d0bd435?s=96&d=mm&r=g","caption":"Lo viste en Los Pol\u00edticos"},"url":"https:\/\/lospoliticosveracruz.com\/?author=2"}]}},"_links":{"self":[{"href":"https:\/\/lospoliticosveracruz.com\/index.php?rest_route=\/wp\/v2\/posts\/81291","targetHints":{"allow":["GET"]}}],"collection":[{"href":"https:\/\/lospoliticosveracruz.com\/index.php?rest_route=\/wp\/v2\/posts"}],"about":[{"href":"https:\/\/lospoliticosveracruz.com\/index.php?rest_route=\/wp\/v2\/types\/post"}],"author":[{"embeddable":true,"href":"https:\/\/lospoliticosveracruz.com\/index.php?rest_route=\/wp\/v2\/users\/2"}],"replies":[{"embeddable":true,"href":"https:\/\/lospoliticosveracruz.com\/index.php?rest_route=%2Fwp%2Fv2%2Fcomments&post=81291"}],"version-history":[{"count":1,"href":"https:\/\/lospoliticosveracruz.com\/index.php?rest_route=\/wp\/v2\/posts\/81291\/revisions"}],"predecessor-version":[{"id":81293,"href":"https:\/\/lospoliticosveracruz.com\/index.php?rest_route=\/wp\/v2\/posts\/81291\/revisions\/81293"}],"wp:attachment":[{"href":"https:\/\/lospoliticosveracruz.com\/index.php?rest_route=%2Fwp%2Fv2%2Fmedia&parent=81291"}],"wp:term":[{"taxonomy":"category","embeddable":true,"href":"https:\/\/lospoliticosveracruz.com\/index.php?rest_route=%2Fwp%2Fv2%2Fcategories&post=81291"},{"taxonomy":"post_tag","embeddable":true,"href":"https:\/\/lospoliticosveracruz.com\/index.php?rest_route=%2Fwp%2Fv2%2Ftags&post=81291"}],"curies":[{"name":"wp","href":"https:\/\/api.w.org\/{rel}","templated":true}]}}