{"id":81326,"date":"2021-10-28T22:35:20","date_gmt":"2021-10-29T03:35:20","guid":{"rendered":"https:\/\/lospoliticosveracruz.com.mx\/?p=81326"},"modified":"2021-10-28T22:35:31","modified_gmt":"2021-10-29T03:35:31","slug":"de-las-burlas-a-la-experiencia","status":"publish","type":"post","link":"https:\/\/lospoliticosveracruz.com\/?p=81326","title":{"rendered":"De las burlas a la experiencia"},"content":{"rendered":"\n<p><strong>Salvador Mu\u00f1oz<br><\/strong><em>Los Pol\u00edticos<\/em><\/p>\n\n\n\n<p><\/p>\n\n\n\n<p>A ojo de buen cubero, aprovechando el Sufragio Efectivo y s\u00ed Reelecci\u00f3n, el partido Morena repetir\u00e1 en sus curules a ocho diputadas, que si la memoria me permite, enlisto a continuaci\u00f3n:<br>Magaly Armenta Oliveros, por Cosoleacaque; Margarita Corro Mendoza, por Cosamaloapan; Elizabeth Cervantes de la Cruz, que de Pluri pasa a Uni por \u00c1lamo; Ana Miriam Ferr\u00e1ez Centeno y Rosalinda Galindo Silva, por los dos distritos de Xalapa; Adriana Esther Mart\u00ednez S\u00e1nchez, por Mart\u00ednez de la Torre; Jessica Ram\u00edrez Cisneros, por Mina; y Jos\u00e9 Magdaleno Rosales Torres, por Medell\u00edn.<br>Menci\u00f3n aparte merecer\u00edan los diputados que saltaron buscando una alcald\u00eda, pero \u00e9sos, tanto de Morena como del PAN, se cuecen aparte.<\/p>\n\n\n\n<div class=\"wp-block-image\"><figure class=\"alignleft size-large is-resized\"><a href=\"https:\/\/lospoliticosveracruz.com.mx\/wp-content\/uploads\/2021\/10\/WhatsApp-Image-2021-10-02-at-15.20.25.jpeg\"><img loading=\"lazy\" decoding=\"async\" src=\"https:\/\/lospoliticosveracruz.com.mx\/wp-content\/uploads\/2021\/10\/WhatsApp-Image-2021-10-02-at-15.20.25-724x1024.jpeg\" alt=\"\" class=\"wp-image-80177\" width=\"250\" height=\"350\"\/><\/a><\/figure><\/div>\n\n\n\n<p><br>A destacar que la mayor\u00eda de quienes buscaron la reelecci\u00f3n en sus curules fueron mujeres. Aparte, Juan Javier G\u00f3mez Cazar\u00edn repite como legislador ahora por la v\u00eda Plurinominal.<br>Siendo optimistas, uno podr\u00eda apostar que al menos en lo que respecta a los diputados morenos electos es que la curva del aprendizaje ya no es posible aplicarla en ellos con tres a\u00f1os de fogueo que, en algunos casos, hizo historia, an\u00e9cdotas y muchos, pero muchos memes.<br>Yerros como el de pasar a tribuna y pretender jugar a la pol\u00edtica olvidando el nombre del primer presidente de la alternancia que ha tenido M\u00e9xico o sugerir poner un Toque de Queda a las mujeres para que no salieran despu\u00e9s de las 10 de la noche, siendo lo m\u00e1s suave, ya no deben tener lugar en esta nueva Legislatura\u2026 Tampoco llevar las relaciones personales a laborales con los asesores\u2026 o simplemente evadir a la prensa para no dar entrevistas, ya no puede tener cabida\u2026 suponemos que hay experiencia adquirida y a la vez, prodigada a quienes llegan por primera vez sin tener idea de a lo que se van enfrentar bajo la idea de que si a ellas y ellos los novatearon, no caer en esa posici\u00f3n cargada de soberbia y altaner\u00eda de quien ya conoc\u00eda el teje y maneje del trabajo legislativo.<br>Conste, no hablamos de la oposici\u00f3n que cada vez que pasaba a Tribuna, daba c\u00e1tedra de labor legislativa y argumentativa\u2026 ellos simplemente hac\u00edan su trabajo. Hablamos de alguna que otra diputada que, ya con experiencia en el ramo, se burlaba de sus propios compa\u00f1eros de bancada.<br>Pero eso queda en el anecdotario de los morenos y morenas que un d\u00eda vieron a Mar\u00eda Candela Francisco Doce, siempre ecu\u00e1nime y respetuosa, dirigi\u00e9ndose a una diputada para pedirle que dejara ese tono sarc\u00e1stico hacia ellos, porque para muchos, la pol\u00edtica era algo nuevo por entender. \u00c9se fue el primer paso que dio la cortes\u00eda y educaci\u00f3n de una mujer como la de Ciudad Mendoza para \u201cpararle su carro\u201d a esa compa\u00f1era de partido que con un tono sarc\u00e1stico les dec\u00eda: \u201c\u00bfAs\u00ed o quieren que se explique de nuevo?\u201d<br>Por supuesto que para muchos asistentes pasar\u00e1 mucho rato para que olviden aquella ocasi\u00f3n que Jessica Ram\u00edrez Cisneros puso en su lugar a esa compa\u00f1era de partido muy al estilo de Mina, sure\u00f1o, cuando ya cansada de esas indirectas cargadas de altaner\u00eda, muy sobradas, burlonas, nom\u00e1s le dijo, palabras m\u00e1s, palabras menos, que le bajara dos rayitas y que recordara que ella ven\u00eda de otros partidos y ac\u00e1, s\u00ed eran de Morena\u2026<br>S\u00ed, con esta nueva bancada en Morena, la apuesta es que si bien haya el ejercicio de la Mayor\u00eda ganado por derecho y votos, igual haya el argumento y la defensa de las posiciones por la experiencia que al menos cerca de una decena de diputados de este partido han de tener en la siguiente Legislatura.<\/p>\n\n\n\n<p>smcainito@gmail.com<\/p>\n","protected":false},"excerpt":{"rendered":"<p>Salvador Mu\u00f1ozLos Pol\u00edticos A ojo de buen cubero, aprovechando el Sufragio Efectivo y s\u00ed Reelecci\u00f3n, el partido Morena repetir\u00e1 en sus curules a ocho diputadas, que si la memoria me permite, enlisto a continuaci\u00f3n:Magaly Armenta Oliveros, por Cosoleacaque; Margarita Corro Mendoza, por Cosamaloapan; Elizabeth Cervantes de la Cruz, que de Pluri pasa a Uni por [&hellip;]<\/p>\n","protected":false},"author":2,"featured_media":0,"comment_status":"closed","ping_status":"closed","sticky":false,"template":"","format":"standard","meta":{"tdm_status":"","tdm_grid_status":"","footnotes":""},"categories":[70],"tags":[13249,13184,13448,14165,13187,31034,266,10669,2646],"class_list":{"0":"post-81326","1":"post","2":"type-post","3":"status-publish","4":"format-standard","6":"category-de-opinion","7":"tag-adriana-esther-martinez-sanchez","8":"tag-elizabeth-cervantes-de-la-cruz","9":"tag-jessica-ramirez-cisneros","10":"tag-magaly-armenta-oliveros","11":"tag-margarita-corro-mendoza","12":"tag-maria-candela-francisco-doce","13":"tag-pan","14":"tag-rosalinda-galindo-silva","15":"tag-salvador-munoz"},"yoast_head":"<!-- This site is optimized with the Yoast SEO plugin v27.4 - https:\/\/yoast.com\/product\/yoast-seo-wordpress\/ -->\n<title>De las burlas a la experiencia - Los pol\u00edticos Veracruz<\/title>\n<meta name=\"robots\" content=\"index, follow, max-snippet:-1, max-image-preview:large, max-video-preview:-1\" \/>\n<link rel=\"canonical\" href=\"https:\/\/lospoliticosveracruz.com\/?p=81326\" \/>\n<meta property=\"og:locale\" content=\"es_ES\" \/>\n<meta property=\"og:type\" content=\"article\" \/>\n<meta property=\"og:title\" content=\"De las burlas a la experiencia - Los pol\u00edticos Veracruz\" \/>\n<meta property=\"og:description\" content=\"Salvador Mu\u00f1ozLos Pol\u00edticos A ojo de buen cubero, aprovechando el Sufragio Efectivo y s\u00ed Reelecci\u00f3n, el partido Morena repetir\u00e1 en sus curules a ocho diputadas, que si la memoria me permite, enlisto a continuaci\u00f3n:Magaly Armenta Oliveros, por Cosoleacaque; Margarita Corro Mendoza, por Cosamaloapan; Elizabeth Cervantes de la Cruz, que de Pluri pasa a Uni por [&hellip;]\" \/>\n<meta property=\"og:url\" content=\"https:\/\/lospoliticosveracruz.com\/?p=81326\" \/>\n<meta property=\"og:site_name\" content=\"Los pol\u00edticos Veracruz\" \/>\n<meta property=\"article:publisher\" content=\"https:\/\/www.facebook.com\/people\/Notimemes-de-los-Polticos\/61565672886568\/\" \/>\n<meta property=\"article:published_time\" content=\"2021-10-29T03:35:20+00:00\" \/>\n<meta property=\"article:modified_time\" content=\"2021-10-29T03:35:31+00:00\" \/>\n<meta property=\"og:image\" content=\"https:\/\/lospoliticosveracruz.com.mx\/wp-content\/uploads\/2021\/10\/WhatsApp-Image-2021-10-02-at-15.20.25-724x1024.jpeg\" \/>\n<meta name=\"author\" content=\"Lo viste en Los Pol\u00edticos\" \/>\n<meta name=\"twitter:card\" content=\"summary_large_image\" \/>\n<meta name=\"twitter:creator\" content=\"@LosPoliticosVer\" \/>\n<meta name=\"twitter:site\" content=\"@LosPoliticosVer\" \/>\n<meta name=\"twitter:label1\" content=\"Escrito por\" \/>\n\t<meta name=\"twitter:data1\" content=\"Lo viste en Los Pol\u00edticos\" \/>\n\t<meta name=\"twitter:label2\" content=\"Tiempo de lectura\" \/>\n\t<meta name=\"twitter:data2\" content=\"3 minutos\" \/>\n<script type=\"application\/ld+json\" class=\"yoast-schema-graph\">{\"@context\":\"https:\\\/\\\/schema.org\",\"@graph\":[{\"@type\":\"Article\",\"@id\":\"https:\\\/\\\/lospoliticosveracruz.com\\\/?p=81326#article\",\"isPartOf\":{\"@id\":\"https:\\\/\\\/lospoliticosveracruz.com\\\/?p=81326\"},\"author\":{\"name\":\"Lo viste en Los Pol\u00edticos\",\"@id\":\"https:\\\/\\\/lospoliticosveracruz.com\\\/#\\\/schema\\\/person\\\/b8702bb0e538456e6efd07080bf2a4a2\"},\"headline\":\"De las burlas a la experiencia\",\"datePublished\":\"2021-10-29T03:35:20+00:00\",\"dateModified\":\"2021-10-29T03:35:31+00:00\",\"mainEntityOfPage\":{\"@id\":\"https:\\\/\\\/lospoliticosveracruz.com\\\/?p=81326\"},\"wordCount\":657,\"publisher\":{\"@id\":\"https:\\\/\\\/lospoliticosveracruz.com\\\/#organization\"},\"image\":{\"@id\":\"https:\\\/\\\/lospoliticosveracruz.com\\\/?p=81326#primaryimage\"},\"thumbnailUrl\":\"https:\\\/\\\/lospoliticosveracruz.com.mx\\\/wp-content\\\/uploads\\\/2021\\\/10\\\/WhatsApp-Image-2021-10-02-at-15.20.25-724x1024.jpeg\",\"keywords\":[\"Adriana Esther Mart\u00ednez S\u00e1nchez\",\"Elizabeth Cervantes de la Cruz\",\"Jessica Ram\u00edrez Cisneros\",\"Magaly Armenta Oliveros\",\"Margarita Corro Mendoza\",\"Mar\u00eda Candela Francisco Doce\",\"PAN\",\"Rosalinda Galindo Silva\",\"Salvador Mu\u00f1oz\"],\"articleSection\":[\"De Opini\u00f3n\"],\"inLanguage\":\"es\"},{\"@type\":\"WebPage\",\"@id\":\"https:\\\/\\\/lospoliticosveracruz.com\\\/?p=81326\",\"url\":\"https:\\\/\\\/lospoliticosveracruz.com\\\/?p=81326\",\"name\":\"De las burlas a la experiencia - Los pol\u00edticos Veracruz\",\"isPartOf\":{\"@id\":\"https:\\\/\\\/lospoliticosveracruz.com\\\/#website\"},\"primaryImageOfPage\":{\"@id\":\"https:\\\/\\\/lospoliticosveracruz.com\\\/?p=81326#primaryimage\"},\"image\":{\"@id\":\"https:\\\/\\\/lospoliticosveracruz.com\\\/?p=81326#primaryimage\"},\"thumbnailUrl\":\"https:\\\/\\\/lospoliticosveracruz.com.mx\\\/wp-content\\\/uploads\\\/2021\\\/10\\\/WhatsApp-Image-2021-10-02-at-15.20.25-724x1024.jpeg\",\"datePublished\":\"2021-10-29T03:35:20+00:00\",\"dateModified\":\"2021-10-29T03:35:31+00:00\",\"breadcrumb\":{\"@id\":\"https:\\\/\\\/lospoliticosveracruz.com\\\/?p=81326#breadcrumb\"},\"inLanguage\":\"es\",\"potentialAction\":[{\"@type\":\"ReadAction\",\"target\":[\"https:\\\/\\\/lospoliticosveracruz.com\\\/?p=81326\"]}]},{\"@type\":\"ImageObject\",\"inLanguage\":\"es\",\"@id\":\"https:\\\/\\\/lospoliticosveracruz.com\\\/?p=81326#primaryimage\",\"url\":\"https:\\\/\\\/lospoliticosveracruz.com.mx\\\/wp-content\\\/uploads\\\/2021\\\/10\\\/WhatsApp-Image-2021-10-02-at-15.20.25-724x1024.jpeg\",\"contentUrl\":\"https:\\\/\\\/lospoliticosveracruz.com.mx\\\/wp-content\\\/uploads\\\/2021\\\/10\\\/WhatsApp-Image-2021-10-02-at-15.20.25-724x1024.jpeg\"},{\"@type\":\"BreadcrumbList\",\"@id\":\"https:\\\/\\\/lospoliticosveracruz.com\\\/?p=81326#breadcrumb\",\"itemListElement\":[{\"@type\":\"ListItem\",\"position\":1,\"name\":\"Portada\",\"item\":\"https:\\\/\\\/lospoliticosveracruz.com\\\/\"},{\"@type\":\"ListItem\",\"position\":2,\"name\":\"De las burlas a la experiencia\"}]},{\"@type\":\"WebSite\",\"@id\":\"https:\\\/\\\/lospoliticosveracruz.com\\\/#website\",\"url\":\"https:\\\/\\\/lospoliticosveracruz.com\\\/\",\"name\":\"Los pol\u00edticos Veracruz\",\"description\":\"\",\"publisher\":{\"@id\":\"https:\\\/\\\/lospoliticosveracruz.com\\\/#organization\"},\"potentialAction\":[{\"@type\":\"SearchAction\",\"target\":{\"@type\":\"EntryPoint\",\"urlTemplate\":\"https:\\\/\\\/lospoliticosveracruz.com\\\/?s={search_term_string}\"},\"query-input\":{\"@type\":\"PropertyValueSpecification\",\"valueRequired\":true,\"valueName\":\"search_term_string\"}}],\"inLanguage\":\"es\"},{\"@type\":\"Organization\",\"@id\":\"https:\\\/\\\/lospoliticosveracruz.com\\\/#organization\",\"name\":\"Los pol\u00edticos Veracruz\",\"url\":\"https:\\\/\\\/lospoliticosveracruz.com\\\/\",\"logo\":{\"@type\":\"ImageObject\",\"inLanguage\":\"es\",\"@id\":\"https:\\\/\\\/lospoliticosveracruz.com\\\/#\\\/schema\\\/logo\\\/image\\\/\",\"url\":\"https:\\\/\\\/lospoliticosveracruz.com\\\/wp-content\\\/uploads\\\/2025\\\/12\\\/Logo-Nuevo-LOS-POLITICOS-1.jpg\",\"contentUrl\":\"https:\\\/\\\/lospoliticosveracruz.com\\\/wp-content\\\/uploads\\\/2025\\\/12\\\/Logo-Nuevo-LOS-POLITICOS-1.jpg\",\"width\":260,\"height\":70,\"caption\":\"Los pol\u00edticos Veracruz\"},\"image\":{\"@id\":\"https:\\\/\\\/lospoliticosveracruz.com\\\/#\\\/schema\\\/logo\\\/image\\\/\"},\"sameAs\":[\"https:\\\/\\\/www.facebook.com\\\/people\\\/Notimemes-de-los-Polticos\\\/61565672886568\\\/\",\"https:\\\/\\\/x.com\\\/LosPoliticosVer\"]},{\"@type\":\"Person\",\"@id\":\"https:\\\/\\\/lospoliticosveracruz.com\\\/#\\\/schema\\\/person\\\/b8702bb0e538456e6efd07080bf2a4a2\",\"name\":\"Lo viste en Los Pol\u00edticos\",\"image\":{\"@type\":\"ImageObject\",\"inLanguage\":\"es\",\"@id\":\"https:\\\/\\\/secure.gravatar.com\\\/avatar\\\/3a8de04a2656d44082be478bd6c086daa447c4651605818287b9532d3d0bd435?s=96&d=mm&r=g\",\"url\":\"https:\\\/\\\/secure.gravatar.com\\\/avatar\\\/3a8de04a2656d44082be478bd6c086daa447c4651605818287b9532d3d0bd435?s=96&d=mm&r=g\",\"contentUrl\":\"https:\\\/\\\/secure.gravatar.com\\\/avatar\\\/3a8de04a2656d44082be478bd6c086daa447c4651605818287b9532d3d0bd435?s=96&d=mm&r=g\",\"caption\":\"Lo viste en Los Pol\u00edticos\"},\"url\":\"https:\\\/\\\/lospoliticosveracruz.com\\\/?author=2\"}]}<\/script>\n<!-- \/ Yoast SEO plugin. -->","yoast_head_json":{"title":"De las burlas a la experiencia - Los pol\u00edticos Veracruz","robots":{"index":"index","follow":"follow","max-snippet":"max-snippet:-1","max-image-preview":"max-image-preview:large","max-video-preview":"max-video-preview:-1"},"canonical":"https:\/\/lospoliticosveracruz.com\/?p=81326","og_locale":"es_ES","og_type":"article","og_title":"De las burlas a la experiencia - Los pol\u00edticos Veracruz","og_description":"Salvador Mu\u00f1ozLos Pol\u00edticos A ojo de buen cubero, aprovechando el Sufragio Efectivo y s\u00ed Reelecci\u00f3n, el partido Morena repetir\u00e1 en sus curules a ocho diputadas, que si la memoria me permite, enlisto a continuaci\u00f3n:Magaly Armenta Oliveros, por Cosoleacaque; Margarita Corro Mendoza, por Cosamaloapan; Elizabeth Cervantes de la Cruz, que de Pluri pasa a Uni por [&hellip;]","og_url":"https:\/\/lospoliticosveracruz.com\/?p=81326","og_site_name":"Los pol\u00edticos Veracruz","article_publisher":"https:\/\/www.facebook.com\/people\/Notimemes-de-los-Polticos\/61565672886568\/","article_published_time":"2021-10-29T03:35:20+00:00","article_modified_time":"2021-10-29T03:35:31+00:00","og_image":[{"url":"https:\/\/lospoliticosveracruz.com.mx\/wp-content\/uploads\/2021\/10\/WhatsApp-Image-2021-10-02-at-15.20.25-724x1024.jpeg","type":"","width":"","height":""}],"author":"Lo viste en Los Pol\u00edticos","twitter_card":"summary_large_image","twitter_creator":"@LosPoliticosVer","twitter_site":"@LosPoliticosVer","twitter_misc":{"Escrito por":"Lo viste en Los Pol\u00edticos","Tiempo de lectura":"3 minutos"},"schema":{"@context":"https:\/\/schema.org","@graph":[{"@type":"Article","@id":"https:\/\/lospoliticosveracruz.com\/?p=81326#article","isPartOf":{"@id":"https:\/\/lospoliticosveracruz.com\/?p=81326"},"author":{"name":"Lo viste en Los Pol\u00edticos","@id":"https:\/\/lospoliticosveracruz.com\/#\/schema\/person\/b8702bb0e538456e6efd07080bf2a4a2"},"headline":"De las burlas a la experiencia","datePublished":"2021-10-29T03:35:20+00:00","dateModified":"2021-10-29T03:35:31+00:00","mainEntityOfPage":{"@id":"https:\/\/lospoliticosveracruz.com\/?p=81326"},"wordCount":657,"publisher":{"@id":"https:\/\/lospoliticosveracruz.com\/#organization"},"image":{"@id":"https:\/\/lospoliticosveracruz.com\/?p=81326#primaryimage"},"thumbnailUrl":"https:\/\/lospoliticosveracruz.com.mx\/wp-content\/uploads\/2021\/10\/WhatsApp-Image-2021-10-02-at-15.20.25-724x1024.jpeg","keywords":["Adriana Esther Mart\u00ednez S\u00e1nchez","Elizabeth Cervantes de la Cruz","Jessica Ram\u00edrez Cisneros","Magaly Armenta Oliveros","Margarita Corro Mendoza","Mar\u00eda Candela Francisco Doce","PAN","Rosalinda Galindo Silva","Salvador Mu\u00f1oz"],"articleSection":["De Opini\u00f3n"],"inLanguage":"es"},{"@type":"WebPage","@id":"https:\/\/lospoliticosveracruz.com\/?p=81326","url":"https:\/\/lospoliticosveracruz.com\/?p=81326","name":"De las burlas a la experiencia - Los pol\u00edticos Veracruz","isPartOf":{"@id":"https:\/\/lospoliticosveracruz.com\/#website"},"primaryImageOfPage":{"@id":"https:\/\/lospoliticosveracruz.com\/?p=81326#primaryimage"},"image":{"@id":"https:\/\/lospoliticosveracruz.com\/?p=81326#primaryimage"},"thumbnailUrl":"https:\/\/lospoliticosveracruz.com.mx\/wp-content\/uploads\/2021\/10\/WhatsApp-Image-2021-10-02-at-15.20.25-724x1024.jpeg","datePublished":"2021-10-29T03:35:20+00:00","dateModified":"2021-10-29T03:35:31+00:00","breadcrumb":{"@id":"https:\/\/lospoliticosveracruz.com\/?p=81326#breadcrumb"},"inLanguage":"es","potentialAction":[{"@type":"ReadAction","target":["https:\/\/lospoliticosveracruz.com\/?p=81326"]}]},{"@type":"ImageObject","inLanguage":"es","@id":"https:\/\/lospoliticosveracruz.com\/?p=81326#primaryimage","url":"https:\/\/lospoliticosveracruz.com.mx\/wp-content\/uploads\/2021\/10\/WhatsApp-Image-2021-10-02-at-15.20.25-724x1024.jpeg","contentUrl":"https:\/\/lospoliticosveracruz.com.mx\/wp-content\/uploads\/2021\/10\/WhatsApp-Image-2021-10-02-at-15.20.25-724x1024.jpeg"},{"@type":"BreadcrumbList","@id":"https:\/\/lospoliticosveracruz.com\/?p=81326#breadcrumb","itemListElement":[{"@type":"ListItem","position":1,"name":"Portada","item":"https:\/\/lospoliticosveracruz.com\/"},{"@type":"ListItem","position":2,"name":"De las burlas a la experiencia"}]},{"@type":"WebSite","@id":"https:\/\/lospoliticosveracruz.com\/#website","url":"https:\/\/lospoliticosveracruz.com\/","name":"Los pol\u00edticos Veracruz","description":"","publisher":{"@id":"https:\/\/lospoliticosveracruz.com\/#organization"},"potentialAction":[{"@type":"SearchAction","target":{"@type":"EntryPoint","urlTemplate":"https:\/\/lospoliticosveracruz.com\/?s={search_term_string}"},"query-input":{"@type":"PropertyValueSpecification","valueRequired":true,"valueName":"search_term_string"}}],"inLanguage":"es"},{"@type":"Organization","@id":"https:\/\/lospoliticosveracruz.com\/#organization","name":"Los pol\u00edticos Veracruz","url":"https:\/\/lospoliticosveracruz.com\/","logo":{"@type":"ImageObject","inLanguage":"es","@id":"https:\/\/lospoliticosveracruz.com\/#\/schema\/logo\/image\/","url":"https:\/\/lospoliticosveracruz.com\/wp-content\/uploads\/2025\/12\/Logo-Nuevo-LOS-POLITICOS-1.jpg","contentUrl":"https:\/\/lospoliticosveracruz.com\/wp-content\/uploads\/2025\/12\/Logo-Nuevo-LOS-POLITICOS-1.jpg","width":260,"height":70,"caption":"Los pol\u00edticos Veracruz"},"image":{"@id":"https:\/\/lospoliticosveracruz.com\/#\/schema\/logo\/image\/"},"sameAs":["https:\/\/www.facebook.com\/people\/Notimemes-de-los-Polticos\/61565672886568\/","https:\/\/x.com\/LosPoliticosVer"]},{"@type":"Person","@id":"https:\/\/lospoliticosveracruz.com\/#\/schema\/person\/b8702bb0e538456e6efd07080bf2a4a2","name":"Lo viste en Los Pol\u00edticos","image":{"@type":"ImageObject","inLanguage":"es","@id":"https:\/\/secure.gravatar.com\/avatar\/3a8de04a2656d44082be478bd6c086daa447c4651605818287b9532d3d0bd435?s=96&d=mm&r=g","url":"https:\/\/secure.gravatar.com\/avatar\/3a8de04a2656d44082be478bd6c086daa447c4651605818287b9532d3d0bd435?s=96&d=mm&r=g","contentUrl":"https:\/\/secure.gravatar.com\/avatar\/3a8de04a2656d44082be478bd6c086daa447c4651605818287b9532d3d0bd435?s=96&d=mm&r=g","caption":"Lo viste en Los Pol\u00edticos"},"url":"https:\/\/lospoliticosveracruz.com\/?author=2"}]}},"_links":{"self":[{"href":"https:\/\/lospoliticosveracruz.com\/index.php?rest_route=\/wp\/v2\/posts\/81326","targetHints":{"allow":["GET"]}}],"collection":[{"href":"https:\/\/lospoliticosveracruz.com\/index.php?rest_route=\/wp\/v2\/posts"}],"about":[{"href":"https:\/\/lospoliticosveracruz.com\/index.php?rest_route=\/wp\/v2\/types\/post"}],"author":[{"embeddable":true,"href":"https:\/\/lospoliticosveracruz.com\/index.php?rest_route=\/wp\/v2\/users\/2"}],"replies":[{"embeddable":true,"href":"https:\/\/lospoliticosveracruz.com\/index.php?rest_route=%2Fwp%2Fv2%2Fcomments&post=81326"}],"version-history":[{"count":1,"href":"https:\/\/lospoliticosveracruz.com\/index.php?rest_route=\/wp\/v2\/posts\/81326\/revisions"}],"predecessor-version":[{"id":81328,"href":"https:\/\/lospoliticosveracruz.com\/index.php?rest_route=\/wp\/v2\/posts\/81326\/revisions\/81328"}],"wp:attachment":[{"href":"https:\/\/lospoliticosveracruz.com\/index.php?rest_route=%2Fwp%2Fv2%2Fmedia&parent=81326"}],"wp:term":[{"taxonomy":"category","embeddable":true,"href":"https:\/\/lospoliticosveracruz.com\/index.php?rest_route=%2Fwp%2Fv2%2Fcategories&post=81326"},{"taxonomy":"post_tag","embeddable":true,"href":"https:\/\/lospoliticosveracruz.com\/index.php?rest_route=%2Fwp%2Fv2%2Ftags&post=81326"}],"curies":[{"name":"wp","href":"https:\/\/api.w.org\/{rel}","templated":true}]}}