{"id":81367,"date":"2021-10-31T12:32:02","date_gmt":"2021-10-31T18:32:02","guid":{"rendered":"https:\/\/lospoliticosveracruz.com.mx\/?p=81367"},"modified":"2021-10-31T12:32:09","modified_gmt":"2021-10-31T18:32:09","slug":"mc-va-por-caron","status":"publish","type":"post","link":"https:\/\/lospoliticosveracruz.com\/?p=81367","title":{"rendered":"MC va por Car\u00f3n"},"content":{"rendered":"\n<p><strong>Ricardo Ch\u00faa<\/strong><br><em>Sale y Vale<\/em><\/p>\n\n\n\n<p>OJO\u2026 Todos los alcaldes de Veracruz que ganaron por el partido Fuerza Por M\u00e9xico y que no han \u00absucumbido\u00bb al \u00abcanto de las sirenas\u00bb del Palacio de Gobierno para irse a MORENA\u2026 Los que ganaron la alcald\u00eda son gente de Gonzalo Vicencio, el verdadero l\u00edder de facto de FM en Veracruz\u2026 Y a pesar de que en este momento su dirigencia estatal est\u00e1 impugnada ante los Tribunales electorales federales porque comit\u00e9s y militancia no aceptan a Eduardo Vega Yunes \u00abEl Tato\u00bb como su presidente de partido\u2026 El verdadero due\u00f1o es Vicencio\u2026<\/p>\n\n\n\n<p>Ya que los alcaldes que dan poder a este comit\u00e9 est\u00e1n con Gonzalo Vicencio\u2026 No con \u00abTato\u00bb Vega, ni con las personas que tienen impugnada su presidencia de partido\u2026 Y Vicencio s\u00f3lo est\u00e1 viendo los \u00abvientos pasar\u00bb porque est\u00e1 callado sin meterse en este pleito legal del partido pol\u00edtico\u2026 Sabe bien que los presidentes municipales le son leales y no est\u00e1n acudiendo al llamado de Vega Yunes\u2026 De quien se dice tiene todas las \u00abbater\u00edas\u00bb enfocadas en Tuxpan\u2026 A ver que resuelve el TEPJF sobre su presidencia porque el partido es de Vicencio\u2026 AMEN\u2026<\/p>\n\n\n\n<p>MC, LA \u00daLTIMA CARTA\u2026 Todo parece indicar que en una horas m\u00e1s, ser\u00e1 cuando el partido Movimiento Ciudadano en Veracruz presente su recurso de IMPUGNACI\u00d3N ante la Sala Superior del Tribunal Electoral del Poder Judicial de la Federaci\u00f3n (TEPJF) para que sus magistrados NO AVALEN la lista de diputaciones locales plurinominales que aprob\u00f3 el OPLE y que a ellos los deja sin una curul y evita que tengan bancada en el pr\u00f3ximo Congreso Local\u2026 En pocas palabras, van por Juan Javier G\u00f3mez Cazar\u00edn\u2026<\/p>\n\n\n\n<p>Nos indica \u00abGarganta Profunda Naranja\u00bb que MC presentar\u00e1 este recurso para que a MORENA le sea retirada la posici\u00f3n \u00abpluri\u00bb que le \u00abregal\u00f3\u00bb el OPLE para que G\u00f3mez Cazar\u00edn sea diputado local y que con ello evitaba que en esta lista entrar\u00e1 el ex alcalde de Boca del R\u00edo, Adri\u00e1n \u00c1vila Estrada como legislador local por el organismo de Dante Delgado\u2026 Por eso, no van a esperar m\u00e1s y este domingo van a presentar esta documentaci\u00f3n para que en 4 d\u00edas la Sala Superior pueda emitir su dictamen final\u2026<\/p>\n\n\n\n<p>La IMPUGNACI\u00d3N del MC ante el TEPJF ser\u00e1 sobre la Constitucionalidad que no respet\u00f3 MORENA y que aun as\u00ed el OPLE aval\u00f3 su sobrerrepresentaci\u00f3n como partido en la pr\u00f3xima c\u00e1mara de diputados locales\u2026 Adem\u00e1s ir\u00e1n tambi\u00e9n sobre la presunta omisi\u00f3n del C\u00f3digo Electoral de Veracruz que el propio OPLE gener\u00f3 para dar las condiciones \u00ablegaloides\u00bb para que G\u00f3mez Cazar\u00edn llegara a esta curul\u2026<\/p>\n\n\n\n<p>Una acci\u00f3n que ya ten\u00edan lista en Movimiento Ciudadano porque seg\u00fan \u00abGarganta Profunda\u00bb ya esperaban que tanto en el Tribunal Electoral de Veracruz (TEV) y la propia Sala Regional del Tribunal Electoral del Poder Judicial de la Federaci\u00f3n\u2026 Ya que los altos mandos de MC, seg\u00fan, sospechan que los magistrados de ambos tribunales est\u00e1n al servicio de MORENA y del gobierno estatal en Veracruz\u2026 Por eso, s\u00f3lo esperaban sus dict\u00e1menes para irse directamente a la Sala Superior donde se \u00abjuegan\u00bb su \u00ab\u00faltima carta\u00bb\u2026<\/p>\n\n\n\n<p>Ya que al menos, los partidos pol\u00edticos afectados esperaban que para no verse tan \u00abentregados\u00bb estos magistrados iba a dar una votaci\u00f3n dividida\u2026 Pero no fue as\u00ed\u2026 La aprobaron tal como la mand\u00f3 el OPLE\u2026 Eso es lo que les levanta sospechas\u2026 Pero al final, esto se va a poner muy bueno\u2026 Y habr\u00e1 que ver qu\u00e9 pasa\u2026 Ya que el lapso legal que tienen para notificar la impugnaci\u00f3n a la Sala Superior termina ma\u00f1ana lunes\u2026 No obstante, hoy MC presenta este recurso\u2026 LA SUERTE EST\u00c1 ECHADA\u2026 NADA PARA NADIE\u2026<\/p>\n\n\n\n<p>MORENA Y SU CORRIENTE DEMOCR\u00c1TICA EN VERACRUZ\u2026 Despu\u00e9s de toda la \u00abcamorra\u00bb armada entre el gobernador, Cuitl\u00e1huac Garc\u00eda y el diputado federal, Sergio Guti\u00e9rrez por el tema de la sucesi\u00f3n del 2024 en Veracruz o su posible sustituci\u00f3n del gobierno estatal en este pr\u00f3ximo mes de diciembre\u2026 Es un hecho que estos dimes y diretes entre los pol\u00edticos de MORENA, se debe a la falta de oficio pol\u00edtico en su poca formaci\u00f3n profesional en esta \u00e1rea\u2026<\/p>\n\n\n\n<p>Ya que por una situaci\u00f3n rara, que s\u00f3lo les pasa a los Morenos\u2026. Ellos como \u00abclase\u00bb pol\u00edtica s\u00f3lo se molestan, si los \u00abcalambres\u00bb en su contra vienen de adentro\u2026 Por eso, quiz\u00e1s la animadversi\u00f3n de los inquilinos de Palacio de Gobierno con Guti\u00e9rrez Luna por sus \u00abandanzas\u00bb por Veracruz\u2026 Algo parecido, como cuando el PRI fue el partido hegem\u00f3nico en Veracruz\u2026 Pero lo que all\u00ed est\u00e1 sucediendo, es que a 3 a\u00f1os de gobierno estatal\u2026. En MORENA se est\u00e1 formando su \u00abcorriente democr\u00e1tica\u00bb.. As\u00ed como lo leen<\/p>\n\n\n\n<p>Lo que le tard\u00f3 d\u00e9cadas de presentarse en el PRI\u2026 En MORENA s\u00f3lo bastaron unos a\u00f1os para que emergiera una CORRIENTE DEMOCR\u00c1TICA,,, Y hoy, Los Morenos sin tener las caracter\u00edsticas del PRI.. Pero le copia esa cultura pol\u00edtica que emerge de la nada.. Ya que los Morenos vienen en su mayor\u00eda de los priistas\u2026 Son del mismo \u00abpalo\u00bb\u2026 Ya que los pari\u00f3 la misma cultura pol\u00edtica\u2026 Por eso un tipo sin tener nada en Veracruz y ocupando \u00abt\u00e1cticas\u00bb priistas\u2026. Ya lo encumbraron en el juego sucesorio del 2024..<\/p>\n\n\n\n<p>Los que saben de Ciencia Pol\u00edtica\u2026 No tienen temor de se\u00f1alar que MORENA es el \u00abBISNIETO\u00bb del PRI\u2026 Ese que se pinta el cabello de morado.. Que se tatua\u2026 Que no le interesa la historia y que vive para su \u00fanico \u00abDios\u00bb que es el dinero\u2026Claro tambi\u00e9n es innegable que este partido pol\u00edtico, se est\u00e1n \u00abalimentando\u00bb del priismo, panismo y perredismo\u2026. Porque ellos no tienen como partido pol\u00edtico un espacio para desarrollar pol\u00edtica\u2026 Pero aun as\u00ed con todo y corriente pueden ganar la elecci\u00f3n en Veracruz para el 2024\u2026<\/p>\n\n\n\n<p>Ya que seg\u00fan los conocedores de este caso en espacial\u2026. Se\u00f1alan que s\u00f3lo una \u00abruptura\u00bb al interior de MORENA podr\u00e1 cambiar el 2024\u2026 Ricardo Monreal puede ser candidato de una coalici\u00f3n interesada: MC, PT, PRD, y PVEM, si suman los porcentajes: de estos solo del arranque, tiene 17 puntos\u2026 \u00b4Y ellos les dar\u00edan unos 5 puntos, que te hacen un total de 22, y ya eres competitivo con los 24 o 25 puntos de MORENA\u2026 Y si se le suman el PAN y PRI\u2026. AS\u00cd, PUES, AMEN\u2026<\/p>\n","protected":false},"excerpt":{"rendered":"<p>Ricardo Ch\u00faaSale y Vale OJO\u2026 Todos los alcaldes de Veracruz que ganaron por el partido Fuerza Por M\u00e9xico y que no han \u00absucumbido\u00bb al \u00abcanto de las sirenas\u00bb del Palacio de Gobierno para irse a MORENA\u2026 Los que ganaron la alcald\u00eda son gente de Gonzalo Vicencio, el verdadero l\u00edder de facto de FM en Veracruz\u2026 [&hellip;]<\/p>\n","protected":false},"author":2,"featured_media":0,"comment_status":"closed","ping_status":"closed","sticky":false,"template":"","format":"standard","meta":{"tdm_status":"","tdm_grid_status":"","footnotes":""},"categories":[70],"tags":[24637,10802,12695,1026,2327,12446,195],"class_list":{"0":"post-81367","1":"post","2":"type-post","3":"status-publish","4":"format-standard","6":"category-de-opinion","7":"tag-fuerza-por-mexico","8":"tag-gonzalo-vicencio-flores","9":"tag-juan-javier-gomez-cazarin","10":"tag-morena","11":"tag-movimiento-ciudadano","12":"tag-ople-veracruz","13":"tag-veracruz"},"yoast_head":"<!-- This site is optimized with the Yoast SEO plugin v27.4 - https:\/\/yoast.com\/product\/yoast-seo-wordpress\/ -->\n<title>MC va por Car\u00f3n - Los pol\u00edticos Veracruz<\/title>\n<meta name=\"robots\" content=\"index, follow, max-snippet:-1, max-image-preview:large, max-video-preview:-1\" \/>\n<link rel=\"canonical\" href=\"https:\/\/lospoliticosveracruz.com\/?p=81367\" \/>\n<meta property=\"og:locale\" content=\"es_ES\" \/>\n<meta property=\"og:type\" content=\"article\" \/>\n<meta property=\"og:title\" content=\"MC va por Car\u00f3n - Los pol\u00edticos Veracruz\" \/>\n<meta property=\"og:description\" content=\"Ricardo Ch\u00faaSale y Vale OJO\u2026 Todos los alcaldes de Veracruz que ganaron por el partido Fuerza Por M\u00e9xico y que no han \u00absucumbido\u00bb al \u00abcanto de las sirenas\u00bb del Palacio de Gobierno para irse a MORENA\u2026 Los que ganaron la alcald\u00eda son gente de Gonzalo Vicencio, el verdadero l\u00edder de facto de FM en Veracruz\u2026 [&hellip;]\" \/>\n<meta property=\"og:url\" content=\"https:\/\/lospoliticosveracruz.com\/?p=81367\" \/>\n<meta property=\"og:site_name\" content=\"Los pol\u00edticos Veracruz\" \/>\n<meta property=\"article:publisher\" content=\"https:\/\/www.facebook.com\/people\/Notimemes-de-los-Polticos\/61565672886568\/\" \/>\n<meta property=\"article:published_time\" content=\"2021-10-31T18:32:02+00:00\" \/>\n<meta property=\"article:modified_time\" content=\"2021-10-31T18:32:09+00:00\" \/>\n<meta property=\"og:image\" content=\"https:\/\/lospoliticosveracruz.com\/wp-content\/uploads\/2016\/07\/Logo-Dor.jpg\" \/>\n\t<meta property=\"og:image:width\" content=\"200\" \/>\n\t<meta property=\"og:image:height\" content=\"200\" \/>\n\t<meta property=\"og:image:type\" content=\"image\/jpeg\" \/>\n<meta name=\"author\" content=\"Lo viste en Los Pol\u00edticos\" \/>\n<meta name=\"twitter:card\" content=\"summary_large_image\" \/>\n<meta name=\"twitter:creator\" content=\"@LosPoliticosVer\" \/>\n<meta name=\"twitter:site\" content=\"@LosPoliticosVer\" \/>\n<meta name=\"twitter:label1\" content=\"Escrito por\" \/>\n\t<meta name=\"twitter:data1\" content=\"Lo viste en Los Pol\u00edticos\" \/>\n\t<meta name=\"twitter:label2\" content=\"Tiempo de lectura\" \/>\n\t<meta name=\"twitter:data2\" content=\"6 minutos\" \/>\n<script type=\"application\/ld+json\" class=\"yoast-schema-graph\">{\"@context\":\"https:\\\/\\\/schema.org\",\"@graph\":[{\"@type\":\"Article\",\"@id\":\"https:\\\/\\\/lospoliticosveracruz.com\\\/?p=81367#article\",\"isPartOf\":{\"@id\":\"https:\\\/\\\/lospoliticosveracruz.com\\\/?p=81367\"},\"author\":{\"name\":\"Lo viste en Los Pol\u00edticos\",\"@id\":\"https:\\\/\\\/lospoliticosveracruz.com\\\/#\\\/schema\\\/person\\\/b8702bb0e538456e6efd07080bf2a4a2\"},\"headline\":\"MC va por Car\u00f3n\",\"datePublished\":\"2021-10-31T18:32:02+00:00\",\"dateModified\":\"2021-10-31T18:32:09+00:00\",\"mainEntityOfPage\":{\"@id\":\"https:\\\/\\\/lospoliticosveracruz.com\\\/?p=81367\"},\"wordCount\":1111,\"publisher\":{\"@id\":\"https:\\\/\\\/lospoliticosveracruz.com\\\/#organization\"},\"keywords\":[\"Fuerza por M\u00e9xico\",\"Gonzalo Vicencio Flores\",\"Juan Javier G\u00f3mez Cazar\u00edn\",\"Morena\",\"Movimiento Ciudadano\",\"OPLE Veracruz\",\"Veracruz\"],\"articleSection\":[\"De Opini\u00f3n\"],\"inLanguage\":\"es\"},{\"@type\":\"WebPage\",\"@id\":\"https:\\\/\\\/lospoliticosveracruz.com\\\/?p=81367\",\"url\":\"https:\\\/\\\/lospoliticosveracruz.com\\\/?p=81367\",\"name\":\"MC va por Car\u00f3n - Los pol\u00edticos Veracruz\",\"isPartOf\":{\"@id\":\"https:\\\/\\\/lospoliticosveracruz.com\\\/#website\"},\"datePublished\":\"2021-10-31T18:32:02+00:00\",\"dateModified\":\"2021-10-31T18:32:09+00:00\",\"breadcrumb\":{\"@id\":\"https:\\\/\\\/lospoliticosveracruz.com\\\/?p=81367#breadcrumb\"},\"inLanguage\":\"es\",\"potentialAction\":[{\"@type\":\"ReadAction\",\"target\":[\"https:\\\/\\\/lospoliticosveracruz.com\\\/?p=81367\"]}]},{\"@type\":\"BreadcrumbList\",\"@id\":\"https:\\\/\\\/lospoliticosveracruz.com\\\/?p=81367#breadcrumb\",\"itemListElement\":[{\"@type\":\"ListItem\",\"position\":1,\"name\":\"Portada\",\"item\":\"https:\\\/\\\/lospoliticosveracruz.com\\\/\"},{\"@type\":\"ListItem\",\"position\":2,\"name\":\"MC va por Car\u00f3n\"}]},{\"@type\":\"WebSite\",\"@id\":\"https:\\\/\\\/lospoliticosveracruz.com\\\/#website\",\"url\":\"https:\\\/\\\/lospoliticosveracruz.com\\\/\",\"name\":\"Los pol\u00edticos Veracruz\",\"description\":\"\",\"publisher\":{\"@id\":\"https:\\\/\\\/lospoliticosveracruz.com\\\/#organization\"},\"potentialAction\":[{\"@type\":\"SearchAction\",\"target\":{\"@type\":\"EntryPoint\",\"urlTemplate\":\"https:\\\/\\\/lospoliticosveracruz.com\\\/?s={search_term_string}\"},\"query-input\":{\"@type\":\"PropertyValueSpecification\",\"valueRequired\":true,\"valueName\":\"search_term_string\"}}],\"inLanguage\":\"es\"},{\"@type\":\"Organization\",\"@id\":\"https:\\\/\\\/lospoliticosveracruz.com\\\/#organization\",\"name\":\"Los pol\u00edticos Veracruz\",\"url\":\"https:\\\/\\\/lospoliticosveracruz.com\\\/\",\"logo\":{\"@type\":\"ImageObject\",\"inLanguage\":\"es\",\"@id\":\"https:\\\/\\\/lospoliticosveracruz.com\\\/#\\\/schema\\\/logo\\\/image\\\/\",\"url\":\"https:\\\/\\\/lospoliticosveracruz.com\\\/wp-content\\\/uploads\\\/2025\\\/12\\\/Logo-Nuevo-LOS-POLITICOS-1.jpg\",\"contentUrl\":\"https:\\\/\\\/lospoliticosveracruz.com\\\/wp-content\\\/uploads\\\/2025\\\/12\\\/Logo-Nuevo-LOS-POLITICOS-1.jpg\",\"width\":260,\"height\":70,\"caption\":\"Los pol\u00edticos Veracruz\"},\"image\":{\"@id\":\"https:\\\/\\\/lospoliticosveracruz.com\\\/#\\\/schema\\\/logo\\\/image\\\/\"},\"sameAs\":[\"https:\\\/\\\/www.facebook.com\\\/people\\\/Notimemes-de-los-Polticos\\\/61565672886568\\\/\",\"https:\\\/\\\/x.com\\\/LosPoliticosVer\"]},{\"@type\":\"Person\",\"@id\":\"https:\\\/\\\/lospoliticosveracruz.com\\\/#\\\/schema\\\/person\\\/b8702bb0e538456e6efd07080bf2a4a2\",\"name\":\"Lo viste en Los Pol\u00edticos\",\"image\":{\"@type\":\"ImageObject\",\"inLanguage\":\"es\",\"@id\":\"https:\\\/\\\/secure.gravatar.com\\\/avatar\\\/3a8de04a2656d44082be478bd6c086daa447c4651605818287b9532d3d0bd435?s=96&d=mm&r=g\",\"url\":\"https:\\\/\\\/secure.gravatar.com\\\/avatar\\\/3a8de04a2656d44082be478bd6c086daa447c4651605818287b9532d3d0bd435?s=96&d=mm&r=g\",\"contentUrl\":\"https:\\\/\\\/secure.gravatar.com\\\/avatar\\\/3a8de04a2656d44082be478bd6c086daa447c4651605818287b9532d3d0bd435?s=96&d=mm&r=g\",\"caption\":\"Lo viste en Los Pol\u00edticos\"},\"url\":\"https:\\\/\\\/lospoliticosveracruz.com\\\/?author=2\"}]}<\/script>\n<!-- \/ Yoast SEO plugin. -->","yoast_head_json":{"title":"MC va por Car\u00f3n - Los pol\u00edticos Veracruz","robots":{"index":"index","follow":"follow","max-snippet":"max-snippet:-1","max-image-preview":"max-image-preview:large","max-video-preview":"max-video-preview:-1"},"canonical":"https:\/\/lospoliticosveracruz.com\/?p=81367","og_locale":"es_ES","og_type":"article","og_title":"MC va por Car\u00f3n - Los pol\u00edticos Veracruz","og_description":"Ricardo Ch\u00faaSale y Vale OJO\u2026 Todos los alcaldes de Veracruz que ganaron por el partido Fuerza Por M\u00e9xico y que no han \u00absucumbido\u00bb al \u00abcanto de las sirenas\u00bb del Palacio de Gobierno para irse a MORENA\u2026 Los que ganaron la alcald\u00eda son gente de Gonzalo Vicencio, el verdadero l\u00edder de facto de FM en Veracruz\u2026 [&hellip;]","og_url":"https:\/\/lospoliticosveracruz.com\/?p=81367","og_site_name":"Los pol\u00edticos Veracruz","article_publisher":"https:\/\/www.facebook.com\/people\/Notimemes-de-los-Polticos\/61565672886568\/","article_published_time":"2021-10-31T18:32:02+00:00","article_modified_time":"2021-10-31T18:32:09+00:00","og_image":[{"width":200,"height":200,"url":"https:\/\/lospoliticosveracruz.com\/wp-content\/uploads\/2016\/07\/Logo-Dor.jpg","type":"image\/jpeg"}],"author":"Lo viste en Los Pol\u00edticos","twitter_card":"summary_large_image","twitter_creator":"@LosPoliticosVer","twitter_site":"@LosPoliticosVer","twitter_misc":{"Escrito por":"Lo viste en Los Pol\u00edticos","Tiempo de lectura":"6 minutos"},"schema":{"@context":"https:\/\/schema.org","@graph":[{"@type":"Article","@id":"https:\/\/lospoliticosveracruz.com\/?p=81367#article","isPartOf":{"@id":"https:\/\/lospoliticosveracruz.com\/?p=81367"},"author":{"name":"Lo viste en Los Pol\u00edticos","@id":"https:\/\/lospoliticosveracruz.com\/#\/schema\/person\/b8702bb0e538456e6efd07080bf2a4a2"},"headline":"MC va por Car\u00f3n","datePublished":"2021-10-31T18:32:02+00:00","dateModified":"2021-10-31T18:32:09+00:00","mainEntityOfPage":{"@id":"https:\/\/lospoliticosveracruz.com\/?p=81367"},"wordCount":1111,"publisher":{"@id":"https:\/\/lospoliticosveracruz.com\/#organization"},"keywords":["Fuerza por M\u00e9xico","Gonzalo Vicencio Flores","Juan Javier G\u00f3mez Cazar\u00edn","Morena","Movimiento Ciudadano","OPLE Veracruz","Veracruz"],"articleSection":["De Opini\u00f3n"],"inLanguage":"es"},{"@type":"WebPage","@id":"https:\/\/lospoliticosveracruz.com\/?p=81367","url":"https:\/\/lospoliticosveracruz.com\/?p=81367","name":"MC va por Car\u00f3n - Los pol\u00edticos Veracruz","isPartOf":{"@id":"https:\/\/lospoliticosveracruz.com\/#website"},"datePublished":"2021-10-31T18:32:02+00:00","dateModified":"2021-10-31T18:32:09+00:00","breadcrumb":{"@id":"https:\/\/lospoliticosveracruz.com\/?p=81367#breadcrumb"},"inLanguage":"es","potentialAction":[{"@type":"ReadAction","target":["https:\/\/lospoliticosveracruz.com\/?p=81367"]}]},{"@type":"BreadcrumbList","@id":"https:\/\/lospoliticosveracruz.com\/?p=81367#breadcrumb","itemListElement":[{"@type":"ListItem","position":1,"name":"Portada","item":"https:\/\/lospoliticosveracruz.com\/"},{"@type":"ListItem","position":2,"name":"MC va por Car\u00f3n"}]},{"@type":"WebSite","@id":"https:\/\/lospoliticosveracruz.com\/#website","url":"https:\/\/lospoliticosveracruz.com\/","name":"Los pol\u00edticos Veracruz","description":"","publisher":{"@id":"https:\/\/lospoliticosveracruz.com\/#organization"},"potentialAction":[{"@type":"SearchAction","target":{"@type":"EntryPoint","urlTemplate":"https:\/\/lospoliticosveracruz.com\/?s={search_term_string}"},"query-input":{"@type":"PropertyValueSpecification","valueRequired":true,"valueName":"search_term_string"}}],"inLanguage":"es"},{"@type":"Organization","@id":"https:\/\/lospoliticosveracruz.com\/#organization","name":"Los pol\u00edticos Veracruz","url":"https:\/\/lospoliticosveracruz.com\/","logo":{"@type":"ImageObject","inLanguage":"es","@id":"https:\/\/lospoliticosveracruz.com\/#\/schema\/logo\/image\/","url":"https:\/\/lospoliticosveracruz.com\/wp-content\/uploads\/2025\/12\/Logo-Nuevo-LOS-POLITICOS-1.jpg","contentUrl":"https:\/\/lospoliticosveracruz.com\/wp-content\/uploads\/2025\/12\/Logo-Nuevo-LOS-POLITICOS-1.jpg","width":260,"height":70,"caption":"Los pol\u00edticos Veracruz"},"image":{"@id":"https:\/\/lospoliticosveracruz.com\/#\/schema\/logo\/image\/"},"sameAs":["https:\/\/www.facebook.com\/people\/Notimemes-de-los-Polticos\/61565672886568\/","https:\/\/x.com\/LosPoliticosVer"]},{"@type":"Person","@id":"https:\/\/lospoliticosveracruz.com\/#\/schema\/person\/b8702bb0e538456e6efd07080bf2a4a2","name":"Lo viste en Los Pol\u00edticos","image":{"@type":"ImageObject","inLanguage":"es","@id":"https:\/\/secure.gravatar.com\/avatar\/3a8de04a2656d44082be478bd6c086daa447c4651605818287b9532d3d0bd435?s=96&d=mm&r=g","url":"https:\/\/secure.gravatar.com\/avatar\/3a8de04a2656d44082be478bd6c086daa447c4651605818287b9532d3d0bd435?s=96&d=mm&r=g","contentUrl":"https:\/\/secure.gravatar.com\/avatar\/3a8de04a2656d44082be478bd6c086daa447c4651605818287b9532d3d0bd435?s=96&d=mm&r=g","caption":"Lo viste en Los Pol\u00edticos"},"url":"https:\/\/lospoliticosveracruz.com\/?author=2"}]}},"_links":{"self":[{"href":"https:\/\/lospoliticosveracruz.com\/index.php?rest_route=\/wp\/v2\/posts\/81367","targetHints":{"allow":["GET"]}}],"collection":[{"href":"https:\/\/lospoliticosveracruz.com\/index.php?rest_route=\/wp\/v2\/posts"}],"about":[{"href":"https:\/\/lospoliticosveracruz.com\/index.php?rest_route=\/wp\/v2\/types\/post"}],"author":[{"embeddable":true,"href":"https:\/\/lospoliticosveracruz.com\/index.php?rest_route=\/wp\/v2\/users\/2"}],"replies":[{"embeddable":true,"href":"https:\/\/lospoliticosveracruz.com\/index.php?rest_route=%2Fwp%2Fv2%2Fcomments&post=81367"}],"version-history":[{"count":1,"href":"https:\/\/lospoliticosveracruz.com\/index.php?rest_route=\/wp\/v2\/posts\/81367\/revisions"}],"predecessor-version":[{"id":81368,"href":"https:\/\/lospoliticosveracruz.com\/index.php?rest_route=\/wp\/v2\/posts\/81367\/revisions\/81368"}],"wp:attachment":[{"href":"https:\/\/lospoliticosveracruz.com\/index.php?rest_route=%2Fwp%2Fv2%2Fmedia&parent=81367"}],"wp:term":[{"taxonomy":"category","embeddable":true,"href":"https:\/\/lospoliticosveracruz.com\/index.php?rest_route=%2Fwp%2Fv2%2Fcategories&post=81367"},{"taxonomy":"post_tag","embeddable":true,"href":"https:\/\/lospoliticosveracruz.com\/index.php?rest_route=%2Fwp%2Fv2%2Ftags&post=81367"}],"curies":[{"name":"wp","href":"https:\/\/api.w.org\/{rel}","templated":true}]}}