{"id":81431,"date":"2021-11-02T10:13:59","date_gmt":"2021-11-02T16:13:59","guid":{"rendered":"https:\/\/lospoliticosveracruz.com.mx\/?p=81431"},"modified":"2021-11-02T10:14:04","modified_gmt":"2021-11-02T16:14:04","slug":"tito-delfin-con-panistas-de-xalapa-y-tlalixcoyan","status":"publish","type":"post","link":"https:\/\/lospoliticosveracruz.com\/?p=81431","title":{"rendered":"Tito Delf\u00edn, con panistas de Xalapa y Tlalixcoyan"},"content":{"rendered":"\n<p><\/p>\n\n\n\n<p><strong>Veracruz<\/strong><\/p>\n\n\n\n<p><br>Al reunirse con la militancia de Xalapa y Tlalixcoyan, Tito Delf\u00edn Cano subray\u00f3 el valor que para \u00e9l tiene el militante de Acci\u00f3n Nacional, y sobre todo el compromiso con los ciudadanos.<\/p>\n\n\n\n<p>En la capital Xalapa, al encabezar un evento partidista por el 82 aniversario del PAN, Tito Delf\u00edn escribi\u00f3 en su cuenta de la red social Facebook:<\/p>\n\n\n\n<p>\u201cEn el PAN, siempre hemos refrendado nuestro compromiso con los ciudadanos, estos primeros 82 a\u00f1os de existencia, nos comprometen a festejar trabajando del lado de la gente. Gracias amigos de Xalapa por su hospitalidad, al igual que la presencia de Fernando Yunes M\u00e1rquez, Indira Rosales San Rom\u00e1n, Sergio Hern\u00e1ndez Hern\u00e1ndez, Mart\u00edn Espinosa Rold\u00e1n, Girardo Delf\u00edn, Ana Mar\u00eda C\u00f3rdoba, Lillian Cerecedo, Carlos Fuentes y la militancia presente\u201d.<\/p>\n\n\n\n<p>Acompa\u00f1ado por Fernando Yunes M\u00e1rquez e Indira Rosales San Rom\u00e1n, destac\u00f3 adem\u00e1s en Tlalixcoyan que lo realmente importante es mantener la unidad del partido.<\/p>\n\n\n\n<p>\u201cEn Tlalixcoyan, hoy vivimos un claro ejemplo de unidad, gracias Indira Rosales, Fernando Yunes, alcalde de Veracruz, Elvia Illescas, alcaldesa electa de Tlalixcoyan, Guty Lagunes, alcalde de Tlalixcoyan, Pepe Beltr\u00e1n, alcalde electo de Cotaxtla, Pepe Mu\u00f1iz, ex alcalde de Tlalixcoyan,<br>Hilda Nava, s\u00edndico de Medell\u00edn Pepe Medina, s\u00edndico de C\u00f3rdoba Mario Lozano, s\u00edndico electo<br>Do\u00f1a Elodia Santos, destacada militante del PAN,<br>Gilberto Rodr\u00edguez, excelente militante de nuestro partido\u201d, escribi\u00f3 en su red social.<\/p>\n","protected":false},"excerpt":{"rendered":"<p>Veracruz Al reunirse con la militancia de Xalapa y Tlalixcoyan, Tito Delf\u00edn Cano subray\u00f3 el valor que para \u00e9l tiene el militante de Acci\u00f3n Nacional, y sobre todo el compromiso con los ciudadanos. En la capital Xalapa, al encabezar un evento partidista por el 82 aniversario del PAN, Tito Delf\u00edn escribi\u00f3 en su cuenta de [&hellip;]<\/p>\n","protected":false},"author":2,"featured_media":0,"comment_status":"closed","ping_status":"closed","sticky":false,"template":"","format":"standard","meta":{"tdm_status":"","tdm_grid_status":"","footnotes":""},"categories":[73],"tags":[818,31051,5506,27722,31052,266,6481,7518],"class_list":{"0":"post-81431","1":"post","2":"type-post","3":"status-publish","4":"format-standard","6":"category-de-boleto","7":"tag-fernando-yunes-marquez","8":"tag-girardo-delfin","9":"tag-indira-rosales-san-roman","10":"tag-lillian-cerecedo","11":"tag-martin-espinosa-roldan","12":"tag-pan","13":"tag-sergio-hernandez-hernandez","14":"tag-tito-delfin-cano"},"yoast_head":"<!-- This site is optimized with the Yoast SEO plugin v27.4 - https:\/\/yoast.com\/product\/yoast-seo-wordpress\/ -->\n<title>Tito Delf\u00edn, con panistas de Xalapa y Tlalixcoyan - Los pol\u00edticos Veracruz<\/title>\n<meta name=\"robots\" content=\"index, follow, max-snippet:-1, max-image-preview:large, max-video-preview:-1\" \/>\n<link rel=\"canonical\" href=\"https:\/\/lospoliticosveracruz.com\/?p=81431\" \/>\n<meta property=\"og:locale\" content=\"es_ES\" \/>\n<meta property=\"og:type\" content=\"article\" \/>\n<meta property=\"og:title\" content=\"Tito Delf\u00edn, con panistas de Xalapa y Tlalixcoyan - Los pol\u00edticos Veracruz\" \/>\n<meta property=\"og:description\" content=\"Veracruz Al reunirse con la militancia de Xalapa y Tlalixcoyan, Tito Delf\u00edn Cano subray\u00f3 el valor que para \u00e9l tiene el militante de Acci\u00f3n Nacional, y sobre todo el compromiso con los ciudadanos. En la capital Xalapa, al encabezar un evento partidista por el 82 aniversario del PAN, Tito Delf\u00edn escribi\u00f3 en su cuenta de [&hellip;]\" \/>\n<meta property=\"og:url\" content=\"https:\/\/lospoliticosveracruz.com\/?p=81431\" \/>\n<meta property=\"og:site_name\" content=\"Los pol\u00edticos Veracruz\" \/>\n<meta property=\"article:publisher\" content=\"https:\/\/www.facebook.com\/people\/Notimemes-de-los-Polticos\/61565672886568\/\" \/>\n<meta property=\"article:published_time\" content=\"2021-11-02T16:13:59+00:00\" \/>\n<meta property=\"article:modified_time\" content=\"2021-11-02T16:14:04+00:00\" \/>\n<meta property=\"og:image\" content=\"https:\/\/lospoliticosveracruz.com\/wp-content\/uploads\/2016\/07\/Logo-Dor.jpg\" \/>\n\t<meta property=\"og:image:width\" content=\"200\" \/>\n\t<meta property=\"og:image:height\" content=\"200\" \/>\n\t<meta property=\"og:image:type\" content=\"image\/jpeg\" \/>\n<meta name=\"author\" content=\"Lo viste en Los Pol\u00edticos\" \/>\n<meta name=\"twitter:card\" content=\"summary_large_image\" \/>\n<meta name=\"twitter:creator\" content=\"@LosPoliticosVer\" \/>\n<meta name=\"twitter:site\" content=\"@LosPoliticosVer\" \/>\n<meta name=\"twitter:label1\" content=\"Escrito por\" \/>\n\t<meta name=\"twitter:data1\" content=\"Lo viste en Los Pol\u00edticos\" \/>\n\t<meta name=\"twitter:label2\" content=\"Tiempo de lectura\" \/>\n\t<meta name=\"twitter:data2\" content=\"1 minuto\" \/>\n<script type=\"application\/ld+json\" class=\"yoast-schema-graph\">{\"@context\":\"https:\\\/\\\/schema.org\",\"@graph\":[{\"@type\":\"Article\",\"@id\":\"https:\\\/\\\/lospoliticosveracruz.com\\\/?p=81431#article\",\"isPartOf\":{\"@id\":\"https:\\\/\\\/lospoliticosveracruz.com\\\/?p=81431\"},\"author\":{\"name\":\"Lo viste en Los Pol\u00edticos\",\"@id\":\"https:\\\/\\\/lospoliticosveracruz.com\\\/#\\\/schema\\\/person\\\/b8702bb0e538456e6efd07080bf2a4a2\"},\"headline\":\"Tito Delf\u00edn, con panistas de Xalapa y Tlalixcoyan\",\"datePublished\":\"2021-11-02T16:13:59+00:00\",\"dateModified\":\"2021-11-02T16:14:04+00:00\",\"mainEntityOfPage\":{\"@id\":\"https:\\\/\\\/lospoliticosveracruz.com\\\/?p=81431\"},\"wordCount\":254,\"publisher\":{\"@id\":\"https:\\\/\\\/lospoliticosveracruz.com\\\/#organization\"},\"keywords\":[\"Fernando Yunes M\u00e1rquez\",\"Girardo Delf\u00edn\",\"Indira Rosales San Rom\u00e1n\",\"Lillian Cerecedo\",\"Mart\u00edn Espinosa Rold\u00e1n\",\"PAN\",\"Sergio Hern\u00e1ndez Hern\u00e1ndez\",\"Tito Delf\u00edn Cano\"],\"articleSection\":[\"De Boleto\"],\"inLanguage\":\"es\"},{\"@type\":\"WebPage\",\"@id\":\"https:\\\/\\\/lospoliticosveracruz.com\\\/?p=81431\",\"url\":\"https:\\\/\\\/lospoliticosveracruz.com\\\/?p=81431\",\"name\":\"Tito Delf\u00edn, con panistas de Xalapa y Tlalixcoyan - Los pol\u00edticos Veracruz\",\"isPartOf\":{\"@id\":\"https:\\\/\\\/lospoliticosveracruz.com\\\/#website\"},\"datePublished\":\"2021-11-02T16:13:59+00:00\",\"dateModified\":\"2021-11-02T16:14:04+00:00\",\"breadcrumb\":{\"@id\":\"https:\\\/\\\/lospoliticosveracruz.com\\\/?p=81431#breadcrumb\"},\"inLanguage\":\"es\",\"potentialAction\":[{\"@type\":\"ReadAction\",\"target\":[\"https:\\\/\\\/lospoliticosveracruz.com\\\/?p=81431\"]}]},{\"@type\":\"BreadcrumbList\",\"@id\":\"https:\\\/\\\/lospoliticosveracruz.com\\\/?p=81431#breadcrumb\",\"itemListElement\":[{\"@type\":\"ListItem\",\"position\":1,\"name\":\"Portada\",\"item\":\"https:\\\/\\\/lospoliticosveracruz.com\\\/\"},{\"@type\":\"ListItem\",\"position\":2,\"name\":\"Tito Delf\u00edn, con panistas de Xalapa y Tlalixcoyan\"}]},{\"@type\":\"WebSite\",\"@id\":\"https:\\\/\\\/lospoliticosveracruz.com\\\/#website\",\"url\":\"https:\\\/\\\/lospoliticosveracruz.com\\\/\",\"name\":\"Los pol\u00edticos Veracruz\",\"description\":\"\",\"publisher\":{\"@id\":\"https:\\\/\\\/lospoliticosveracruz.com\\\/#organization\"},\"potentialAction\":[{\"@type\":\"SearchAction\",\"target\":{\"@type\":\"EntryPoint\",\"urlTemplate\":\"https:\\\/\\\/lospoliticosveracruz.com\\\/?s={search_term_string}\"},\"query-input\":{\"@type\":\"PropertyValueSpecification\",\"valueRequired\":true,\"valueName\":\"search_term_string\"}}],\"inLanguage\":\"es\"},{\"@type\":\"Organization\",\"@id\":\"https:\\\/\\\/lospoliticosveracruz.com\\\/#organization\",\"name\":\"Los pol\u00edticos Veracruz\",\"url\":\"https:\\\/\\\/lospoliticosveracruz.com\\\/\",\"logo\":{\"@type\":\"ImageObject\",\"inLanguage\":\"es\",\"@id\":\"https:\\\/\\\/lospoliticosveracruz.com\\\/#\\\/schema\\\/logo\\\/image\\\/\",\"url\":\"https:\\\/\\\/lospoliticosveracruz.com\\\/wp-content\\\/uploads\\\/2025\\\/12\\\/Logo-Nuevo-LOS-POLITICOS-1.jpg\",\"contentUrl\":\"https:\\\/\\\/lospoliticosveracruz.com\\\/wp-content\\\/uploads\\\/2025\\\/12\\\/Logo-Nuevo-LOS-POLITICOS-1.jpg\",\"width\":260,\"height\":70,\"caption\":\"Los pol\u00edticos Veracruz\"},\"image\":{\"@id\":\"https:\\\/\\\/lospoliticosveracruz.com\\\/#\\\/schema\\\/logo\\\/image\\\/\"},\"sameAs\":[\"https:\\\/\\\/www.facebook.com\\\/people\\\/Notimemes-de-los-Polticos\\\/61565672886568\\\/\",\"https:\\\/\\\/x.com\\\/LosPoliticosVer\"]},{\"@type\":\"Person\",\"@id\":\"https:\\\/\\\/lospoliticosveracruz.com\\\/#\\\/schema\\\/person\\\/b8702bb0e538456e6efd07080bf2a4a2\",\"name\":\"Lo viste en Los Pol\u00edticos\",\"image\":{\"@type\":\"ImageObject\",\"inLanguage\":\"es\",\"@id\":\"https:\\\/\\\/secure.gravatar.com\\\/avatar\\\/3a8de04a2656d44082be478bd6c086daa447c4651605818287b9532d3d0bd435?s=96&d=mm&r=g\",\"url\":\"https:\\\/\\\/secure.gravatar.com\\\/avatar\\\/3a8de04a2656d44082be478bd6c086daa447c4651605818287b9532d3d0bd435?s=96&d=mm&r=g\",\"contentUrl\":\"https:\\\/\\\/secure.gravatar.com\\\/avatar\\\/3a8de04a2656d44082be478bd6c086daa447c4651605818287b9532d3d0bd435?s=96&d=mm&r=g\",\"caption\":\"Lo viste en Los Pol\u00edticos\"},\"url\":\"https:\\\/\\\/lospoliticosveracruz.com\\\/?author=2\"}]}<\/script>\n<!-- \/ Yoast SEO plugin. -->","yoast_head_json":{"title":"Tito Delf\u00edn, con panistas de Xalapa y Tlalixcoyan - Los pol\u00edticos Veracruz","robots":{"index":"index","follow":"follow","max-snippet":"max-snippet:-1","max-image-preview":"max-image-preview:large","max-video-preview":"max-video-preview:-1"},"canonical":"https:\/\/lospoliticosveracruz.com\/?p=81431","og_locale":"es_ES","og_type":"article","og_title":"Tito Delf\u00edn, con panistas de Xalapa y Tlalixcoyan - Los pol\u00edticos Veracruz","og_description":"Veracruz Al reunirse con la militancia de Xalapa y Tlalixcoyan, Tito Delf\u00edn Cano subray\u00f3 el valor que para \u00e9l tiene el militante de Acci\u00f3n Nacional, y sobre todo el compromiso con los ciudadanos. En la capital Xalapa, al encabezar un evento partidista por el 82 aniversario del PAN, Tito Delf\u00edn escribi\u00f3 en su cuenta de [&hellip;]","og_url":"https:\/\/lospoliticosveracruz.com\/?p=81431","og_site_name":"Los pol\u00edticos Veracruz","article_publisher":"https:\/\/www.facebook.com\/people\/Notimemes-de-los-Polticos\/61565672886568\/","article_published_time":"2021-11-02T16:13:59+00:00","article_modified_time":"2021-11-02T16:14:04+00:00","og_image":[{"width":200,"height":200,"url":"https:\/\/lospoliticosveracruz.com\/wp-content\/uploads\/2016\/07\/Logo-Dor.jpg","type":"image\/jpeg"}],"author":"Lo viste en Los Pol\u00edticos","twitter_card":"summary_large_image","twitter_creator":"@LosPoliticosVer","twitter_site":"@LosPoliticosVer","twitter_misc":{"Escrito por":"Lo viste en Los Pol\u00edticos","Tiempo de lectura":"1 minuto"},"schema":{"@context":"https:\/\/schema.org","@graph":[{"@type":"Article","@id":"https:\/\/lospoliticosveracruz.com\/?p=81431#article","isPartOf":{"@id":"https:\/\/lospoliticosveracruz.com\/?p=81431"},"author":{"name":"Lo viste en Los Pol\u00edticos","@id":"https:\/\/lospoliticosveracruz.com\/#\/schema\/person\/b8702bb0e538456e6efd07080bf2a4a2"},"headline":"Tito Delf\u00edn, con panistas de Xalapa y Tlalixcoyan","datePublished":"2021-11-02T16:13:59+00:00","dateModified":"2021-11-02T16:14:04+00:00","mainEntityOfPage":{"@id":"https:\/\/lospoliticosveracruz.com\/?p=81431"},"wordCount":254,"publisher":{"@id":"https:\/\/lospoliticosveracruz.com\/#organization"},"keywords":["Fernando Yunes M\u00e1rquez","Girardo Delf\u00edn","Indira Rosales San Rom\u00e1n","Lillian Cerecedo","Mart\u00edn Espinosa Rold\u00e1n","PAN","Sergio Hern\u00e1ndez Hern\u00e1ndez","Tito Delf\u00edn Cano"],"articleSection":["De Boleto"],"inLanguage":"es"},{"@type":"WebPage","@id":"https:\/\/lospoliticosveracruz.com\/?p=81431","url":"https:\/\/lospoliticosveracruz.com\/?p=81431","name":"Tito Delf\u00edn, con panistas de Xalapa y Tlalixcoyan - Los pol\u00edticos Veracruz","isPartOf":{"@id":"https:\/\/lospoliticosveracruz.com\/#website"},"datePublished":"2021-11-02T16:13:59+00:00","dateModified":"2021-11-02T16:14:04+00:00","breadcrumb":{"@id":"https:\/\/lospoliticosveracruz.com\/?p=81431#breadcrumb"},"inLanguage":"es","potentialAction":[{"@type":"ReadAction","target":["https:\/\/lospoliticosveracruz.com\/?p=81431"]}]},{"@type":"BreadcrumbList","@id":"https:\/\/lospoliticosveracruz.com\/?p=81431#breadcrumb","itemListElement":[{"@type":"ListItem","position":1,"name":"Portada","item":"https:\/\/lospoliticosveracruz.com\/"},{"@type":"ListItem","position":2,"name":"Tito Delf\u00edn, con panistas de Xalapa y Tlalixcoyan"}]},{"@type":"WebSite","@id":"https:\/\/lospoliticosveracruz.com\/#website","url":"https:\/\/lospoliticosveracruz.com\/","name":"Los pol\u00edticos Veracruz","description":"","publisher":{"@id":"https:\/\/lospoliticosveracruz.com\/#organization"},"potentialAction":[{"@type":"SearchAction","target":{"@type":"EntryPoint","urlTemplate":"https:\/\/lospoliticosveracruz.com\/?s={search_term_string}"},"query-input":{"@type":"PropertyValueSpecification","valueRequired":true,"valueName":"search_term_string"}}],"inLanguage":"es"},{"@type":"Organization","@id":"https:\/\/lospoliticosveracruz.com\/#organization","name":"Los pol\u00edticos Veracruz","url":"https:\/\/lospoliticosveracruz.com\/","logo":{"@type":"ImageObject","inLanguage":"es","@id":"https:\/\/lospoliticosveracruz.com\/#\/schema\/logo\/image\/","url":"https:\/\/lospoliticosveracruz.com\/wp-content\/uploads\/2025\/12\/Logo-Nuevo-LOS-POLITICOS-1.jpg","contentUrl":"https:\/\/lospoliticosveracruz.com\/wp-content\/uploads\/2025\/12\/Logo-Nuevo-LOS-POLITICOS-1.jpg","width":260,"height":70,"caption":"Los pol\u00edticos Veracruz"},"image":{"@id":"https:\/\/lospoliticosveracruz.com\/#\/schema\/logo\/image\/"},"sameAs":["https:\/\/www.facebook.com\/people\/Notimemes-de-los-Polticos\/61565672886568\/","https:\/\/x.com\/LosPoliticosVer"]},{"@type":"Person","@id":"https:\/\/lospoliticosveracruz.com\/#\/schema\/person\/b8702bb0e538456e6efd07080bf2a4a2","name":"Lo viste en Los Pol\u00edticos","image":{"@type":"ImageObject","inLanguage":"es","@id":"https:\/\/secure.gravatar.com\/avatar\/3a8de04a2656d44082be478bd6c086daa447c4651605818287b9532d3d0bd435?s=96&d=mm&r=g","url":"https:\/\/secure.gravatar.com\/avatar\/3a8de04a2656d44082be478bd6c086daa447c4651605818287b9532d3d0bd435?s=96&d=mm&r=g","contentUrl":"https:\/\/secure.gravatar.com\/avatar\/3a8de04a2656d44082be478bd6c086daa447c4651605818287b9532d3d0bd435?s=96&d=mm&r=g","caption":"Lo viste en Los Pol\u00edticos"},"url":"https:\/\/lospoliticosveracruz.com\/?author=2"}]}},"_links":{"self":[{"href":"https:\/\/lospoliticosveracruz.com\/index.php?rest_route=\/wp\/v2\/posts\/81431","targetHints":{"allow":["GET"]}}],"collection":[{"href":"https:\/\/lospoliticosveracruz.com\/index.php?rest_route=\/wp\/v2\/posts"}],"about":[{"href":"https:\/\/lospoliticosveracruz.com\/index.php?rest_route=\/wp\/v2\/types\/post"}],"author":[{"embeddable":true,"href":"https:\/\/lospoliticosveracruz.com\/index.php?rest_route=\/wp\/v2\/users\/2"}],"replies":[{"embeddable":true,"href":"https:\/\/lospoliticosveracruz.com\/index.php?rest_route=%2Fwp%2Fv2%2Fcomments&post=81431"}],"version-history":[{"count":1,"href":"https:\/\/lospoliticosveracruz.com\/index.php?rest_route=\/wp\/v2\/posts\/81431\/revisions"}],"predecessor-version":[{"id":81433,"href":"https:\/\/lospoliticosveracruz.com\/index.php?rest_route=\/wp\/v2\/posts\/81431\/revisions\/81433"}],"wp:attachment":[{"href":"https:\/\/lospoliticosveracruz.com\/index.php?rest_route=%2Fwp%2Fv2%2Fmedia&parent=81431"}],"wp:term":[{"taxonomy":"category","embeddable":true,"href":"https:\/\/lospoliticosveracruz.com\/index.php?rest_route=%2Fwp%2Fv2%2Fcategories&post=81431"},{"taxonomy":"post_tag","embeddable":true,"href":"https:\/\/lospoliticosveracruz.com\/index.php?rest_route=%2Fwp%2Fv2%2Ftags&post=81431"}],"curies":[{"name":"wp","href":"https:\/\/api.w.org\/{rel}","templated":true}]}}