{"id":81589,"date":"2021-11-06T12:17:09","date_gmt":"2021-11-06T18:17:09","guid":{"rendered":"https:\/\/lospoliticosveracruz.com.mx\/?p=81589"},"modified":"2021-11-06T12:17:16","modified_gmt":"2021-11-06T18:17:16","slug":"paul-se-las-sabe-de-todas-todas","status":"publish","type":"post","link":"https:\/\/lospoliticosveracruz.com\/?p=81589","title":{"rendered":"Paul se las sabe de todas, todas!"},"content":{"rendered":"\n<p><\/p>\n\n\n\n<p><strong>Xalapa<\/strong><\/p>\n\n\n\n<p><br>Convencido de sumar plenamente su esfuerzo y capacidades a la labor legislativa, este viernes Paul Mart\u00ednez Marie rindi\u00f3 protesta como integrante de la LXVI Legislatura del Congreso del Estado.<\/p>\n\n\n\n<p>El ahora diputado local se incorpora al Grupo Parlamentario del Partido Pol\u00edtico, Movimiento de Regeneraci\u00f3n Nacional (MORENA), desde donde contribuir\u00e1 a la toma de decisiones y construcci\u00f3n de acuerdos en las responsabilidades que tiene la Legislatura local frente a las y los veracruzanos.<\/p>\n\n\n\n<p>El legislador arriba al Congreso Local con amplia experiencia y conocimiento de la problem\u00e1tica que cotidianamente enfrentan los municipios y ayuntamientos de su Distrito, por lo que desde su trinchera, ser\u00e1 un actor permanente para el fortalecimiento y desarrollo del mismo.<\/p>\n\n\n\n<p>Paul Mart\u00ednez Marie se ha desempe\u00f1ado en diversos cargos de la administraci\u00f3n p\u00fablica, entre los que destacan, Director de Exportaciones de la Comisi\u00f3n Veracruzana de Comercializaci\u00f3n Agropecuaria de Veracruz, Subsecretario de Energ\u00eda, Inversi\u00f3n y Puertos en la Secretaria de Desarrollo Econ\u00f3mico; as\u00ed como Presidente municipal de Perote.<\/p>\n\n\n\n<p>Cabe mencionar que durante su mandato, el ayuntamiento fue el m\u00e1s auditado, con 3 auditor\u00edas de la ASF, 2 auditor\u00edas del SAT, adem\u00e1s de las de ley del ORFIS, dando buenos resultados, lo que demostr\u00f3 un excelente trabajo administrativo y de transparencia en la aplicaci\u00f3n de los recursos.<\/p>\n\n\n\n<p>Asimismo, durante el segundo a\u00f1o de su administraci\u00f3n llev\u00f3 al municipio de Perote del lugar 57 al 3\u00ba a nivel Estatal en la Agenda para el Desarrollo Municipal, que eval\u00faa el Instituto Nacional para el Federalismo y el Desarrollo Municipal (INAFED) de la Secretar\u00eda de Gobernaci\u00f3n; y en el tercer a\u00f1o lo coloca en el primer lugar.<\/p>\n\n\n\n<p>Con formaci\u00f3n acad\u00e9mica, Paul es Licenciado en Comercio Internacional, Egresado de la Universidad Aut\u00f3noma de Chapingo. Tiene el grado de Maestro en Finanzas por la Universidad de Xalapa y una especialidad en Cl\u00fasteres en el Instituto Tecnol\u00f3gico Superior de Monterrey. En el 2016 recibi\u00f3 el T\u00edtulo de Doctor Honoris Causa que otorga el Instituto Mexicano de L\u00edderes de Excelencia.<\/p>\n","protected":false},"excerpt":{"rendered":"<p>Xalapa Convencido de sumar plenamente su esfuerzo y capacidades a la labor legislativa, este viernes Paul Mart\u00ednez Marie rindi\u00f3 protesta como integrante de la LXVI Legislatura del Congreso del Estado. El ahora diputado local se incorpora al Grupo Parlamentario del Partido Pol\u00edtico, Movimiento de Regeneraci\u00f3n Nacional (MORENA), desde donde contribuir\u00e1 a la toma de decisiones [&hellip;]<\/p>\n","protected":false},"author":2,"featured_media":0,"comment_status":"closed","ping_status":"closed","sticky":false,"template":"","format":"standard","meta":{"tdm_status":"","tdm_grid_status":"","footnotes":""},"categories":[73],"tags":[29604,1026,4148,148,251,195],"class_list":{"0":"post-81589","1":"post","2":"type-post","3":"status-publish","4":"format-standard","6":"category-de-boleto","7":"tag-lxvi-legislatura","8":"tag-morena","9":"tag-paul-martinez-marie","10":"tag-perote","11":"tag-pri","12":"tag-veracruz"},"yoast_head":"<!-- This site is optimized with the Yoast SEO plugin v27.4 - https:\/\/yoast.com\/product\/yoast-seo-wordpress\/ -->\n<title>Paul se las sabe de todas, todas! - Los pol\u00edticos Veracruz<\/title>\n<meta name=\"robots\" content=\"index, follow, max-snippet:-1, max-image-preview:large, max-video-preview:-1\" \/>\n<link rel=\"canonical\" href=\"https:\/\/lospoliticosveracruz.com\/?p=81589\" \/>\n<meta property=\"og:locale\" content=\"es_ES\" \/>\n<meta property=\"og:type\" content=\"article\" \/>\n<meta property=\"og:title\" content=\"Paul se las sabe de todas, todas! - Los pol\u00edticos Veracruz\" \/>\n<meta property=\"og:description\" content=\"Xalapa Convencido de sumar plenamente su esfuerzo y capacidades a la labor legislativa, este viernes Paul Mart\u00ednez Marie rindi\u00f3 protesta como integrante de la LXVI Legislatura del Congreso del Estado. El ahora diputado local se incorpora al Grupo Parlamentario del Partido Pol\u00edtico, Movimiento de Regeneraci\u00f3n Nacional (MORENA), desde donde contribuir\u00e1 a la toma de decisiones [&hellip;]\" \/>\n<meta property=\"og:url\" content=\"https:\/\/lospoliticosveracruz.com\/?p=81589\" \/>\n<meta property=\"og:site_name\" content=\"Los pol\u00edticos Veracruz\" \/>\n<meta property=\"article:publisher\" content=\"https:\/\/www.facebook.com\/people\/Notimemes-de-los-Polticos\/61565672886568\/\" \/>\n<meta property=\"article:published_time\" content=\"2021-11-06T18:17:09+00:00\" \/>\n<meta property=\"article:modified_time\" content=\"2021-11-06T18:17:16+00:00\" \/>\n<meta property=\"og:image\" content=\"https:\/\/lospoliticosveracruz.com\/wp-content\/uploads\/2016\/07\/Logo-Dor.jpg\" \/>\n\t<meta property=\"og:image:width\" content=\"200\" \/>\n\t<meta property=\"og:image:height\" content=\"200\" \/>\n\t<meta property=\"og:image:type\" content=\"image\/jpeg\" \/>\n<meta name=\"author\" content=\"Lo viste en Los Pol\u00edticos\" \/>\n<meta name=\"twitter:card\" content=\"summary_large_image\" \/>\n<meta name=\"twitter:creator\" content=\"@LosPoliticosVer\" \/>\n<meta name=\"twitter:site\" content=\"@LosPoliticosVer\" \/>\n<meta name=\"twitter:label1\" content=\"Escrito por\" \/>\n\t<meta name=\"twitter:data1\" content=\"Lo viste en Los Pol\u00edticos\" \/>\n\t<meta name=\"twitter:label2\" content=\"Tiempo de lectura\" \/>\n\t<meta name=\"twitter:data2\" content=\"2 minutos\" \/>\n<script type=\"application\/ld+json\" class=\"yoast-schema-graph\">{\"@context\":\"https:\\\/\\\/schema.org\",\"@graph\":[{\"@type\":\"Article\",\"@id\":\"https:\\\/\\\/lospoliticosveracruz.com\\\/?p=81589#article\",\"isPartOf\":{\"@id\":\"https:\\\/\\\/lospoliticosveracruz.com\\\/?p=81589\"},\"author\":{\"name\":\"Lo viste en Los Pol\u00edticos\",\"@id\":\"https:\\\/\\\/lospoliticosveracruz.com\\\/#\\\/schema\\\/person\\\/b8702bb0e538456e6efd07080bf2a4a2\"},\"headline\":\"Paul se las sabe de todas, todas!\",\"datePublished\":\"2021-11-06T18:17:09+00:00\",\"dateModified\":\"2021-11-06T18:17:16+00:00\",\"mainEntityOfPage\":{\"@id\":\"https:\\\/\\\/lospoliticosveracruz.com\\\/?p=81589\"},\"wordCount\":359,\"publisher\":{\"@id\":\"https:\\\/\\\/lospoliticosveracruz.com\\\/#organization\"},\"keywords\":[\"LXVI Legislatura\",\"Morena\",\"Paul Mart\u00ednez Marie\",\"Perote\",\"PRI\",\"Veracruz\"],\"articleSection\":[\"De Boleto\"],\"inLanguage\":\"es\"},{\"@type\":\"WebPage\",\"@id\":\"https:\\\/\\\/lospoliticosveracruz.com\\\/?p=81589\",\"url\":\"https:\\\/\\\/lospoliticosveracruz.com\\\/?p=81589\",\"name\":\"Paul se las sabe de todas, todas! - Los pol\u00edticos Veracruz\",\"isPartOf\":{\"@id\":\"https:\\\/\\\/lospoliticosveracruz.com\\\/#website\"},\"datePublished\":\"2021-11-06T18:17:09+00:00\",\"dateModified\":\"2021-11-06T18:17:16+00:00\",\"breadcrumb\":{\"@id\":\"https:\\\/\\\/lospoliticosveracruz.com\\\/?p=81589#breadcrumb\"},\"inLanguage\":\"es\",\"potentialAction\":[{\"@type\":\"ReadAction\",\"target\":[\"https:\\\/\\\/lospoliticosveracruz.com\\\/?p=81589\"]}]},{\"@type\":\"BreadcrumbList\",\"@id\":\"https:\\\/\\\/lospoliticosveracruz.com\\\/?p=81589#breadcrumb\",\"itemListElement\":[{\"@type\":\"ListItem\",\"position\":1,\"name\":\"Portada\",\"item\":\"https:\\\/\\\/lospoliticosveracruz.com\\\/\"},{\"@type\":\"ListItem\",\"position\":2,\"name\":\"Paul se las sabe de todas, todas!\"}]},{\"@type\":\"WebSite\",\"@id\":\"https:\\\/\\\/lospoliticosveracruz.com\\\/#website\",\"url\":\"https:\\\/\\\/lospoliticosveracruz.com\\\/\",\"name\":\"Los pol\u00edticos Veracruz\",\"description\":\"\",\"publisher\":{\"@id\":\"https:\\\/\\\/lospoliticosveracruz.com\\\/#organization\"},\"potentialAction\":[{\"@type\":\"SearchAction\",\"target\":{\"@type\":\"EntryPoint\",\"urlTemplate\":\"https:\\\/\\\/lospoliticosveracruz.com\\\/?s={search_term_string}\"},\"query-input\":{\"@type\":\"PropertyValueSpecification\",\"valueRequired\":true,\"valueName\":\"search_term_string\"}}],\"inLanguage\":\"es\"},{\"@type\":\"Organization\",\"@id\":\"https:\\\/\\\/lospoliticosveracruz.com\\\/#organization\",\"name\":\"Los pol\u00edticos Veracruz\",\"url\":\"https:\\\/\\\/lospoliticosveracruz.com\\\/\",\"logo\":{\"@type\":\"ImageObject\",\"inLanguage\":\"es\",\"@id\":\"https:\\\/\\\/lospoliticosveracruz.com\\\/#\\\/schema\\\/logo\\\/image\\\/\",\"url\":\"https:\\\/\\\/lospoliticosveracruz.com\\\/wp-content\\\/uploads\\\/2025\\\/12\\\/Logo-Nuevo-LOS-POLITICOS-1.jpg\",\"contentUrl\":\"https:\\\/\\\/lospoliticosveracruz.com\\\/wp-content\\\/uploads\\\/2025\\\/12\\\/Logo-Nuevo-LOS-POLITICOS-1.jpg\",\"width\":260,\"height\":70,\"caption\":\"Los pol\u00edticos Veracruz\"},\"image\":{\"@id\":\"https:\\\/\\\/lospoliticosveracruz.com\\\/#\\\/schema\\\/logo\\\/image\\\/\"},\"sameAs\":[\"https:\\\/\\\/www.facebook.com\\\/people\\\/Notimemes-de-los-Polticos\\\/61565672886568\\\/\",\"https:\\\/\\\/x.com\\\/LosPoliticosVer\"]},{\"@type\":\"Person\",\"@id\":\"https:\\\/\\\/lospoliticosveracruz.com\\\/#\\\/schema\\\/person\\\/b8702bb0e538456e6efd07080bf2a4a2\",\"name\":\"Lo viste en Los Pol\u00edticos\",\"image\":{\"@type\":\"ImageObject\",\"inLanguage\":\"es\",\"@id\":\"https:\\\/\\\/secure.gravatar.com\\\/avatar\\\/3a8de04a2656d44082be478bd6c086daa447c4651605818287b9532d3d0bd435?s=96&d=mm&r=g\",\"url\":\"https:\\\/\\\/secure.gravatar.com\\\/avatar\\\/3a8de04a2656d44082be478bd6c086daa447c4651605818287b9532d3d0bd435?s=96&d=mm&r=g\",\"contentUrl\":\"https:\\\/\\\/secure.gravatar.com\\\/avatar\\\/3a8de04a2656d44082be478bd6c086daa447c4651605818287b9532d3d0bd435?s=96&d=mm&r=g\",\"caption\":\"Lo viste en Los Pol\u00edticos\"},\"url\":\"https:\\\/\\\/lospoliticosveracruz.com\\\/?author=2\"}]}<\/script>\n<!-- \/ Yoast SEO plugin. -->","yoast_head_json":{"title":"Paul se las sabe de todas, todas! - Los pol\u00edticos Veracruz","robots":{"index":"index","follow":"follow","max-snippet":"max-snippet:-1","max-image-preview":"max-image-preview:large","max-video-preview":"max-video-preview:-1"},"canonical":"https:\/\/lospoliticosveracruz.com\/?p=81589","og_locale":"es_ES","og_type":"article","og_title":"Paul se las sabe de todas, todas! - Los pol\u00edticos Veracruz","og_description":"Xalapa Convencido de sumar plenamente su esfuerzo y capacidades a la labor legislativa, este viernes Paul Mart\u00ednez Marie rindi\u00f3 protesta como integrante de la LXVI Legislatura del Congreso del Estado. El ahora diputado local se incorpora al Grupo Parlamentario del Partido Pol\u00edtico, Movimiento de Regeneraci\u00f3n Nacional (MORENA), desde donde contribuir\u00e1 a la toma de decisiones [&hellip;]","og_url":"https:\/\/lospoliticosveracruz.com\/?p=81589","og_site_name":"Los pol\u00edticos Veracruz","article_publisher":"https:\/\/www.facebook.com\/people\/Notimemes-de-los-Polticos\/61565672886568\/","article_published_time":"2021-11-06T18:17:09+00:00","article_modified_time":"2021-11-06T18:17:16+00:00","og_image":[{"width":200,"height":200,"url":"https:\/\/lospoliticosveracruz.com\/wp-content\/uploads\/2016\/07\/Logo-Dor.jpg","type":"image\/jpeg"}],"author":"Lo viste en Los Pol\u00edticos","twitter_card":"summary_large_image","twitter_creator":"@LosPoliticosVer","twitter_site":"@LosPoliticosVer","twitter_misc":{"Escrito por":"Lo viste en Los Pol\u00edticos","Tiempo de lectura":"2 minutos"},"schema":{"@context":"https:\/\/schema.org","@graph":[{"@type":"Article","@id":"https:\/\/lospoliticosveracruz.com\/?p=81589#article","isPartOf":{"@id":"https:\/\/lospoliticosveracruz.com\/?p=81589"},"author":{"name":"Lo viste en Los Pol\u00edticos","@id":"https:\/\/lospoliticosveracruz.com\/#\/schema\/person\/b8702bb0e538456e6efd07080bf2a4a2"},"headline":"Paul se las sabe de todas, todas!","datePublished":"2021-11-06T18:17:09+00:00","dateModified":"2021-11-06T18:17:16+00:00","mainEntityOfPage":{"@id":"https:\/\/lospoliticosveracruz.com\/?p=81589"},"wordCount":359,"publisher":{"@id":"https:\/\/lospoliticosveracruz.com\/#organization"},"keywords":["LXVI Legislatura","Morena","Paul Mart\u00ednez Marie","Perote","PRI","Veracruz"],"articleSection":["De Boleto"],"inLanguage":"es"},{"@type":"WebPage","@id":"https:\/\/lospoliticosveracruz.com\/?p=81589","url":"https:\/\/lospoliticosveracruz.com\/?p=81589","name":"Paul se las sabe de todas, todas! - Los pol\u00edticos Veracruz","isPartOf":{"@id":"https:\/\/lospoliticosveracruz.com\/#website"},"datePublished":"2021-11-06T18:17:09+00:00","dateModified":"2021-11-06T18:17:16+00:00","breadcrumb":{"@id":"https:\/\/lospoliticosveracruz.com\/?p=81589#breadcrumb"},"inLanguage":"es","potentialAction":[{"@type":"ReadAction","target":["https:\/\/lospoliticosveracruz.com\/?p=81589"]}]},{"@type":"BreadcrumbList","@id":"https:\/\/lospoliticosveracruz.com\/?p=81589#breadcrumb","itemListElement":[{"@type":"ListItem","position":1,"name":"Portada","item":"https:\/\/lospoliticosveracruz.com\/"},{"@type":"ListItem","position":2,"name":"Paul se las sabe de todas, todas!"}]},{"@type":"WebSite","@id":"https:\/\/lospoliticosveracruz.com\/#website","url":"https:\/\/lospoliticosveracruz.com\/","name":"Los pol\u00edticos Veracruz","description":"","publisher":{"@id":"https:\/\/lospoliticosveracruz.com\/#organization"},"potentialAction":[{"@type":"SearchAction","target":{"@type":"EntryPoint","urlTemplate":"https:\/\/lospoliticosveracruz.com\/?s={search_term_string}"},"query-input":{"@type":"PropertyValueSpecification","valueRequired":true,"valueName":"search_term_string"}}],"inLanguage":"es"},{"@type":"Organization","@id":"https:\/\/lospoliticosveracruz.com\/#organization","name":"Los pol\u00edticos Veracruz","url":"https:\/\/lospoliticosveracruz.com\/","logo":{"@type":"ImageObject","inLanguage":"es","@id":"https:\/\/lospoliticosveracruz.com\/#\/schema\/logo\/image\/","url":"https:\/\/lospoliticosveracruz.com\/wp-content\/uploads\/2025\/12\/Logo-Nuevo-LOS-POLITICOS-1.jpg","contentUrl":"https:\/\/lospoliticosveracruz.com\/wp-content\/uploads\/2025\/12\/Logo-Nuevo-LOS-POLITICOS-1.jpg","width":260,"height":70,"caption":"Los pol\u00edticos Veracruz"},"image":{"@id":"https:\/\/lospoliticosveracruz.com\/#\/schema\/logo\/image\/"},"sameAs":["https:\/\/www.facebook.com\/people\/Notimemes-de-los-Polticos\/61565672886568\/","https:\/\/x.com\/LosPoliticosVer"]},{"@type":"Person","@id":"https:\/\/lospoliticosveracruz.com\/#\/schema\/person\/b8702bb0e538456e6efd07080bf2a4a2","name":"Lo viste en Los Pol\u00edticos","image":{"@type":"ImageObject","inLanguage":"es","@id":"https:\/\/secure.gravatar.com\/avatar\/3a8de04a2656d44082be478bd6c086daa447c4651605818287b9532d3d0bd435?s=96&d=mm&r=g","url":"https:\/\/secure.gravatar.com\/avatar\/3a8de04a2656d44082be478bd6c086daa447c4651605818287b9532d3d0bd435?s=96&d=mm&r=g","contentUrl":"https:\/\/secure.gravatar.com\/avatar\/3a8de04a2656d44082be478bd6c086daa447c4651605818287b9532d3d0bd435?s=96&d=mm&r=g","caption":"Lo viste en Los Pol\u00edticos"},"url":"https:\/\/lospoliticosveracruz.com\/?author=2"}]}},"_links":{"self":[{"href":"https:\/\/lospoliticosveracruz.com\/index.php?rest_route=\/wp\/v2\/posts\/81589","targetHints":{"allow":["GET"]}}],"collection":[{"href":"https:\/\/lospoliticosveracruz.com\/index.php?rest_route=\/wp\/v2\/posts"}],"about":[{"href":"https:\/\/lospoliticosveracruz.com\/index.php?rest_route=\/wp\/v2\/types\/post"}],"author":[{"embeddable":true,"href":"https:\/\/lospoliticosveracruz.com\/index.php?rest_route=\/wp\/v2\/users\/2"}],"replies":[{"embeddable":true,"href":"https:\/\/lospoliticosveracruz.com\/index.php?rest_route=%2Fwp%2Fv2%2Fcomments&post=81589"}],"version-history":[{"count":1,"href":"https:\/\/lospoliticosveracruz.com\/index.php?rest_route=\/wp\/v2\/posts\/81589\/revisions"}],"predecessor-version":[{"id":81591,"href":"https:\/\/lospoliticosveracruz.com\/index.php?rest_route=\/wp\/v2\/posts\/81589\/revisions\/81591"}],"wp:attachment":[{"href":"https:\/\/lospoliticosveracruz.com\/index.php?rest_route=%2Fwp%2Fv2%2Fmedia&parent=81589"}],"wp:term":[{"taxonomy":"category","embeddable":true,"href":"https:\/\/lospoliticosveracruz.com\/index.php?rest_route=%2Fwp%2Fv2%2Fcategories&post=81589"},{"taxonomy":"post_tag","embeddable":true,"href":"https:\/\/lospoliticosveracruz.com\/index.php?rest_route=%2Fwp%2Fv2%2Ftags&post=81589"}],"curies":[{"name":"wp","href":"https:\/\/api.w.org\/{rel}","templated":true}]}}