{"id":81653,"date":"2021-11-08T14:56:44","date_gmt":"2021-11-08T20:56:44","guid":{"rendered":"https:\/\/lospoliticosveracruz.com.mx\/?p=81653"},"modified":"2021-11-08T15:23:13","modified_gmt":"2021-11-08T21:23:13","slug":"chapito-y-maura-se-apuntan","status":"publish","type":"post","link":"https:\/\/lospoliticosveracruz.com\/?p=81653","title":{"rendered":"Chapito y Mayra se apuntan!"},"content":{"rendered":"\n<p><\/p>\n\n\n\n<p>Este lunes 08 de noviembre concluy\u00f3 el periodo de registro de planillas de aspirantes al Comit\u00e9 Directivo Estatal del PAN (CDE) en Veracruz, como parte del proceso de elecci\u00f3n interna del PAN a cargo de la Comisi\u00f3n Estatal Organizadora (CEO).<\/p>\n\n\n\n<p>Los registros dieron inicio desde el 21 de octubre y ser\u00e1n analizados por la CEO para su procedencia, misma que ser\u00e1 notificada a m\u00e1s tardar el 18 de noviembre, como lo marca la convocatoria de renovaci\u00f3n del Comit\u00e9.<\/p>\n\n\n\n<p>En total se present\u00f3 el registro de dos planillas&nbsp;hasta el periodo reglamentario,&nbsp;cumpliendo con la integraci\u00f3n paritaria que marcan las acciones afirmativas aprobadas por el Comit\u00e9 Ejecutivo Nacional del PAN.&nbsp;<\/p>\n\n\n\n<p>El primer registro se realiz\u00f3 el s\u00e1bado 6 de noviembre por la planilla&nbsp;encabezada por Tito Delf\u00edn Cano como aspirante a Presidente del CDE e Indira Rosales San Rom\u00e1n como aspirante a Secretaria General. Y como integrantes:&nbsp;Alicia Lara, Rene Meseguer Elizondo, Ana&nbsp;Ledezma, Federico Salom\u00f3n Molina, Mar\u00eda de Jes\u00fas Mart\u00ednez, Ricardo Serna y Gabriel \u00c1lvarez.<\/p>\n\n\n\n<p>De igual forma, este lunes 8 de noviembre<a><\/a>&nbsp;se registr\u00f3 la planilla encabezada por Joaqu\u00edn Guzm\u00e1n Avil\u00e9s como aspirante a Presidente del CDE; Mayra Cort\u00e9s Rodr\u00edguez como aspirante a Secretaria General; y&nbsp;Jos\u00e9 Alberto Vel\u00e1zquez Fajardo,&nbsp;Ruth&nbsp;Noem\u00edArredondo \u00c1lvarez,&nbsp;Agust\u00edn Jaime Andrade Murga,&nbsp;Claudia Alicia&nbsp;Berriel&nbsp;Figueiras,&nbsp;No\u00e9&nbsp;Hazael&nbsp;Villegas&nbsp;Ar\u00e9valo,&nbsp;Rosa del Carmen Zamudio Rosas&nbsp;y&nbsp;Jafet Hilario&nbsp;D\u00e1vila&nbsp;como integrantes de planilla.<\/p>\n\n\n\n<p>La CEO record\u00f3 que en el proceso de elecci\u00f3n interna predominan los principios de imparcialidad,&nbsp;certeza&nbsp;y legalidad, por lo que cada registro ser\u00e1 analizado para determinar si los integrantes cumplen con los requisitos que establece la convocatoria.<\/p>\n","protected":false},"excerpt":{"rendered":"<p>Este lunes 08 de noviembre concluy\u00f3 el periodo de registro de planillas de aspirantes al Comit\u00e9 Directivo Estatal del PAN (CDE) en Veracruz, como parte del proceso de elecci\u00f3n interna del PAN a cargo de la Comisi\u00f3n Estatal Organizadora (CEO). Los registros dieron inicio desde el 21 de octubre y ser\u00e1n analizados por la CEO [&hellip;]<\/p>\n","protected":false},"author":2,"featured_media":0,"comment_status":"closed","ping_status":"closed","sticky":false,"template":"","format":"standard","meta":{"tdm_status":"","tdm_grid_status":"","footnotes":""},"categories":[73],"tags":[31105,3288,31103,6968,31106,31102],"class_list":{"0":"post-81653","1":"post","2":"type-post","3":"status-publish","4":"format-standard","6":"category-de-boleto","7":"tag-claudia-alicia-berriel-figueiras","8":"tag-joaquin-guzman-aviles","9":"tag-jose-alberto-velazquez-fajardo","10":"tag-mayra-cortes-rodriguez","11":"tag-noe-hazael-villegas-arevalo","12":"tag-ruth-noemiarredondo-alvarez"},"yoast_head":"<!-- This site is optimized with the Yoast SEO plugin v27.4 - https:\/\/yoast.com\/product\/yoast-seo-wordpress\/ -->\n<title>Chapito y Mayra se apuntan! - Los pol\u00edticos Veracruz<\/title>\n<meta name=\"robots\" content=\"index, follow, max-snippet:-1, max-image-preview:large, max-video-preview:-1\" \/>\n<link rel=\"canonical\" href=\"https:\/\/lospoliticosveracruz.com\/?p=81653\" \/>\n<meta property=\"og:locale\" content=\"es_ES\" \/>\n<meta property=\"og:type\" content=\"article\" \/>\n<meta property=\"og:title\" content=\"Chapito y Mayra se apuntan! - Los pol\u00edticos Veracruz\" \/>\n<meta property=\"og:description\" content=\"Este lunes 08 de noviembre concluy\u00f3 el periodo de registro de planillas de aspirantes al Comit\u00e9 Directivo Estatal del PAN (CDE) en Veracruz, como parte del proceso de elecci\u00f3n interna del PAN a cargo de la Comisi\u00f3n Estatal Organizadora (CEO). Los registros dieron inicio desde el 21 de octubre y ser\u00e1n analizados por la CEO [&hellip;]\" \/>\n<meta property=\"og:url\" content=\"https:\/\/lospoliticosveracruz.com\/?p=81653\" \/>\n<meta property=\"og:site_name\" content=\"Los pol\u00edticos Veracruz\" \/>\n<meta property=\"article:publisher\" content=\"https:\/\/www.facebook.com\/people\/Notimemes-de-los-Polticos\/61565672886568\/\" \/>\n<meta property=\"article:published_time\" content=\"2021-11-08T20:56:44+00:00\" \/>\n<meta property=\"article:modified_time\" content=\"2021-11-08T21:23:13+00:00\" \/>\n<meta property=\"og:image\" content=\"https:\/\/lospoliticosveracruz.com\/wp-content\/uploads\/2016\/07\/Logo-Dor.jpg\" \/>\n\t<meta property=\"og:image:width\" content=\"200\" \/>\n\t<meta property=\"og:image:height\" content=\"200\" \/>\n\t<meta property=\"og:image:type\" content=\"image\/jpeg\" \/>\n<meta name=\"author\" content=\"Lo viste en Los Pol\u00edticos\" \/>\n<meta name=\"twitter:card\" content=\"summary_large_image\" \/>\n<meta name=\"twitter:creator\" content=\"@LosPoliticosVer\" \/>\n<meta name=\"twitter:site\" content=\"@LosPoliticosVer\" \/>\n<meta name=\"twitter:label1\" content=\"Escrito por\" \/>\n\t<meta name=\"twitter:data1\" content=\"Lo viste en Los Pol\u00edticos\" \/>\n\t<meta name=\"twitter:label2\" content=\"Tiempo de lectura\" \/>\n\t<meta name=\"twitter:data2\" content=\"2 minutos\" \/>\n<script type=\"application\/ld+json\" class=\"yoast-schema-graph\">{\"@context\":\"https:\\\/\\\/schema.org\",\"@graph\":[{\"@type\":\"Article\",\"@id\":\"https:\\\/\\\/lospoliticosveracruz.com\\\/?p=81653#article\",\"isPartOf\":{\"@id\":\"https:\\\/\\\/lospoliticosveracruz.com\\\/?p=81653\"},\"author\":{\"name\":\"Lo viste en Los Pol\u00edticos\",\"@id\":\"https:\\\/\\\/lospoliticosveracruz.com\\\/#\\\/schema\\\/person\\\/b8702bb0e538456e6efd07080bf2a4a2\"},\"headline\":\"Chapito y Mayra se apuntan!\",\"datePublished\":\"2021-11-08T20:56:44+00:00\",\"dateModified\":\"2021-11-08T21:23:13+00:00\",\"mainEntityOfPage\":{\"@id\":\"https:\\\/\\\/lospoliticosveracruz.com\\\/?p=81653\"},\"wordCount\":316,\"publisher\":{\"@id\":\"https:\\\/\\\/lospoliticosveracruz.com\\\/#organization\"},\"keywords\":[\"Claudia Alicia\u00a0Berriel\u00a0Figueiras\",\"Joaqu\u00edn Guzm\u00e1n Avil\u00e9s\",\"Jos\u00e9 Alberto Vel\u00e1zquez Fajardo\",\"Mayra Cort\u00e9s Rodr\u00edguez\",\"No\u00e9\u00a0Hazael\u00a0Villegas\u00a0Ar\u00e9valo\",\"Ruth\u00a0Noem\u00edArredondo \u00c1lvarez\"],\"articleSection\":[\"De Boleto\"],\"inLanguage\":\"es\"},{\"@type\":\"WebPage\",\"@id\":\"https:\\\/\\\/lospoliticosveracruz.com\\\/?p=81653\",\"url\":\"https:\\\/\\\/lospoliticosveracruz.com\\\/?p=81653\",\"name\":\"Chapito y Mayra se apuntan! - Los pol\u00edticos Veracruz\",\"isPartOf\":{\"@id\":\"https:\\\/\\\/lospoliticosveracruz.com\\\/#website\"},\"datePublished\":\"2021-11-08T20:56:44+00:00\",\"dateModified\":\"2021-11-08T21:23:13+00:00\",\"breadcrumb\":{\"@id\":\"https:\\\/\\\/lospoliticosveracruz.com\\\/?p=81653#breadcrumb\"},\"inLanguage\":\"es\",\"potentialAction\":[{\"@type\":\"ReadAction\",\"target\":[\"https:\\\/\\\/lospoliticosveracruz.com\\\/?p=81653\"]}]},{\"@type\":\"BreadcrumbList\",\"@id\":\"https:\\\/\\\/lospoliticosveracruz.com\\\/?p=81653#breadcrumb\",\"itemListElement\":[{\"@type\":\"ListItem\",\"position\":1,\"name\":\"Portada\",\"item\":\"https:\\\/\\\/lospoliticosveracruz.com\\\/\"},{\"@type\":\"ListItem\",\"position\":2,\"name\":\"Chapito y Mayra se apuntan!\"}]},{\"@type\":\"WebSite\",\"@id\":\"https:\\\/\\\/lospoliticosveracruz.com\\\/#website\",\"url\":\"https:\\\/\\\/lospoliticosveracruz.com\\\/\",\"name\":\"Los pol\u00edticos Veracruz\",\"description\":\"\",\"publisher\":{\"@id\":\"https:\\\/\\\/lospoliticosveracruz.com\\\/#organization\"},\"potentialAction\":[{\"@type\":\"SearchAction\",\"target\":{\"@type\":\"EntryPoint\",\"urlTemplate\":\"https:\\\/\\\/lospoliticosveracruz.com\\\/?s={search_term_string}\"},\"query-input\":{\"@type\":\"PropertyValueSpecification\",\"valueRequired\":true,\"valueName\":\"search_term_string\"}}],\"inLanguage\":\"es\"},{\"@type\":\"Organization\",\"@id\":\"https:\\\/\\\/lospoliticosveracruz.com\\\/#organization\",\"name\":\"Los pol\u00edticos Veracruz\",\"url\":\"https:\\\/\\\/lospoliticosveracruz.com\\\/\",\"logo\":{\"@type\":\"ImageObject\",\"inLanguage\":\"es\",\"@id\":\"https:\\\/\\\/lospoliticosveracruz.com\\\/#\\\/schema\\\/logo\\\/image\\\/\",\"url\":\"https:\\\/\\\/lospoliticosveracruz.com\\\/wp-content\\\/uploads\\\/2025\\\/12\\\/Logo-Nuevo-LOS-POLITICOS-1.jpg\",\"contentUrl\":\"https:\\\/\\\/lospoliticosveracruz.com\\\/wp-content\\\/uploads\\\/2025\\\/12\\\/Logo-Nuevo-LOS-POLITICOS-1.jpg\",\"width\":260,\"height\":70,\"caption\":\"Los pol\u00edticos Veracruz\"},\"image\":{\"@id\":\"https:\\\/\\\/lospoliticosveracruz.com\\\/#\\\/schema\\\/logo\\\/image\\\/\"},\"sameAs\":[\"https:\\\/\\\/www.facebook.com\\\/people\\\/Notimemes-de-los-Polticos\\\/61565672886568\\\/\",\"https:\\\/\\\/x.com\\\/LosPoliticosVer\"]},{\"@type\":\"Person\",\"@id\":\"https:\\\/\\\/lospoliticosveracruz.com\\\/#\\\/schema\\\/person\\\/b8702bb0e538456e6efd07080bf2a4a2\",\"name\":\"Lo viste en Los Pol\u00edticos\",\"image\":{\"@type\":\"ImageObject\",\"inLanguage\":\"es\",\"@id\":\"https:\\\/\\\/secure.gravatar.com\\\/avatar\\\/3a8de04a2656d44082be478bd6c086daa447c4651605818287b9532d3d0bd435?s=96&d=mm&r=g\",\"url\":\"https:\\\/\\\/secure.gravatar.com\\\/avatar\\\/3a8de04a2656d44082be478bd6c086daa447c4651605818287b9532d3d0bd435?s=96&d=mm&r=g\",\"contentUrl\":\"https:\\\/\\\/secure.gravatar.com\\\/avatar\\\/3a8de04a2656d44082be478bd6c086daa447c4651605818287b9532d3d0bd435?s=96&d=mm&r=g\",\"caption\":\"Lo viste en Los Pol\u00edticos\"},\"url\":\"https:\\\/\\\/lospoliticosveracruz.com\\\/?author=2\"}]}<\/script>\n<!-- \/ Yoast SEO plugin. -->","yoast_head_json":{"title":"Chapito y Mayra se apuntan! - Los pol\u00edticos Veracruz","robots":{"index":"index","follow":"follow","max-snippet":"max-snippet:-1","max-image-preview":"max-image-preview:large","max-video-preview":"max-video-preview:-1"},"canonical":"https:\/\/lospoliticosveracruz.com\/?p=81653","og_locale":"es_ES","og_type":"article","og_title":"Chapito y Mayra se apuntan! - Los pol\u00edticos Veracruz","og_description":"Este lunes 08 de noviembre concluy\u00f3 el periodo de registro de planillas de aspirantes al Comit\u00e9 Directivo Estatal del PAN (CDE) en Veracruz, como parte del proceso de elecci\u00f3n interna del PAN a cargo de la Comisi\u00f3n Estatal Organizadora (CEO). Los registros dieron inicio desde el 21 de octubre y ser\u00e1n analizados por la CEO [&hellip;]","og_url":"https:\/\/lospoliticosveracruz.com\/?p=81653","og_site_name":"Los pol\u00edticos Veracruz","article_publisher":"https:\/\/www.facebook.com\/people\/Notimemes-de-los-Polticos\/61565672886568\/","article_published_time":"2021-11-08T20:56:44+00:00","article_modified_time":"2021-11-08T21:23:13+00:00","og_image":[{"width":200,"height":200,"url":"https:\/\/lospoliticosveracruz.com\/wp-content\/uploads\/2016\/07\/Logo-Dor.jpg","type":"image\/jpeg"}],"author":"Lo viste en Los Pol\u00edticos","twitter_card":"summary_large_image","twitter_creator":"@LosPoliticosVer","twitter_site":"@LosPoliticosVer","twitter_misc":{"Escrito por":"Lo viste en Los Pol\u00edticos","Tiempo de lectura":"2 minutos"},"schema":{"@context":"https:\/\/schema.org","@graph":[{"@type":"Article","@id":"https:\/\/lospoliticosveracruz.com\/?p=81653#article","isPartOf":{"@id":"https:\/\/lospoliticosveracruz.com\/?p=81653"},"author":{"name":"Lo viste en Los Pol\u00edticos","@id":"https:\/\/lospoliticosveracruz.com\/#\/schema\/person\/b8702bb0e538456e6efd07080bf2a4a2"},"headline":"Chapito y Mayra se apuntan!","datePublished":"2021-11-08T20:56:44+00:00","dateModified":"2021-11-08T21:23:13+00:00","mainEntityOfPage":{"@id":"https:\/\/lospoliticosveracruz.com\/?p=81653"},"wordCount":316,"publisher":{"@id":"https:\/\/lospoliticosveracruz.com\/#organization"},"keywords":["Claudia Alicia\u00a0Berriel\u00a0Figueiras","Joaqu\u00edn Guzm\u00e1n Avil\u00e9s","Jos\u00e9 Alberto Vel\u00e1zquez Fajardo","Mayra Cort\u00e9s Rodr\u00edguez","No\u00e9\u00a0Hazael\u00a0Villegas\u00a0Ar\u00e9valo","Ruth\u00a0Noem\u00edArredondo \u00c1lvarez"],"articleSection":["De Boleto"],"inLanguage":"es"},{"@type":"WebPage","@id":"https:\/\/lospoliticosveracruz.com\/?p=81653","url":"https:\/\/lospoliticosveracruz.com\/?p=81653","name":"Chapito y Mayra se apuntan! - Los pol\u00edticos Veracruz","isPartOf":{"@id":"https:\/\/lospoliticosveracruz.com\/#website"},"datePublished":"2021-11-08T20:56:44+00:00","dateModified":"2021-11-08T21:23:13+00:00","breadcrumb":{"@id":"https:\/\/lospoliticosveracruz.com\/?p=81653#breadcrumb"},"inLanguage":"es","potentialAction":[{"@type":"ReadAction","target":["https:\/\/lospoliticosveracruz.com\/?p=81653"]}]},{"@type":"BreadcrumbList","@id":"https:\/\/lospoliticosveracruz.com\/?p=81653#breadcrumb","itemListElement":[{"@type":"ListItem","position":1,"name":"Portada","item":"https:\/\/lospoliticosveracruz.com\/"},{"@type":"ListItem","position":2,"name":"Chapito y Mayra se apuntan!"}]},{"@type":"WebSite","@id":"https:\/\/lospoliticosveracruz.com\/#website","url":"https:\/\/lospoliticosveracruz.com\/","name":"Los pol\u00edticos Veracruz","description":"","publisher":{"@id":"https:\/\/lospoliticosveracruz.com\/#organization"},"potentialAction":[{"@type":"SearchAction","target":{"@type":"EntryPoint","urlTemplate":"https:\/\/lospoliticosveracruz.com\/?s={search_term_string}"},"query-input":{"@type":"PropertyValueSpecification","valueRequired":true,"valueName":"search_term_string"}}],"inLanguage":"es"},{"@type":"Organization","@id":"https:\/\/lospoliticosveracruz.com\/#organization","name":"Los pol\u00edticos Veracruz","url":"https:\/\/lospoliticosveracruz.com\/","logo":{"@type":"ImageObject","inLanguage":"es","@id":"https:\/\/lospoliticosveracruz.com\/#\/schema\/logo\/image\/","url":"https:\/\/lospoliticosveracruz.com\/wp-content\/uploads\/2025\/12\/Logo-Nuevo-LOS-POLITICOS-1.jpg","contentUrl":"https:\/\/lospoliticosveracruz.com\/wp-content\/uploads\/2025\/12\/Logo-Nuevo-LOS-POLITICOS-1.jpg","width":260,"height":70,"caption":"Los pol\u00edticos Veracruz"},"image":{"@id":"https:\/\/lospoliticosveracruz.com\/#\/schema\/logo\/image\/"},"sameAs":["https:\/\/www.facebook.com\/people\/Notimemes-de-los-Polticos\/61565672886568\/","https:\/\/x.com\/LosPoliticosVer"]},{"@type":"Person","@id":"https:\/\/lospoliticosveracruz.com\/#\/schema\/person\/b8702bb0e538456e6efd07080bf2a4a2","name":"Lo viste en Los Pol\u00edticos","image":{"@type":"ImageObject","inLanguage":"es","@id":"https:\/\/secure.gravatar.com\/avatar\/3a8de04a2656d44082be478bd6c086daa447c4651605818287b9532d3d0bd435?s=96&d=mm&r=g","url":"https:\/\/secure.gravatar.com\/avatar\/3a8de04a2656d44082be478bd6c086daa447c4651605818287b9532d3d0bd435?s=96&d=mm&r=g","contentUrl":"https:\/\/secure.gravatar.com\/avatar\/3a8de04a2656d44082be478bd6c086daa447c4651605818287b9532d3d0bd435?s=96&d=mm&r=g","caption":"Lo viste en Los Pol\u00edticos"},"url":"https:\/\/lospoliticosveracruz.com\/?author=2"}]}},"_links":{"self":[{"href":"https:\/\/lospoliticosveracruz.com\/index.php?rest_route=\/wp\/v2\/posts\/81653","targetHints":{"allow":["GET"]}}],"collection":[{"href":"https:\/\/lospoliticosveracruz.com\/index.php?rest_route=\/wp\/v2\/posts"}],"about":[{"href":"https:\/\/lospoliticosveracruz.com\/index.php?rest_route=\/wp\/v2\/types\/post"}],"author":[{"embeddable":true,"href":"https:\/\/lospoliticosveracruz.com\/index.php?rest_route=\/wp\/v2\/users\/2"}],"replies":[{"embeddable":true,"href":"https:\/\/lospoliticosveracruz.com\/index.php?rest_route=%2Fwp%2Fv2%2Fcomments&post=81653"}],"version-history":[{"count":2,"href":"https:\/\/lospoliticosveracruz.com\/index.php?rest_route=\/wp\/v2\/posts\/81653\/revisions"}],"predecessor-version":[{"id":81656,"href":"https:\/\/lospoliticosveracruz.com\/index.php?rest_route=\/wp\/v2\/posts\/81653\/revisions\/81656"}],"wp:attachment":[{"href":"https:\/\/lospoliticosveracruz.com\/index.php?rest_route=%2Fwp%2Fv2%2Fmedia&parent=81653"}],"wp:term":[{"taxonomy":"category","embeddable":true,"href":"https:\/\/lospoliticosveracruz.com\/index.php?rest_route=%2Fwp%2Fv2%2Fcategories&post=81653"},{"taxonomy":"post_tag","embeddable":true,"href":"https:\/\/lospoliticosveracruz.com\/index.php?rest_route=%2Fwp%2Fv2%2Ftags&post=81653"}],"curies":[{"name":"wp","href":"https:\/\/api.w.org\/{rel}","templated":true}]}}