{"id":81663,"date":"2021-11-08T16:52:01","date_gmt":"2021-11-08T22:52:01","guid":{"rendered":"https:\/\/lospoliticosveracruz.com.mx\/?p=81663"},"modified":"2021-11-08T16:52:15","modified_gmt":"2021-11-08T22:52:15","slug":"un-registro-a-la-huasteca","status":"publish","type":"post","link":"https:\/\/lospoliticosveracruz.com\/?p=81663","title":{"rendered":"Un registro, a la huasteca!"},"content":{"rendered":"\n<p><\/p>\n\n\n\n<p><\/p>\n\n\n\n<p>Xalapa<\/p>\n\n\n\n<p><br>Joaqu\u00edn Rosendo Guzm\u00e1n Avil\u00e9s y Mayra T. Cort\u00e9s Rodr\u00edguez, acompa\u00f1ados de su planilla, se registraron este lunes ante la Comisi\u00f3n Electoral Organizadora como Presidente del Comit\u00e9 Directivo Estatal del Partido Acci\u00f3n Nacional y Candidata a Secretaria General, respectivamente.<\/p>\n\n\n\n<p>Guzm\u00e1n Avil\u00e9s realiz\u00f3 una caminata muy al estilo huesteco, con m\u00fasica y m\u00e1s de 200 militantes que lo acompa\u00f1aron hacia las oficinas del Comit\u00e9 Directivo Estatal, donde asegur\u00f3 que en la democracia interna del panismo, siempre se gana cuando se pone por delante a la instituci\u00f3n y a lo m\u00e1s importante que esta tiene, su militancia.<\/p>\n\n\n\n<p>Rafael Palacios Silva, Presidente de la CEO del CDE del PAN Veracruz, fue el encargado de recibirlos y les record\u00f3 que la Comisi\u00f3n Estatal Organizadora se conducir\u00e1 de acuero a lo que marcan los estatutos, reglamentos, convocatoria, legalidad, objetividad, transparencia e imparcialidad, para que existan las condiciones favorables y tengan la certeza de que su actuar estar\u00e1 apegado a lo que indican las normas.<\/p>\n\n\n\n<p>En su discurso, Joaqu\u00edn R. Guzm\u00e1n Aviles destac\u00f3 que se perdi\u00f3 el rumbo en el PAN de Veracruz, dado que le quitaron la posibilidad de elegir a sus candidatas y candidatos, convirti\u00e9ndolo en una mala copia de otros partidos pol\u00edticos.<\/p>\n\n\n\n<p>\u201cS\u00f3lo ve\u00edan sus inter\u00e9ses personales o grupales, designando las candidaturas por todo el estado\u201d, resalt\u00f3.<\/p>\n\n\n\n<p>Indic\u00f3 que el panismo veracruzano jam\u00e1s dejar\u00e1 de luchar por una verdadera democracia, por ello su compromiso ser\u00e1 caminar durante los pr\u00f3ximos tres a\u00f1os, unidos y de manera coordinada.<\/p>\n\n\n\n<p>\u201cComit\u00e9 Directivo Estatal con todas nuestras y nuestros representantes populares, para que seamos la voz de la ciudadan\u00eda, juntos desde el Congreso del Estado, el Comit\u00e9 Directivo Estatal, los Comit\u00e9s Directivos Municipales, y nuestros ediles en sus municipios\u201d, mencion\u00f3 el Candidato.<\/p>\n\n\n\n<p>Por \u00faltimo, Joaqu\u00edn Guzm\u00e1n se\u00f1al\u00f3 que los panistas dar\u00e1n batalla todos los d\u00edas, hasta ganar nuevamente la gubernatura en el a\u00f1o 2024.<\/p>\n\n\n\n<p>Los integrantes que conforman la planilla de Joaqu\u00edn Rosendo Guzm\u00e1n Avil\u00e9s en la contienda interna del Partido Acci\u00f3n Nacional son: Mayra T. Cort\u00e9s Rodr\u00edguez, Jos\u00e9 Alberto Vel\u00e1zquez Fajardo, Ruth Noem\u00ed Arredondo \u00c1lvarez, Agust\u00edn Jaime Andrade Murga, Claudia Alicia Berriel Figueiras, Hazael Villegas Ar\u00e9valo, Rosa del Carmen Zamudio Rosas, y Jafet Hilario D\u00e1vila.<\/p>\n","protected":false},"excerpt":{"rendered":"<p>Xalapa Joaqu\u00edn Rosendo Guzm\u00e1n Avil\u00e9s y Mayra T. Cort\u00e9s Rodr\u00edguez, acompa\u00f1ados de su planilla, se registraron este lunes ante la Comisi\u00f3n Electoral Organizadora como Presidente del Comit\u00e9 Directivo Estatal del Partido Acci\u00f3n Nacional y Candidata a Secretaria General, respectivamente. Guzm\u00e1n Avil\u00e9s realiz\u00f3 una caminata muy al estilo huesteco, con m\u00fasica y m\u00e1s de 200 militantes [&hellip;]<\/p>\n","protected":false},"author":2,"featured_media":0,"comment_status":"closed","ping_status":"closed","sticky":false,"template":"","format":"standard","meta":{"tdm_status":"","tdm_grid_status":"","footnotes":""},"categories":[73],"tags":[31109,31112,31111,31114,2814,31103,31108,31113,31110],"class_list":{"0":"post-81663","1":"post","2":"type-post","3":"status-publish","4":"format-standard","6":"category-de-boleto","7":"tag-cde-del-pan-veracruz","8":"tag-claudia-alicia-berriel-figueiras-2","9":"tag-hazael-villegas-arevalo","10":"tag-jafet-hilario-davila","11":"tag-joaquin-rosendo-guzman-aviles","12":"tag-jose-alberto-velazquez-fajardo","13":"tag-mayra-t-cortes-rodriguez","14":"tag-rosa-del-carmen-zamudio-rosas","15":"tag-ruth-noemi-arredondo-alvarez"},"yoast_head":"<!-- This site is optimized with the Yoast SEO plugin v27.4 - https:\/\/yoast.com\/product\/yoast-seo-wordpress\/ -->\n<title>Un registro, a la huasteca! - Los pol\u00edticos Veracruz<\/title>\n<meta name=\"robots\" content=\"index, follow, max-snippet:-1, max-image-preview:large, max-video-preview:-1\" \/>\n<link rel=\"canonical\" href=\"https:\/\/lospoliticosveracruz.com\/?p=81663\" \/>\n<meta property=\"og:locale\" content=\"es_ES\" \/>\n<meta property=\"og:type\" content=\"article\" \/>\n<meta property=\"og:title\" content=\"Un registro, a la huasteca! - Los pol\u00edticos Veracruz\" \/>\n<meta property=\"og:description\" content=\"Xalapa Joaqu\u00edn Rosendo Guzm\u00e1n Avil\u00e9s y Mayra T. Cort\u00e9s Rodr\u00edguez, acompa\u00f1ados de su planilla, se registraron este lunes ante la Comisi\u00f3n Electoral Organizadora como Presidente del Comit\u00e9 Directivo Estatal del Partido Acci\u00f3n Nacional y Candidata a Secretaria General, respectivamente. Guzm\u00e1n Avil\u00e9s realiz\u00f3 una caminata muy al estilo huesteco, con m\u00fasica y m\u00e1s de 200 militantes [&hellip;]\" \/>\n<meta property=\"og:url\" content=\"https:\/\/lospoliticosveracruz.com\/?p=81663\" \/>\n<meta property=\"og:site_name\" content=\"Los pol\u00edticos Veracruz\" \/>\n<meta property=\"article:publisher\" content=\"https:\/\/www.facebook.com\/people\/Notimemes-de-los-Polticos\/61565672886568\/\" \/>\n<meta property=\"article:published_time\" content=\"2021-11-08T22:52:01+00:00\" \/>\n<meta property=\"article:modified_time\" content=\"2021-11-08T22:52:15+00:00\" \/>\n<meta property=\"og:image\" content=\"https:\/\/lospoliticosveracruz.com\/wp-content\/uploads\/2016\/07\/Logo-Dor.jpg\" \/>\n\t<meta property=\"og:image:width\" content=\"200\" \/>\n\t<meta property=\"og:image:height\" content=\"200\" \/>\n\t<meta property=\"og:image:type\" content=\"image\/jpeg\" \/>\n<meta name=\"author\" content=\"Lo viste en Los Pol\u00edticos\" \/>\n<meta name=\"twitter:card\" content=\"summary_large_image\" \/>\n<meta name=\"twitter:creator\" content=\"@LosPoliticosVer\" \/>\n<meta name=\"twitter:site\" content=\"@LosPoliticosVer\" \/>\n<meta name=\"twitter:label1\" content=\"Escrito por\" \/>\n\t<meta name=\"twitter:data1\" content=\"Lo viste en Los Pol\u00edticos\" \/>\n\t<meta name=\"twitter:label2\" content=\"Tiempo de lectura\" \/>\n\t<meta name=\"twitter:data2\" content=\"2 minutos\" \/>\n<script type=\"application\/ld+json\" class=\"yoast-schema-graph\">{\"@context\":\"https:\\\/\\\/schema.org\",\"@graph\":[{\"@type\":\"Article\",\"@id\":\"https:\\\/\\\/lospoliticosveracruz.com\\\/?p=81663#article\",\"isPartOf\":{\"@id\":\"https:\\\/\\\/lospoliticosveracruz.com\\\/?p=81663\"},\"author\":{\"name\":\"Lo viste en Los Pol\u00edticos\",\"@id\":\"https:\\\/\\\/lospoliticosveracruz.com\\\/#\\\/schema\\\/person\\\/b8702bb0e538456e6efd07080bf2a4a2\"},\"headline\":\"Un registro, a la huasteca!\",\"datePublished\":\"2021-11-08T22:52:01+00:00\",\"dateModified\":\"2021-11-08T22:52:15+00:00\",\"mainEntityOfPage\":{\"@id\":\"https:\\\/\\\/lospoliticosveracruz.com\\\/?p=81663\"},\"wordCount\":405,\"publisher\":{\"@id\":\"https:\\\/\\\/lospoliticosveracruz.com\\\/#organization\"},\"keywords\":[\"CDE del PAN Veracruz\",\"Claudia Alicia Berriel Figueiras\",\"Hazael Villegas Ar\u00e9valo\",\"Jafet Hilario D\u00e1vila\",\"Joaqu\u00edn Rosendo Guzm\u00e1n Avil\u00e9s\",\"Jos\u00e9 Alberto Vel\u00e1zquez Fajardo\",\"Mayra T. Cort\u00e9s Rodr\u00edguez\",\"Rosa del Carmen Zamudio Rosas\",\"Ruth Noem\u00ed Arredondo \u00c1lvarez\"],\"articleSection\":[\"De Boleto\"],\"inLanguage\":\"es\"},{\"@type\":\"WebPage\",\"@id\":\"https:\\\/\\\/lospoliticosveracruz.com\\\/?p=81663\",\"url\":\"https:\\\/\\\/lospoliticosveracruz.com\\\/?p=81663\",\"name\":\"Un registro, a la huasteca! - Los pol\u00edticos Veracruz\",\"isPartOf\":{\"@id\":\"https:\\\/\\\/lospoliticosveracruz.com\\\/#website\"},\"datePublished\":\"2021-11-08T22:52:01+00:00\",\"dateModified\":\"2021-11-08T22:52:15+00:00\",\"breadcrumb\":{\"@id\":\"https:\\\/\\\/lospoliticosveracruz.com\\\/?p=81663#breadcrumb\"},\"inLanguage\":\"es\",\"potentialAction\":[{\"@type\":\"ReadAction\",\"target\":[\"https:\\\/\\\/lospoliticosveracruz.com\\\/?p=81663\"]}]},{\"@type\":\"BreadcrumbList\",\"@id\":\"https:\\\/\\\/lospoliticosveracruz.com\\\/?p=81663#breadcrumb\",\"itemListElement\":[{\"@type\":\"ListItem\",\"position\":1,\"name\":\"Portada\",\"item\":\"https:\\\/\\\/lospoliticosveracruz.com\\\/\"},{\"@type\":\"ListItem\",\"position\":2,\"name\":\"Un registro, a la huasteca!\"}]},{\"@type\":\"WebSite\",\"@id\":\"https:\\\/\\\/lospoliticosveracruz.com\\\/#website\",\"url\":\"https:\\\/\\\/lospoliticosveracruz.com\\\/\",\"name\":\"Los pol\u00edticos Veracruz\",\"description\":\"\",\"publisher\":{\"@id\":\"https:\\\/\\\/lospoliticosveracruz.com\\\/#organization\"},\"potentialAction\":[{\"@type\":\"SearchAction\",\"target\":{\"@type\":\"EntryPoint\",\"urlTemplate\":\"https:\\\/\\\/lospoliticosveracruz.com\\\/?s={search_term_string}\"},\"query-input\":{\"@type\":\"PropertyValueSpecification\",\"valueRequired\":true,\"valueName\":\"search_term_string\"}}],\"inLanguage\":\"es\"},{\"@type\":\"Organization\",\"@id\":\"https:\\\/\\\/lospoliticosveracruz.com\\\/#organization\",\"name\":\"Los pol\u00edticos Veracruz\",\"url\":\"https:\\\/\\\/lospoliticosveracruz.com\\\/\",\"logo\":{\"@type\":\"ImageObject\",\"inLanguage\":\"es\",\"@id\":\"https:\\\/\\\/lospoliticosveracruz.com\\\/#\\\/schema\\\/logo\\\/image\\\/\",\"url\":\"https:\\\/\\\/lospoliticosveracruz.com\\\/wp-content\\\/uploads\\\/2025\\\/12\\\/Logo-Nuevo-LOS-POLITICOS-1.jpg\",\"contentUrl\":\"https:\\\/\\\/lospoliticosveracruz.com\\\/wp-content\\\/uploads\\\/2025\\\/12\\\/Logo-Nuevo-LOS-POLITICOS-1.jpg\",\"width\":260,\"height\":70,\"caption\":\"Los pol\u00edticos Veracruz\"},\"image\":{\"@id\":\"https:\\\/\\\/lospoliticosveracruz.com\\\/#\\\/schema\\\/logo\\\/image\\\/\"},\"sameAs\":[\"https:\\\/\\\/www.facebook.com\\\/people\\\/Notimemes-de-los-Polticos\\\/61565672886568\\\/\",\"https:\\\/\\\/x.com\\\/LosPoliticosVer\"]},{\"@type\":\"Person\",\"@id\":\"https:\\\/\\\/lospoliticosveracruz.com\\\/#\\\/schema\\\/person\\\/b8702bb0e538456e6efd07080bf2a4a2\",\"name\":\"Lo viste en Los Pol\u00edticos\",\"image\":{\"@type\":\"ImageObject\",\"inLanguage\":\"es\",\"@id\":\"https:\\\/\\\/secure.gravatar.com\\\/avatar\\\/3a8de04a2656d44082be478bd6c086daa447c4651605818287b9532d3d0bd435?s=96&d=mm&r=g\",\"url\":\"https:\\\/\\\/secure.gravatar.com\\\/avatar\\\/3a8de04a2656d44082be478bd6c086daa447c4651605818287b9532d3d0bd435?s=96&d=mm&r=g\",\"contentUrl\":\"https:\\\/\\\/secure.gravatar.com\\\/avatar\\\/3a8de04a2656d44082be478bd6c086daa447c4651605818287b9532d3d0bd435?s=96&d=mm&r=g\",\"caption\":\"Lo viste en Los Pol\u00edticos\"},\"url\":\"https:\\\/\\\/lospoliticosveracruz.com\\\/?author=2\"}]}<\/script>\n<!-- \/ Yoast SEO plugin. -->","yoast_head_json":{"title":"Un registro, a la huasteca! - Los pol\u00edticos Veracruz","robots":{"index":"index","follow":"follow","max-snippet":"max-snippet:-1","max-image-preview":"max-image-preview:large","max-video-preview":"max-video-preview:-1"},"canonical":"https:\/\/lospoliticosveracruz.com\/?p=81663","og_locale":"es_ES","og_type":"article","og_title":"Un registro, a la huasteca! - Los pol\u00edticos Veracruz","og_description":"Xalapa Joaqu\u00edn Rosendo Guzm\u00e1n Avil\u00e9s y Mayra T. Cort\u00e9s Rodr\u00edguez, acompa\u00f1ados de su planilla, se registraron este lunes ante la Comisi\u00f3n Electoral Organizadora como Presidente del Comit\u00e9 Directivo Estatal del Partido Acci\u00f3n Nacional y Candidata a Secretaria General, respectivamente. Guzm\u00e1n Avil\u00e9s realiz\u00f3 una caminata muy al estilo huesteco, con m\u00fasica y m\u00e1s de 200 militantes [&hellip;]","og_url":"https:\/\/lospoliticosveracruz.com\/?p=81663","og_site_name":"Los pol\u00edticos Veracruz","article_publisher":"https:\/\/www.facebook.com\/people\/Notimemes-de-los-Polticos\/61565672886568\/","article_published_time":"2021-11-08T22:52:01+00:00","article_modified_time":"2021-11-08T22:52:15+00:00","og_image":[{"width":200,"height":200,"url":"https:\/\/lospoliticosveracruz.com\/wp-content\/uploads\/2016\/07\/Logo-Dor.jpg","type":"image\/jpeg"}],"author":"Lo viste en Los Pol\u00edticos","twitter_card":"summary_large_image","twitter_creator":"@LosPoliticosVer","twitter_site":"@LosPoliticosVer","twitter_misc":{"Escrito por":"Lo viste en Los Pol\u00edticos","Tiempo de lectura":"2 minutos"},"schema":{"@context":"https:\/\/schema.org","@graph":[{"@type":"Article","@id":"https:\/\/lospoliticosveracruz.com\/?p=81663#article","isPartOf":{"@id":"https:\/\/lospoliticosveracruz.com\/?p=81663"},"author":{"name":"Lo viste en Los Pol\u00edticos","@id":"https:\/\/lospoliticosveracruz.com\/#\/schema\/person\/b8702bb0e538456e6efd07080bf2a4a2"},"headline":"Un registro, a la huasteca!","datePublished":"2021-11-08T22:52:01+00:00","dateModified":"2021-11-08T22:52:15+00:00","mainEntityOfPage":{"@id":"https:\/\/lospoliticosveracruz.com\/?p=81663"},"wordCount":405,"publisher":{"@id":"https:\/\/lospoliticosveracruz.com\/#organization"},"keywords":["CDE del PAN Veracruz","Claudia Alicia Berriel Figueiras","Hazael Villegas Ar\u00e9valo","Jafet Hilario D\u00e1vila","Joaqu\u00edn Rosendo Guzm\u00e1n Avil\u00e9s","Jos\u00e9 Alberto Vel\u00e1zquez Fajardo","Mayra T. Cort\u00e9s Rodr\u00edguez","Rosa del Carmen Zamudio Rosas","Ruth Noem\u00ed Arredondo \u00c1lvarez"],"articleSection":["De Boleto"],"inLanguage":"es"},{"@type":"WebPage","@id":"https:\/\/lospoliticosveracruz.com\/?p=81663","url":"https:\/\/lospoliticosveracruz.com\/?p=81663","name":"Un registro, a la huasteca! - Los pol\u00edticos Veracruz","isPartOf":{"@id":"https:\/\/lospoliticosveracruz.com\/#website"},"datePublished":"2021-11-08T22:52:01+00:00","dateModified":"2021-11-08T22:52:15+00:00","breadcrumb":{"@id":"https:\/\/lospoliticosveracruz.com\/?p=81663#breadcrumb"},"inLanguage":"es","potentialAction":[{"@type":"ReadAction","target":["https:\/\/lospoliticosveracruz.com\/?p=81663"]}]},{"@type":"BreadcrumbList","@id":"https:\/\/lospoliticosveracruz.com\/?p=81663#breadcrumb","itemListElement":[{"@type":"ListItem","position":1,"name":"Portada","item":"https:\/\/lospoliticosveracruz.com\/"},{"@type":"ListItem","position":2,"name":"Un registro, a la huasteca!"}]},{"@type":"WebSite","@id":"https:\/\/lospoliticosveracruz.com\/#website","url":"https:\/\/lospoliticosveracruz.com\/","name":"Los pol\u00edticos Veracruz","description":"","publisher":{"@id":"https:\/\/lospoliticosveracruz.com\/#organization"},"potentialAction":[{"@type":"SearchAction","target":{"@type":"EntryPoint","urlTemplate":"https:\/\/lospoliticosveracruz.com\/?s={search_term_string}"},"query-input":{"@type":"PropertyValueSpecification","valueRequired":true,"valueName":"search_term_string"}}],"inLanguage":"es"},{"@type":"Organization","@id":"https:\/\/lospoliticosveracruz.com\/#organization","name":"Los pol\u00edticos Veracruz","url":"https:\/\/lospoliticosveracruz.com\/","logo":{"@type":"ImageObject","inLanguage":"es","@id":"https:\/\/lospoliticosveracruz.com\/#\/schema\/logo\/image\/","url":"https:\/\/lospoliticosveracruz.com\/wp-content\/uploads\/2025\/12\/Logo-Nuevo-LOS-POLITICOS-1.jpg","contentUrl":"https:\/\/lospoliticosveracruz.com\/wp-content\/uploads\/2025\/12\/Logo-Nuevo-LOS-POLITICOS-1.jpg","width":260,"height":70,"caption":"Los pol\u00edticos Veracruz"},"image":{"@id":"https:\/\/lospoliticosveracruz.com\/#\/schema\/logo\/image\/"},"sameAs":["https:\/\/www.facebook.com\/people\/Notimemes-de-los-Polticos\/61565672886568\/","https:\/\/x.com\/LosPoliticosVer"]},{"@type":"Person","@id":"https:\/\/lospoliticosveracruz.com\/#\/schema\/person\/b8702bb0e538456e6efd07080bf2a4a2","name":"Lo viste en Los Pol\u00edticos","image":{"@type":"ImageObject","inLanguage":"es","@id":"https:\/\/secure.gravatar.com\/avatar\/3a8de04a2656d44082be478bd6c086daa447c4651605818287b9532d3d0bd435?s=96&d=mm&r=g","url":"https:\/\/secure.gravatar.com\/avatar\/3a8de04a2656d44082be478bd6c086daa447c4651605818287b9532d3d0bd435?s=96&d=mm&r=g","contentUrl":"https:\/\/secure.gravatar.com\/avatar\/3a8de04a2656d44082be478bd6c086daa447c4651605818287b9532d3d0bd435?s=96&d=mm&r=g","caption":"Lo viste en Los Pol\u00edticos"},"url":"https:\/\/lospoliticosveracruz.com\/?author=2"}]}},"_links":{"self":[{"href":"https:\/\/lospoliticosveracruz.com\/index.php?rest_route=\/wp\/v2\/posts\/81663","targetHints":{"allow":["GET"]}}],"collection":[{"href":"https:\/\/lospoliticosveracruz.com\/index.php?rest_route=\/wp\/v2\/posts"}],"about":[{"href":"https:\/\/lospoliticosveracruz.com\/index.php?rest_route=\/wp\/v2\/types\/post"}],"author":[{"embeddable":true,"href":"https:\/\/lospoliticosveracruz.com\/index.php?rest_route=\/wp\/v2\/users\/2"}],"replies":[{"embeddable":true,"href":"https:\/\/lospoliticosveracruz.com\/index.php?rest_route=%2Fwp%2Fv2%2Fcomments&post=81663"}],"version-history":[{"count":1,"href":"https:\/\/lospoliticosveracruz.com\/index.php?rest_route=\/wp\/v2\/posts\/81663\/revisions"}],"predecessor-version":[{"id":81665,"href":"https:\/\/lospoliticosveracruz.com\/index.php?rest_route=\/wp\/v2\/posts\/81663\/revisions\/81665"}],"wp:attachment":[{"href":"https:\/\/lospoliticosveracruz.com\/index.php?rest_route=%2Fwp%2Fv2%2Fmedia&parent=81663"}],"wp:term":[{"taxonomy":"category","embeddable":true,"href":"https:\/\/lospoliticosveracruz.com\/index.php?rest_route=%2Fwp%2Fv2%2Fcategories&post=81663"},{"taxonomy":"post_tag","embeddable":true,"href":"https:\/\/lospoliticosveracruz.com\/index.php?rest_route=%2Fwp%2Fv2%2Ftags&post=81663"}],"curies":[{"name":"wp","href":"https:\/\/api.w.org\/{rel}","templated":true}]}}