{"id":81710,"date":"2021-11-09T16:42:05","date_gmt":"2021-11-09T22:42:05","guid":{"rendered":"https:\/\/lospoliticosveracruz.com.mx\/?p=81710"},"modified":"2021-11-09T16:42:12","modified_gmt":"2021-11-09T22:42:12","slug":"llega-ivai-al-totonacapan","status":"publish","type":"post","link":"https:\/\/lospoliticosveracruz.com\/?p=81710","title":{"rendered":"Llega IVAI al Totonacapan!"},"content":{"rendered":"\n<p><\/p>\n\n\n\n<p><\/p>\n\n\n\n<p><\/p>\n\n\n\n<p><strong>Papantla<\/strong><\/p>\n\n\n\n<p><br>Con el objetivo de incluir a todos los sectores en la promoci\u00f3n de su derecho de acceso a la informaci\u00f3n, este martes se realiz\u00f3 la Segunda Jornada de Socializaci\u00f3n del Derecho de Acceso a la Informaci\u00f3n (DAI) en el municipio de Papantla, en la que participaron mujeres ind\u00edgenas de esa la regi\u00f3n del norte de la entidad.<\/p>\n\n\n\n<p>Diego Ernesto D\u00edaz Iturbe, director de Facilitaci\u00f3n del Instituto Nacional de Transparencia y Acceso a la Informaci\u00f3n (INAI), subray\u00f3 que Veracruz es punta de lanza en este ejercicio, pues record\u00f3 que la semana pasada se realiz\u00f3 en Xalapa la primera jornada de socializaci\u00f3n en todo el pa\u00eds, en la que se trabaj\u00f3 con personas discapacitadas que integran diversas asociaciones civiles, a quienes se les orient\u00f3 sobre el uso de la informaci\u00f3n p\u00fablica y c\u00f3mo esta herramienta sirve para resolver diversas problem\u00e1ticas que enfrentan en su vida cotidiana.<\/p>\n\n\n\n<p>Por su parte, el comisionado David Agust\u00edn Jim\u00e9nez Rojas destac\u00f3 que la necesidad de implementar estrategias para una mayor promoci\u00f3n de los alcances del derecho a saber, acercando las herramientas existentes a todos los rincones de la entidad, pues ello contribuir\u00e1 a reducir las brechas de desigualdad.<\/p>\n\n\n\n<p>\u201cSomos el primer estado en el pa\u00eds en consolidar esta red nacional de socializaci\u00f3n del derecho de acceso a la informaci\u00f3n, propiciando que todas y cada una de las personas puedan usar este derecho como una herramienta\u2026 la red es una ruta para resolver problemas p\u00fablicos y privados, reduciendo desigualdades y combatiendo mediante el conocimiento el d\u00e9ficit de credibilidad de las autoridades e instituciones\u201d.<\/p>\n\n\n\n<p>En su oportunidad, la presidenta de la Comisi\u00f3n Estatal de los Derechos Humanos (CEDH), Namiko Matzumoto Ben\u00edtez, celebr\u00f3 la realizaci\u00f3n de este ejercicio en el que ese organismo aut\u00f3nomo se sum\u00f3, pues reconoci\u00f3 que el derecho a la informaci\u00f3n es una herramienta imprescindible para que la sociedad haga efectivos otros derechos para mejorar su entorno.<\/p>\n\n\n\n<p>\u201cDesde nuestro espacio nos sumamos a la socializaci\u00f3n del derecho al acceso a la informaci\u00f3n, nos sumaremos como facilitadores y lo haremos siempre en estas actividades que, como en este caso particular, empoderen a las mujeres, conozcan los alcances de este derecho, lo exijan, lo ejerzan y lo repliquen en sus comunidades\u201d.<\/p>\n\n\n\n<p>Al clausurar los trabajos, la comisionada presidenta del IVAI, Naldy Rodr\u00edguez Lagunes, destac\u00f3 la importancia de estas jornadas de trabajo que buscan la inclusi\u00f3n de los sectores sociales para que, mediante el derecho de acceso a la informaci\u00f3n p\u00fablica, la ciudadan\u00eda obtenga soluciones para mejorar su entorno.<\/p>\n\n\n\n<p>El PlanDAI Veracruz 2021-2022 est\u00e1 enfocado a grupos vulnerables que se enfrentan a diversas problem\u00e1ticas y el objetivo es que se familiaricen con los mecanismos ciudadanos para ejercer sus derechos a plenitud y a quienes se les mostr\u00f3 c\u00f3mo abordar las dificultades que enfrentan en la vida diaria y aprovechar la informaci\u00f3n p\u00fablica.<\/p>\n","protected":false},"excerpt":{"rendered":"<p>Papantla Con el objetivo de incluir a todos los sectores en la promoci\u00f3n de su derecho de acceso a la informaci\u00f3n, este martes se realiz\u00f3 la Segunda Jornada de Socializaci\u00f3n del Derecho de Acceso a la Informaci\u00f3n (DAI) en el municipio de Papantla, en la que participaron mujeres ind\u00edgenas de esa la regi\u00f3n del norte [&hellip;]<\/p>\n","protected":false},"author":2,"featured_media":0,"comment_status":"closed","ping_status":"closed","sticky":false,"template":"","format":"standard","meta":{"tdm_status":"","tdm_grid_status":"","footnotes":""},"categories":[73],"tags":[31147,16170,31148,985,5281,29802],"class_list":{"0":"post-81710","1":"post","2":"type-post","3":"status-publish","4":"format-standard","6":"category-de-boleto","7":"tag-dai","8":"tag-david-agustin-jimenez-rojas","9":"tag-diego-ernesto-diaz-iturbe","10":"tag-ivai","11":"tag-naldy-rodriguez","12":"tag-plandai"},"yoast_head":"<!-- This site is optimized with the Yoast SEO plugin v27.4 - https:\/\/yoast.com\/product\/yoast-seo-wordpress\/ -->\n<title>Llega IVAI al Totonacapan! - Los pol\u00edticos Veracruz<\/title>\n<meta name=\"robots\" content=\"index, follow, max-snippet:-1, max-image-preview:large, max-video-preview:-1\" \/>\n<link rel=\"canonical\" href=\"https:\/\/lospoliticosveracruz.com\/?p=81710\" \/>\n<meta property=\"og:locale\" content=\"es_ES\" \/>\n<meta property=\"og:type\" content=\"article\" \/>\n<meta property=\"og:title\" content=\"Llega IVAI al Totonacapan! - Los pol\u00edticos Veracruz\" \/>\n<meta property=\"og:description\" content=\"Papantla Con el objetivo de incluir a todos los sectores en la promoci\u00f3n de su derecho de acceso a la informaci\u00f3n, este martes se realiz\u00f3 la Segunda Jornada de Socializaci\u00f3n del Derecho de Acceso a la Informaci\u00f3n (DAI) en el municipio de Papantla, en la que participaron mujeres ind\u00edgenas de esa la regi\u00f3n del norte [&hellip;]\" \/>\n<meta property=\"og:url\" content=\"https:\/\/lospoliticosveracruz.com\/?p=81710\" \/>\n<meta property=\"og:site_name\" content=\"Los pol\u00edticos Veracruz\" \/>\n<meta property=\"article:publisher\" content=\"https:\/\/www.facebook.com\/people\/Notimemes-de-los-Polticos\/61565672886568\/\" \/>\n<meta property=\"article:published_time\" content=\"2021-11-09T22:42:05+00:00\" \/>\n<meta property=\"article:modified_time\" content=\"2021-11-09T22:42:12+00:00\" \/>\n<meta property=\"og:image\" content=\"https:\/\/lospoliticosveracruz.com\/wp-content\/uploads\/2016\/07\/Logo-Dor.jpg\" \/>\n\t<meta property=\"og:image:width\" content=\"200\" \/>\n\t<meta property=\"og:image:height\" content=\"200\" \/>\n\t<meta property=\"og:image:type\" content=\"image\/jpeg\" \/>\n<meta name=\"author\" content=\"Lo viste en Los Pol\u00edticos\" \/>\n<meta name=\"twitter:card\" content=\"summary_large_image\" \/>\n<meta name=\"twitter:creator\" content=\"@LosPoliticosVer\" \/>\n<meta name=\"twitter:site\" content=\"@LosPoliticosVer\" \/>\n<meta name=\"twitter:label1\" content=\"Escrito por\" \/>\n\t<meta name=\"twitter:data1\" content=\"Lo viste en Los Pol\u00edticos\" \/>\n\t<meta name=\"twitter:label2\" content=\"Tiempo de lectura\" \/>\n\t<meta name=\"twitter:data2\" content=\"3 minutos\" \/>\n<script type=\"application\/ld+json\" class=\"yoast-schema-graph\">{\"@context\":\"https:\\\/\\\/schema.org\",\"@graph\":[{\"@type\":\"Article\",\"@id\":\"https:\\\/\\\/lospoliticosveracruz.com\\\/?p=81710#article\",\"isPartOf\":{\"@id\":\"https:\\\/\\\/lospoliticosveracruz.com\\\/?p=81710\"},\"author\":{\"name\":\"Lo viste en Los Pol\u00edticos\",\"@id\":\"https:\\\/\\\/lospoliticosveracruz.com\\\/#\\\/schema\\\/person\\\/b8702bb0e538456e6efd07080bf2a4a2\"},\"headline\":\"Llega IVAI al Totonacapan!\",\"datePublished\":\"2021-11-09T22:42:05+00:00\",\"dateModified\":\"2021-11-09T22:42:12+00:00\",\"mainEntityOfPage\":{\"@id\":\"https:\\\/\\\/lospoliticosveracruz.com\\\/?p=81710\"},\"wordCount\":506,\"publisher\":{\"@id\":\"https:\\\/\\\/lospoliticosveracruz.com\\\/#organization\"},\"keywords\":[\"DAI\",\"David Agust\u00edn Jim\u00e9nez Rojas\",\"Diego Ernesto D\u00edaz Iturbe\",\"IVAI\",\"Naldy Rodr\u00edguez\",\"PlanDAI\"],\"articleSection\":[\"De Boleto\"],\"inLanguage\":\"es\"},{\"@type\":\"WebPage\",\"@id\":\"https:\\\/\\\/lospoliticosveracruz.com\\\/?p=81710\",\"url\":\"https:\\\/\\\/lospoliticosveracruz.com\\\/?p=81710\",\"name\":\"Llega IVAI al Totonacapan! - Los pol\u00edticos Veracruz\",\"isPartOf\":{\"@id\":\"https:\\\/\\\/lospoliticosveracruz.com\\\/#website\"},\"datePublished\":\"2021-11-09T22:42:05+00:00\",\"dateModified\":\"2021-11-09T22:42:12+00:00\",\"breadcrumb\":{\"@id\":\"https:\\\/\\\/lospoliticosveracruz.com\\\/?p=81710#breadcrumb\"},\"inLanguage\":\"es\",\"potentialAction\":[{\"@type\":\"ReadAction\",\"target\":[\"https:\\\/\\\/lospoliticosveracruz.com\\\/?p=81710\"]}]},{\"@type\":\"BreadcrumbList\",\"@id\":\"https:\\\/\\\/lospoliticosveracruz.com\\\/?p=81710#breadcrumb\",\"itemListElement\":[{\"@type\":\"ListItem\",\"position\":1,\"name\":\"Portada\",\"item\":\"https:\\\/\\\/lospoliticosveracruz.com\\\/\"},{\"@type\":\"ListItem\",\"position\":2,\"name\":\"Llega IVAI al Totonacapan!\"}]},{\"@type\":\"WebSite\",\"@id\":\"https:\\\/\\\/lospoliticosveracruz.com\\\/#website\",\"url\":\"https:\\\/\\\/lospoliticosveracruz.com\\\/\",\"name\":\"Los pol\u00edticos Veracruz\",\"description\":\"\",\"publisher\":{\"@id\":\"https:\\\/\\\/lospoliticosveracruz.com\\\/#organization\"},\"potentialAction\":[{\"@type\":\"SearchAction\",\"target\":{\"@type\":\"EntryPoint\",\"urlTemplate\":\"https:\\\/\\\/lospoliticosveracruz.com\\\/?s={search_term_string}\"},\"query-input\":{\"@type\":\"PropertyValueSpecification\",\"valueRequired\":true,\"valueName\":\"search_term_string\"}}],\"inLanguage\":\"es\"},{\"@type\":\"Organization\",\"@id\":\"https:\\\/\\\/lospoliticosveracruz.com\\\/#organization\",\"name\":\"Los pol\u00edticos Veracruz\",\"url\":\"https:\\\/\\\/lospoliticosveracruz.com\\\/\",\"logo\":{\"@type\":\"ImageObject\",\"inLanguage\":\"es\",\"@id\":\"https:\\\/\\\/lospoliticosveracruz.com\\\/#\\\/schema\\\/logo\\\/image\\\/\",\"url\":\"https:\\\/\\\/lospoliticosveracruz.com\\\/wp-content\\\/uploads\\\/2025\\\/12\\\/Logo-Nuevo-LOS-POLITICOS-1.jpg\",\"contentUrl\":\"https:\\\/\\\/lospoliticosveracruz.com\\\/wp-content\\\/uploads\\\/2025\\\/12\\\/Logo-Nuevo-LOS-POLITICOS-1.jpg\",\"width\":260,\"height\":70,\"caption\":\"Los pol\u00edticos Veracruz\"},\"image\":{\"@id\":\"https:\\\/\\\/lospoliticosveracruz.com\\\/#\\\/schema\\\/logo\\\/image\\\/\"},\"sameAs\":[\"https:\\\/\\\/www.facebook.com\\\/people\\\/Notimemes-de-los-Polticos\\\/61565672886568\\\/\",\"https:\\\/\\\/x.com\\\/LosPoliticosVer\"]},{\"@type\":\"Person\",\"@id\":\"https:\\\/\\\/lospoliticosveracruz.com\\\/#\\\/schema\\\/person\\\/b8702bb0e538456e6efd07080bf2a4a2\",\"name\":\"Lo viste en Los Pol\u00edticos\",\"image\":{\"@type\":\"ImageObject\",\"inLanguage\":\"es\",\"@id\":\"https:\\\/\\\/secure.gravatar.com\\\/avatar\\\/3a8de04a2656d44082be478bd6c086daa447c4651605818287b9532d3d0bd435?s=96&d=mm&r=g\",\"url\":\"https:\\\/\\\/secure.gravatar.com\\\/avatar\\\/3a8de04a2656d44082be478bd6c086daa447c4651605818287b9532d3d0bd435?s=96&d=mm&r=g\",\"contentUrl\":\"https:\\\/\\\/secure.gravatar.com\\\/avatar\\\/3a8de04a2656d44082be478bd6c086daa447c4651605818287b9532d3d0bd435?s=96&d=mm&r=g\",\"caption\":\"Lo viste en Los Pol\u00edticos\"},\"url\":\"https:\\\/\\\/lospoliticosveracruz.com\\\/?author=2\"}]}<\/script>\n<!-- \/ Yoast SEO plugin. -->","yoast_head_json":{"title":"Llega IVAI al Totonacapan! - Los pol\u00edticos Veracruz","robots":{"index":"index","follow":"follow","max-snippet":"max-snippet:-1","max-image-preview":"max-image-preview:large","max-video-preview":"max-video-preview:-1"},"canonical":"https:\/\/lospoliticosveracruz.com\/?p=81710","og_locale":"es_ES","og_type":"article","og_title":"Llega IVAI al Totonacapan! - Los pol\u00edticos Veracruz","og_description":"Papantla Con el objetivo de incluir a todos los sectores en la promoci\u00f3n de su derecho de acceso a la informaci\u00f3n, este martes se realiz\u00f3 la Segunda Jornada de Socializaci\u00f3n del Derecho de Acceso a la Informaci\u00f3n (DAI) en el municipio de Papantla, en la que participaron mujeres ind\u00edgenas de esa la regi\u00f3n del norte [&hellip;]","og_url":"https:\/\/lospoliticosveracruz.com\/?p=81710","og_site_name":"Los pol\u00edticos Veracruz","article_publisher":"https:\/\/www.facebook.com\/people\/Notimemes-de-los-Polticos\/61565672886568\/","article_published_time":"2021-11-09T22:42:05+00:00","article_modified_time":"2021-11-09T22:42:12+00:00","og_image":[{"width":200,"height":200,"url":"https:\/\/lospoliticosveracruz.com\/wp-content\/uploads\/2016\/07\/Logo-Dor.jpg","type":"image\/jpeg"}],"author":"Lo viste en Los Pol\u00edticos","twitter_card":"summary_large_image","twitter_creator":"@LosPoliticosVer","twitter_site":"@LosPoliticosVer","twitter_misc":{"Escrito por":"Lo viste en Los Pol\u00edticos","Tiempo de lectura":"3 minutos"},"schema":{"@context":"https:\/\/schema.org","@graph":[{"@type":"Article","@id":"https:\/\/lospoliticosveracruz.com\/?p=81710#article","isPartOf":{"@id":"https:\/\/lospoliticosveracruz.com\/?p=81710"},"author":{"name":"Lo viste en Los Pol\u00edticos","@id":"https:\/\/lospoliticosveracruz.com\/#\/schema\/person\/b8702bb0e538456e6efd07080bf2a4a2"},"headline":"Llega IVAI al Totonacapan!","datePublished":"2021-11-09T22:42:05+00:00","dateModified":"2021-11-09T22:42:12+00:00","mainEntityOfPage":{"@id":"https:\/\/lospoliticosveracruz.com\/?p=81710"},"wordCount":506,"publisher":{"@id":"https:\/\/lospoliticosveracruz.com\/#organization"},"keywords":["DAI","David Agust\u00edn Jim\u00e9nez Rojas","Diego Ernesto D\u00edaz Iturbe","IVAI","Naldy Rodr\u00edguez","PlanDAI"],"articleSection":["De Boleto"],"inLanguage":"es"},{"@type":"WebPage","@id":"https:\/\/lospoliticosveracruz.com\/?p=81710","url":"https:\/\/lospoliticosveracruz.com\/?p=81710","name":"Llega IVAI al Totonacapan! - Los pol\u00edticos Veracruz","isPartOf":{"@id":"https:\/\/lospoliticosveracruz.com\/#website"},"datePublished":"2021-11-09T22:42:05+00:00","dateModified":"2021-11-09T22:42:12+00:00","breadcrumb":{"@id":"https:\/\/lospoliticosveracruz.com\/?p=81710#breadcrumb"},"inLanguage":"es","potentialAction":[{"@type":"ReadAction","target":["https:\/\/lospoliticosveracruz.com\/?p=81710"]}]},{"@type":"BreadcrumbList","@id":"https:\/\/lospoliticosveracruz.com\/?p=81710#breadcrumb","itemListElement":[{"@type":"ListItem","position":1,"name":"Portada","item":"https:\/\/lospoliticosveracruz.com\/"},{"@type":"ListItem","position":2,"name":"Llega IVAI al Totonacapan!"}]},{"@type":"WebSite","@id":"https:\/\/lospoliticosveracruz.com\/#website","url":"https:\/\/lospoliticosveracruz.com\/","name":"Los pol\u00edticos Veracruz","description":"","publisher":{"@id":"https:\/\/lospoliticosveracruz.com\/#organization"},"potentialAction":[{"@type":"SearchAction","target":{"@type":"EntryPoint","urlTemplate":"https:\/\/lospoliticosveracruz.com\/?s={search_term_string}"},"query-input":{"@type":"PropertyValueSpecification","valueRequired":true,"valueName":"search_term_string"}}],"inLanguage":"es"},{"@type":"Organization","@id":"https:\/\/lospoliticosveracruz.com\/#organization","name":"Los pol\u00edticos Veracruz","url":"https:\/\/lospoliticosveracruz.com\/","logo":{"@type":"ImageObject","inLanguage":"es","@id":"https:\/\/lospoliticosveracruz.com\/#\/schema\/logo\/image\/","url":"https:\/\/lospoliticosveracruz.com\/wp-content\/uploads\/2025\/12\/Logo-Nuevo-LOS-POLITICOS-1.jpg","contentUrl":"https:\/\/lospoliticosveracruz.com\/wp-content\/uploads\/2025\/12\/Logo-Nuevo-LOS-POLITICOS-1.jpg","width":260,"height":70,"caption":"Los pol\u00edticos Veracruz"},"image":{"@id":"https:\/\/lospoliticosveracruz.com\/#\/schema\/logo\/image\/"},"sameAs":["https:\/\/www.facebook.com\/people\/Notimemes-de-los-Polticos\/61565672886568\/","https:\/\/x.com\/LosPoliticosVer"]},{"@type":"Person","@id":"https:\/\/lospoliticosveracruz.com\/#\/schema\/person\/b8702bb0e538456e6efd07080bf2a4a2","name":"Lo viste en Los Pol\u00edticos","image":{"@type":"ImageObject","inLanguage":"es","@id":"https:\/\/secure.gravatar.com\/avatar\/3a8de04a2656d44082be478bd6c086daa447c4651605818287b9532d3d0bd435?s=96&d=mm&r=g","url":"https:\/\/secure.gravatar.com\/avatar\/3a8de04a2656d44082be478bd6c086daa447c4651605818287b9532d3d0bd435?s=96&d=mm&r=g","contentUrl":"https:\/\/secure.gravatar.com\/avatar\/3a8de04a2656d44082be478bd6c086daa447c4651605818287b9532d3d0bd435?s=96&d=mm&r=g","caption":"Lo viste en Los Pol\u00edticos"},"url":"https:\/\/lospoliticosveracruz.com\/?author=2"}]}},"_links":{"self":[{"href":"https:\/\/lospoliticosveracruz.com\/index.php?rest_route=\/wp\/v2\/posts\/81710","targetHints":{"allow":["GET"]}}],"collection":[{"href":"https:\/\/lospoliticosveracruz.com\/index.php?rest_route=\/wp\/v2\/posts"}],"about":[{"href":"https:\/\/lospoliticosveracruz.com\/index.php?rest_route=\/wp\/v2\/types\/post"}],"author":[{"embeddable":true,"href":"https:\/\/lospoliticosveracruz.com\/index.php?rest_route=\/wp\/v2\/users\/2"}],"replies":[{"embeddable":true,"href":"https:\/\/lospoliticosveracruz.com\/index.php?rest_route=%2Fwp%2Fv2%2Fcomments&post=81710"}],"version-history":[{"count":1,"href":"https:\/\/lospoliticosveracruz.com\/index.php?rest_route=\/wp\/v2\/posts\/81710\/revisions"}],"predecessor-version":[{"id":81712,"href":"https:\/\/lospoliticosveracruz.com\/index.php?rest_route=\/wp\/v2\/posts\/81710\/revisions\/81712"}],"wp:attachment":[{"href":"https:\/\/lospoliticosveracruz.com\/index.php?rest_route=%2Fwp%2Fv2%2Fmedia&parent=81710"}],"wp:term":[{"taxonomy":"category","embeddable":true,"href":"https:\/\/lospoliticosveracruz.com\/index.php?rest_route=%2Fwp%2Fv2%2Fcategories&post=81710"},{"taxonomy":"post_tag","embeddable":true,"href":"https:\/\/lospoliticosveracruz.com\/index.php?rest_route=%2Fwp%2Fv2%2Ftags&post=81710"}],"curies":[{"name":"wp","href":"https:\/\/api.w.org\/{rel}","templated":true}]}}