{"id":81727,"date":"2021-11-10T07:57:14","date_gmt":"2021-11-10T13:57:14","guid":{"rendered":"https:\/\/lospoliticosveracruz.com.mx\/?p=81727"},"modified":"2021-11-10T07:57:20","modified_gmt":"2021-11-10T13:57:20","slug":"navidad-2","status":"publish","type":"post","link":"https:\/\/lospoliticosveracruz.com\/?p=81727","title":{"rendered":"Navidad"},"content":{"rendered":"\n<p><strong>Maricarmen Garc\u00eda El\u00edas<br><\/strong><em>Animalia<\/em><\/p>\n\n\n\n<p>Ni bien acaban de pasar la celebraci\u00f3n de Todos Santos o D\u00eda de Muertos en M\u00e9xico cuando ya se empiezan a observar en casas y comercios de distintas ciudades de la Rep\u00fablica decoraciones navide\u00f1as , ambas \u00e9pocas son para muchos las m\u00e1s bonitas y preciadas de todo el a\u00f1o.<br>El D\u00eda de Muertos trae consigo toda una tradici\u00f3n ancestral representativa de la cultura mexicana, s\u00f3lo M\u00e9xico es capaz de celebrar con tal colorido, sabor y magia un d\u00eda que representa nostalgia y recuerdos. La Navidad tambi\u00e9n es una fecha a la que nuestro M\u00e9xico le ha puesto su particular sello reuniendo a las familias como solo los mexicanos sabemos hacerlo, desde las rebosantes cenas navide\u00f1as y el recalentado de A\u00f1o Nuevo pasando por la deliciosa rosca de reyes con chocolate hasta los tamales de la Candelaria en Febrero es cuando le paramos a las fiestas.<\/p>\n\n\n\n<div class=\"wp-block-image\"><figure class=\"alignleft size-full is-resized\"><a href=\"https:\/\/lospoliticosveracruz.com.mx\/wp-content\/uploads\/2021\/10\/Zacauilt.jpg\"><img loading=\"lazy\" decoding=\"async\" src=\"https:\/\/lospoliticosveracruz.com.mx\/wp-content\/uploads\/2021\/10\/Zacauilt.jpg\" alt=\"\" class=\"wp-image-80558\" width=\"250\" height=\"500\"\/><\/a><\/figure><\/div>\n\n\n\n<p><br>Acerca de Navidad un distintivo es el rico olor del arbolito \u00bfA qui\u00e9n no le gusta?, es la delicia de los peque\u00f1os poner arbolito en familia a mediados de Noviembre, colocar las esferas les da enorme diversi\u00f3n mientras toman un sabroso ponche calientito y redactan la carta de Santa Claus.<br>Hace unos d\u00edas platicaba con mis alumnos m\u00e1s peque\u00f1os de este tema y me dec\u00eda una nena que le encanta ir a cortar el \u00e1rbol con su pap\u00e1, que siempre escogen el m\u00e1s grande y que impregna toda la casa de un \u201color a Navidad\u201d le pregunt\u00e9 qu\u00e9 hacen con \u00e9l despu\u00e9s de usarlo -digamos ya por Febrero &#8211; ella me respondi\u00f3: \u201clo tiramos en alguna carretera o camino vac\u00edo.\u201d<br>Una labor que se les aplaude a los ayuntamientos del pa\u00eds entero es que en la \u00faltima d\u00e9cada han estado haciendo fuertes campa\u00f1as de reciclaje de estos \u00e1rboles para que no acaben como desecho en lotes bald\u00edos o la propia basura, por m\u00e1s que digan los comerciantes que tener un \u00e1rbol natural no atenta contra el medio ambiente y que es totalmente sustentable, da mucha tristeza que los corten y unos pocos meses despu\u00e9s verlos en la basura como algo insignificante.<br>Es importante decidir esta Navidad si usted usar\u00e1 un \u00e1rbol natural o artificial. En lo particular y aprendi\u00e9ndole a mi pap\u00e1 llevo m\u00e1s de 10 a\u00f1os con mi hermoso \u00e1rbol artificial blanco simulando que est\u00e1 nevando y cada Navidad parece nuevo, todo mundo me lo chulea cuando lo ven adornado y con sus lucecitas tambi\u00e9n recicladas, este \u00e1rbol adem\u00e1s me recuerda mucho al que siempre tuvimos en mi infancia. Al final de las fechas festivas lo lavo y guardo en su caja. El resto de la decoraci\u00f3n, las tradiciones familiares, los jingles o villancicos, el hornear panqu\u00e9s de frutos secos y preparar el caf\u00e9 con vainilla y canela durante todo el mes le da al hogar un toque verdaderamente navide\u00f1o en el que no necesitamos en absoluto depredar los bosques para tener un \u00e1rbol natural.<br>De hecho en Noviembre de 2010 la Secretar\u00eda de Medio Ambiente y Recursos Naturales (SEMARNAT) puso en vigor la NOM-EM 158 durante siete meses por la cantidad de plagas que tra\u00edan \u00e1rboles naturales importados a M\u00e9xico y que da\u00f1aron el ecosistema. Con el tiempo algunos protocolos y manejos de estos \u00e1rboles han mejorado sin embargo es cuesti\u00f3n de gusto pero sobre todo de \u00e9tica y responsabilidad social qu\u00e9 elegir. Por supuesto tampoco se necesita tronar cohetes que lastiman el o\u00eddo de personas y de animales en estas fechas para divertirse en grande o regalar mascotas que cuando crezcan acabaran en la calle sin esterilizar aumentando a\u00fan m\u00e1s el n\u00famero de animales callejeros. Que estas navidades sean felices para todos y especialmente que las personas act\u00faen con \u00e9tica y den buenos ejemplos a sus hijos.<\/p>\n","protected":false},"excerpt":{"rendered":"<p>Maricarmen Garc\u00eda El\u00edasAnimalia Ni bien acaban de pasar la celebraci\u00f3n de Todos Santos o D\u00eda de Muertos en M\u00e9xico cuando ya se empiezan a observar en casas y comercios de distintas ciudades de la Rep\u00fablica decoraciones navide\u00f1as , ambas \u00e9pocas son para muchos las m\u00e1s bonitas y preciadas de todo el a\u00f1o.El D\u00eda de Muertos [&hellip;]<\/p>\n","protected":false},"author":2,"featured_media":81728,"comment_status":"closed","ping_status":"closed","sticky":false,"template":"","format":"standard","meta":{"tdm_status":"","tdm_grid_status":"","footnotes":""},"categories":[6451],"tags":[16828,4363,4908],"class_list":{"0":"post-81727","1":"post","2":"type-post","3":"status-publish","4":"format-standard","5":"has-post-thumbnail","7":"category-historias_de_amigos","8":"tag-maricarmen-garcia-elias","9":"tag-navidad","10":"tag-semarnat"},"yoast_head":"<!-- This site is optimized with the Yoast SEO plugin v27.4 - https:\/\/yoast.com\/product\/yoast-seo-wordpress\/ -->\n<title>Navidad - Los pol\u00edticos Veracruz<\/title>\n<meta name=\"robots\" content=\"index, follow, max-snippet:-1, max-image-preview:large, max-video-preview:-1\" \/>\n<link rel=\"canonical\" href=\"https:\/\/lospoliticosveracruz.com\/?p=81727\" \/>\n<meta property=\"og:locale\" content=\"es_ES\" \/>\n<meta property=\"og:type\" content=\"article\" \/>\n<meta property=\"og:title\" content=\"Navidad - Los pol\u00edticos Veracruz\" \/>\n<meta property=\"og:description\" content=\"Maricarmen Garc\u00eda El\u00edasAnimalia Ni bien acaban de pasar la celebraci\u00f3n de Todos Santos o D\u00eda de Muertos en M\u00e9xico cuando ya se empiezan a observar en casas y comercios de distintas ciudades de la Rep\u00fablica decoraciones navide\u00f1as , ambas \u00e9pocas son para muchos las m\u00e1s bonitas y preciadas de todo el a\u00f1o.El D\u00eda de Muertos [&hellip;]\" \/>\n<meta property=\"og:url\" content=\"https:\/\/lospoliticosveracruz.com\/?p=81727\" \/>\n<meta property=\"og:site_name\" content=\"Los pol\u00edticos Veracruz\" \/>\n<meta property=\"article:publisher\" content=\"https:\/\/www.facebook.com\/people\/Notimemes-de-los-Polticos\/61565672886568\/\" \/>\n<meta property=\"article:published_time\" content=\"2021-11-10T13:57:14+00:00\" \/>\n<meta property=\"article:modified_time\" content=\"2021-11-10T13:57:20+00:00\" \/>\n<meta property=\"og:image\" content=\"https:\/\/lospoliticosveracruz.com\/wp-content\/uploads\/2021\/11\/Pino-Navidad.jpg\" \/>\n\t<meta property=\"og:image:width\" content=\"600\" \/>\n\t<meta property=\"og:image:height\" content=\"320\" \/>\n\t<meta property=\"og:image:type\" content=\"image\/jpeg\" \/>\n<meta name=\"author\" content=\"Lo viste en Los Pol\u00edticos\" \/>\n<meta name=\"twitter:card\" content=\"summary_large_image\" \/>\n<meta name=\"twitter:creator\" content=\"@LosPoliticosVer\" \/>\n<meta name=\"twitter:site\" content=\"@LosPoliticosVer\" \/>\n<meta name=\"twitter:label1\" content=\"Escrito por\" \/>\n\t<meta name=\"twitter:data1\" content=\"Lo viste en Los Pol\u00edticos\" \/>\n\t<meta name=\"twitter:label2\" content=\"Tiempo de lectura\" \/>\n\t<meta name=\"twitter:data2\" content=\"3 minutos\" \/>\n<script type=\"application\/ld+json\" class=\"yoast-schema-graph\">{\"@context\":\"https:\\\/\\\/schema.org\",\"@graph\":[{\"@type\":\"Article\",\"@id\":\"https:\\\/\\\/lospoliticosveracruz.com\\\/?p=81727#article\",\"isPartOf\":{\"@id\":\"https:\\\/\\\/lospoliticosveracruz.com\\\/?p=81727\"},\"author\":{\"name\":\"Lo viste en Los Pol\u00edticos\",\"@id\":\"https:\\\/\\\/lospoliticosveracruz.com\\\/#\\\/schema\\\/person\\\/b8702bb0e538456e6efd07080bf2a4a2\"},\"headline\":\"Navidad\",\"datePublished\":\"2021-11-10T13:57:14+00:00\",\"dateModified\":\"2021-11-10T13:57:20+00:00\",\"mainEntityOfPage\":{\"@id\":\"https:\\\/\\\/lospoliticosveracruz.com\\\/?p=81727\"},\"wordCount\":668,\"publisher\":{\"@id\":\"https:\\\/\\\/lospoliticosveracruz.com\\\/#organization\"},\"image\":{\"@id\":\"https:\\\/\\\/lospoliticosveracruz.com\\\/?p=81727#primaryimage\"},\"thumbnailUrl\":\"https:\\\/\\\/lospoliticosveracruz.com\\\/wp-content\\\/uploads\\\/2021\\\/11\\\/Pino-Navidad.jpg\",\"keywords\":[\"Maricarmen Garc\u00eda El\u00edas\",\"navidad\",\"Semarnat\"],\"articleSection\":[\"Historias de Amigos\"],\"inLanguage\":\"es\"},{\"@type\":\"WebPage\",\"@id\":\"https:\\\/\\\/lospoliticosveracruz.com\\\/?p=81727\",\"url\":\"https:\\\/\\\/lospoliticosveracruz.com\\\/?p=81727\",\"name\":\"Navidad - Los pol\u00edticos Veracruz\",\"isPartOf\":{\"@id\":\"https:\\\/\\\/lospoliticosveracruz.com\\\/#website\"},\"primaryImageOfPage\":{\"@id\":\"https:\\\/\\\/lospoliticosveracruz.com\\\/?p=81727#primaryimage\"},\"image\":{\"@id\":\"https:\\\/\\\/lospoliticosveracruz.com\\\/?p=81727#primaryimage\"},\"thumbnailUrl\":\"https:\\\/\\\/lospoliticosveracruz.com\\\/wp-content\\\/uploads\\\/2021\\\/11\\\/Pino-Navidad.jpg\",\"datePublished\":\"2021-11-10T13:57:14+00:00\",\"dateModified\":\"2021-11-10T13:57:20+00:00\",\"breadcrumb\":{\"@id\":\"https:\\\/\\\/lospoliticosveracruz.com\\\/?p=81727#breadcrumb\"},\"inLanguage\":\"es\",\"potentialAction\":[{\"@type\":\"ReadAction\",\"target\":[\"https:\\\/\\\/lospoliticosveracruz.com\\\/?p=81727\"]}]},{\"@type\":\"ImageObject\",\"inLanguage\":\"es\",\"@id\":\"https:\\\/\\\/lospoliticosveracruz.com\\\/?p=81727#primaryimage\",\"url\":\"https:\\\/\\\/lospoliticosveracruz.com\\\/wp-content\\\/uploads\\\/2021\\\/11\\\/Pino-Navidad.jpg\",\"contentUrl\":\"https:\\\/\\\/lospoliticosveracruz.com\\\/wp-content\\\/uploads\\\/2021\\\/11\\\/Pino-Navidad.jpg\",\"width\":600,\"height\":320},{\"@type\":\"BreadcrumbList\",\"@id\":\"https:\\\/\\\/lospoliticosveracruz.com\\\/?p=81727#breadcrumb\",\"itemListElement\":[{\"@type\":\"ListItem\",\"position\":1,\"name\":\"Portada\",\"item\":\"https:\\\/\\\/lospoliticosveracruz.com\\\/\"},{\"@type\":\"ListItem\",\"position\":2,\"name\":\"Navidad\"}]},{\"@type\":\"WebSite\",\"@id\":\"https:\\\/\\\/lospoliticosveracruz.com\\\/#website\",\"url\":\"https:\\\/\\\/lospoliticosveracruz.com\\\/\",\"name\":\"Los pol\u00edticos Veracruz\",\"description\":\"\",\"publisher\":{\"@id\":\"https:\\\/\\\/lospoliticosveracruz.com\\\/#organization\"},\"potentialAction\":[{\"@type\":\"SearchAction\",\"target\":{\"@type\":\"EntryPoint\",\"urlTemplate\":\"https:\\\/\\\/lospoliticosveracruz.com\\\/?s={search_term_string}\"},\"query-input\":{\"@type\":\"PropertyValueSpecification\",\"valueRequired\":true,\"valueName\":\"search_term_string\"}}],\"inLanguage\":\"es\"},{\"@type\":\"Organization\",\"@id\":\"https:\\\/\\\/lospoliticosveracruz.com\\\/#organization\",\"name\":\"Los pol\u00edticos Veracruz\",\"url\":\"https:\\\/\\\/lospoliticosveracruz.com\\\/\",\"logo\":{\"@type\":\"ImageObject\",\"inLanguage\":\"es\",\"@id\":\"https:\\\/\\\/lospoliticosveracruz.com\\\/#\\\/schema\\\/logo\\\/image\\\/\",\"url\":\"https:\\\/\\\/lospoliticosveracruz.com\\\/wp-content\\\/uploads\\\/2025\\\/12\\\/Logo-Nuevo-LOS-POLITICOS-1.jpg\",\"contentUrl\":\"https:\\\/\\\/lospoliticosveracruz.com\\\/wp-content\\\/uploads\\\/2025\\\/12\\\/Logo-Nuevo-LOS-POLITICOS-1.jpg\",\"width\":260,\"height\":70,\"caption\":\"Los pol\u00edticos Veracruz\"},\"image\":{\"@id\":\"https:\\\/\\\/lospoliticosveracruz.com\\\/#\\\/schema\\\/logo\\\/image\\\/\"},\"sameAs\":[\"https:\\\/\\\/www.facebook.com\\\/people\\\/Notimemes-de-los-Polticos\\\/61565672886568\\\/\",\"https:\\\/\\\/x.com\\\/LosPoliticosVer\"]},{\"@type\":\"Person\",\"@id\":\"https:\\\/\\\/lospoliticosveracruz.com\\\/#\\\/schema\\\/person\\\/b8702bb0e538456e6efd07080bf2a4a2\",\"name\":\"Lo viste en Los Pol\u00edticos\",\"image\":{\"@type\":\"ImageObject\",\"inLanguage\":\"es\",\"@id\":\"https:\\\/\\\/secure.gravatar.com\\\/avatar\\\/3a8de04a2656d44082be478bd6c086daa447c4651605818287b9532d3d0bd435?s=96&d=mm&r=g\",\"url\":\"https:\\\/\\\/secure.gravatar.com\\\/avatar\\\/3a8de04a2656d44082be478bd6c086daa447c4651605818287b9532d3d0bd435?s=96&d=mm&r=g\",\"contentUrl\":\"https:\\\/\\\/secure.gravatar.com\\\/avatar\\\/3a8de04a2656d44082be478bd6c086daa447c4651605818287b9532d3d0bd435?s=96&d=mm&r=g\",\"caption\":\"Lo viste en Los Pol\u00edticos\"},\"url\":\"https:\\\/\\\/lospoliticosveracruz.com\\\/?author=2\"}]}<\/script>\n<!-- \/ Yoast SEO plugin. -->","yoast_head_json":{"title":"Navidad - Los pol\u00edticos Veracruz","robots":{"index":"index","follow":"follow","max-snippet":"max-snippet:-1","max-image-preview":"max-image-preview:large","max-video-preview":"max-video-preview:-1"},"canonical":"https:\/\/lospoliticosveracruz.com\/?p=81727","og_locale":"es_ES","og_type":"article","og_title":"Navidad - Los pol\u00edticos Veracruz","og_description":"Maricarmen Garc\u00eda El\u00edasAnimalia Ni bien acaban de pasar la celebraci\u00f3n de Todos Santos o D\u00eda de Muertos en M\u00e9xico cuando ya se empiezan a observar en casas y comercios de distintas ciudades de la Rep\u00fablica decoraciones navide\u00f1as , ambas \u00e9pocas son para muchos las m\u00e1s bonitas y preciadas de todo el a\u00f1o.El D\u00eda de Muertos [&hellip;]","og_url":"https:\/\/lospoliticosveracruz.com\/?p=81727","og_site_name":"Los pol\u00edticos Veracruz","article_publisher":"https:\/\/www.facebook.com\/people\/Notimemes-de-los-Polticos\/61565672886568\/","article_published_time":"2021-11-10T13:57:14+00:00","article_modified_time":"2021-11-10T13:57:20+00:00","og_image":[{"width":600,"height":320,"url":"https:\/\/lospoliticosveracruz.com\/wp-content\/uploads\/2021\/11\/Pino-Navidad.jpg","type":"image\/jpeg"}],"author":"Lo viste en Los Pol\u00edticos","twitter_card":"summary_large_image","twitter_creator":"@LosPoliticosVer","twitter_site":"@LosPoliticosVer","twitter_misc":{"Escrito por":"Lo viste en Los Pol\u00edticos","Tiempo de lectura":"3 minutos"},"schema":{"@context":"https:\/\/schema.org","@graph":[{"@type":"Article","@id":"https:\/\/lospoliticosveracruz.com\/?p=81727#article","isPartOf":{"@id":"https:\/\/lospoliticosveracruz.com\/?p=81727"},"author":{"name":"Lo viste en Los Pol\u00edticos","@id":"https:\/\/lospoliticosveracruz.com\/#\/schema\/person\/b8702bb0e538456e6efd07080bf2a4a2"},"headline":"Navidad","datePublished":"2021-11-10T13:57:14+00:00","dateModified":"2021-11-10T13:57:20+00:00","mainEntityOfPage":{"@id":"https:\/\/lospoliticosveracruz.com\/?p=81727"},"wordCount":668,"publisher":{"@id":"https:\/\/lospoliticosveracruz.com\/#organization"},"image":{"@id":"https:\/\/lospoliticosveracruz.com\/?p=81727#primaryimage"},"thumbnailUrl":"https:\/\/lospoliticosveracruz.com\/wp-content\/uploads\/2021\/11\/Pino-Navidad.jpg","keywords":["Maricarmen Garc\u00eda El\u00edas","navidad","Semarnat"],"articleSection":["Historias de Amigos"],"inLanguage":"es"},{"@type":"WebPage","@id":"https:\/\/lospoliticosveracruz.com\/?p=81727","url":"https:\/\/lospoliticosveracruz.com\/?p=81727","name":"Navidad - Los pol\u00edticos Veracruz","isPartOf":{"@id":"https:\/\/lospoliticosveracruz.com\/#website"},"primaryImageOfPage":{"@id":"https:\/\/lospoliticosveracruz.com\/?p=81727#primaryimage"},"image":{"@id":"https:\/\/lospoliticosveracruz.com\/?p=81727#primaryimage"},"thumbnailUrl":"https:\/\/lospoliticosveracruz.com\/wp-content\/uploads\/2021\/11\/Pino-Navidad.jpg","datePublished":"2021-11-10T13:57:14+00:00","dateModified":"2021-11-10T13:57:20+00:00","breadcrumb":{"@id":"https:\/\/lospoliticosveracruz.com\/?p=81727#breadcrumb"},"inLanguage":"es","potentialAction":[{"@type":"ReadAction","target":["https:\/\/lospoliticosveracruz.com\/?p=81727"]}]},{"@type":"ImageObject","inLanguage":"es","@id":"https:\/\/lospoliticosveracruz.com\/?p=81727#primaryimage","url":"https:\/\/lospoliticosveracruz.com\/wp-content\/uploads\/2021\/11\/Pino-Navidad.jpg","contentUrl":"https:\/\/lospoliticosveracruz.com\/wp-content\/uploads\/2021\/11\/Pino-Navidad.jpg","width":600,"height":320},{"@type":"BreadcrumbList","@id":"https:\/\/lospoliticosveracruz.com\/?p=81727#breadcrumb","itemListElement":[{"@type":"ListItem","position":1,"name":"Portada","item":"https:\/\/lospoliticosveracruz.com\/"},{"@type":"ListItem","position":2,"name":"Navidad"}]},{"@type":"WebSite","@id":"https:\/\/lospoliticosveracruz.com\/#website","url":"https:\/\/lospoliticosveracruz.com\/","name":"Los pol\u00edticos Veracruz","description":"","publisher":{"@id":"https:\/\/lospoliticosveracruz.com\/#organization"},"potentialAction":[{"@type":"SearchAction","target":{"@type":"EntryPoint","urlTemplate":"https:\/\/lospoliticosveracruz.com\/?s={search_term_string}"},"query-input":{"@type":"PropertyValueSpecification","valueRequired":true,"valueName":"search_term_string"}}],"inLanguage":"es"},{"@type":"Organization","@id":"https:\/\/lospoliticosveracruz.com\/#organization","name":"Los pol\u00edticos Veracruz","url":"https:\/\/lospoliticosveracruz.com\/","logo":{"@type":"ImageObject","inLanguage":"es","@id":"https:\/\/lospoliticosveracruz.com\/#\/schema\/logo\/image\/","url":"https:\/\/lospoliticosveracruz.com\/wp-content\/uploads\/2025\/12\/Logo-Nuevo-LOS-POLITICOS-1.jpg","contentUrl":"https:\/\/lospoliticosveracruz.com\/wp-content\/uploads\/2025\/12\/Logo-Nuevo-LOS-POLITICOS-1.jpg","width":260,"height":70,"caption":"Los pol\u00edticos Veracruz"},"image":{"@id":"https:\/\/lospoliticosveracruz.com\/#\/schema\/logo\/image\/"},"sameAs":["https:\/\/www.facebook.com\/people\/Notimemes-de-los-Polticos\/61565672886568\/","https:\/\/x.com\/LosPoliticosVer"]},{"@type":"Person","@id":"https:\/\/lospoliticosveracruz.com\/#\/schema\/person\/b8702bb0e538456e6efd07080bf2a4a2","name":"Lo viste en Los Pol\u00edticos","image":{"@type":"ImageObject","inLanguage":"es","@id":"https:\/\/secure.gravatar.com\/avatar\/3a8de04a2656d44082be478bd6c086daa447c4651605818287b9532d3d0bd435?s=96&d=mm&r=g","url":"https:\/\/secure.gravatar.com\/avatar\/3a8de04a2656d44082be478bd6c086daa447c4651605818287b9532d3d0bd435?s=96&d=mm&r=g","contentUrl":"https:\/\/secure.gravatar.com\/avatar\/3a8de04a2656d44082be478bd6c086daa447c4651605818287b9532d3d0bd435?s=96&d=mm&r=g","caption":"Lo viste en Los Pol\u00edticos"},"url":"https:\/\/lospoliticosveracruz.com\/?author=2"}]}},"_links":{"self":[{"href":"https:\/\/lospoliticosveracruz.com\/index.php?rest_route=\/wp\/v2\/posts\/81727","targetHints":{"allow":["GET"]}}],"collection":[{"href":"https:\/\/lospoliticosveracruz.com\/index.php?rest_route=\/wp\/v2\/posts"}],"about":[{"href":"https:\/\/lospoliticosveracruz.com\/index.php?rest_route=\/wp\/v2\/types\/post"}],"author":[{"embeddable":true,"href":"https:\/\/lospoliticosveracruz.com\/index.php?rest_route=\/wp\/v2\/users\/2"}],"replies":[{"embeddable":true,"href":"https:\/\/lospoliticosveracruz.com\/index.php?rest_route=%2Fwp%2Fv2%2Fcomments&post=81727"}],"version-history":[{"count":1,"href":"https:\/\/lospoliticosveracruz.com\/index.php?rest_route=\/wp\/v2\/posts\/81727\/revisions"}],"predecessor-version":[{"id":81729,"href":"https:\/\/lospoliticosveracruz.com\/index.php?rest_route=\/wp\/v2\/posts\/81727\/revisions\/81729"}],"wp:featuredmedia":[{"embeddable":true,"href":"https:\/\/lospoliticosveracruz.com\/index.php?rest_route=\/wp\/v2\/media\/81728"}],"wp:attachment":[{"href":"https:\/\/lospoliticosveracruz.com\/index.php?rest_route=%2Fwp%2Fv2%2Fmedia&parent=81727"}],"wp:term":[{"taxonomy":"category","embeddable":true,"href":"https:\/\/lospoliticosveracruz.com\/index.php?rest_route=%2Fwp%2Fv2%2Fcategories&post=81727"},{"taxonomy":"post_tag","embeddable":true,"href":"https:\/\/lospoliticosveracruz.com\/index.php?rest_route=%2Fwp%2Fv2%2Ftags&post=81727"}],"curies":[{"name":"wp","href":"https:\/\/api.w.org\/{rel}","templated":true}]}}