{"id":81734,"date":"2021-11-10T09:41:47","date_gmt":"2021-11-10T15:41:47","guid":{"rendered":"https:\/\/lospoliticosveracruz.com.mx\/?p=81734"},"modified":"2021-11-10T09:41:53","modified_gmt":"2021-11-10T15:41:53","slug":"reorganizacion-verde","status":"publish","type":"post","link":"https:\/\/lospoliticosveracruz.com\/?p=81734","title":{"rendered":"Reorganizaci\u00f3n Verde"},"content":{"rendered":"\n<p><\/p>\n\n\n\n<p><br><strong>Ignacio Alvarez<\/strong><br>Pluma Negra<\/p>\n\n\n\n<p>Desde la Secretar\u00eda de Organizaci\u00f3n del CEN del Partido Verde, Javier Herrera Borunda y el dirigente estatal, Carlos Marcelo Ruiz S\u00e1nchez apretaron tuercas a los alcaldes, s\u00edndicos y regidores que gracias a la nomenclatura Verde, tendr\u00e1n acceso al poder municipal a partir de 1 de enero, para que mantener la cohesi\u00f3n de la militancia y hacer respetar la autonom\u00eda del quinto partido m\u00e1s votado en Veracruz.<\/p>\n\n\n\n<p>Los l\u00edderes verdes apelaron a los valores morales de lealtad y fidelidad, sobre todo por las dificultades y antecedentes preliminares a las alianzas y negociaciones para la postulaci\u00f3n de candidatos individuales y en mancuerna; periodos en los que el CEN y la dirigencia estatal se fajaron para alcanzar un alto porcentaje de candidaturas con militantes de historia verde y ciudadanos comprometieron correspondencia con el partido.<\/p>\n\n\n\n<p>A 50 d\u00edas de su toma de protesta, los ediles tienen enfrente tentaciones de sobra que en su propia voz consideran una falta de respeto, por eso en la encerrona con su dirigencia cerraron filas y comprometieron lealtad a las siglas partidistas que los llevaron a la representaci\u00f3n social que ostentar\u00e1n.<\/p>\n\n\n\n<p>Y es que el PVEM se ha convertido en un factor electoral de respeto y de temor para los llamados partidos grandes; pues en 10 a\u00f1os, creci\u00f3 de un alcalde y tres regidores a casi 100 ediles. En la elecci\u00f3n de junio pasado la dirigencia de Marcelo Ruiz multiplic\u00f3 su propio r\u00e9cord del pen\u00faltimo proceso; de 15 alcaldes y 28 regidores subi\u00f3 a 31 alcaldes, 28 s\u00edndicos y 48 regidur\u00edas, adem\u00e1s de cuatro diputadas y diputados federales y dos diputadas locales.<\/p>\n\n\n\n<p>En esa condici\u00f3n, la dirigencia nacional y estatal del Partido Verde, les dejaron claro a sus alcaldes, s\u00edndicos y regidores que s\u00ed hay alianza con el gobierno del Presidente Andr\u00e9s Manuel L\u00f3pez Obrador y tambi\u00e9n con el gobernador Cuitl\u00e1huac Garc\u00eda Jim\u00e9nez y que debe existir interlocuci\u00f3n permanente para beneficio de los municipios en los que gobernar\u00e1n, pero se debe conservar la autonom\u00eda y el respeto partidista.<\/p>\n\n\n\n<p><em><strong>Negociaciones azules<\/strong><\/em><\/p>\n\n\n\n<p>La incondicional senadora plurinominal Indira Rosales pidi\u00f3 licencia a la Camara Alta para participar en la f\u00f3rmula a la dirigencia estatal del PAN en Veracruz, su suplente Fabiola V\u00e1zquez Saut asumi\u00f3 la titularidad y al mismo tiempo se abri\u00f3 del PAN para integrarse al grupo parlamentario de MORENA.<\/p>\n\n\n\n<p>La inconcebible acci\u00f3n tienes dos lecturas; una traici\u00f3n al PAN y al grupo de Miguel Angel Yunes Linares o una negociaci\u00f3n pol\u00edtica para proteger al jefe del clan que desde hace tres a\u00f1os se mantiene fuera de los reflectores p\u00fablicos por sus presuntas diferencias con el grupo pol\u00edtico en el poder.<\/p>\n\n\n\n<p>En cualquiera de los escenarios, la senadora suplente, ahora en funciones, es un factor de protagonismo pol\u00edtico que revive la vigencia de su apellido y que en breve revelar\u00e1 el motivo de su decisi\u00f3n y no precisamente con palabras.<\/p>\n","protected":false},"excerpt":{"rendered":"<p>Ignacio AlvarezPluma Negra Desde la Secretar\u00eda de Organizaci\u00f3n del CEN del Partido Verde, Javier Herrera Borunda y el dirigente estatal, Carlos Marcelo Ruiz S\u00e1nchez apretaron tuercas a los alcaldes, s\u00edndicos y regidores que gracias a la nomenclatura Verde, tendr\u00e1n acceso al poder municipal a partir de 1 de enero, para que mantener la cohesi\u00f3n de [&hellip;]<\/p>\n","protected":false},"author":2,"featured_media":0,"comment_status":"closed","ping_status":"closed","sticky":false,"template":"","format":"standard","meta":{"tdm_status":"","tdm_grid_status":"","footnotes":""},"categories":[70],"tags":[618,17123,3950,28674,1124,428,264,195],"class_list":{"0":"post-81734","1":"post","2":"type-post","3":"status-publish","4":"format-standard","6":"category-de-opinion","7":"tag-andres-manuel-lopez-obrador","8":"tag-carlos-marcelo-ruiz-sanchez","9":"tag-fabiola-vazquez-saut","10":"tag-ignacio-alvarez","11":"tag-javier-herrera-borunda","12":"tag-miguel-angel-yunes-linares","13":"tag-pvem","14":"tag-veracruz"},"yoast_head":"<!-- This site is optimized with the Yoast SEO plugin v27.4 - https:\/\/yoast.com\/product\/yoast-seo-wordpress\/ -->\n<title>Reorganizaci\u00f3n Verde - Los pol\u00edticos Veracruz<\/title>\n<meta name=\"robots\" content=\"index, follow, max-snippet:-1, max-image-preview:large, max-video-preview:-1\" \/>\n<link rel=\"canonical\" href=\"https:\/\/lospoliticosveracruz.com\/?p=81734\" \/>\n<meta property=\"og:locale\" content=\"es_ES\" \/>\n<meta property=\"og:type\" content=\"article\" \/>\n<meta property=\"og:title\" content=\"Reorganizaci\u00f3n Verde - Los pol\u00edticos Veracruz\" \/>\n<meta property=\"og:description\" content=\"Ignacio AlvarezPluma Negra Desde la Secretar\u00eda de Organizaci\u00f3n del CEN del Partido Verde, Javier Herrera Borunda y el dirigente estatal, Carlos Marcelo Ruiz S\u00e1nchez apretaron tuercas a los alcaldes, s\u00edndicos y regidores que gracias a la nomenclatura Verde, tendr\u00e1n acceso al poder municipal a partir de 1 de enero, para que mantener la cohesi\u00f3n de [&hellip;]\" \/>\n<meta property=\"og:url\" content=\"https:\/\/lospoliticosveracruz.com\/?p=81734\" \/>\n<meta property=\"og:site_name\" content=\"Los pol\u00edticos Veracruz\" \/>\n<meta property=\"article:publisher\" content=\"https:\/\/www.facebook.com\/people\/Notimemes-de-los-Polticos\/61565672886568\/\" \/>\n<meta property=\"article:published_time\" content=\"2021-11-10T15:41:47+00:00\" \/>\n<meta property=\"article:modified_time\" content=\"2021-11-10T15:41:53+00:00\" \/>\n<meta property=\"og:image\" content=\"https:\/\/lospoliticosveracruz.com\/wp-content\/uploads\/2016\/07\/Logo-Dor.jpg\" \/>\n\t<meta property=\"og:image:width\" content=\"200\" \/>\n\t<meta property=\"og:image:height\" content=\"200\" \/>\n\t<meta property=\"og:image:type\" content=\"image\/jpeg\" \/>\n<meta name=\"author\" content=\"Lo viste en Los Pol\u00edticos\" \/>\n<meta name=\"twitter:card\" content=\"summary_large_image\" \/>\n<meta name=\"twitter:creator\" content=\"@LosPoliticosVer\" \/>\n<meta name=\"twitter:site\" content=\"@LosPoliticosVer\" \/>\n<meta name=\"twitter:label1\" content=\"Escrito por\" \/>\n\t<meta name=\"twitter:data1\" content=\"Lo viste en Los Pol\u00edticos\" \/>\n\t<meta name=\"twitter:label2\" content=\"Tiempo de lectura\" \/>\n\t<meta name=\"twitter:data2\" content=\"3 minutos\" \/>\n<script type=\"application\/ld+json\" class=\"yoast-schema-graph\">{\"@context\":\"https:\\\/\\\/schema.org\",\"@graph\":[{\"@type\":\"Article\",\"@id\":\"https:\\\/\\\/lospoliticosveracruz.com\\\/?p=81734#article\",\"isPartOf\":{\"@id\":\"https:\\\/\\\/lospoliticosveracruz.com\\\/?p=81734\"},\"author\":{\"name\":\"Lo viste en Los Pol\u00edticos\",\"@id\":\"https:\\\/\\\/lospoliticosveracruz.com\\\/#\\\/schema\\\/person\\\/b8702bb0e538456e6efd07080bf2a4a2\"},\"headline\":\"Reorganizaci\u00f3n Verde\",\"datePublished\":\"2021-11-10T15:41:47+00:00\",\"dateModified\":\"2021-11-10T15:41:53+00:00\",\"mainEntityOfPage\":{\"@id\":\"https:\\\/\\\/lospoliticosveracruz.com\\\/?p=81734\"},\"wordCount\":509,\"publisher\":{\"@id\":\"https:\\\/\\\/lospoliticosveracruz.com\\\/#organization\"},\"keywords\":[\"Andr\u00e9s Manuel L\u00f3pez Obrador\",\"Carlos Marcelo Ruiz S\u00e1nchez\",\"Fabiola V\u00e1zquez Saut\",\"Ignacio Alvarez\",\"Javier Herrera Borunda\",\"Miguel Angel Yunes Linares\",\"PVEM\",\"Veracruz\"],\"articleSection\":[\"De Opini\u00f3n\"],\"inLanguage\":\"es\"},{\"@type\":\"WebPage\",\"@id\":\"https:\\\/\\\/lospoliticosveracruz.com\\\/?p=81734\",\"url\":\"https:\\\/\\\/lospoliticosveracruz.com\\\/?p=81734\",\"name\":\"Reorganizaci\u00f3n Verde - Los pol\u00edticos Veracruz\",\"isPartOf\":{\"@id\":\"https:\\\/\\\/lospoliticosveracruz.com\\\/#website\"},\"datePublished\":\"2021-11-10T15:41:47+00:00\",\"dateModified\":\"2021-11-10T15:41:53+00:00\",\"breadcrumb\":{\"@id\":\"https:\\\/\\\/lospoliticosveracruz.com\\\/?p=81734#breadcrumb\"},\"inLanguage\":\"es\",\"potentialAction\":[{\"@type\":\"ReadAction\",\"target\":[\"https:\\\/\\\/lospoliticosveracruz.com\\\/?p=81734\"]}]},{\"@type\":\"BreadcrumbList\",\"@id\":\"https:\\\/\\\/lospoliticosveracruz.com\\\/?p=81734#breadcrumb\",\"itemListElement\":[{\"@type\":\"ListItem\",\"position\":1,\"name\":\"Portada\",\"item\":\"https:\\\/\\\/lospoliticosveracruz.com\\\/\"},{\"@type\":\"ListItem\",\"position\":2,\"name\":\"Reorganizaci\u00f3n Verde\"}]},{\"@type\":\"WebSite\",\"@id\":\"https:\\\/\\\/lospoliticosveracruz.com\\\/#website\",\"url\":\"https:\\\/\\\/lospoliticosveracruz.com\\\/\",\"name\":\"Los pol\u00edticos Veracruz\",\"description\":\"\",\"publisher\":{\"@id\":\"https:\\\/\\\/lospoliticosveracruz.com\\\/#organization\"},\"potentialAction\":[{\"@type\":\"SearchAction\",\"target\":{\"@type\":\"EntryPoint\",\"urlTemplate\":\"https:\\\/\\\/lospoliticosveracruz.com\\\/?s={search_term_string}\"},\"query-input\":{\"@type\":\"PropertyValueSpecification\",\"valueRequired\":true,\"valueName\":\"search_term_string\"}}],\"inLanguage\":\"es\"},{\"@type\":\"Organization\",\"@id\":\"https:\\\/\\\/lospoliticosveracruz.com\\\/#organization\",\"name\":\"Los pol\u00edticos Veracruz\",\"url\":\"https:\\\/\\\/lospoliticosveracruz.com\\\/\",\"logo\":{\"@type\":\"ImageObject\",\"inLanguage\":\"es\",\"@id\":\"https:\\\/\\\/lospoliticosveracruz.com\\\/#\\\/schema\\\/logo\\\/image\\\/\",\"url\":\"https:\\\/\\\/lospoliticosveracruz.com\\\/wp-content\\\/uploads\\\/2025\\\/12\\\/Logo-Nuevo-LOS-POLITICOS-1.jpg\",\"contentUrl\":\"https:\\\/\\\/lospoliticosveracruz.com\\\/wp-content\\\/uploads\\\/2025\\\/12\\\/Logo-Nuevo-LOS-POLITICOS-1.jpg\",\"width\":260,\"height\":70,\"caption\":\"Los pol\u00edticos Veracruz\"},\"image\":{\"@id\":\"https:\\\/\\\/lospoliticosveracruz.com\\\/#\\\/schema\\\/logo\\\/image\\\/\"},\"sameAs\":[\"https:\\\/\\\/www.facebook.com\\\/people\\\/Notimemes-de-los-Polticos\\\/61565672886568\\\/\",\"https:\\\/\\\/x.com\\\/LosPoliticosVer\"]},{\"@type\":\"Person\",\"@id\":\"https:\\\/\\\/lospoliticosveracruz.com\\\/#\\\/schema\\\/person\\\/b8702bb0e538456e6efd07080bf2a4a2\",\"name\":\"Lo viste en Los Pol\u00edticos\",\"image\":{\"@type\":\"ImageObject\",\"inLanguage\":\"es\",\"@id\":\"https:\\\/\\\/secure.gravatar.com\\\/avatar\\\/3a8de04a2656d44082be478bd6c086daa447c4651605818287b9532d3d0bd435?s=96&d=mm&r=g\",\"url\":\"https:\\\/\\\/secure.gravatar.com\\\/avatar\\\/3a8de04a2656d44082be478bd6c086daa447c4651605818287b9532d3d0bd435?s=96&d=mm&r=g\",\"contentUrl\":\"https:\\\/\\\/secure.gravatar.com\\\/avatar\\\/3a8de04a2656d44082be478bd6c086daa447c4651605818287b9532d3d0bd435?s=96&d=mm&r=g\",\"caption\":\"Lo viste en Los Pol\u00edticos\"},\"url\":\"https:\\\/\\\/lospoliticosveracruz.com\\\/?author=2\"}]}<\/script>\n<!-- \/ Yoast SEO plugin. -->","yoast_head_json":{"title":"Reorganizaci\u00f3n Verde - Los pol\u00edticos Veracruz","robots":{"index":"index","follow":"follow","max-snippet":"max-snippet:-1","max-image-preview":"max-image-preview:large","max-video-preview":"max-video-preview:-1"},"canonical":"https:\/\/lospoliticosveracruz.com\/?p=81734","og_locale":"es_ES","og_type":"article","og_title":"Reorganizaci\u00f3n Verde - Los pol\u00edticos Veracruz","og_description":"Ignacio AlvarezPluma Negra Desde la Secretar\u00eda de Organizaci\u00f3n del CEN del Partido Verde, Javier Herrera Borunda y el dirigente estatal, Carlos Marcelo Ruiz S\u00e1nchez apretaron tuercas a los alcaldes, s\u00edndicos y regidores que gracias a la nomenclatura Verde, tendr\u00e1n acceso al poder municipal a partir de 1 de enero, para que mantener la cohesi\u00f3n de [&hellip;]","og_url":"https:\/\/lospoliticosveracruz.com\/?p=81734","og_site_name":"Los pol\u00edticos Veracruz","article_publisher":"https:\/\/www.facebook.com\/people\/Notimemes-de-los-Polticos\/61565672886568\/","article_published_time":"2021-11-10T15:41:47+00:00","article_modified_time":"2021-11-10T15:41:53+00:00","og_image":[{"width":200,"height":200,"url":"https:\/\/lospoliticosveracruz.com\/wp-content\/uploads\/2016\/07\/Logo-Dor.jpg","type":"image\/jpeg"}],"author":"Lo viste en Los Pol\u00edticos","twitter_card":"summary_large_image","twitter_creator":"@LosPoliticosVer","twitter_site":"@LosPoliticosVer","twitter_misc":{"Escrito por":"Lo viste en Los Pol\u00edticos","Tiempo de lectura":"3 minutos"},"schema":{"@context":"https:\/\/schema.org","@graph":[{"@type":"Article","@id":"https:\/\/lospoliticosveracruz.com\/?p=81734#article","isPartOf":{"@id":"https:\/\/lospoliticosveracruz.com\/?p=81734"},"author":{"name":"Lo viste en Los Pol\u00edticos","@id":"https:\/\/lospoliticosveracruz.com\/#\/schema\/person\/b8702bb0e538456e6efd07080bf2a4a2"},"headline":"Reorganizaci\u00f3n Verde","datePublished":"2021-11-10T15:41:47+00:00","dateModified":"2021-11-10T15:41:53+00:00","mainEntityOfPage":{"@id":"https:\/\/lospoliticosveracruz.com\/?p=81734"},"wordCount":509,"publisher":{"@id":"https:\/\/lospoliticosveracruz.com\/#organization"},"keywords":["Andr\u00e9s Manuel L\u00f3pez Obrador","Carlos Marcelo Ruiz S\u00e1nchez","Fabiola V\u00e1zquez Saut","Ignacio Alvarez","Javier Herrera Borunda","Miguel Angel Yunes Linares","PVEM","Veracruz"],"articleSection":["De Opini\u00f3n"],"inLanguage":"es"},{"@type":"WebPage","@id":"https:\/\/lospoliticosveracruz.com\/?p=81734","url":"https:\/\/lospoliticosveracruz.com\/?p=81734","name":"Reorganizaci\u00f3n Verde - Los pol\u00edticos Veracruz","isPartOf":{"@id":"https:\/\/lospoliticosveracruz.com\/#website"},"datePublished":"2021-11-10T15:41:47+00:00","dateModified":"2021-11-10T15:41:53+00:00","breadcrumb":{"@id":"https:\/\/lospoliticosveracruz.com\/?p=81734#breadcrumb"},"inLanguage":"es","potentialAction":[{"@type":"ReadAction","target":["https:\/\/lospoliticosveracruz.com\/?p=81734"]}]},{"@type":"BreadcrumbList","@id":"https:\/\/lospoliticosveracruz.com\/?p=81734#breadcrumb","itemListElement":[{"@type":"ListItem","position":1,"name":"Portada","item":"https:\/\/lospoliticosveracruz.com\/"},{"@type":"ListItem","position":2,"name":"Reorganizaci\u00f3n Verde"}]},{"@type":"WebSite","@id":"https:\/\/lospoliticosveracruz.com\/#website","url":"https:\/\/lospoliticosveracruz.com\/","name":"Los pol\u00edticos Veracruz","description":"","publisher":{"@id":"https:\/\/lospoliticosveracruz.com\/#organization"},"potentialAction":[{"@type":"SearchAction","target":{"@type":"EntryPoint","urlTemplate":"https:\/\/lospoliticosveracruz.com\/?s={search_term_string}"},"query-input":{"@type":"PropertyValueSpecification","valueRequired":true,"valueName":"search_term_string"}}],"inLanguage":"es"},{"@type":"Organization","@id":"https:\/\/lospoliticosveracruz.com\/#organization","name":"Los pol\u00edticos Veracruz","url":"https:\/\/lospoliticosveracruz.com\/","logo":{"@type":"ImageObject","inLanguage":"es","@id":"https:\/\/lospoliticosveracruz.com\/#\/schema\/logo\/image\/","url":"https:\/\/lospoliticosveracruz.com\/wp-content\/uploads\/2025\/12\/Logo-Nuevo-LOS-POLITICOS-1.jpg","contentUrl":"https:\/\/lospoliticosveracruz.com\/wp-content\/uploads\/2025\/12\/Logo-Nuevo-LOS-POLITICOS-1.jpg","width":260,"height":70,"caption":"Los pol\u00edticos Veracruz"},"image":{"@id":"https:\/\/lospoliticosveracruz.com\/#\/schema\/logo\/image\/"},"sameAs":["https:\/\/www.facebook.com\/people\/Notimemes-de-los-Polticos\/61565672886568\/","https:\/\/x.com\/LosPoliticosVer"]},{"@type":"Person","@id":"https:\/\/lospoliticosveracruz.com\/#\/schema\/person\/b8702bb0e538456e6efd07080bf2a4a2","name":"Lo viste en Los Pol\u00edticos","image":{"@type":"ImageObject","inLanguage":"es","@id":"https:\/\/secure.gravatar.com\/avatar\/3a8de04a2656d44082be478bd6c086daa447c4651605818287b9532d3d0bd435?s=96&d=mm&r=g","url":"https:\/\/secure.gravatar.com\/avatar\/3a8de04a2656d44082be478bd6c086daa447c4651605818287b9532d3d0bd435?s=96&d=mm&r=g","contentUrl":"https:\/\/secure.gravatar.com\/avatar\/3a8de04a2656d44082be478bd6c086daa447c4651605818287b9532d3d0bd435?s=96&d=mm&r=g","caption":"Lo viste en Los Pol\u00edticos"},"url":"https:\/\/lospoliticosveracruz.com\/?author=2"}]}},"_links":{"self":[{"href":"https:\/\/lospoliticosveracruz.com\/index.php?rest_route=\/wp\/v2\/posts\/81734","targetHints":{"allow":["GET"]}}],"collection":[{"href":"https:\/\/lospoliticosveracruz.com\/index.php?rest_route=\/wp\/v2\/posts"}],"about":[{"href":"https:\/\/lospoliticosveracruz.com\/index.php?rest_route=\/wp\/v2\/types\/post"}],"author":[{"embeddable":true,"href":"https:\/\/lospoliticosveracruz.com\/index.php?rest_route=\/wp\/v2\/users\/2"}],"replies":[{"embeddable":true,"href":"https:\/\/lospoliticosveracruz.com\/index.php?rest_route=%2Fwp%2Fv2%2Fcomments&post=81734"}],"version-history":[{"count":1,"href":"https:\/\/lospoliticosveracruz.com\/index.php?rest_route=\/wp\/v2\/posts\/81734\/revisions"}],"predecessor-version":[{"id":81736,"href":"https:\/\/lospoliticosveracruz.com\/index.php?rest_route=\/wp\/v2\/posts\/81734\/revisions\/81736"}],"wp:attachment":[{"href":"https:\/\/lospoliticosveracruz.com\/index.php?rest_route=%2Fwp%2Fv2%2Fmedia&parent=81734"}],"wp:term":[{"taxonomy":"category","embeddable":true,"href":"https:\/\/lospoliticosveracruz.com\/index.php?rest_route=%2Fwp%2Fv2%2Fcategories&post=81734"},{"taxonomy":"post_tag","embeddable":true,"href":"https:\/\/lospoliticosveracruz.com\/index.php?rest_route=%2Fwp%2Fv2%2Ftags&post=81734"}],"curies":[{"name":"wp","href":"https:\/\/api.w.org\/{rel}","templated":true}]}}