{"id":81762,"date":"2021-11-10T19:31:48","date_gmt":"2021-11-11T01:31:48","guid":{"rendered":"https:\/\/lospoliticosveracruz.com.mx\/?p=81762"},"modified":"2021-11-10T19:31:54","modified_gmt":"2021-11-11T01:31:54","slug":"julen-a-toda-madre","status":"publish","type":"post","link":"https:\/\/lospoliticosveracruz.com\/?p=81762","title":{"rendered":"Julen, \u00a1a toda madre!"},"content":{"rendered":"\n<p><\/p>\n\n\n\n<p><strong>Ciudad de M\u00e9xico<\/strong><\/p>\n\n\n\n<p><br>El senador Julen Rementer\u00eda del Puerto present\u00f3 una iniciativa que plantea crear la Ley del Fondo de Apoyo a la Maternidad, con el objetivo de apoyar a las mujeres embarazadas en situaci\u00f3n de calle y v\u00edctimas de violencia y\/o violaci\u00f3n, que deciden continuar con su embarazo y tener a sus hijos.<\/p>\n\n\n\n<p>\u201cPresent\u00e9 una iniciativa en beneficio de las mujeres, adolescentes y ni\u00f1as mexicanas, en el que se reforma la Ley de Asistencia Social y la Ley Org\u00e1nica de la Administraci\u00f3n P\u00fablica Federal, para crear la Ley del Fondo de Apoyo a la Maternidad, y as\u00ed garantizar un refugio a mujeres en situaci\u00f3n de calle, violencia y violaci\u00f3n\u201d, explic\u00f3 el legislador.<\/p>\n\n\n\n<p>El Coordinador de senadores del Partido Acci\u00f3n Nacional expuso que con la reforma se busca que este sector tenga acceso a ayuda m\u00e9dica y psicol\u00f3gica, as\u00ed como un refugio, manutenci\u00f3n, capacitaci\u00f3n para el trabajo y empleo temporal, desde el momento en que sepan que est\u00e1n embarazadas, y hasta un a\u00f1o posterior al alumbramiento del reci\u00e9n nacido.<\/p>\n\n\n\n<p>\u201cEsta iniciativa procura que el Gobierno federal otorgue apoyos a los estados, la Ciudad de M\u00e9xico, municipios y alcald\u00edas, a trav\u00e9s del Fondo de Apoyo a la Maternidad (FAM), que ser\u00e1 administrado por el Sistema Nacional para el Desarrollo Integral de la Familia (DIF), los cuales incluyen atenci\u00f3n m\u00e9dica y psicol\u00f3gica, refugio, manutenci\u00f3n, restituci\u00f3n de sus derechos jur\u00eddicos, capacitaci\u00f3n para ejercer un oficio y programas de empleo temporal\u201d, abund\u00f3.<br>\u2003<br>El legislador federal indic\u00f3 que tambi\u00e9n se propone la creaci\u00f3n de Centros de Atenci\u00f3n a la Maternidad en todo el pa\u00eds, como organismo en asistencia, apoyo y generador de informaci\u00f3n necesaria para las mujeres embarazadas en situaci\u00f3n de vulnerabilidad, esto con independencia de las acciones que realicen los sistemas DIF.<\/p>\n\n\n\n<p>Asimismo, a\u00f1adi\u00f3 que esta ley establece que se deber\u00e1n asignar en el Presupuesto de Egresos de la Federaci\u00f3n para el Ejercicio Fiscal de 2022, los recursos suficientes para que los sistemas DIF de todo el pa\u00eds puedan atender a este sector femenino mediante este nuevo fondo.<\/p>\n\n\n\n<p>\u201cLa idea es que se faculte al DIF para que sea la instituci\u00f3n p\u00fablica encargada de evaluar, administrar, apoyar a las instituciones en cada entidad, y apoyar directamente a las mujeres embarazadas, as\u00ed como para emitir las reglas de operaci\u00f3n para el funcionamiento de dicho programa\u201d, concluy\u00f3 Rementer\u00eda del Puerto.<\/p>\n","protected":false},"excerpt":{"rendered":"<p>Ciudad de M\u00e9xico El senador Julen Rementer\u00eda del Puerto present\u00f3 una iniciativa que plantea crear la Ley del Fondo de Apoyo a la Maternidad, con el objetivo de apoyar a las mujeres embarazadas en situaci\u00f3n de calle y v\u00edctimas de violencia y\/o violaci\u00f3n, que deciden continuar con su embarazo y tener a sus hijos. \u201cPresent\u00e9 [&hellip;]<\/p>\n","protected":false},"author":2,"featured_media":0,"comment_status":"closed","ping_status":"closed","sticky":false,"template":"","format":"standard","meta":{"tdm_status":"","tdm_grid_status":"","footnotes":""},"categories":[73],"tags":[31165,31163,1569,31164],"class_list":{"0":"post-81762","1":"post","2":"type-post","3":"status-publish","4":"format-standard","6":"category-de-boleto","7":"tag-centros-de-atencion-a-la-maternidad","8":"tag-fondo-de-apoyo-a-la-maternidad","9":"tag-julen-rementeria-del-puerto","10":"tag-refugio-a-mujeres"},"yoast_head":"<!-- This site is optimized with the Yoast SEO plugin v27.4 - https:\/\/yoast.com\/product\/yoast-seo-wordpress\/ -->\n<title>Julen, \u00a1a toda madre! - Los pol\u00edticos Veracruz<\/title>\n<meta name=\"robots\" content=\"index, follow, max-snippet:-1, max-image-preview:large, max-video-preview:-1\" \/>\n<link rel=\"canonical\" href=\"https:\/\/lospoliticosveracruz.com\/?p=81762\" \/>\n<meta property=\"og:locale\" content=\"es_ES\" \/>\n<meta property=\"og:type\" content=\"article\" \/>\n<meta property=\"og:title\" content=\"Julen, \u00a1a toda madre! - Los pol\u00edticos Veracruz\" \/>\n<meta property=\"og:description\" content=\"Ciudad de M\u00e9xico El senador Julen Rementer\u00eda del Puerto present\u00f3 una iniciativa que plantea crear la Ley del Fondo de Apoyo a la Maternidad, con el objetivo de apoyar a las mujeres embarazadas en situaci\u00f3n de calle y v\u00edctimas de violencia y\/o violaci\u00f3n, que deciden continuar con su embarazo y tener a sus hijos. \u201cPresent\u00e9 [&hellip;]\" \/>\n<meta property=\"og:url\" content=\"https:\/\/lospoliticosveracruz.com\/?p=81762\" \/>\n<meta property=\"og:site_name\" content=\"Los pol\u00edticos Veracruz\" \/>\n<meta property=\"article:publisher\" content=\"https:\/\/www.facebook.com\/people\/Notimemes-de-los-Polticos\/61565672886568\/\" \/>\n<meta property=\"article:published_time\" content=\"2021-11-11T01:31:48+00:00\" \/>\n<meta property=\"article:modified_time\" content=\"2021-11-11T01:31:54+00:00\" \/>\n<meta property=\"og:image\" content=\"https:\/\/lospoliticosveracruz.com\/wp-content\/uploads\/2016\/07\/Logo-Dor.jpg\" \/>\n\t<meta property=\"og:image:width\" content=\"200\" \/>\n\t<meta property=\"og:image:height\" content=\"200\" \/>\n\t<meta property=\"og:image:type\" content=\"image\/jpeg\" \/>\n<meta name=\"author\" content=\"Lo viste en Los Pol\u00edticos\" \/>\n<meta name=\"twitter:card\" content=\"summary_large_image\" \/>\n<meta name=\"twitter:creator\" content=\"@LosPoliticosVer\" \/>\n<meta name=\"twitter:site\" content=\"@LosPoliticosVer\" \/>\n<meta name=\"twitter:label1\" content=\"Escrito por\" \/>\n\t<meta name=\"twitter:data1\" content=\"Lo viste en Los Pol\u00edticos\" \/>\n\t<meta name=\"twitter:label2\" content=\"Tiempo de lectura\" \/>\n\t<meta name=\"twitter:data2\" content=\"2 minutos\" \/>\n<script type=\"application\/ld+json\" class=\"yoast-schema-graph\">{\"@context\":\"https:\\\/\\\/schema.org\",\"@graph\":[{\"@type\":\"Article\",\"@id\":\"https:\\\/\\\/lospoliticosveracruz.com\\\/?p=81762#article\",\"isPartOf\":{\"@id\":\"https:\\\/\\\/lospoliticosveracruz.com\\\/?p=81762\"},\"author\":{\"name\":\"Lo viste en Los Pol\u00edticos\",\"@id\":\"https:\\\/\\\/lospoliticosveracruz.com\\\/#\\\/schema\\\/person\\\/b8702bb0e538456e6efd07080bf2a4a2\"},\"headline\":\"Julen, \u00a1a toda madre!\",\"datePublished\":\"2021-11-11T01:31:48+00:00\",\"dateModified\":\"2021-11-11T01:31:54+00:00\",\"mainEntityOfPage\":{\"@id\":\"https:\\\/\\\/lospoliticosveracruz.com\\\/?p=81762\"},\"wordCount\":431,\"publisher\":{\"@id\":\"https:\\\/\\\/lospoliticosveracruz.com\\\/#organization\"},\"keywords\":[\"Centros de Atenci\u00f3n a la Maternidad\",\"Fondo de Apoyo a la Maternidad\",\"Julen Rementer\u00eda del Puerto\",\"refugio a mujeres\"],\"articleSection\":[\"De Boleto\"],\"inLanguage\":\"es\"},{\"@type\":\"WebPage\",\"@id\":\"https:\\\/\\\/lospoliticosveracruz.com\\\/?p=81762\",\"url\":\"https:\\\/\\\/lospoliticosveracruz.com\\\/?p=81762\",\"name\":\"Julen, \u00a1a toda madre! - Los pol\u00edticos Veracruz\",\"isPartOf\":{\"@id\":\"https:\\\/\\\/lospoliticosveracruz.com\\\/#website\"},\"datePublished\":\"2021-11-11T01:31:48+00:00\",\"dateModified\":\"2021-11-11T01:31:54+00:00\",\"breadcrumb\":{\"@id\":\"https:\\\/\\\/lospoliticosveracruz.com\\\/?p=81762#breadcrumb\"},\"inLanguage\":\"es\",\"potentialAction\":[{\"@type\":\"ReadAction\",\"target\":[\"https:\\\/\\\/lospoliticosveracruz.com\\\/?p=81762\"]}]},{\"@type\":\"BreadcrumbList\",\"@id\":\"https:\\\/\\\/lospoliticosveracruz.com\\\/?p=81762#breadcrumb\",\"itemListElement\":[{\"@type\":\"ListItem\",\"position\":1,\"name\":\"Portada\",\"item\":\"https:\\\/\\\/lospoliticosveracruz.com\\\/\"},{\"@type\":\"ListItem\",\"position\":2,\"name\":\"Julen, \u00a1a toda madre!\"}]},{\"@type\":\"WebSite\",\"@id\":\"https:\\\/\\\/lospoliticosveracruz.com\\\/#website\",\"url\":\"https:\\\/\\\/lospoliticosveracruz.com\\\/\",\"name\":\"Los pol\u00edticos Veracruz\",\"description\":\"\",\"publisher\":{\"@id\":\"https:\\\/\\\/lospoliticosveracruz.com\\\/#organization\"},\"potentialAction\":[{\"@type\":\"SearchAction\",\"target\":{\"@type\":\"EntryPoint\",\"urlTemplate\":\"https:\\\/\\\/lospoliticosveracruz.com\\\/?s={search_term_string}\"},\"query-input\":{\"@type\":\"PropertyValueSpecification\",\"valueRequired\":true,\"valueName\":\"search_term_string\"}}],\"inLanguage\":\"es\"},{\"@type\":\"Organization\",\"@id\":\"https:\\\/\\\/lospoliticosveracruz.com\\\/#organization\",\"name\":\"Los pol\u00edticos Veracruz\",\"url\":\"https:\\\/\\\/lospoliticosveracruz.com\\\/\",\"logo\":{\"@type\":\"ImageObject\",\"inLanguage\":\"es\",\"@id\":\"https:\\\/\\\/lospoliticosveracruz.com\\\/#\\\/schema\\\/logo\\\/image\\\/\",\"url\":\"https:\\\/\\\/lospoliticosveracruz.com\\\/wp-content\\\/uploads\\\/2025\\\/12\\\/Logo-Nuevo-LOS-POLITICOS-1.jpg\",\"contentUrl\":\"https:\\\/\\\/lospoliticosveracruz.com\\\/wp-content\\\/uploads\\\/2025\\\/12\\\/Logo-Nuevo-LOS-POLITICOS-1.jpg\",\"width\":260,\"height\":70,\"caption\":\"Los pol\u00edticos Veracruz\"},\"image\":{\"@id\":\"https:\\\/\\\/lospoliticosveracruz.com\\\/#\\\/schema\\\/logo\\\/image\\\/\"},\"sameAs\":[\"https:\\\/\\\/www.facebook.com\\\/people\\\/Notimemes-de-los-Polticos\\\/61565672886568\\\/\",\"https:\\\/\\\/x.com\\\/LosPoliticosVer\"]},{\"@type\":\"Person\",\"@id\":\"https:\\\/\\\/lospoliticosveracruz.com\\\/#\\\/schema\\\/person\\\/b8702bb0e538456e6efd07080bf2a4a2\",\"name\":\"Lo viste en Los Pol\u00edticos\",\"image\":{\"@type\":\"ImageObject\",\"inLanguage\":\"es\",\"@id\":\"https:\\\/\\\/secure.gravatar.com\\\/avatar\\\/3a8de04a2656d44082be478bd6c086daa447c4651605818287b9532d3d0bd435?s=96&d=mm&r=g\",\"url\":\"https:\\\/\\\/secure.gravatar.com\\\/avatar\\\/3a8de04a2656d44082be478bd6c086daa447c4651605818287b9532d3d0bd435?s=96&d=mm&r=g\",\"contentUrl\":\"https:\\\/\\\/secure.gravatar.com\\\/avatar\\\/3a8de04a2656d44082be478bd6c086daa447c4651605818287b9532d3d0bd435?s=96&d=mm&r=g\",\"caption\":\"Lo viste en Los Pol\u00edticos\"},\"url\":\"https:\\\/\\\/lospoliticosveracruz.com\\\/?author=2\"}]}<\/script>\n<!-- \/ Yoast SEO plugin. -->","yoast_head_json":{"title":"Julen, \u00a1a toda madre! - Los pol\u00edticos Veracruz","robots":{"index":"index","follow":"follow","max-snippet":"max-snippet:-1","max-image-preview":"max-image-preview:large","max-video-preview":"max-video-preview:-1"},"canonical":"https:\/\/lospoliticosveracruz.com\/?p=81762","og_locale":"es_ES","og_type":"article","og_title":"Julen, \u00a1a toda madre! - Los pol\u00edticos Veracruz","og_description":"Ciudad de M\u00e9xico El senador Julen Rementer\u00eda del Puerto present\u00f3 una iniciativa que plantea crear la Ley del Fondo de Apoyo a la Maternidad, con el objetivo de apoyar a las mujeres embarazadas en situaci\u00f3n de calle y v\u00edctimas de violencia y\/o violaci\u00f3n, que deciden continuar con su embarazo y tener a sus hijos. \u201cPresent\u00e9 [&hellip;]","og_url":"https:\/\/lospoliticosveracruz.com\/?p=81762","og_site_name":"Los pol\u00edticos Veracruz","article_publisher":"https:\/\/www.facebook.com\/people\/Notimemes-de-los-Polticos\/61565672886568\/","article_published_time":"2021-11-11T01:31:48+00:00","article_modified_time":"2021-11-11T01:31:54+00:00","og_image":[{"width":200,"height":200,"url":"https:\/\/lospoliticosveracruz.com\/wp-content\/uploads\/2016\/07\/Logo-Dor.jpg","type":"image\/jpeg"}],"author":"Lo viste en Los Pol\u00edticos","twitter_card":"summary_large_image","twitter_creator":"@LosPoliticosVer","twitter_site":"@LosPoliticosVer","twitter_misc":{"Escrito por":"Lo viste en Los Pol\u00edticos","Tiempo de lectura":"2 minutos"},"schema":{"@context":"https:\/\/schema.org","@graph":[{"@type":"Article","@id":"https:\/\/lospoliticosveracruz.com\/?p=81762#article","isPartOf":{"@id":"https:\/\/lospoliticosveracruz.com\/?p=81762"},"author":{"name":"Lo viste en Los Pol\u00edticos","@id":"https:\/\/lospoliticosveracruz.com\/#\/schema\/person\/b8702bb0e538456e6efd07080bf2a4a2"},"headline":"Julen, \u00a1a toda madre!","datePublished":"2021-11-11T01:31:48+00:00","dateModified":"2021-11-11T01:31:54+00:00","mainEntityOfPage":{"@id":"https:\/\/lospoliticosveracruz.com\/?p=81762"},"wordCount":431,"publisher":{"@id":"https:\/\/lospoliticosveracruz.com\/#organization"},"keywords":["Centros de Atenci\u00f3n a la Maternidad","Fondo de Apoyo a la Maternidad","Julen Rementer\u00eda del Puerto","refugio a mujeres"],"articleSection":["De Boleto"],"inLanguage":"es"},{"@type":"WebPage","@id":"https:\/\/lospoliticosveracruz.com\/?p=81762","url":"https:\/\/lospoliticosveracruz.com\/?p=81762","name":"Julen, \u00a1a toda madre! - Los pol\u00edticos Veracruz","isPartOf":{"@id":"https:\/\/lospoliticosveracruz.com\/#website"},"datePublished":"2021-11-11T01:31:48+00:00","dateModified":"2021-11-11T01:31:54+00:00","breadcrumb":{"@id":"https:\/\/lospoliticosveracruz.com\/?p=81762#breadcrumb"},"inLanguage":"es","potentialAction":[{"@type":"ReadAction","target":["https:\/\/lospoliticosveracruz.com\/?p=81762"]}]},{"@type":"BreadcrumbList","@id":"https:\/\/lospoliticosveracruz.com\/?p=81762#breadcrumb","itemListElement":[{"@type":"ListItem","position":1,"name":"Portada","item":"https:\/\/lospoliticosveracruz.com\/"},{"@type":"ListItem","position":2,"name":"Julen, \u00a1a toda madre!"}]},{"@type":"WebSite","@id":"https:\/\/lospoliticosveracruz.com\/#website","url":"https:\/\/lospoliticosveracruz.com\/","name":"Los pol\u00edticos Veracruz","description":"","publisher":{"@id":"https:\/\/lospoliticosveracruz.com\/#organization"},"potentialAction":[{"@type":"SearchAction","target":{"@type":"EntryPoint","urlTemplate":"https:\/\/lospoliticosveracruz.com\/?s={search_term_string}"},"query-input":{"@type":"PropertyValueSpecification","valueRequired":true,"valueName":"search_term_string"}}],"inLanguage":"es"},{"@type":"Organization","@id":"https:\/\/lospoliticosveracruz.com\/#organization","name":"Los pol\u00edticos Veracruz","url":"https:\/\/lospoliticosveracruz.com\/","logo":{"@type":"ImageObject","inLanguage":"es","@id":"https:\/\/lospoliticosveracruz.com\/#\/schema\/logo\/image\/","url":"https:\/\/lospoliticosveracruz.com\/wp-content\/uploads\/2025\/12\/Logo-Nuevo-LOS-POLITICOS-1.jpg","contentUrl":"https:\/\/lospoliticosveracruz.com\/wp-content\/uploads\/2025\/12\/Logo-Nuevo-LOS-POLITICOS-1.jpg","width":260,"height":70,"caption":"Los pol\u00edticos Veracruz"},"image":{"@id":"https:\/\/lospoliticosveracruz.com\/#\/schema\/logo\/image\/"},"sameAs":["https:\/\/www.facebook.com\/people\/Notimemes-de-los-Polticos\/61565672886568\/","https:\/\/x.com\/LosPoliticosVer"]},{"@type":"Person","@id":"https:\/\/lospoliticosveracruz.com\/#\/schema\/person\/b8702bb0e538456e6efd07080bf2a4a2","name":"Lo viste en Los Pol\u00edticos","image":{"@type":"ImageObject","inLanguage":"es","@id":"https:\/\/secure.gravatar.com\/avatar\/3a8de04a2656d44082be478bd6c086daa447c4651605818287b9532d3d0bd435?s=96&d=mm&r=g","url":"https:\/\/secure.gravatar.com\/avatar\/3a8de04a2656d44082be478bd6c086daa447c4651605818287b9532d3d0bd435?s=96&d=mm&r=g","contentUrl":"https:\/\/secure.gravatar.com\/avatar\/3a8de04a2656d44082be478bd6c086daa447c4651605818287b9532d3d0bd435?s=96&d=mm&r=g","caption":"Lo viste en Los Pol\u00edticos"},"url":"https:\/\/lospoliticosveracruz.com\/?author=2"}]}},"_links":{"self":[{"href":"https:\/\/lospoliticosveracruz.com\/index.php?rest_route=\/wp\/v2\/posts\/81762","targetHints":{"allow":["GET"]}}],"collection":[{"href":"https:\/\/lospoliticosveracruz.com\/index.php?rest_route=\/wp\/v2\/posts"}],"about":[{"href":"https:\/\/lospoliticosveracruz.com\/index.php?rest_route=\/wp\/v2\/types\/post"}],"author":[{"embeddable":true,"href":"https:\/\/lospoliticosveracruz.com\/index.php?rest_route=\/wp\/v2\/users\/2"}],"replies":[{"embeddable":true,"href":"https:\/\/lospoliticosveracruz.com\/index.php?rest_route=%2Fwp%2Fv2%2Fcomments&post=81762"}],"version-history":[{"count":1,"href":"https:\/\/lospoliticosveracruz.com\/index.php?rest_route=\/wp\/v2\/posts\/81762\/revisions"}],"predecessor-version":[{"id":81764,"href":"https:\/\/lospoliticosveracruz.com\/index.php?rest_route=\/wp\/v2\/posts\/81762\/revisions\/81764"}],"wp:attachment":[{"href":"https:\/\/lospoliticosveracruz.com\/index.php?rest_route=%2Fwp%2Fv2%2Fmedia&parent=81762"}],"wp:term":[{"taxonomy":"category","embeddable":true,"href":"https:\/\/lospoliticosveracruz.com\/index.php?rest_route=%2Fwp%2Fv2%2Fcategories&post=81762"},{"taxonomy":"post_tag","embeddable":true,"href":"https:\/\/lospoliticosveracruz.com\/index.php?rest_route=%2Fwp%2Fv2%2Ftags&post=81762"}],"curies":[{"name":"wp","href":"https:\/\/api.w.org\/{rel}","templated":true}]}}