{"id":81765,"date":"2021-11-10T20:12:55","date_gmt":"2021-11-11T02:12:55","guid":{"rendered":"https:\/\/lospoliticosveracruz.com.mx\/?p=81765"},"modified":"2021-11-10T20:13:01","modified_gmt":"2021-11-11T02:13:01","slug":"encuentro-por-mexico-por-un-pais-mejor-coparmex","status":"publish","type":"post","link":"https:\/\/lospoliticosveracruz.com\/?p=81765","title":{"rendered":"Encuentro por M\u00e9xico, por un pa\u00eds mejor: Coparmex"},"content":{"rendered":"\n<p><\/p>\n\n\n\n<p>Ciudad de M\u00e9xico<\/p>\n\n\n\n<p><br>Con la finalidad de integrar un an\u00e1lisis de la situaci\u00f3n del pa\u00eds en materia econ\u00f3mica, de seguridad, acceso a la justicia y participaci\u00f3n ciudadana, as\u00ed como proponer nuevas perspectivas y alternativas para un desarrollo inclusivo que permita a M\u00e9xico remontar las crisis sanitaria y econ\u00f3mica que dej\u00f3 la pandemia de Covid-19, la Confederaci\u00f3n Patronal de la Rep\u00fablica Mexicana (Coparmex) llevar\u00e1 a cabo el Encuentro por M\u00e9xico los d\u00edas 17, 18 y 19 de noviembre.<\/p>\n\n\n\n<p>Con un formato h\u00edbrido que permitir\u00e1 la participaci\u00f3n de m\u00e1s de 500 empresarios, presidentes municipales, gobernadores, acad\u00e9micos, expertos y analistas de manera presencial en la Riviera Maya, y la asistencia remota y gratuita de usuarios de las redes sociales, Coparmex busca desde la innovaci\u00f3n tecnol\u00f3gica propiciar el di\u00e1logo para fortalecer el conocimiento y la participaci\u00f3n ciudadana.<\/p>\n\n\n\n<p>En conferencia de prensa, Jos\u00e9 Medina Mora Icaza, presidente nacional de Coparmex destac\u00f3 que el Encuentro por M\u00e9xico es un espacio dise\u00f1ado para la reflexi\u00f3n y la propuesta al que todos los mexicanos interesados en lograr un mejor pa\u00eds, est\u00e1n invitados a integrarse.<\/p>\n\n\n\n<p>\u00abTengamos este momento de reflexi\u00f3n sobre d\u00f3nde se encuentra el pa\u00eds y a hacia d\u00f3nde podemos ir, hacia d\u00f3nde queremos ir. La invitaci\u00f3n es a todos para que se puedan unir a trav\u00e9s de las redes sociales en un evento h\u00edbrido, algunos nos acompa\u00f1ar\u00e1n de manera presencial pero la invitaci\u00f3n es abierta a todos para que nos acompa\u00f1en de manera virtual. Ser\u00e1 gratuito para que desde la casa, la oficina, el taller o hasta el auto puedan estar con nosotros\u00bb, coment\u00f3.<\/p>\n\n\n\n<p>Medina Mora Icaza subray\u00f3 que el Encuentro por M\u00e9xico es el evento m\u00e1s importante que organiza el sindicato patronal durante el a\u00f1o y en el que presentar\u00e1n la propuesta del sector empresarial para mejorar de manera r\u00e1pida y efectiva la econom\u00eda nacional desde un nuevo modelo de desarrollo denominado \u00abEconom\u00eda de Mercado con Desarrollo Inclusivo\u00bb.<\/p>\n\n\n\n<p>En la presentaci\u00f3n del programa general del Encuentro por M\u00e9xico, Valent\u00edn Gonz\u00e1lez Cossio, presidente del Comit\u00e9 de Contenido del evento, dijo que \u00e9ste se divide en dos grandes momentos: el primero, en el que se contar\u00e1 con la participaci\u00f3n de Jos\u00e9 \u00c1ngel Gurr\u00eda, quien fuera Secretario general de la OCDE de 2006 a 2021, y el segundo, la ponencia de Jos\u00e9 Medina Mora, presidente de Coparmex, donde se presentar\u00e1 la propuesta de \u00abEconom\u00eda de Mercado con Desarrollo Inclusivo\u00bb.<\/p>\n\n\n\n<p>Explic\u00f3 que en los tres d\u00edas del Encuentro Por M\u00e9xico se abordar\u00e1n seis puntos clave, \u00abseis \u00e1reas de oportunidad para el pa\u00eds\u00bb que partir\u00e1n de un \u00abBalance de los tres a\u00f1os de gobierno, los avances, retrocesos y pendientes\u00bb, que presentar\u00e1n Luis de la Calle y Javier Tello.<\/p>\n\n\n\n<p>El segundo ser\u00e1 el que liderar\u00e1n Ana Laura Magaloni Kerpel y Jos\u00e9 Mario de la Garza Marroquin en el panel \u00abEl Indispensable Acceso a la Justicia para analizar c\u00f3mo hacer cotidiano el Estado de Derecho\u00bb y en el que disertar\u00e1n acerca de cu\u00e1l es la realidad del acceso a la justicia en M\u00e9xico.<\/p>\n\n\n\n<p>Otro tema que se discutir\u00e1 en el Encuentro por M\u00e9xico, ser\u00e1 el de la inseguridad pues \u00abpodemos arreglar todo o intentar arreglar todo, pero si la inseguridad prevalece, nada funciona\u00bb. Para ello, en el panel \u00abCreciente inseguridad. Riesgos y posibles soluciones\u00bb, se contar\u00e1 con la participaci\u00f3n de Mar\u00eda Teresa Torres Aguilar, de Orlando Camacho Nacenta, de Federico Fern\u00e1ndez y de Alejandro Gonz\u00e1lez Cussi.<\/p>\n\n\n\n<p>En cuanto al desarrollo econ\u00f3mico, esta materia se abordar\u00e1 desde la perspectiva acad\u00e9mica de Salvador Alba, ex presidente del Tec de Monterrey y de Alejandro Guerra, director general de KAVAK M\u00e9xico, una plataforma digital que ha innovado en la compra venta de autos usados pues \u00abel nuevo emprendimiento es la innovaci\u00f3n tecnol\u00f3gica y queremos ponerle mucha atenci\u00f3n\u00bb.<\/p>\n\n\n\n<p>La quinta \u00e1rea de oportunidad que tocar\u00e1 el programa del Encuentro por M\u00e9xico es la de \u00abLa indispensable participaci\u00f3n ciudadana\u00bb, donde Luis Ram\u00edrez Carrillo, Juan Manuel D\u00edez Francos y Miguel Trevi\u00f1o de Hoyos, compartir\u00e1n su experiencia de c\u00f3mo, si la sociedad se involucra, se pueden generar grandes cambios.<\/p>\n\n\n\n<p>Por \u00faltimo, Mois\u00e9s Na\u00edm contribuir\u00e1 a entender qu\u00e9 est\u00e1 pasando en Latinoam\u00e9rica: \u00abM\u00e9xico es parte de ese conjunto y la convulsi\u00f3n que est\u00e1 pasando en Latinoam\u00e9rica tenemos que entenderla y entendernos dentro de ella. Si esto lo tenemos claro, podemos encontrar las propuestas para mejorar\u00bb.<\/p>\n\n\n\n<p>En su mensaje, Marc Pujol Folch, presidente del Centro Empresarial Riviera Maya, celebr\u00f3 la llegada del Encuentro por M\u00e9xico a esa regi\u00f3n del pa\u00eds y destac\u00f3 la importancia de que un evento de tal magnitud sea abierto y gratuito para quienes deseen participar en \u00e9l de manera virtual, pues la construcci\u00f3n de estrategias para tener un mejor pa\u00eds en materia de seguridad y Estado de Derecho, requiere de la participaci\u00f3n de la ciudadan\u00eda.<br>Por su parte, Willma Padilla Barbosa, presidenta de Coparmex Cozumel, subray\u00f3 la importancia de que este encuentro cuente tambi\u00e9n con un formato virtual de participaci\u00f3n sin costo e invit\u00f3 a los mexicanos a aprovechar la oportunidad de participar \u00abcomo ciudadanos, que nos involucremos, que aprendamos de econom\u00eda, de pol\u00edtica. Son personas que se destacan por buscar las mejores pol\u00edticas p\u00fablicas para M\u00e9xico y son momentos que como ciudadanos debemos aprovechar\u00bb.<\/p>\n\n\n\n<p>En su intervenci\u00f3n, Sergio Le\u00f3n Cervantes, presidente de Coparmex Quintana Roo, sostuvo que \u00abes importante que los empresarios tengan la oportunidad de registrarse hasta el 12 de noviembre para participar. Le hablamos a la juventud, a los estudiantes que ser\u00e1n los pr\u00f3ximos profesionistas y profesionales del pa\u00eds, es el momento de entender qu\u00e9 est\u00e1 pasando y c\u00f3mo podemos contribuir a seguir mejorando nuestro pa\u00eds\u00bb.<\/p>\n\n\n\n<p>Jos\u00e9 Luis Mig\u00fcer, presidente de Coparmex Chetumal, llam\u00f3 a aprovechar el Encuentro por M\u00e9xico pues \u00abes la oportunidad -como se ha dicho- de tener un foro tan importante, donde se est\u00e1n dando las nuevas visiones que vienen despu\u00e9s de todo lo que estamos viviendo. Hay que aprovecharlo, entender que es un esfuerzo grande y una oportunidad que no se va a tener dentro de muchos a\u00f1os m\u00e1s\u00bb.<\/p>\n\n\n\n<p>El Encuentro por M\u00e9xico que se llevar\u00e1 a cabo los d\u00edas 17, 18 y 19 de noviembre tendr\u00e1 como sede presencial la Riviera Maya y contar\u00e1 con acceso gratuito para todos los interesados a trav\u00e9s de las redes sociales oficiales de la Coparmex.<\/p>\n","protected":false},"excerpt":{"rendered":"<p>Ciudad de M\u00e9xico Con la finalidad de integrar un an\u00e1lisis de la situaci\u00f3n del pa\u00eds en materia econ\u00f3mica, de seguridad, acceso a la justicia y participaci\u00f3n ciudadana, as\u00ed como proponer nuevas perspectivas y alternativas para un desarrollo inclusivo que permita a M\u00e9xico remontar las crisis sanitaria y econ\u00f3mica que dej\u00f3 la pandemia de Covid-19, la [&hellip;]<\/p>\n","protected":false},"author":2,"featured_media":0,"comment_status":"closed","ping_status":"closed","sticky":false,"template":"","format":"standard","meta":{"tdm_status":"","tdm_grid_status":"","footnotes":""},"categories":[73],"tags":[6293,31166,31168,25193],"class_list":{"0":"post-81765","1":"post","2":"type-post","3":"status-publish","4":"format-standard","6":"category-de-boleto","7":"tag-coparmex","8":"tag-encuentro-por-mexico","9":"tag-jose-angel-gurria","10":"tag-jose-medina-mora-icaza"},"yoast_head":"<!-- This site is optimized with the Yoast SEO plugin v27.4 - https:\/\/yoast.com\/product\/yoast-seo-wordpress\/ -->\n<title>Encuentro por M\u00e9xico, por un pa\u00eds mejor: Coparmex - Los pol\u00edticos Veracruz<\/title>\n<meta name=\"robots\" content=\"index, follow, max-snippet:-1, max-image-preview:large, max-video-preview:-1\" \/>\n<link rel=\"canonical\" href=\"https:\/\/lospoliticosveracruz.com\/?p=81765\" \/>\n<meta property=\"og:locale\" content=\"es_ES\" \/>\n<meta property=\"og:type\" content=\"article\" \/>\n<meta property=\"og:title\" content=\"Encuentro por M\u00e9xico, por un pa\u00eds mejor: Coparmex - Los pol\u00edticos Veracruz\" \/>\n<meta property=\"og:description\" content=\"Ciudad de M\u00e9xico Con la finalidad de integrar un an\u00e1lisis de la situaci\u00f3n del pa\u00eds en materia econ\u00f3mica, de seguridad, acceso a la justicia y participaci\u00f3n ciudadana, as\u00ed como proponer nuevas perspectivas y alternativas para un desarrollo inclusivo que permita a M\u00e9xico remontar las crisis sanitaria y econ\u00f3mica que dej\u00f3 la pandemia de Covid-19, la [&hellip;]\" \/>\n<meta property=\"og:url\" content=\"https:\/\/lospoliticosveracruz.com\/?p=81765\" \/>\n<meta property=\"og:site_name\" content=\"Los pol\u00edticos Veracruz\" \/>\n<meta property=\"article:publisher\" content=\"https:\/\/www.facebook.com\/people\/Notimemes-de-los-Polticos\/61565672886568\/\" \/>\n<meta property=\"article:published_time\" content=\"2021-11-11T02:12:55+00:00\" \/>\n<meta property=\"article:modified_time\" content=\"2021-11-11T02:13:01+00:00\" \/>\n<meta property=\"og:image\" content=\"https:\/\/lospoliticosveracruz.com\/wp-content\/uploads\/2016\/07\/Logo-Dor.jpg\" \/>\n\t<meta property=\"og:image:width\" content=\"200\" \/>\n\t<meta property=\"og:image:height\" content=\"200\" \/>\n\t<meta property=\"og:image:type\" content=\"image\/jpeg\" \/>\n<meta name=\"author\" content=\"Lo viste en Los Pol\u00edticos\" \/>\n<meta name=\"twitter:card\" content=\"summary_large_image\" \/>\n<meta name=\"twitter:creator\" content=\"@LosPoliticosVer\" \/>\n<meta name=\"twitter:site\" content=\"@LosPoliticosVer\" \/>\n<meta name=\"twitter:label1\" content=\"Escrito por\" \/>\n\t<meta name=\"twitter:data1\" content=\"Lo viste en Los Pol\u00edticos\" \/>\n\t<meta name=\"twitter:label2\" content=\"Tiempo de lectura\" \/>\n\t<meta name=\"twitter:data2\" content=\"6 minutos\" \/>\n<script type=\"application\/ld+json\" class=\"yoast-schema-graph\">{\"@context\":\"https:\\\/\\\/schema.org\",\"@graph\":[{\"@type\":\"Article\",\"@id\":\"https:\\\/\\\/lospoliticosveracruz.com\\\/?p=81765#article\",\"isPartOf\":{\"@id\":\"https:\\\/\\\/lospoliticosveracruz.com\\\/?p=81765\"},\"author\":{\"name\":\"Lo viste en Los Pol\u00edticos\",\"@id\":\"https:\\\/\\\/lospoliticosveracruz.com\\\/#\\\/schema\\\/person\\\/b8702bb0e538456e6efd07080bf2a4a2\"},\"headline\":\"Encuentro por M\u00e9xico, por un pa\u00eds mejor: Coparmex\",\"datePublished\":\"2021-11-11T02:12:55+00:00\",\"dateModified\":\"2021-11-11T02:13:01+00:00\",\"mainEntityOfPage\":{\"@id\":\"https:\\\/\\\/lospoliticosveracruz.com\\\/?p=81765\"},\"wordCount\":1137,\"publisher\":{\"@id\":\"https:\\\/\\\/lospoliticosveracruz.com\\\/#organization\"},\"keywords\":[\"Coparmex\",\"Encuentro por M\u00e9xico\",\"Jos\u00e9 \u00c1ngel Gurr\u00eda\",\"Jos\u00e9 Medina Mora Icaza\"],\"articleSection\":[\"De Boleto\"],\"inLanguage\":\"es\"},{\"@type\":\"WebPage\",\"@id\":\"https:\\\/\\\/lospoliticosveracruz.com\\\/?p=81765\",\"url\":\"https:\\\/\\\/lospoliticosveracruz.com\\\/?p=81765\",\"name\":\"Encuentro por M\u00e9xico, por un pa\u00eds mejor: Coparmex - Los pol\u00edticos Veracruz\",\"isPartOf\":{\"@id\":\"https:\\\/\\\/lospoliticosveracruz.com\\\/#website\"},\"datePublished\":\"2021-11-11T02:12:55+00:00\",\"dateModified\":\"2021-11-11T02:13:01+00:00\",\"breadcrumb\":{\"@id\":\"https:\\\/\\\/lospoliticosveracruz.com\\\/?p=81765#breadcrumb\"},\"inLanguage\":\"es\",\"potentialAction\":[{\"@type\":\"ReadAction\",\"target\":[\"https:\\\/\\\/lospoliticosveracruz.com\\\/?p=81765\"]}]},{\"@type\":\"BreadcrumbList\",\"@id\":\"https:\\\/\\\/lospoliticosveracruz.com\\\/?p=81765#breadcrumb\",\"itemListElement\":[{\"@type\":\"ListItem\",\"position\":1,\"name\":\"Portada\",\"item\":\"https:\\\/\\\/lospoliticosveracruz.com\\\/\"},{\"@type\":\"ListItem\",\"position\":2,\"name\":\"Encuentro por M\u00e9xico, por un pa\u00eds mejor: Coparmex\"}]},{\"@type\":\"WebSite\",\"@id\":\"https:\\\/\\\/lospoliticosveracruz.com\\\/#website\",\"url\":\"https:\\\/\\\/lospoliticosveracruz.com\\\/\",\"name\":\"Los pol\u00edticos Veracruz\",\"description\":\"\",\"publisher\":{\"@id\":\"https:\\\/\\\/lospoliticosveracruz.com\\\/#organization\"},\"potentialAction\":[{\"@type\":\"SearchAction\",\"target\":{\"@type\":\"EntryPoint\",\"urlTemplate\":\"https:\\\/\\\/lospoliticosveracruz.com\\\/?s={search_term_string}\"},\"query-input\":{\"@type\":\"PropertyValueSpecification\",\"valueRequired\":true,\"valueName\":\"search_term_string\"}}],\"inLanguage\":\"es\"},{\"@type\":\"Organization\",\"@id\":\"https:\\\/\\\/lospoliticosveracruz.com\\\/#organization\",\"name\":\"Los pol\u00edticos Veracruz\",\"url\":\"https:\\\/\\\/lospoliticosveracruz.com\\\/\",\"logo\":{\"@type\":\"ImageObject\",\"inLanguage\":\"es\",\"@id\":\"https:\\\/\\\/lospoliticosveracruz.com\\\/#\\\/schema\\\/logo\\\/image\\\/\",\"url\":\"https:\\\/\\\/lospoliticosveracruz.com\\\/wp-content\\\/uploads\\\/2025\\\/12\\\/Logo-Nuevo-LOS-POLITICOS-1.jpg\",\"contentUrl\":\"https:\\\/\\\/lospoliticosveracruz.com\\\/wp-content\\\/uploads\\\/2025\\\/12\\\/Logo-Nuevo-LOS-POLITICOS-1.jpg\",\"width\":260,\"height\":70,\"caption\":\"Los pol\u00edticos Veracruz\"},\"image\":{\"@id\":\"https:\\\/\\\/lospoliticosveracruz.com\\\/#\\\/schema\\\/logo\\\/image\\\/\"},\"sameAs\":[\"https:\\\/\\\/www.facebook.com\\\/people\\\/Notimemes-de-los-Polticos\\\/61565672886568\\\/\",\"https:\\\/\\\/x.com\\\/LosPoliticosVer\"]},{\"@type\":\"Person\",\"@id\":\"https:\\\/\\\/lospoliticosveracruz.com\\\/#\\\/schema\\\/person\\\/b8702bb0e538456e6efd07080bf2a4a2\",\"name\":\"Lo viste en Los Pol\u00edticos\",\"image\":{\"@type\":\"ImageObject\",\"inLanguage\":\"es\",\"@id\":\"https:\\\/\\\/secure.gravatar.com\\\/avatar\\\/3a8de04a2656d44082be478bd6c086daa447c4651605818287b9532d3d0bd435?s=96&d=mm&r=g\",\"url\":\"https:\\\/\\\/secure.gravatar.com\\\/avatar\\\/3a8de04a2656d44082be478bd6c086daa447c4651605818287b9532d3d0bd435?s=96&d=mm&r=g\",\"contentUrl\":\"https:\\\/\\\/secure.gravatar.com\\\/avatar\\\/3a8de04a2656d44082be478bd6c086daa447c4651605818287b9532d3d0bd435?s=96&d=mm&r=g\",\"caption\":\"Lo viste en Los Pol\u00edticos\"},\"url\":\"https:\\\/\\\/lospoliticosveracruz.com\\\/?author=2\"}]}<\/script>\n<!-- \/ Yoast SEO plugin. -->","yoast_head_json":{"title":"Encuentro por M\u00e9xico, por un pa\u00eds mejor: Coparmex - Los pol\u00edticos Veracruz","robots":{"index":"index","follow":"follow","max-snippet":"max-snippet:-1","max-image-preview":"max-image-preview:large","max-video-preview":"max-video-preview:-1"},"canonical":"https:\/\/lospoliticosveracruz.com\/?p=81765","og_locale":"es_ES","og_type":"article","og_title":"Encuentro por M\u00e9xico, por un pa\u00eds mejor: Coparmex - Los pol\u00edticos Veracruz","og_description":"Ciudad de M\u00e9xico Con la finalidad de integrar un an\u00e1lisis de la situaci\u00f3n del pa\u00eds en materia econ\u00f3mica, de seguridad, acceso a la justicia y participaci\u00f3n ciudadana, as\u00ed como proponer nuevas perspectivas y alternativas para un desarrollo inclusivo que permita a M\u00e9xico remontar las crisis sanitaria y econ\u00f3mica que dej\u00f3 la pandemia de Covid-19, la [&hellip;]","og_url":"https:\/\/lospoliticosveracruz.com\/?p=81765","og_site_name":"Los pol\u00edticos Veracruz","article_publisher":"https:\/\/www.facebook.com\/people\/Notimemes-de-los-Polticos\/61565672886568\/","article_published_time":"2021-11-11T02:12:55+00:00","article_modified_time":"2021-11-11T02:13:01+00:00","og_image":[{"width":200,"height":200,"url":"https:\/\/lospoliticosveracruz.com\/wp-content\/uploads\/2016\/07\/Logo-Dor.jpg","type":"image\/jpeg"}],"author":"Lo viste en Los Pol\u00edticos","twitter_card":"summary_large_image","twitter_creator":"@LosPoliticosVer","twitter_site":"@LosPoliticosVer","twitter_misc":{"Escrito por":"Lo viste en Los Pol\u00edticos","Tiempo de lectura":"6 minutos"},"schema":{"@context":"https:\/\/schema.org","@graph":[{"@type":"Article","@id":"https:\/\/lospoliticosveracruz.com\/?p=81765#article","isPartOf":{"@id":"https:\/\/lospoliticosveracruz.com\/?p=81765"},"author":{"name":"Lo viste en Los Pol\u00edticos","@id":"https:\/\/lospoliticosveracruz.com\/#\/schema\/person\/b8702bb0e538456e6efd07080bf2a4a2"},"headline":"Encuentro por M\u00e9xico, por un pa\u00eds mejor: Coparmex","datePublished":"2021-11-11T02:12:55+00:00","dateModified":"2021-11-11T02:13:01+00:00","mainEntityOfPage":{"@id":"https:\/\/lospoliticosveracruz.com\/?p=81765"},"wordCount":1137,"publisher":{"@id":"https:\/\/lospoliticosveracruz.com\/#organization"},"keywords":["Coparmex","Encuentro por M\u00e9xico","Jos\u00e9 \u00c1ngel Gurr\u00eda","Jos\u00e9 Medina Mora Icaza"],"articleSection":["De Boleto"],"inLanguage":"es"},{"@type":"WebPage","@id":"https:\/\/lospoliticosveracruz.com\/?p=81765","url":"https:\/\/lospoliticosveracruz.com\/?p=81765","name":"Encuentro por M\u00e9xico, por un pa\u00eds mejor: Coparmex - Los pol\u00edticos Veracruz","isPartOf":{"@id":"https:\/\/lospoliticosveracruz.com\/#website"},"datePublished":"2021-11-11T02:12:55+00:00","dateModified":"2021-11-11T02:13:01+00:00","breadcrumb":{"@id":"https:\/\/lospoliticosveracruz.com\/?p=81765#breadcrumb"},"inLanguage":"es","potentialAction":[{"@type":"ReadAction","target":["https:\/\/lospoliticosveracruz.com\/?p=81765"]}]},{"@type":"BreadcrumbList","@id":"https:\/\/lospoliticosveracruz.com\/?p=81765#breadcrumb","itemListElement":[{"@type":"ListItem","position":1,"name":"Portada","item":"https:\/\/lospoliticosveracruz.com\/"},{"@type":"ListItem","position":2,"name":"Encuentro por M\u00e9xico, por un pa\u00eds mejor: Coparmex"}]},{"@type":"WebSite","@id":"https:\/\/lospoliticosveracruz.com\/#website","url":"https:\/\/lospoliticosveracruz.com\/","name":"Los pol\u00edticos Veracruz","description":"","publisher":{"@id":"https:\/\/lospoliticosveracruz.com\/#organization"},"potentialAction":[{"@type":"SearchAction","target":{"@type":"EntryPoint","urlTemplate":"https:\/\/lospoliticosveracruz.com\/?s={search_term_string}"},"query-input":{"@type":"PropertyValueSpecification","valueRequired":true,"valueName":"search_term_string"}}],"inLanguage":"es"},{"@type":"Organization","@id":"https:\/\/lospoliticosveracruz.com\/#organization","name":"Los pol\u00edticos Veracruz","url":"https:\/\/lospoliticosveracruz.com\/","logo":{"@type":"ImageObject","inLanguage":"es","@id":"https:\/\/lospoliticosveracruz.com\/#\/schema\/logo\/image\/","url":"https:\/\/lospoliticosveracruz.com\/wp-content\/uploads\/2025\/12\/Logo-Nuevo-LOS-POLITICOS-1.jpg","contentUrl":"https:\/\/lospoliticosveracruz.com\/wp-content\/uploads\/2025\/12\/Logo-Nuevo-LOS-POLITICOS-1.jpg","width":260,"height":70,"caption":"Los pol\u00edticos Veracruz"},"image":{"@id":"https:\/\/lospoliticosveracruz.com\/#\/schema\/logo\/image\/"},"sameAs":["https:\/\/www.facebook.com\/people\/Notimemes-de-los-Polticos\/61565672886568\/","https:\/\/x.com\/LosPoliticosVer"]},{"@type":"Person","@id":"https:\/\/lospoliticosveracruz.com\/#\/schema\/person\/b8702bb0e538456e6efd07080bf2a4a2","name":"Lo viste en Los Pol\u00edticos","image":{"@type":"ImageObject","inLanguage":"es","@id":"https:\/\/secure.gravatar.com\/avatar\/3a8de04a2656d44082be478bd6c086daa447c4651605818287b9532d3d0bd435?s=96&d=mm&r=g","url":"https:\/\/secure.gravatar.com\/avatar\/3a8de04a2656d44082be478bd6c086daa447c4651605818287b9532d3d0bd435?s=96&d=mm&r=g","contentUrl":"https:\/\/secure.gravatar.com\/avatar\/3a8de04a2656d44082be478bd6c086daa447c4651605818287b9532d3d0bd435?s=96&d=mm&r=g","caption":"Lo viste en Los Pol\u00edticos"},"url":"https:\/\/lospoliticosveracruz.com\/?author=2"}]}},"_links":{"self":[{"href":"https:\/\/lospoliticosveracruz.com\/index.php?rest_route=\/wp\/v2\/posts\/81765","targetHints":{"allow":["GET"]}}],"collection":[{"href":"https:\/\/lospoliticosveracruz.com\/index.php?rest_route=\/wp\/v2\/posts"}],"about":[{"href":"https:\/\/lospoliticosveracruz.com\/index.php?rest_route=\/wp\/v2\/types\/post"}],"author":[{"embeddable":true,"href":"https:\/\/lospoliticosveracruz.com\/index.php?rest_route=\/wp\/v2\/users\/2"}],"replies":[{"embeddable":true,"href":"https:\/\/lospoliticosveracruz.com\/index.php?rest_route=%2Fwp%2Fv2%2Fcomments&post=81765"}],"version-history":[{"count":1,"href":"https:\/\/lospoliticosveracruz.com\/index.php?rest_route=\/wp\/v2\/posts\/81765\/revisions"}],"predecessor-version":[{"id":81767,"href":"https:\/\/lospoliticosveracruz.com\/index.php?rest_route=\/wp\/v2\/posts\/81765\/revisions\/81767"}],"wp:attachment":[{"href":"https:\/\/lospoliticosveracruz.com\/index.php?rest_route=%2Fwp%2Fv2%2Fmedia&parent=81765"}],"wp:term":[{"taxonomy":"category","embeddable":true,"href":"https:\/\/lospoliticosveracruz.com\/index.php?rest_route=%2Fwp%2Fv2%2Fcategories&post=81765"},{"taxonomy":"post_tag","embeddable":true,"href":"https:\/\/lospoliticosveracruz.com\/index.php?rest_route=%2Fwp%2Fv2%2Ftags&post=81765"}],"curies":[{"name":"wp","href":"https:\/\/api.w.org\/{rel}","templated":true}]}}