{"id":81772,"date":"2021-11-11T07:42:25","date_gmt":"2021-11-11T13:42:25","guid":{"rendered":"https:\/\/lospoliticosveracruz.com.mx\/?p=81772"},"modified":"2021-11-11T07:42:32","modified_gmt":"2021-11-11T13:42:32","slug":"chaquetazos-legislativos","status":"publish","type":"post","link":"https:\/\/lospoliticosveracruz.com\/?p=81772","title":{"rendered":"Chaquetazos legislativos"},"content":{"rendered":"\n<p><strong>Salvador Mu\u00f1oz<br><\/strong><em>Los Pol\u00edticos<\/em><\/p>\n\n\n\n<p>Hasta donde la memoria permite, no se recuerda al inicio de la integraci\u00f3n de una Legislatura, tama\u00f1o de chaquetas como las que se dieron en esta incipiente LXVI: \u00a1nom\u00e1s 8! Siendo la bancada m\u00e1s favorecida la de Morena con 7 (y dijeran en los Pron\u00f3sticos) y las que se acumulen. El PAN nom\u00e1s tuvo una.<br>Empecemos con la del PAN porque es la m\u00e1s natural y f\u00e1cil de entender con Miguel David Hermida Copado.<br>El porte\u00f1o era el n\u00famero 4 en la bancada del PRI al lado de Anil\u00fa Ingram Vallines, Aril\u00fa (Arianna Guadalupe) Angeles Aguirre y Marlon Ram\u00edrez Mar\u00edn pero muy temprano, el pasado viernes, anunci\u00f3 su salto a la fracci\u00f3n del PAN.<\/p>\n\n\n\n<div class=\"wp-block-image\"><figure class=\"alignleft size-large is-resized\"><a href=\"https:\/\/lospoliticosveracruz.com.mx\/wp-content\/uploads\/2021\/10\/WhatsApp-Image-2021-10-02-at-15.20.25.jpeg\"><img loading=\"lazy\" decoding=\"async\" src=\"https:\/\/lospoliticosveracruz.com.mx\/wp-content\/uploads\/2021\/10\/WhatsApp-Image-2021-10-02-at-15.20.25-724x1024.jpeg\" alt=\"\" class=\"wp-image-80177\" width=\"250\" height=\"350\"\/><\/a><\/figure><\/div>\n\n\n\n<p><br>De an\u00e9cdota, ya en el recinto legislativo, durante un receso o a la conclusi\u00f3n de la primera sesi\u00f3n (han de disculpar, los caballeros no tenemos memoria\u2026), Marlon, teniendo al lado a Miguel Hermida, llama a su compa\u00f1era de bancada: \u201c\u00a1Aniii! \u00a1Ven! \u00a1Vente a tomar una foto con quien nos abandon\u00f3!\u201d<br>Y Anil\u00fa, con alegre sonrisa se acerca respondiendo: \u201c\u00a1Con el que nos dej\u00f3 como novia de rancho!\u201d, mientras se iba sumando al cuarteto Aril\u00fa (Arianna pues).<br>Hermida Copado en escueto bolet\u00edn informativo explicaba: \u201cAunque por el convenio de coalici\u00f3n electoral fui registrado por otra instituci\u00f3n pol\u00edtica, el d\u00eda de hoy, en apego a mis principios y trayectoria, iniciar\u00e9 el proceso para incorporarme al Grupo Legislativo del PAN.<br>\u201cQuiero agradecer a los partidos Revolucionario Institucional y de la Revoluci\u00f3n Democr\u00e1tica por su gran impulso durante el proceso electoral, estoy seguro de que seguiremos trabajando como bloque de oposici\u00f3n en la defensa de los intereses ciudadanos\u201d.<br>S\u00ed, Miguel Hermida tuvo la decencia de explicar su salto, su cambio, su chaquetazo, a diferencia de los tres diputados del PT, dos del PVEM y las dos del PRD\u2026 aunque est\u00e1 de m\u00e1s comentar las razones porque ya est\u00e1n m\u00e1s que explicadas ac\u00e1 y en otras columnas (en el PT y PVEM, desbaratar sus bancadas; en el PRD, presumen salvavidas pol\u00edtico para los alcaldes perredistas de Zongolica y Papantla que a estas alturas ya deben estar m\u00e1s lejos del Sol Azteca y m\u00e1s cerca de Morena como sus familiares legisladoras), en el caso del diputado panista hay lugar para entender mejor en las l\u00edneas siguientes, su paso de la muerte.<br>En estos momentos, la bancada del PAN tiene 9 integrantes: Oth\u00f3n Hern\u00e1ndez Candanedo, coordinador de bancada; Hugo Gonz\u00e1lez Saavedra, vicecoordinador de la Mesa Directiva; Enrique Cambranis Torres, Jaime Enrique de la Garza Mart\u00ednez, Miguel David Hermida Copado, Nora Jessica Lagunes J\u00e1uregui, Ver\u00f3nica Pulido Herrera, Bingen Rementer\u00eda e Itzel Yescas Valdivia.<br>Hay que recordar que al interior del PAN viven un proceso por la dirigencia estatal del partido entre Tito Delf\u00edn Cano y Joaqu\u00edn Guzm\u00e1n Avil\u00e9s.<br>Uno elucubra. Antes de que Hermida se pasara al PAN, los legisladores chiquiTitos (por eso de que es impulsado por los Yunes chicos) eran solamente tres: Enrique Cambranis, Jaime Enrique de la Garza y Ver\u00f3nica Pulido. El resto, Chapitos. Si bien siguen siendo mayor\u00eda, la percepci\u00f3n ya no es igual a 5-3 que 5-4.<br>Aunque les insisto: Es una elucubraci\u00f3n\u2026 la realidad es que el cambio de Miguel Hermida al PAN estaba m\u00e1s que presupuestado y de cierto modo, estoy seguro, hasta comprendido en un momento dado por la bancada del PRI, digo, para que lo chinguen como s\u00f3lo entre porte\u00f1os se saben chingar:<br>\u2013\u00a1Aniii! \u00a1Ven! \u00a1Vente a tomar una foto con quien nos abandon\u00f3!<br>\u2013\u00a1Con el que nos dej\u00f3 como novia de rancho!<\/p>\n\n\n\n<p>smcainito@gmail.com<\/p>\n","protected":false},"excerpt":{"rendered":"<p>Salvador Mu\u00f1ozLos Pol\u00edticos Hasta donde la memoria permite, no se recuerda al inicio de la integraci\u00f3n de una Legislatura, tama\u00f1o de chaquetas como las que se dieron en esta incipiente LXVI: \u00a1nom\u00e1s 8! Siendo la bancada m\u00e1s favorecida la de Morena con 7 (y dijeran en los Pron\u00f3sticos) y las que se acumulen. El PAN [&hellip;]<\/p>\n","protected":false},"author":2,"featured_media":81773,"comment_status":"closed","ping_status":"closed","sticky":false,"template":"","format":"standard","meta":{"tdm_status":"","tdm_grid_status":"","footnotes":""},"categories":[70],"tags":[1872,4684,2399,31171,19596,2908,25146,12654,13706,266,2646],"class_list":{"0":"post-81772","1":"post","2":"type-post","3":"status-publish","4":"format-standard","5":"has-post-thumbnail","7":"category-de-opinion","8":"tag-anilu-ingram-vallines","9":"tag-bingen-rementeria","10":"tag-enrique-cambranis-torres","11":"tag-itzel-yescas-valdivia","12":"tag-jaime-enrique-de-la-garza-martinez","13":"tag-marlon-ramirez-marin","14":"tag-miguel-david-hermida-copado","15":"tag-nora-jessica-lagunes-jauregui","16":"tag-othon-hernandez-candanedo","17":"tag-pan","18":"tag-salvador-munoz"},"yoast_head":"<!-- This site is optimized with the Yoast SEO plugin v27.4 - https:\/\/yoast.com\/product\/yoast-seo-wordpress\/ -->\n<title>Chaquetazos legislativos - Los pol\u00edticos Veracruz<\/title>\n<meta name=\"robots\" content=\"index, follow, max-snippet:-1, max-image-preview:large, max-video-preview:-1\" \/>\n<link rel=\"canonical\" href=\"https:\/\/lospoliticosveracruz.com\/?p=81772\" \/>\n<meta property=\"og:locale\" content=\"es_ES\" \/>\n<meta property=\"og:type\" content=\"article\" \/>\n<meta property=\"og:title\" content=\"Chaquetazos legislativos - Los pol\u00edticos Veracruz\" \/>\n<meta property=\"og:description\" content=\"Salvador Mu\u00f1ozLos Pol\u00edticos Hasta donde la memoria permite, no se recuerda al inicio de la integraci\u00f3n de una Legislatura, tama\u00f1o de chaquetas como las que se dieron en esta incipiente LXVI: \u00a1nom\u00e1s 8! Siendo la bancada m\u00e1s favorecida la de Morena con 7 (y dijeran en los Pron\u00f3sticos) y las que se acumulen. El PAN [&hellip;]\" \/>\n<meta property=\"og:url\" content=\"https:\/\/lospoliticosveracruz.com\/?p=81772\" \/>\n<meta property=\"og:site_name\" content=\"Los pol\u00edticos Veracruz\" \/>\n<meta property=\"article:publisher\" content=\"https:\/\/www.facebook.com\/people\/Notimemes-de-los-Polticos\/61565672886568\/\" \/>\n<meta property=\"article:published_time\" content=\"2021-11-11T13:42:25+00:00\" \/>\n<meta property=\"article:modified_time\" content=\"2021-11-11T13:42:32+00:00\" \/>\n<meta property=\"og:image\" content=\"https:\/\/lospoliticosveracruz.com\/wp-content\/uploads\/2021\/11\/Marlon-Ramirez-Miguel-Hermida-Anilu-Ingram-Arianna-Aguirre.jpg\" \/>\n\t<meta property=\"og:image:width\" content=\"600\" \/>\n\t<meta property=\"og:image:height\" content=\"320\" \/>\n\t<meta property=\"og:image:type\" content=\"image\/jpeg\" \/>\n<meta name=\"author\" content=\"Lo viste en Los Pol\u00edticos\" \/>\n<meta name=\"twitter:card\" content=\"summary_large_image\" \/>\n<meta name=\"twitter:creator\" content=\"@LosPoliticosVer\" \/>\n<meta name=\"twitter:site\" content=\"@LosPoliticosVer\" \/>\n<meta name=\"twitter:label1\" content=\"Escrito por\" \/>\n\t<meta name=\"twitter:data1\" content=\"Lo viste en Los Pol\u00edticos\" \/>\n\t<meta name=\"twitter:label2\" content=\"Tiempo de lectura\" \/>\n\t<meta name=\"twitter:data2\" content=\"3 minutos\" \/>\n<script type=\"application\/ld+json\" class=\"yoast-schema-graph\">{\"@context\":\"https:\\\/\\\/schema.org\",\"@graph\":[{\"@type\":\"Article\",\"@id\":\"https:\\\/\\\/lospoliticosveracruz.com\\\/?p=81772#article\",\"isPartOf\":{\"@id\":\"https:\\\/\\\/lospoliticosveracruz.com\\\/?p=81772\"},\"author\":{\"name\":\"Lo viste en Los Pol\u00edticos\",\"@id\":\"https:\\\/\\\/lospoliticosveracruz.com\\\/#\\\/schema\\\/person\\\/b8702bb0e538456e6efd07080bf2a4a2\"},\"headline\":\"Chaquetazos legislativos\",\"datePublished\":\"2021-11-11T13:42:25+00:00\",\"dateModified\":\"2021-11-11T13:42:32+00:00\",\"mainEntityOfPage\":{\"@id\":\"https:\\\/\\\/lospoliticosveracruz.com\\\/?p=81772\"},\"wordCount\":635,\"publisher\":{\"@id\":\"https:\\\/\\\/lospoliticosveracruz.com\\\/#organization\"},\"image\":{\"@id\":\"https:\\\/\\\/lospoliticosveracruz.com\\\/?p=81772#primaryimage\"},\"thumbnailUrl\":\"https:\\\/\\\/lospoliticosveracruz.com\\\/wp-content\\\/uploads\\\/2021\\\/11\\\/Marlon-Ramirez-Miguel-Hermida-Anilu-Ingram-Arianna-Aguirre.jpg\",\"keywords\":[\"Anil\u00fa Ingram Vallines\",\"Bingen Rementer\u00eda\",\"Enrique Cambranis Torres\",\"Itzel Yescas Valdivia\",\"Jaime Enrique de la Garza Mart\u00ednez\",\"Marlon Ram\u00edrez Mar\u00edn\",\"Miguel David Hermida Copado\",\"Nora Jessica Lagunes J\u00e1uregui\",\"Oth\u00f3n Hern\u00e1ndez Candanedo\",\"PAN\",\"Salvador Mu\u00f1oz\"],\"articleSection\":[\"De Opini\u00f3n\"],\"inLanguage\":\"es\"},{\"@type\":\"WebPage\",\"@id\":\"https:\\\/\\\/lospoliticosveracruz.com\\\/?p=81772\",\"url\":\"https:\\\/\\\/lospoliticosveracruz.com\\\/?p=81772\",\"name\":\"Chaquetazos legislativos - Los pol\u00edticos Veracruz\",\"isPartOf\":{\"@id\":\"https:\\\/\\\/lospoliticosveracruz.com\\\/#website\"},\"primaryImageOfPage\":{\"@id\":\"https:\\\/\\\/lospoliticosveracruz.com\\\/?p=81772#primaryimage\"},\"image\":{\"@id\":\"https:\\\/\\\/lospoliticosveracruz.com\\\/?p=81772#primaryimage\"},\"thumbnailUrl\":\"https:\\\/\\\/lospoliticosveracruz.com\\\/wp-content\\\/uploads\\\/2021\\\/11\\\/Marlon-Ramirez-Miguel-Hermida-Anilu-Ingram-Arianna-Aguirre.jpg\",\"datePublished\":\"2021-11-11T13:42:25+00:00\",\"dateModified\":\"2021-11-11T13:42:32+00:00\",\"breadcrumb\":{\"@id\":\"https:\\\/\\\/lospoliticosveracruz.com\\\/?p=81772#breadcrumb\"},\"inLanguage\":\"es\",\"potentialAction\":[{\"@type\":\"ReadAction\",\"target\":[\"https:\\\/\\\/lospoliticosveracruz.com\\\/?p=81772\"]}]},{\"@type\":\"ImageObject\",\"inLanguage\":\"es\",\"@id\":\"https:\\\/\\\/lospoliticosveracruz.com\\\/?p=81772#primaryimage\",\"url\":\"https:\\\/\\\/lospoliticosveracruz.com\\\/wp-content\\\/uploads\\\/2021\\\/11\\\/Marlon-Ramirez-Miguel-Hermida-Anilu-Ingram-Arianna-Aguirre.jpg\",\"contentUrl\":\"https:\\\/\\\/lospoliticosveracruz.com\\\/wp-content\\\/uploads\\\/2021\\\/11\\\/Marlon-Ramirez-Miguel-Hermida-Anilu-Ingram-Arianna-Aguirre.jpg\",\"width\":600,\"height\":320},{\"@type\":\"BreadcrumbList\",\"@id\":\"https:\\\/\\\/lospoliticosveracruz.com\\\/?p=81772#breadcrumb\",\"itemListElement\":[{\"@type\":\"ListItem\",\"position\":1,\"name\":\"Portada\",\"item\":\"https:\\\/\\\/lospoliticosveracruz.com\\\/\"},{\"@type\":\"ListItem\",\"position\":2,\"name\":\"Chaquetazos legislativos\"}]},{\"@type\":\"WebSite\",\"@id\":\"https:\\\/\\\/lospoliticosveracruz.com\\\/#website\",\"url\":\"https:\\\/\\\/lospoliticosveracruz.com\\\/\",\"name\":\"Los pol\u00edticos Veracruz\",\"description\":\"\",\"publisher\":{\"@id\":\"https:\\\/\\\/lospoliticosveracruz.com\\\/#organization\"},\"potentialAction\":[{\"@type\":\"SearchAction\",\"target\":{\"@type\":\"EntryPoint\",\"urlTemplate\":\"https:\\\/\\\/lospoliticosveracruz.com\\\/?s={search_term_string}\"},\"query-input\":{\"@type\":\"PropertyValueSpecification\",\"valueRequired\":true,\"valueName\":\"search_term_string\"}}],\"inLanguage\":\"es\"},{\"@type\":\"Organization\",\"@id\":\"https:\\\/\\\/lospoliticosveracruz.com\\\/#organization\",\"name\":\"Los pol\u00edticos Veracruz\",\"url\":\"https:\\\/\\\/lospoliticosveracruz.com\\\/\",\"logo\":{\"@type\":\"ImageObject\",\"inLanguage\":\"es\",\"@id\":\"https:\\\/\\\/lospoliticosveracruz.com\\\/#\\\/schema\\\/logo\\\/image\\\/\",\"url\":\"https:\\\/\\\/lospoliticosveracruz.com\\\/wp-content\\\/uploads\\\/2025\\\/12\\\/Logo-Nuevo-LOS-POLITICOS-1.jpg\",\"contentUrl\":\"https:\\\/\\\/lospoliticosveracruz.com\\\/wp-content\\\/uploads\\\/2025\\\/12\\\/Logo-Nuevo-LOS-POLITICOS-1.jpg\",\"width\":260,\"height\":70,\"caption\":\"Los pol\u00edticos Veracruz\"},\"image\":{\"@id\":\"https:\\\/\\\/lospoliticosveracruz.com\\\/#\\\/schema\\\/logo\\\/image\\\/\"},\"sameAs\":[\"https:\\\/\\\/www.facebook.com\\\/people\\\/Notimemes-de-los-Polticos\\\/61565672886568\\\/\",\"https:\\\/\\\/x.com\\\/LosPoliticosVer\"]},{\"@type\":\"Person\",\"@id\":\"https:\\\/\\\/lospoliticosveracruz.com\\\/#\\\/schema\\\/person\\\/b8702bb0e538456e6efd07080bf2a4a2\",\"name\":\"Lo viste en Los Pol\u00edticos\",\"image\":{\"@type\":\"ImageObject\",\"inLanguage\":\"es\",\"@id\":\"https:\\\/\\\/secure.gravatar.com\\\/avatar\\\/3a8de04a2656d44082be478bd6c086daa447c4651605818287b9532d3d0bd435?s=96&d=mm&r=g\",\"url\":\"https:\\\/\\\/secure.gravatar.com\\\/avatar\\\/3a8de04a2656d44082be478bd6c086daa447c4651605818287b9532d3d0bd435?s=96&d=mm&r=g\",\"contentUrl\":\"https:\\\/\\\/secure.gravatar.com\\\/avatar\\\/3a8de04a2656d44082be478bd6c086daa447c4651605818287b9532d3d0bd435?s=96&d=mm&r=g\",\"caption\":\"Lo viste en Los Pol\u00edticos\"},\"url\":\"https:\\\/\\\/lospoliticosveracruz.com\\\/?author=2\"}]}<\/script>\n<!-- \/ Yoast SEO plugin. -->","yoast_head_json":{"title":"Chaquetazos legislativos - Los pol\u00edticos Veracruz","robots":{"index":"index","follow":"follow","max-snippet":"max-snippet:-1","max-image-preview":"max-image-preview:large","max-video-preview":"max-video-preview:-1"},"canonical":"https:\/\/lospoliticosveracruz.com\/?p=81772","og_locale":"es_ES","og_type":"article","og_title":"Chaquetazos legislativos - Los pol\u00edticos Veracruz","og_description":"Salvador Mu\u00f1ozLos Pol\u00edticos Hasta donde la memoria permite, no se recuerda al inicio de la integraci\u00f3n de una Legislatura, tama\u00f1o de chaquetas como las que se dieron en esta incipiente LXVI: \u00a1nom\u00e1s 8! Siendo la bancada m\u00e1s favorecida la de Morena con 7 (y dijeran en los Pron\u00f3sticos) y las que se acumulen. El PAN [&hellip;]","og_url":"https:\/\/lospoliticosveracruz.com\/?p=81772","og_site_name":"Los pol\u00edticos Veracruz","article_publisher":"https:\/\/www.facebook.com\/people\/Notimemes-de-los-Polticos\/61565672886568\/","article_published_time":"2021-11-11T13:42:25+00:00","article_modified_time":"2021-11-11T13:42:32+00:00","og_image":[{"width":600,"height":320,"url":"https:\/\/lospoliticosveracruz.com\/wp-content\/uploads\/2021\/11\/Marlon-Ramirez-Miguel-Hermida-Anilu-Ingram-Arianna-Aguirre.jpg","type":"image\/jpeg"}],"author":"Lo viste en Los Pol\u00edticos","twitter_card":"summary_large_image","twitter_creator":"@LosPoliticosVer","twitter_site":"@LosPoliticosVer","twitter_misc":{"Escrito por":"Lo viste en Los Pol\u00edticos","Tiempo de lectura":"3 minutos"},"schema":{"@context":"https:\/\/schema.org","@graph":[{"@type":"Article","@id":"https:\/\/lospoliticosveracruz.com\/?p=81772#article","isPartOf":{"@id":"https:\/\/lospoliticosveracruz.com\/?p=81772"},"author":{"name":"Lo viste en Los Pol\u00edticos","@id":"https:\/\/lospoliticosveracruz.com\/#\/schema\/person\/b8702bb0e538456e6efd07080bf2a4a2"},"headline":"Chaquetazos legislativos","datePublished":"2021-11-11T13:42:25+00:00","dateModified":"2021-11-11T13:42:32+00:00","mainEntityOfPage":{"@id":"https:\/\/lospoliticosveracruz.com\/?p=81772"},"wordCount":635,"publisher":{"@id":"https:\/\/lospoliticosveracruz.com\/#organization"},"image":{"@id":"https:\/\/lospoliticosveracruz.com\/?p=81772#primaryimage"},"thumbnailUrl":"https:\/\/lospoliticosveracruz.com\/wp-content\/uploads\/2021\/11\/Marlon-Ramirez-Miguel-Hermida-Anilu-Ingram-Arianna-Aguirre.jpg","keywords":["Anil\u00fa Ingram Vallines","Bingen Rementer\u00eda","Enrique Cambranis Torres","Itzel Yescas Valdivia","Jaime Enrique de la Garza Mart\u00ednez","Marlon Ram\u00edrez Mar\u00edn","Miguel David Hermida Copado","Nora Jessica Lagunes J\u00e1uregui","Oth\u00f3n Hern\u00e1ndez Candanedo","PAN","Salvador Mu\u00f1oz"],"articleSection":["De Opini\u00f3n"],"inLanguage":"es"},{"@type":"WebPage","@id":"https:\/\/lospoliticosveracruz.com\/?p=81772","url":"https:\/\/lospoliticosveracruz.com\/?p=81772","name":"Chaquetazos legislativos - Los pol\u00edticos Veracruz","isPartOf":{"@id":"https:\/\/lospoliticosveracruz.com\/#website"},"primaryImageOfPage":{"@id":"https:\/\/lospoliticosveracruz.com\/?p=81772#primaryimage"},"image":{"@id":"https:\/\/lospoliticosveracruz.com\/?p=81772#primaryimage"},"thumbnailUrl":"https:\/\/lospoliticosveracruz.com\/wp-content\/uploads\/2021\/11\/Marlon-Ramirez-Miguel-Hermida-Anilu-Ingram-Arianna-Aguirre.jpg","datePublished":"2021-11-11T13:42:25+00:00","dateModified":"2021-11-11T13:42:32+00:00","breadcrumb":{"@id":"https:\/\/lospoliticosveracruz.com\/?p=81772#breadcrumb"},"inLanguage":"es","potentialAction":[{"@type":"ReadAction","target":["https:\/\/lospoliticosveracruz.com\/?p=81772"]}]},{"@type":"ImageObject","inLanguage":"es","@id":"https:\/\/lospoliticosveracruz.com\/?p=81772#primaryimage","url":"https:\/\/lospoliticosveracruz.com\/wp-content\/uploads\/2021\/11\/Marlon-Ramirez-Miguel-Hermida-Anilu-Ingram-Arianna-Aguirre.jpg","contentUrl":"https:\/\/lospoliticosveracruz.com\/wp-content\/uploads\/2021\/11\/Marlon-Ramirez-Miguel-Hermida-Anilu-Ingram-Arianna-Aguirre.jpg","width":600,"height":320},{"@type":"BreadcrumbList","@id":"https:\/\/lospoliticosveracruz.com\/?p=81772#breadcrumb","itemListElement":[{"@type":"ListItem","position":1,"name":"Portada","item":"https:\/\/lospoliticosveracruz.com\/"},{"@type":"ListItem","position":2,"name":"Chaquetazos legislativos"}]},{"@type":"WebSite","@id":"https:\/\/lospoliticosveracruz.com\/#website","url":"https:\/\/lospoliticosveracruz.com\/","name":"Los pol\u00edticos Veracruz","description":"","publisher":{"@id":"https:\/\/lospoliticosveracruz.com\/#organization"},"potentialAction":[{"@type":"SearchAction","target":{"@type":"EntryPoint","urlTemplate":"https:\/\/lospoliticosveracruz.com\/?s={search_term_string}"},"query-input":{"@type":"PropertyValueSpecification","valueRequired":true,"valueName":"search_term_string"}}],"inLanguage":"es"},{"@type":"Organization","@id":"https:\/\/lospoliticosveracruz.com\/#organization","name":"Los pol\u00edticos Veracruz","url":"https:\/\/lospoliticosveracruz.com\/","logo":{"@type":"ImageObject","inLanguage":"es","@id":"https:\/\/lospoliticosveracruz.com\/#\/schema\/logo\/image\/","url":"https:\/\/lospoliticosveracruz.com\/wp-content\/uploads\/2025\/12\/Logo-Nuevo-LOS-POLITICOS-1.jpg","contentUrl":"https:\/\/lospoliticosveracruz.com\/wp-content\/uploads\/2025\/12\/Logo-Nuevo-LOS-POLITICOS-1.jpg","width":260,"height":70,"caption":"Los pol\u00edticos Veracruz"},"image":{"@id":"https:\/\/lospoliticosveracruz.com\/#\/schema\/logo\/image\/"},"sameAs":["https:\/\/www.facebook.com\/people\/Notimemes-de-los-Polticos\/61565672886568\/","https:\/\/x.com\/LosPoliticosVer"]},{"@type":"Person","@id":"https:\/\/lospoliticosveracruz.com\/#\/schema\/person\/b8702bb0e538456e6efd07080bf2a4a2","name":"Lo viste en Los Pol\u00edticos","image":{"@type":"ImageObject","inLanguage":"es","@id":"https:\/\/secure.gravatar.com\/avatar\/3a8de04a2656d44082be478bd6c086daa447c4651605818287b9532d3d0bd435?s=96&d=mm&r=g","url":"https:\/\/secure.gravatar.com\/avatar\/3a8de04a2656d44082be478bd6c086daa447c4651605818287b9532d3d0bd435?s=96&d=mm&r=g","contentUrl":"https:\/\/secure.gravatar.com\/avatar\/3a8de04a2656d44082be478bd6c086daa447c4651605818287b9532d3d0bd435?s=96&d=mm&r=g","caption":"Lo viste en Los Pol\u00edticos"},"url":"https:\/\/lospoliticosveracruz.com\/?author=2"}]}},"_links":{"self":[{"href":"https:\/\/lospoliticosveracruz.com\/index.php?rest_route=\/wp\/v2\/posts\/81772","targetHints":{"allow":["GET"]}}],"collection":[{"href":"https:\/\/lospoliticosveracruz.com\/index.php?rest_route=\/wp\/v2\/posts"}],"about":[{"href":"https:\/\/lospoliticosveracruz.com\/index.php?rest_route=\/wp\/v2\/types\/post"}],"author":[{"embeddable":true,"href":"https:\/\/lospoliticosveracruz.com\/index.php?rest_route=\/wp\/v2\/users\/2"}],"replies":[{"embeddable":true,"href":"https:\/\/lospoliticosveracruz.com\/index.php?rest_route=%2Fwp%2Fv2%2Fcomments&post=81772"}],"version-history":[{"count":1,"href":"https:\/\/lospoliticosveracruz.com\/index.php?rest_route=\/wp\/v2\/posts\/81772\/revisions"}],"predecessor-version":[{"id":81774,"href":"https:\/\/lospoliticosveracruz.com\/index.php?rest_route=\/wp\/v2\/posts\/81772\/revisions\/81774"}],"wp:featuredmedia":[{"embeddable":true,"href":"https:\/\/lospoliticosveracruz.com\/index.php?rest_route=\/wp\/v2\/media\/81773"}],"wp:attachment":[{"href":"https:\/\/lospoliticosveracruz.com\/index.php?rest_route=%2Fwp%2Fv2%2Fmedia&parent=81772"}],"wp:term":[{"taxonomy":"category","embeddable":true,"href":"https:\/\/lospoliticosveracruz.com\/index.php?rest_route=%2Fwp%2Fv2%2Fcategories&post=81772"},{"taxonomy":"post_tag","embeddable":true,"href":"https:\/\/lospoliticosveracruz.com\/index.php?rest_route=%2Fwp%2Fv2%2Ftags&post=81772"}],"curies":[{"name":"wp","href":"https:\/\/api.w.org\/{rel}","templated":true}]}}