{"id":81813,"date":"2021-11-11T17:47:02","date_gmt":"2021-11-11T23:47:02","guid":{"rendered":"https:\/\/lospoliticosveracruz.com.mx\/?p=81813"},"modified":"2021-11-11T17:47:08","modified_gmt":"2021-11-11T23:47:08","slug":"las-10-del-glpan","status":"publish","type":"post","link":"https:\/\/lospoliticosveracruz.com\/?p=81813","title":{"rendered":"Las 10 del GLPAN"},"content":{"rendered":"\n<p><\/p>\n\n\n\n<p><\/p>\n\n\n\n<p><strong>Xalapa<\/strong><\/p>\n\n\n\n<p><br>El Grupo Legislativo del PAN en Veracruz, en voz de su coordinador Diputado Oth\u00f3n Hern\u00e1ndez Candanedo, present\u00f3 su agenda legislativa para impulsar el desarrollo de las personas desde la LXVI Legislatura, misma que est\u00e1 planteada para resolver los grandes problemas que existen en materia de seguridad, salud, desarrollo humano y econ\u00f3mico.<\/p>\n\n\n\n<ol class=\"wp-block-list\"><li>Haremos valer el Estado de Derecho y la defensa de los Derechos Humanos. Velaremos por una aut\u00e9ntica divisi\u00f3n de poderes, as\u00ed como por el impulso a la libertad de expresi\u00f3n.<\/li><li>Trabajaremos por una cultura de la paz, bajo la premisa de que ninguna persona puede decirse plena y en franco desarrollo sin paz social. urge mejorar la seguridad p\u00fablica, con una estrategia que haga vivir sin miedo a las y los veracruzanos.<\/li><li>Impulsaremos una reforma integral a las leyes, para combatir y castigar cualquier tipo de violencia en contra de las ni\u00f1as y mujeres, teniendo siempre como objetivo acabar de una vez por todas con los feminicidios en Veracruz.<\/li><li>Promoveremos el desarrollo regional que garantice el crecimiento econ\u00f3mico, agropecuario, pesquero, industrial, tur\u00edstico; que combata la desigualdad de los pueblos originarios, que d\u00e9 certeza a los empresarios para la creaci\u00f3n de empleo, los negocios y que lleguen m\u00e1s inversiones a Veracruz.<\/li><li>Defenderemos a las y los veracruzanos ante la grave crisis en materia de servicios de salud. vamos a legislar y promover disponibilidad financiera para que \u00e9stos, sean verdaderamente humanos, gratuitos y eficientes ante cualquier enfermedad.<\/li><li>Procuraremos las reformas necesarias para fortalecer la lucha contra la corrupci\u00f3n y la impunidad.<\/li><li>Trabajaremos para fortalecer los programas en la prevenci\u00f3n de los embarazos adolescentes, as\u00ed como la implementaci\u00f3n de pol\u00edticas p\u00fablicas para proteger a la ni\u00f1ez, a fin de que tengan certeza jur\u00eddica, educaci\u00f3n de calidad y formaci\u00f3n desde el seno familiar, con sana recreaci\u00f3n, cultura y deporte.<\/li><li>Legislaremos para mejorar los servicios b\u00e1sicos en los hogares veracruzanos, como la energ\u00eda el\u00e9ctrica, agua potable, drenaje, transporte, infraestructura carretera y recolecci\u00f3n de residuos s\u00f3lidos; ya que esto, es necesario para garantizar el desarrollo pleno de las personas.<\/li><li>Promoveremos la defensa del medio ambiente, as\u00ed como las energ\u00edas limpias y el cuidado de nuestros recursos naturales.<\/li><li>Seremos garantes del di\u00e1logo y suscribiremos aquellas propuestas que sean a favor del Estado y que pongan en el centro de cada decisi\u00f3n, a las personas.<\/li><\/ol>\n\n\n\n<p>Dip. Enrique Cambranis Torres<br>Dip. Jaime de la Garza Mart\u00ednez<br>Dip. Hugo Gonz\u00e1lez Saavedra<br>Dip. Miguel Hermida Copado<br>Dip. Othon Hern\u00e1ndez Candanedo<br>Dip. Nora Jessica Lagunes J\u00e1uregui<br>Dip. Ver\u00f3nica Pulido Herrera<br>Dip. Bingen Rementer\u00eda Molina<br>Dip. Itzel Yescas Valdivia<\/p>\n","protected":false},"excerpt":{"rendered":"<p>Xalapa El Grupo Legislativo del PAN en Veracruz, en voz de su coordinador Diputado Oth\u00f3n Hern\u00e1ndez Candanedo, present\u00f3 su agenda legislativa para impulsar el desarrollo de las personas desde la LXVI Legislatura, misma que est\u00e1 planteada para resolver los grandes problemas que existen en materia de seguridad, salud, desarrollo humano y econ\u00f3mico. Haremos valer el [&hellip;]<\/p>\n","protected":false},"author":2,"featured_media":0,"comment_status":"closed","ping_status":"closed","sticky":false,"template":"","format":"standard","meta":{"tdm_status":"","tdm_grid_status":"","footnotes":""},"categories":[73],"tags":[826,23041,29604,13706,90,195],"class_list":{"0":"post-81813","1":"post","2":"type-post","3":"status-publish","4":"format-standard","6":"category-de-boleto","7":"tag-feminicidios","8":"tag-glpan","9":"tag-lxvi-legislatura","10":"tag-othon-hernandez-candanedo","11":"tag-salud","12":"tag-veracruz"},"yoast_head":"<!-- This site is optimized with the Yoast SEO plugin v27.4 - https:\/\/yoast.com\/product\/yoast-seo-wordpress\/ -->\n<title>Las 10 del GLPAN - Los pol\u00edticos Veracruz<\/title>\n<meta name=\"robots\" content=\"index, follow, max-snippet:-1, max-image-preview:large, max-video-preview:-1\" \/>\n<link rel=\"canonical\" href=\"https:\/\/lospoliticosveracruz.com\/?p=81813\" \/>\n<meta property=\"og:locale\" content=\"es_ES\" \/>\n<meta property=\"og:type\" content=\"article\" \/>\n<meta property=\"og:title\" content=\"Las 10 del GLPAN - Los pol\u00edticos Veracruz\" \/>\n<meta property=\"og:description\" content=\"Xalapa El Grupo Legislativo del PAN en Veracruz, en voz de su coordinador Diputado Oth\u00f3n Hern\u00e1ndez Candanedo, present\u00f3 su agenda legislativa para impulsar el desarrollo de las personas desde la LXVI Legislatura, misma que est\u00e1 planteada para resolver los grandes problemas que existen en materia de seguridad, salud, desarrollo humano y econ\u00f3mico. Haremos valer el [&hellip;]\" \/>\n<meta property=\"og:url\" content=\"https:\/\/lospoliticosveracruz.com\/?p=81813\" \/>\n<meta property=\"og:site_name\" content=\"Los pol\u00edticos Veracruz\" \/>\n<meta property=\"article:publisher\" content=\"https:\/\/www.facebook.com\/people\/Notimemes-de-los-Polticos\/61565672886568\/\" \/>\n<meta property=\"article:published_time\" content=\"2021-11-11T23:47:02+00:00\" \/>\n<meta property=\"article:modified_time\" content=\"2021-11-11T23:47:08+00:00\" \/>\n<meta property=\"og:image\" content=\"https:\/\/lospoliticosveracruz.com\/wp-content\/uploads\/2016\/07\/Logo-Dor.jpg\" \/>\n\t<meta property=\"og:image:width\" content=\"200\" \/>\n\t<meta property=\"og:image:height\" content=\"200\" \/>\n\t<meta property=\"og:image:type\" content=\"image\/jpeg\" \/>\n<meta name=\"author\" content=\"Lo viste en Los Pol\u00edticos\" \/>\n<meta name=\"twitter:card\" content=\"summary_large_image\" \/>\n<meta name=\"twitter:creator\" content=\"@LosPoliticosVer\" \/>\n<meta name=\"twitter:site\" content=\"@LosPoliticosVer\" \/>\n<meta name=\"twitter:label1\" content=\"Escrito por\" \/>\n\t<meta name=\"twitter:data1\" content=\"Lo viste en Los Pol\u00edticos\" \/>\n\t<meta name=\"twitter:label2\" content=\"Tiempo de lectura\" \/>\n\t<meta name=\"twitter:data2\" content=\"2 minutos\" \/>\n<script type=\"application\/ld+json\" class=\"yoast-schema-graph\">{\"@context\":\"https:\\\/\\\/schema.org\",\"@graph\":[{\"@type\":\"Article\",\"@id\":\"https:\\\/\\\/lospoliticosveracruz.com\\\/?p=81813#article\",\"isPartOf\":{\"@id\":\"https:\\\/\\\/lospoliticosveracruz.com\\\/?p=81813\"},\"author\":{\"name\":\"Lo viste en Los Pol\u00edticos\",\"@id\":\"https:\\\/\\\/lospoliticosveracruz.com\\\/#\\\/schema\\\/person\\\/b8702bb0e538456e6efd07080bf2a4a2\"},\"headline\":\"Las 10 del GLPAN\",\"datePublished\":\"2021-11-11T23:47:02+00:00\",\"dateModified\":\"2021-11-11T23:47:08+00:00\",\"mainEntityOfPage\":{\"@id\":\"https:\\\/\\\/lospoliticosveracruz.com\\\/?p=81813\"},\"wordCount\":449,\"publisher\":{\"@id\":\"https:\\\/\\\/lospoliticosveracruz.com\\\/#organization\"},\"keywords\":[\"feminicidios\",\"GLPAN\",\"LXVI Legislatura\",\"Oth\u00f3n Hern\u00e1ndez Candanedo\",\"Salud\",\"Veracruz\"],\"articleSection\":[\"De Boleto\"],\"inLanguage\":\"es\"},{\"@type\":\"WebPage\",\"@id\":\"https:\\\/\\\/lospoliticosveracruz.com\\\/?p=81813\",\"url\":\"https:\\\/\\\/lospoliticosveracruz.com\\\/?p=81813\",\"name\":\"Las 10 del GLPAN - Los pol\u00edticos Veracruz\",\"isPartOf\":{\"@id\":\"https:\\\/\\\/lospoliticosveracruz.com\\\/#website\"},\"datePublished\":\"2021-11-11T23:47:02+00:00\",\"dateModified\":\"2021-11-11T23:47:08+00:00\",\"breadcrumb\":{\"@id\":\"https:\\\/\\\/lospoliticosveracruz.com\\\/?p=81813#breadcrumb\"},\"inLanguage\":\"es\",\"potentialAction\":[{\"@type\":\"ReadAction\",\"target\":[\"https:\\\/\\\/lospoliticosveracruz.com\\\/?p=81813\"]}]},{\"@type\":\"BreadcrumbList\",\"@id\":\"https:\\\/\\\/lospoliticosveracruz.com\\\/?p=81813#breadcrumb\",\"itemListElement\":[{\"@type\":\"ListItem\",\"position\":1,\"name\":\"Portada\",\"item\":\"https:\\\/\\\/lospoliticosveracruz.com\\\/\"},{\"@type\":\"ListItem\",\"position\":2,\"name\":\"Las 10 del GLPAN\"}]},{\"@type\":\"WebSite\",\"@id\":\"https:\\\/\\\/lospoliticosveracruz.com\\\/#website\",\"url\":\"https:\\\/\\\/lospoliticosveracruz.com\\\/\",\"name\":\"Los pol\u00edticos Veracruz\",\"description\":\"\",\"publisher\":{\"@id\":\"https:\\\/\\\/lospoliticosveracruz.com\\\/#organization\"},\"potentialAction\":[{\"@type\":\"SearchAction\",\"target\":{\"@type\":\"EntryPoint\",\"urlTemplate\":\"https:\\\/\\\/lospoliticosveracruz.com\\\/?s={search_term_string}\"},\"query-input\":{\"@type\":\"PropertyValueSpecification\",\"valueRequired\":true,\"valueName\":\"search_term_string\"}}],\"inLanguage\":\"es\"},{\"@type\":\"Organization\",\"@id\":\"https:\\\/\\\/lospoliticosveracruz.com\\\/#organization\",\"name\":\"Los pol\u00edticos Veracruz\",\"url\":\"https:\\\/\\\/lospoliticosveracruz.com\\\/\",\"logo\":{\"@type\":\"ImageObject\",\"inLanguage\":\"es\",\"@id\":\"https:\\\/\\\/lospoliticosveracruz.com\\\/#\\\/schema\\\/logo\\\/image\\\/\",\"url\":\"https:\\\/\\\/lospoliticosveracruz.com\\\/wp-content\\\/uploads\\\/2025\\\/12\\\/Logo-Nuevo-LOS-POLITICOS-1.jpg\",\"contentUrl\":\"https:\\\/\\\/lospoliticosveracruz.com\\\/wp-content\\\/uploads\\\/2025\\\/12\\\/Logo-Nuevo-LOS-POLITICOS-1.jpg\",\"width\":260,\"height\":70,\"caption\":\"Los pol\u00edticos Veracruz\"},\"image\":{\"@id\":\"https:\\\/\\\/lospoliticosveracruz.com\\\/#\\\/schema\\\/logo\\\/image\\\/\"},\"sameAs\":[\"https:\\\/\\\/www.facebook.com\\\/people\\\/Notimemes-de-los-Polticos\\\/61565672886568\\\/\",\"https:\\\/\\\/x.com\\\/LosPoliticosVer\"]},{\"@type\":\"Person\",\"@id\":\"https:\\\/\\\/lospoliticosveracruz.com\\\/#\\\/schema\\\/person\\\/b8702bb0e538456e6efd07080bf2a4a2\",\"name\":\"Lo viste en Los Pol\u00edticos\",\"image\":{\"@type\":\"ImageObject\",\"inLanguage\":\"es\",\"@id\":\"https:\\\/\\\/secure.gravatar.com\\\/avatar\\\/3a8de04a2656d44082be478bd6c086daa447c4651605818287b9532d3d0bd435?s=96&d=mm&r=g\",\"url\":\"https:\\\/\\\/secure.gravatar.com\\\/avatar\\\/3a8de04a2656d44082be478bd6c086daa447c4651605818287b9532d3d0bd435?s=96&d=mm&r=g\",\"contentUrl\":\"https:\\\/\\\/secure.gravatar.com\\\/avatar\\\/3a8de04a2656d44082be478bd6c086daa447c4651605818287b9532d3d0bd435?s=96&d=mm&r=g\",\"caption\":\"Lo viste en Los Pol\u00edticos\"},\"url\":\"https:\\\/\\\/lospoliticosveracruz.com\\\/?author=2\"}]}<\/script>\n<!-- \/ Yoast SEO plugin. -->","yoast_head_json":{"title":"Las 10 del GLPAN - Los pol\u00edticos Veracruz","robots":{"index":"index","follow":"follow","max-snippet":"max-snippet:-1","max-image-preview":"max-image-preview:large","max-video-preview":"max-video-preview:-1"},"canonical":"https:\/\/lospoliticosveracruz.com\/?p=81813","og_locale":"es_ES","og_type":"article","og_title":"Las 10 del GLPAN - Los pol\u00edticos Veracruz","og_description":"Xalapa El Grupo Legislativo del PAN en Veracruz, en voz de su coordinador Diputado Oth\u00f3n Hern\u00e1ndez Candanedo, present\u00f3 su agenda legislativa para impulsar el desarrollo de las personas desde la LXVI Legislatura, misma que est\u00e1 planteada para resolver los grandes problemas que existen en materia de seguridad, salud, desarrollo humano y econ\u00f3mico. Haremos valer el [&hellip;]","og_url":"https:\/\/lospoliticosveracruz.com\/?p=81813","og_site_name":"Los pol\u00edticos Veracruz","article_publisher":"https:\/\/www.facebook.com\/people\/Notimemes-de-los-Polticos\/61565672886568\/","article_published_time":"2021-11-11T23:47:02+00:00","article_modified_time":"2021-11-11T23:47:08+00:00","og_image":[{"width":200,"height":200,"url":"https:\/\/lospoliticosveracruz.com\/wp-content\/uploads\/2016\/07\/Logo-Dor.jpg","type":"image\/jpeg"}],"author":"Lo viste en Los Pol\u00edticos","twitter_card":"summary_large_image","twitter_creator":"@LosPoliticosVer","twitter_site":"@LosPoliticosVer","twitter_misc":{"Escrito por":"Lo viste en Los Pol\u00edticos","Tiempo de lectura":"2 minutos"},"schema":{"@context":"https:\/\/schema.org","@graph":[{"@type":"Article","@id":"https:\/\/lospoliticosveracruz.com\/?p=81813#article","isPartOf":{"@id":"https:\/\/lospoliticosveracruz.com\/?p=81813"},"author":{"name":"Lo viste en Los Pol\u00edticos","@id":"https:\/\/lospoliticosveracruz.com\/#\/schema\/person\/b8702bb0e538456e6efd07080bf2a4a2"},"headline":"Las 10 del GLPAN","datePublished":"2021-11-11T23:47:02+00:00","dateModified":"2021-11-11T23:47:08+00:00","mainEntityOfPage":{"@id":"https:\/\/lospoliticosveracruz.com\/?p=81813"},"wordCount":449,"publisher":{"@id":"https:\/\/lospoliticosveracruz.com\/#organization"},"keywords":["feminicidios","GLPAN","LXVI Legislatura","Oth\u00f3n Hern\u00e1ndez Candanedo","Salud","Veracruz"],"articleSection":["De Boleto"],"inLanguage":"es"},{"@type":"WebPage","@id":"https:\/\/lospoliticosveracruz.com\/?p=81813","url":"https:\/\/lospoliticosveracruz.com\/?p=81813","name":"Las 10 del GLPAN - Los pol\u00edticos Veracruz","isPartOf":{"@id":"https:\/\/lospoliticosveracruz.com\/#website"},"datePublished":"2021-11-11T23:47:02+00:00","dateModified":"2021-11-11T23:47:08+00:00","breadcrumb":{"@id":"https:\/\/lospoliticosveracruz.com\/?p=81813#breadcrumb"},"inLanguage":"es","potentialAction":[{"@type":"ReadAction","target":["https:\/\/lospoliticosveracruz.com\/?p=81813"]}]},{"@type":"BreadcrumbList","@id":"https:\/\/lospoliticosveracruz.com\/?p=81813#breadcrumb","itemListElement":[{"@type":"ListItem","position":1,"name":"Portada","item":"https:\/\/lospoliticosveracruz.com\/"},{"@type":"ListItem","position":2,"name":"Las 10 del GLPAN"}]},{"@type":"WebSite","@id":"https:\/\/lospoliticosveracruz.com\/#website","url":"https:\/\/lospoliticosveracruz.com\/","name":"Los pol\u00edticos Veracruz","description":"","publisher":{"@id":"https:\/\/lospoliticosveracruz.com\/#organization"},"potentialAction":[{"@type":"SearchAction","target":{"@type":"EntryPoint","urlTemplate":"https:\/\/lospoliticosveracruz.com\/?s={search_term_string}"},"query-input":{"@type":"PropertyValueSpecification","valueRequired":true,"valueName":"search_term_string"}}],"inLanguage":"es"},{"@type":"Organization","@id":"https:\/\/lospoliticosveracruz.com\/#organization","name":"Los pol\u00edticos Veracruz","url":"https:\/\/lospoliticosveracruz.com\/","logo":{"@type":"ImageObject","inLanguage":"es","@id":"https:\/\/lospoliticosveracruz.com\/#\/schema\/logo\/image\/","url":"https:\/\/lospoliticosveracruz.com\/wp-content\/uploads\/2025\/12\/Logo-Nuevo-LOS-POLITICOS-1.jpg","contentUrl":"https:\/\/lospoliticosveracruz.com\/wp-content\/uploads\/2025\/12\/Logo-Nuevo-LOS-POLITICOS-1.jpg","width":260,"height":70,"caption":"Los pol\u00edticos Veracruz"},"image":{"@id":"https:\/\/lospoliticosveracruz.com\/#\/schema\/logo\/image\/"},"sameAs":["https:\/\/www.facebook.com\/people\/Notimemes-de-los-Polticos\/61565672886568\/","https:\/\/x.com\/LosPoliticosVer"]},{"@type":"Person","@id":"https:\/\/lospoliticosveracruz.com\/#\/schema\/person\/b8702bb0e538456e6efd07080bf2a4a2","name":"Lo viste en Los Pol\u00edticos","image":{"@type":"ImageObject","inLanguage":"es","@id":"https:\/\/secure.gravatar.com\/avatar\/3a8de04a2656d44082be478bd6c086daa447c4651605818287b9532d3d0bd435?s=96&d=mm&r=g","url":"https:\/\/secure.gravatar.com\/avatar\/3a8de04a2656d44082be478bd6c086daa447c4651605818287b9532d3d0bd435?s=96&d=mm&r=g","contentUrl":"https:\/\/secure.gravatar.com\/avatar\/3a8de04a2656d44082be478bd6c086daa447c4651605818287b9532d3d0bd435?s=96&d=mm&r=g","caption":"Lo viste en Los Pol\u00edticos"},"url":"https:\/\/lospoliticosveracruz.com\/?author=2"}]}},"_links":{"self":[{"href":"https:\/\/lospoliticosveracruz.com\/index.php?rest_route=\/wp\/v2\/posts\/81813","targetHints":{"allow":["GET"]}}],"collection":[{"href":"https:\/\/lospoliticosveracruz.com\/index.php?rest_route=\/wp\/v2\/posts"}],"about":[{"href":"https:\/\/lospoliticosveracruz.com\/index.php?rest_route=\/wp\/v2\/types\/post"}],"author":[{"embeddable":true,"href":"https:\/\/lospoliticosveracruz.com\/index.php?rest_route=\/wp\/v2\/users\/2"}],"replies":[{"embeddable":true,"href":"https:\/\/lospoliticosveracruz.com\/index.php?rest_route=%2Fwp%2Fv2%2Fcomments&post=81813"}],"version-history":[{"count":1,"href":"https:\/\/lospoliticosveracruz.com\/index.php?rest_route=\/wp\/v2\/posts\/81813\/revisions"}],"predecessor-version":[{"id":81815,"href":"https:\/\/lospoliticosveracruz.com\/index.php?rest_route=\/wp\/v2\/posts\/81813\/revisions\/81815"}],"wp:attachment":[{"href":"https:\/\/lospoliticosveracruz.com\/index.php?rest_route=%2Fwp%2Fv2%2Fmedia&parent=81813"}],"wp:term":[{"taxonomy":"category","embeddable":true,"href":"https:\/\/lospoliticosveracruz.com\/index.php?rest_route=%2Fwp%2Fv2%2Fcategories&post=81813"},{"taxonomy":"post_tag","embeddable":true,"href":"https:\/\/lospoliticosveracruz.com\/index.php?rest_route=%2Fwp%2Fv2%2Ftags&post=81813"}],"curies":[{"name":"wp","href":"https:\/\/api.w.org\/{rel}","templated":true}]}}