{"id":81853,"date":"2021-11-12T10:15:39","date_gmt":"2021-11-12T16:15:39","guid":{"rendered":"https:\/\/lospoliticosveracruz.com.mx\/?p=81853"},"modified":"2021-11-12T10:15:46","modified_gmt":"2021-11-12T16:15:46","slug":"naldy-a-grandes-ligas","status":"publish","type":"post","link":"https:\/\/lospoliticosveracruz.com\/?p=81853","title":{"rendered":"Naldy a grandes ligas"},"content":{"rendered":"\n<p><strong>Ignacio Alvarez<br><\/strong><em>Pluma Negra<br><\/em><\/p>\n\n\n\n<p>Mientras que en la pasada Legislatura de Veracruz no se cansaron en ponerle piedras en el camino a la actual Consejera Presidenta del Instituto Veracruzano de Acceso a la Informaci\u00f3n (IVAI), Naldy Rodr\u00edguez Lagunes, y por a\u00f1adidura al correcto funcionamiento de este instituto, la tambi\u00e9n colega est\u00e1 a punto de consolidarse en el concierto nacional, pues es muy probable que en los pr\u00f3ximos d\u00edas sea designada como coordinadora del Sistema Nacional de Transparencia (SNT) en la Regi\u00f3n Sur-Sureste del pa\u00eds.<\/p>\n\n\n\n<div class=\"wp-block-image\"><figure class=\"alignleft size-full is-resized\"><a href=\"https:\/\/lospoliticosveracruz.com.mx\/wp-content\/uploads\/2021\/10\/Zacauilt.jpg\"><img loading=\"lazy\" decoding=\"async\" src=\"https:\/\/lospoliticosveracruz.com.mx\/wp-content\/uploads\/2021\/10\/Zacauilt.jpg\" alt=\"\" class=\"wp-image-80558\" width=\"250\" height=\"500\"\/><\/a><\/figure><\/div>\n\n\n\n<p>Esta figura, si bien no implica desatender los destinos del propio IVAI, s\u00ed la coloca en una posici\u00f3n de mayor trascendencia pues ser\u00eda ella quien lleva la voz cantante de los estados de Tabasco, Campeche, Quintana Roo, Yucat\u00e1n, Chiapas y desde luego Veracruz, en correspondencia a su papel en Veracruz.<\/p>\n\n\n\n<p>La distinci\u00f3n no es casual, el trabajo que desde Veracruz se realiza no pasa inadvertido entre sus similares del pa\u00eds e incluso del propio INAI, que es la cabeza del Sistema Nacional de Transparencia, pues recientemente Veracruz fue reconocido por ese instituto como punta de lanza en la implementaci\u00f3n de jornadas de socializaci\u00f3n, que dicho en castellano, es la realizaci\u00f3n de talleres pr\u00e1cticos con sectores de la poblaci\u00f3n en condiciones vulnerables, a quienes se les orienta en la forma e importancia de ejercer estos derechos para mejorar su entorno.<\/p>\n\n\n\n<p>Tampoco han pasado por alto la forma en que se ha puesto en orden la casa, pues nada m\u00e1s hay que recordar los esc\u00e1ndalos de corrupci\u00f3n de quienes antes integraron el Pleno del IVAI, las rentas que no se pagaban de las instalaciones y, como colof\u00f3n, la simulaci\u00f3n sobre el trabajo.<\/p>\n\n\n\n<p>Cuando Naldy Rodr\u00edguez, Alfredo Corona y Magda Zayas llegaron al IVAI encontraron m\u00e1s de mil 500 expedientes que dorm\u00edan el sue\u00f1o de los justos desde el a\u00f1o 2018 o antes y este rezago se abati\u00f3 ya casi en un 95 por ciento.<\/p>\n\n\n\n<p><strong>Aumento salarial en la UV<\/strong><\/p>\n\n\n\n<p>Dada la importancia que reviste el Contrato Colectivo de Trabajo, que el pr\u00f3ximo a\u00f1o deber\u00e1n analizar las autoridades de la Universidad Veracruzana y los acad\u00e9micos, el secretario general de Fesapauv, Enrique Levet Gorozpe, lleva a cabo durante este 11 y 12 de noviembre, el Congreso Estatal \u00abSindicalismo y transformaci\u00f3n universitaria\u00bb.<\/p>\n\n\n\n<p>La reuni\u00f3n se lleva a cabo de manera h\u00edbrida, tan s\u00f3lo en l\u00ednea se lograron conectar m\u00e1s de 700 acad\u00e9micos y unos 200 de manera presencial en las instalaciones de la USBI.<\/p>\n\n\n\n<p>Levet Gorozpe enfatiz\u00f3 que el Sindicato Estatal del Personal Acad\u00e9mico de la Universidad Veracruzana (Fesapauv) nunca se qued\u00f3 est\u00e1tico, se fue armonizando a la nueva reforma laboral, por lo que est\u00e1 en v\u00edas de legitimar su Contrato Colectivo de Trabajo (CCT), con lo cual se convertir\u00e1 en el \u00abarma m\u00e1s poderosa para poder defendernos\u00bb.<\/p>\n\n\n\n<p>Los acad\u00e9micos de la UV acordar\u00e1n este viernes el incremento al salario que habr\u00e1n de solicitar a la Casa de Estudios el pr\u00f3ximo a\u00f1o, pero no descart\u00f3 que este sea superior al incremento inflacionario.<\/p>\n","protected":false},"excerpt":{"rendered":"<p>Ignacio AlvarezPluma Negra Mientras que en la pasada Legislatura de Veracruz no se cansaron en ponerle piedras en el camino a la actual Consejera Presidenta del Instituto Veracruzano de Acceso a la Informaci\u00f3n (IVAI), Naldy Rodr\u00edguez Lagunes, y por a\u00f1adidura al correcto funcionamiento de este instituto, la tambi\u00e9n colega est\u00e1 a punto de consolidarse en [&hellip;]<\/p>\n","protected":false},"author":2,"featured_media":81854,"comment_status":"closed","ping_status":"closed","sticky":false,"template":"","format":"standard","meta":{"tdm_status":"","tdm_grid_status":"","footnotes":""},"categories":[70],"tags":[1278,782,985,5753,27611,219],"class_list":{"0":"post-81853","1":"post","2":"type-post","3":"status-publish","4":"format-standard","5":"has-post-thumbnail","7":"category-de-opinion","8":"tag-enrique-levet-gorozpe","9":"tag-fesapauv","10":"tag-ivai","11":"tag-naldy-rodriguez-lagunes","12":"tag-sistema-nacional-de-transparencia","13":"tag-universidad-veracruzana"},"yoast_head":"<!-- This site is optimized with the Yoast SEO plugin v27.4 - https:\/\/yoast.com\/product\/yoast-seo-wordpress\/ -->\n<title>Naldy a grandes ligas - Los pol\u00edticos Veracruz<\/title>\n<meta name=\"robots\" content=\"index, follow, max-snippet:-1, max-image-preview:large, max-video-preview:-1\" \/>\n<link rel=\"canonical\" href=\"https:\/\/lospoliticosveracruz.com\/?p=81853\" \/>\n<meta property=\"og:locale\" content=\"es_ES\" \/>\n<meta property=\"og:type\" content=\"article\" \/>\n<meta property=\"og:title\" content=\"Naldy a grandes ligas - Los pol\u00edticos Veracruz\" \/>\n<meta property=\"og:description\" content=\"Ignacio AlvarezPluma Negra Mientras que en la pasada Legislatura de Veracruz no se cansaron en ponerle piedras en el camino a la actual Consejera Presidenta del Instituto Veracruzano de Acceso a la Informaci\u00f3n (IVAI), Naldy Rodr\u00edguez Lagunes, y por a\u00f1adidura al correcto funcionamiento de este instituto, la tambi\u00e9n colega est\u00e1 a punto de consolidarse en [&hellip;]\" \/>\n<meta property=\"og:url\" content=\"https:\/\/lospoliticosveracruz.com\/?p=81853\" \/>\n<meta property=\"og:site_name\" content=\"Los pol\u00edticos Veracruz\" \/>\n<meta property=\"article:publisher\" content=\"https:\/\/www.facebook.com\/people\/Notimemes-de-los-Polticos\/61565672886568\/\" \/>\n<meta property=\"article:published_time\" content=\"2021-11-12T16:15:39+00:00\" \/>\n<meta property=\"article:modified_time\" content=\"2021-11-12T16:15:46+00:00\" \/>\n<meta property=\"og:image\" content=\"https:\/\/lospoliticosveracruz.com\/wp-content\/uploads\/2021\/11\/Naldy-1.jpg\" \/>\n\t<meta property=\"og:image:width\" content=\"600\" \/>\n\t<meta property=\"og:image:height\" content=\"320\" \/>\n\t<meta property=\"og:image:type\" content=\"image\/jpeg\" \/>\n<meta name=\"author\" content=\"Lo viste en Los Pol\u00edticos\" \/>\n<meta name=\"twitter:card\" content=\"summary_large_image\" \/>\n<meta name=\"twitter:creator\" content=\"@LosPoliticosVer\" \/>\n<meta name=\"twitter:site\" content=\"@LosPoliticosVer\" \/>\n<meta name=\"twitter:label1\" content=\"Escrito por\" \/>\n\t<meta name=\"twitter:data1\" content=\"Lo viste en Los Pol\u00edticos\" \/>\n\t<meta name=\"twitter:label2\" content=\"Tiempo de lectura\" \/>\n\t<meta name=\"twitter:data2\" content=\"3 minutos\" \/>\n<script type=\"application\/ld+json\" class=\"yoast-schema-graph\">{\"@context\":\"https:\\\/\\\/schema.org\",\"@graph\":[{\"@type\":\"Article\",\"@id\":\"https:\\\/\\\/lospoliticosveracruz.com\\\/?p=81853#article\",\"isPartOf\":{\"@id\":\"https:\\\/\\\/lospoliticosveracruz.com\\\/?p=81853\"},\"author\":{\"name\":\"Lo viste en Los Pol\u00edticos\",\"@id\":\"https:\\\/\\\/lospoliticosveracruz.com\\\/#\\\/schema\\\/person\\\/b8702bb0e538456e6efd07080bf2a4a2\"},\"headline\":\"Naldy a grandes ligas\",\"datePublished\":\"2021-11-12T16:15:39+00:00\",\"dateModified\":\"2021-11-12T16:15:46+00:00\",\"mainEntityOfPage\":{\"@id\":\"https:\\\/\\\/lospoliticosveracruz.com\\\/?p=81853\"},\"wordCount\":536,\"publisher\":{\"@id\":\"https:\\\/\\\/lospoliticosveracruz.com\\\/#organization\"},\"image\":{\"@id\":\"https:\\\/\\\/lospoliticosveracruz.com\\\/?p=81853#primaryimage\"},\"thumbnailUrl\":\"https:\\\/\\\/lospoliticosveracruz.com\\\/wp-content\\\/uploads\\\/2021\\\/11\\\/Naldy-1.jpg\",\"keywords\":[\"Enrique Levet Gorozpe\",\"FESAPAUV\",\"IVAI\",\"Naldy Rodr\u00edguez Lagunes\",\"Sistema Nacional de Transparencia\",\"Universidad Veracruzana\"],\"articleSection\":[\"De Opini\u00f3n\"],\"inLanguage\":\"es\"},{\"@type\":\"WebPage\",\"@id\":\"https:\\\/\\\/lospoliticosveracruz.com\\\/?p=81853\",\"url\":\"https:\\\/\\\/lospoliticosveracruz.com\\\/?p=81853\",\"name\":\"Naldy a grandes ligas - Los pol\u00edticos Veracruz\",\"isPartOf\":{\"@id\":\"https:\\\/\\\/lospoliticosveracruz.com\\\/#website\"},\"primaryImageOfPage\":{\"@id\":\"https:\\\/\\\/lospoliticosveracruz.com\\\/?p=81853#primaryimage\"},\"image\":{\"@id\":\"https:\\\/\\\/lospoliticosveracruz.com\\\/?p=81853#primaryimage\"},\"thumbnailUrl\":\"https:\\\/\\\/lospoliticosveracruz.com\\\/wp-content\\\/uploads\\\/2021\\\/11\\\/Naldy-1.jpg\",\"datePublished\":\"2021-11-12T16:15:39+00:00\",\"dateModified\":\"2021-11-12T16:15:46+00:00\",\"breadcrumb\":{\"@id\":\"https:\\\/\\\/lospoliticosveracruz.com\\\/?p=81853#breadcrumb\"},\"inLanguage\":\"es\",\"potentialAction\":[{\"@type\":\"ReadAction\",\"target\":[\"https:\\\/\\\/lospoliticosveracruz.com\\\/?p=81853\"]}]},{\"@type\":\"ImageObject\",\"inLanguage\":\"es\",\"@id\":\"https:\\\/\\\/lospoliticosveracruz.com\\\/?p=81853#primaryimage\",\"url\":\"https:\\\/\\\/lospoliticosveracruz.com\\\/wp-content\\\/uploads\\\/2021\\\/11\\\/Naldy-1.jpg\",\"contentUrl\":\"https:\\\/\\\/lospoliticosveracruz.com\\\/wp-content\\\/uploads\\\/2021\\\/11\\\/Naldy-1.jpg\",\"width\":600,\"height\":320},{\"@type\":\"BreadcrumbList\",\"@id\":\"https:\\\/\\\/lospoliticosveracruz.com\\\/?p=81853#breadcrumb\",\"itemListElement\":[{\"@type\":\"ListItem\",\"position\":1,\"name\":\"Portada\",\"item\":\"https:\\\/\\\/lospoliticosveracruz.com\\\/\"},{\"@type\":\"ListItem\",\"position\":2,\"name\":\"Naldy a grandes ligas\"}]},{\"@type\":\"WebSite\",\"@id\":\"https:\\\/\\\/lospoliticosveracruz.com\\\/#website\",\"url\":\"https:\\\/\\\/lospoliticosveracruz.com\\\/\",\"name\":\"Los pol\u00edticos Veracruz\",\"description\":\"\",\"publisher\":{\"@id\":\"https:\\\/\\\/lospoliticosveracruz.com\\\/#organization\"},\"potentialAction\":[{\"@type\":\"SearchAction\",\"target\":{\"@type\":\"EntryPoint\",\"urlTemplate\":\"https:\\\/\\\/lospoliticosveracruz.com\\\/?s={search_term_string}\"},\"query-input\":{\"@type\":\"PropertyValueSpecification\",\"valueRequired\":true,\"valueName\":\"search_term_string\"}}],\"inLanguage\":\"es\"},{\"@type\":\"Organization\",\"@id\":\"https:\\\/\\\/lospoliticosveracruz.com\\\/#organization\",\"name\":\"Los pol\u00edticos Veracruz\",\"url\":\"https:\\\/\\\/lospoliticosveracruz.com\\\/\",\"logo\":{\"@type\":\"ImageObject\",\"inLanguage\":\"es\",\"@id\":\"https:\\\/\\\/lospoliticosveracruz.com\\\/#\\\/schema\\\/logo\\\/image\\\/\",\"url\":\"https:\\\/\\\/lospoliticosveracruz.com\\\/wp-content\\\/uploads\\\/2025\\\/12\\\/Logo-Nuevo-LOS-POLITICOS-1.jpg\",\"contentUrl\":\"https:\\\/\\\/lospoliticosveracruz.com\\\/wp-content\\\/uploads\\\/2025\\\/12\\\/Logo-Nuevo-LOS-POLITICOS-1.jpg\",\"width\":260,\"height\":70,\"caption\":\"Los pol\u00edticos Veracruz\"},\"image\":{\"@id\":\"https:\\\/\\\/lospoliticosveracruz.com\\\/#\\\/schema\\\/logo\\\/image\\\/\"},\"sameAs\":[\"https:\\\/\\\/www.facebook.com\\\/people\\\/Notimemes-de-los-Polticos\\\/61565672886568\\\/\",\"https:\\\/\\\/x.com\\\/LosPoliticosVer\"]},{\"@type\":\"Person\",\"@id\":\"https:\\\/\\\/lospoliticosveracruz.com\\\/#\\\/schema\\\/person\\\/b8702bb0e538456e6efd07080bf2a4a2\",\"name\":\"Lo viste en Los Pol\u00edticos\",\"image\":{\"@type\":\"ImageObject\",\"inLanguage\":\"es\",\"@id\":\"https:\\\/\\\/secure.gravatar.com\\\/avatar\\\/3a8de04a2656d44082be478bd6c086daa447c4651605818287b9532d3d0bd435?s=96&d=mm&r=g\",\"url\":\"https:\\\/\\\/secure.gravatar.com\\\/avatar\\\/3a8de04a2656d44082be478bd6c086daa447c4651605818287b9532d3d0bd435?s=96&d=mm&r=g\",\"contentUrl\":\"https:\\\/\\\/secure.gravatar.com\\\/avatar\\\/3a8de04a2656d44082be478bd6c086daa447c4651605818287b9532d3d0bd435?s=96&d=mm&r=g\",\"caption\":\"Lo viste en Los Pol\u00edticos\"},\"url\":\"https:\\\/\\\/lospoliticosveracruz.com\\\/?author=2\"}]}<\/script>\n<!-- \/ Yoast SEO plugin. -->","yoast_head_json":{"title":"Naldy a grandes ligas - Los pol\u00edticos Veracruz","robots":{"index":"index","follow":"follow","max-snippet":"max-snippet:-1","max-image-preview":"max-image-preview:large","max-video-preview":"max-video-preview:-1"},"canonical":"https:\/\/lospoliticosveracruz.com\/?p=81853","og_locale":"es_ES","og_type":"article","og_title":"Naldy a grandes ligas - Los pol\u00edticos Veracruz","og_description":"Ignacio AlvarezPluma Negra Mientras que en la pasada Legislatura de Veracruz no se cansaron en ponerle piedras en el camino a la actual Consejera Presidenta del Instituto Veracruzano de Acceso a la Informaci\u00f3n (IVAI), Naldy Rodr\u00edguez Lagunes, y por a\u00f1adidura al correcto funcionamiento de este instituto, la tambi\u00e9n colega est\u00e1 a punto de consolidarse en [&hellip;]","og_url":"https:\/\/lospoliticosveracruz.com\/?p=81853","og_site_name":"Los pol\u00edticos Veracruz","article_publisher":"https:\/\/www.facebook.com\/people\/Notimemes-de-los-Polticos\/61565672886568\/","article_published_time":"2021-11-12T16:15:39+00:00","article_modified_time":"2021-11-12T16:15:46+00:00","og_image":[{"width":600,"height":320,"url":"https:\/\/lospoliticosveracruz.com\/wp-content\/uploads\/2021\/11\/Naldy-1.jpg","type":"image\/jpeg"}],"author":"Lo viste en Los Pol\u00edticos","twitter_card":"summary_large_image","twitter_creator":"@LosPoliticosVer","twitter_site":"@LosPoliticosVer","twitter_misc":{"Escrito por":"Lo viste en Los Pol\u00edticos","Tiempo de lectura":"3 minutos"},"schema":{"@context":"https:\/\/schema.org","@graph":[{"@type":"Article","@id":"https:\/\/lospoliticosveracruz.com\/?p=81853#article","isPartOf":{"@id":"https:\/\/lospoliticosveracruz.com\/?p=81853"},"author":{"name":"Lo viste en Los Pol\u00edticos","@id":"https:\/\/lospoliticosveracruz.com\/#\/schema\/person\/b8702bb0e538456e6efd07080bf2a4a2"},"headline":"Naldy a grandes ligas","datePublished":"2021-11-12T16:15:39+00:00","dateModified":"2021-11-12T16:15:46+00:00","mainEntityOfPage":{"@id":"https:\/\/lospoliticosveracruz.com\/?p=81853"},"wordCount":536,"publisher":{"@id":"https:\/\/lospoliticosveracruz.com\/#organization"},"image":{"@id":"https:\/\/lospoliticosveracruz.com\/?p=81853#primaryimage"},"thumbnailUrl":"https:\/\/lospoliticosveracruz.com\/wp-content\/uploads\/2021\/11\/Naldy-1.jpg","keywords":["Enrique Levet Gorozpe","FESAPAUV","IVAI","Naldy Rodr\u00edguez Lagunes","Sistema Nacional de Transparencia","Universidad Veracruzana"],"articleSection":["De Opini\u00f3n"],"inLanguage":"es"},{"@type":"WebPage","@id":"https:\/\/lospoliticosveracruz.com\/?p=81853","url":"https:\/\/lospoliticosveracruz.com\/?p=81853","name":"Naldy a grandes ligas - Los pol\u00edticos Veracruz","isPartOf":{"@id":"https:\/\/lospoliticosveracruz.com\/#website"},"primaryImageOfPage":{"@id":"https:\/\/lospoliticosveracruz.com\/?p=81853#primaryimage"},"image":{"@id":"https:\/\/lospoliticosveracruz.com\/?p=81853#primaryimage"},"thumbnailUrl":"https:\/\/lospoliticosveracruz.com\/wp-content\/uploads\/2021\/11\/Naldy-1.jpg","datePublished":"2021-11-12T16:15:39+00:00","dateModified":"2021-11-12T16:15:46+00:00","breadcrumb":{"@id":"https:\/\/lospoliticosveracruz.com\/?p=81853#breadcrumb"},"inLanguage":"es","potentialAction":[{"@type":"ReadAction","target":["https:\/\/lospoliticosveracruz.com\/?p=81853"]}]},{"@type":"ImageObject","inLanguage":"es","@id":"https:\/\/lospoliticosveracruz.com\/?p=81853#primaryimage","url":"https:\/\/lospoliticosveracruz.com\/wp-content\/uploads\/2021\/11\/Naldy-1.jpg","contentUrl":"https:\/\/lospoliticosveracruz.com\/wp-content\/uploads\/2021\/11\/Naldy-1.jpg","width":600,"height":320},{"@type":"BreadcrumbList","@id":"https:\/\/lospoliticosveracruz.com\/?p=81853#breadcrumb","itemListElement":[{"@type":"ListItem","position":1,"name":"Portada","item":"https:\/\/lospoliticosveracruz.com\/"},{"@type":"ListItem","position":2,"name":"Naldy a grandes ligas"}]},{"@type":"WebSite","@id":"https:\/\/lospoliticosveracruz.com\/#website","url":"https:\/\/lospoliticosveracruz.com\/","name":"Los pol\u00edticos Veracruz","description":"","publisher":{"@id":"https:\/\/lospoliticosveracruz.com\/#organization"},"potentialAction":[{"@type":"SearchAction","target":{"@type":"EntryPoint","urlTemplate":"https:\/\/lospoliticosveracruz.com\/?s={search_term_string}"},"query-input":{"@type":"PropertyValueSpecification","valueRequired":true,"valueName":"search_term_string"}}],"inLanguage":"es"},{"@type":"Organization","@id":"https:\/\/lospoliticosveracruz.com\/#organization","name":"Los pol\u00edticos Veracruz","url":"https:\/\/lospoliticosveracruz.com\/","logo":{"@type":"ImageObject","inLanguage":"es","@id":"https:\/\/lospoliticosveracruz.com\/#\/schema\/logo\/image\/","url":"https:\/\/lospoliticosveracruz.com\/wp-content\/uploads\/2025\/12\/Logo-Nuevo-LOS-POLITICOS-1.jpg","contentUrl":"https:\/\/lospoliticosveracruz.com\/wp-content\/uploads\/2025\/12\/Logo-Nuevo-LOS-POLITICOS-1.jpg","width":260,"height":70,"caption":"Los pol\u00edticos Veracruz"},"image":{"@id":"https:\/\/lospoliticosveracruz.com\/#\/schema\/logo\/image\/"},"sameAs":["https:\/\/www.facebook.com\/people\/Notimemes-de-los-Polticos\/61565672886568\/","https:\/\/x.com\/LosPoliticosVer"]},{"@type":"Person","@id":"https:\/\/lospoliticosveracruz.com\/#\/schema\/person\/b8702bb0e538456e6efd07080bf2a4a2","name":"Lo viste en Los Pol\u00edticos","image":{"@type":"ImageObject","inLanguage":"es","@id":"https:\/\/secure.gravatar.com\/avatar\/3a8de04a2656d44082be478bd6c086daa447c4651605818287b9532d3d0bd435?s=96&d=mm&r=g","url":"https:\/\/secure.gravatar.com\/avatar\/3a8de04a2656d44082be478bd6c086daa447c4651605818287b9532d3d0bd435?s=96&d=mm&r=g","contentUrl":"https:\/\/secure.gravatar.com\/avatar\/3a8de04a2656d44082be478bd6c086daa447c4651605818287b9532d3d0bd435?s=96&d=mm&r=g","caption":"Lo viste en Los Pol\u00edticos"},"url":"https:\/\/lospoliticosveracruz.com\/?author=2"}]}},"_links":{"self":[{"href":"https:\/\/lospoliticosveracruz.com\/index.php?rest_route=\/wp\/v2\/posts\/81853","targetHints":{"allow":["GET"]}}],"collection":[{"href":"https:\/\/lospoliticosveracruz.com\/index.php?rest_route=\/wp\/v2\/posts"}],"about":[{"href":"https:\/\/lospoliticosveracruz.com\/index.php?rest_route=\/wp\/v2\/types\/post"}],"author":[{"embeddable":true,"href":"https:\/\/lospoliticosveracruz.com\/index.php?rest_route=\/wp\/v2\/users\/2"}],"replies":[{"embeddable":true,"href":"https:\/\/lospoliticosveracruz.com\/index.php?rest_route=%2Fwp%2Fv2%2Fcomments&post=81853"}],"version-history":[{"count":1,"href":"https:\/\/lospoliticosveracruz.com\/index.php?rest_route=\/wp\/v2\/posts\/81853\/revisions"}],"predecessor-version":[{"id":81855,"href":"https:\/\/lospoliticosveracruz.com\/index.php?rest_route=\/wp\/v2\/posts\/81853\/revisions\/81855"}],"wp:featuredmedia":[{"embeddable":true,"href":"https:\/\/lospoliticosveracruz.com\/index.php?rest_route=\/wp\/v2\/media\/81854"}],"wp:attachment":[{"href":"https:\/\/lospoliticosveracruz.com\/index.php?rest_route=%2Fwp%2Fv2%2Fmedia&parent=81853"}],"wp:term":[{"taxonomy":"category","embeddable":true,"href":"https:\/\/lospoliticosveracruz.com\/index.php?rest_route=%2Fwp%2Fv2%2Fcategories&post=81853"},{"taxonomy":"post_tag","embeddable":true,"href":"https:\/\/lospoliticosveracruz.com\/index.php?rest_route=%2Fwp%2Fv2%2Ftags&post=81853"}],"curies":[{"name":"wp","href":"https:\/\/api.w.org\/{rel}","templated":true}]}}