{"id":81866,"date":"2021-11-12T14:27:40","date_gmt":"2021-11-12T20:27:40","guid":{"rendered":"https:\/\/lospoliticosveracruz.com.mx\/?p=81866"},"modified":"2021-11-12T14:27:44","modified_gmt":"2021-11-12T20:27:44","slug":"asamblea-estatal-para-el-27","status":"publish","type":"post","link":"https:\/\/lospoliticosveracruz.com\/?p=81866","title":{"rendered":"Asamblea estatal, para el 27"},"content":{"rendered":"\n<p><\/p>\n\n\n\n<p><\/p>\n\n\n\n<p><strong>Xalapa<\/strong><\/p>\n\n\n\n<p><br>Ya se encuentra publicada la convocatoria a la Asamblea Estatal del Partido Revolucionario Institucional en Veracruz, para la deliberaci\u00f3n y elecci\u00f3n de las delegadas y delegados que participar\u00e1n en la sesi\u00f3n plenaria de la XXIII Asamblea Nacional convocada por el Comit\u00e9 Ejecutivo Nacional del partido.<\/p>\n\n\n\n<p>Despu\u00e9s de concluir la etapa de desarrollo de las asambleas municipales (regionales), y en seguimiento al calendario establecido en la convocatoria nacional, as\u00ed como a su reglamento, se invita a la militancia a participar y consultar el documento que se encuentra en estados f\u00edsicos y en el siguiente link: <strong><em><a href=\"https:\/\/drive.google.com\/file\/d\/1gEhWzQ-u6yNsY83OGxgqwiZLPZsVoHFl\/view\">https:\/\/drive.google.com\/file\/d\/1gEhWzQ-u6yNsY83OGxgqwiZLPZsVoHFl\/view<\/a><\/em><\/strong><\/p>\n\n\n\n<p>La plenaria de la Asamblea Estatal, se llevar\u00e1 a cabo el pr\u00f3ximo 27 de noviembre del presente a\u00f1o, en el CM del PRI en Veracruz; y la elecci\u00f3n de las delegadas y los delegados que concurrir\u00e1n en la plenaria de la Asamblea Nacional, ser\u00e1 coordinado por el \u00d3rgano Auxiliar de la Comisi\u00f3n Nacional de Procesos Internos, mediante planillas integradas por delegadas y delegados electos en las asambleas municipales (regionales).<\/p>\n\n\n\n<p>La convocatoria, contempla adem\u00e1s la etapa deliberativa con cuatro mesas estatales de debate, mismas que forman parte del proceso de argumentaci\u00f3n requerido para quienes participar\u00e1n en la Asamblea Nacional; estas se llevar\u00e1n a cabo en la sede estatal del Comit\u00e9 Directivo Estatal del PRI en Veracruz (CDE), ubicada en la Avenida Adolfo Ru\u00edz Cortines No. 1419, esquina con la calle Francisco Moreno, en Xalapa, Veracruz.<\/p>\n\n\n\n<p>La mesa con el tema: \u201cProyecto de pa\u00eds\u201d, se realizar\u00e1 el 16 de noviembre; la mesa \u201cVida interna del partido\u201d, el 18 de noviembre; la mesa \u201cEstrategia pol\u00edtica\u201d, el 20 de noviembre; y la mesa \u201cProspectiva del partido\u201d, el 22 de noviembre.<\/p>\n\n\n\n<p>Las personas militantes, con intenci\u00f3n de participar en estas mesas, deber\u00e1n informar al CDE, a trav\u00e9s de la direcci\u00f3n de correo electr\u00f3nico: <strong><em>asamblea23priveracruz@gmail.com<\/em><\/strong>; o de manera personal en las oficinas del Comit\u00e9, en horario de 10:00 a 18:00 horas; y deber\u00e1n indicar: su nombre completo, tel\u00e9fono o n\u00famero de contacto, la mesa de debate en la que desean participar y la ponencia que desarrollar\u00e1n.<\/p>\n","protected":false},"excerpt":{"rendered":"<p>Xalapa Ya se encuentra publicada la convocatoria a la Asamblea Estatal del Partido Revolucionario Institucional en Veracruz, para la deliberaci\u00f3n y elecci\u00f3n de las delegadas y delegados que participar\u00e1n en la sesi\u00f3n plenaria de la XXIII Asamblea Nacional convocada por el Comit\u00e9 Ejecutivo Nacional del partido. Despu\u00e9s de concluir la etapa de desarrollo de las [&hellip;]<\/p>\n","protected":false},"author":2,"featured_media":0,"comment_status":"closed","ping_status":"closed","sticky":false,"template":"","format":"standard","meta":{"tdm_status":"","tdm_grid_status":"","footnotes":""},"categories":[73],"tags":[15071,251,20045],"class_list":{"0":"post-81866","1":"post","2":"type-post","3":"status-publish","4":"format-standard","6":"category-de-boleto","7":"tag-convocatoria","8":"tag-pri","9":"tag-pri-en-veracruz"},"yoast_head":"<!-- This site is optimized with the Yoast SEO plugin v27.4 - https:\/\/yoast.com\/product\/yoast-seo-wordpress\/ -->\n<title>Asamblea estatal, para el 27 - Los pol\u00edticos Veracruz<\/title>\n<meta name=\"robots\" content=\"index, follow, max-snippet:-1, max-image-preview:large, max-video-preview:-1\" \/>\n<link rel=\"canonical\" href=\"https:\/\/lospoliticosveracruz.com\/?p=81866\" \/>\n<meta property=\"og:locale\" content=\"es_ES\" \/>\n<meta property=\"og:type\" content=\"article\" \/>\n<meta property=\"og:title\" content=\"Asamblea estatal, para el 27 - Los pol\u00edticos Veracruz\" \/>\n<meta property=\"og:description\" content=\"Xalapa Ya se encuentra publicada la convocatoria a la Asamblea Estatal del Partido Revolucionario Institucional en Veracruz, para la deliberaci\u00f3n y elecci\u00f3n de las delegadas y delegados que participar\u00e1n en la sesi\u00f3n plenaria de la XXIII Asamblea Nacional convocada por el Comit\u00e9 Ejecutivo Nacional del partido. Despu\u00e9s de concluir la etapa de desarrollo de las [&hellip;]\" \/>\n<meta property=\"og:url\" content=\"https:\/\/lospoliticosveracruz.com\/?p=81866\" \/>\n<meta property=\"og:site_name\" content=\"Los pol\u00edticos Veracruz\" \/>\n<meta property=\"article:publisher\" content=\"https:\/\/www.facebook.com\/people\/Notimemes-de-los-Polticos\/61565672886568\/\" \/>\n<meta property=\"article:published_time\" content=\"2021-11-12T20:27:40+00:00\" \/>\n<meta property=\"article:modified_time\" content=\"2021-11-12T20:27:44+00:00\" \/>\n<meta property=\"og:image\" content=\"https:\/\/lospoliticosveracruz.com\/wp-content\/uploads\/2016\/07\/Logo-Dor.jpg\" \/>\n\t<meta property=\"og:image:width\" content=\"200\" \/>\n\t<meta property=\"og:image:height\" content=\"200\" \/>\n\t<meta property=\"og:image:type\" content=\"image\/jpeg\" \/>\n<meta name=\"author\" content=\"Lo viste en Los Pol\u00edticos\" \/>\n<meta name=\"twitter:card\" content=\"summary_large_image\" \/>\n<meta name=\"twitter:creator\" content=\"@LosPoliticosVer\" \/>\n<meta name=\"twitter:site\" content=\"@LosPoliticosVer\" \/>\n<meta name=\"twitter:label1\" content=\"Escrito por\" \/>\n\t<meta name=\"twitter:data1\" content=\"Lo viste en Los Pol\u00edticos\" \/>\n\t<meta name=\"twitter:label2\" content=\"Tiempo de lectura\" \/>\n\t<meta name=\"twitter:data2\" content=\"2 minutos\" \/>\n<script type=\"application\/ld+json\" class=\"yoast-schema-graph\">{\"@context\":\"https:\\\/\\\/schema.org\",\"@graph\":[{\"@type\":\"Article\",\"@id\":\"https:\\\/\\\/lospoliticosveracruz.com\\\/?p=81866#article\",\"isPartOf\":{\"@id\":\"https:\\\/\\\/lospoliticosveracruz.com\\\/?p=81866\"},\"author\":{\"name\":\"Lo viste en Los Pol\u00edticos\",\"@id\":\"https:\\\/\\\/lospoliticosveracruz.com\\\/#\\\/schema\\\/person\\\/b8702bb0e538456e6efd07080bf2a4a2\"},\"headline\":\"Asamblea estatal, para el 27\",\"datePublished\":\"2021-11-12T20:27:40+00:00\",\"dateModified\":\"2021-11-12T20:27:44+00:00\",\"mainEntityOfPage\":{\"@id\":\"https:\\\/\\\/lospoliticosveracruz.com\\\/?p=81866\"},\"wordCount\":371,\"publisher\":{\"@id\":\"https:\\\/\\\/lospoliticosveracruz.com\\\/#organization\"},\"keywords\":[\"Convocatoria\",\"PRI\",\"PRI en Veracruz\"],\"articleSection\":[\"De Boleto\"],\"inLanguage\":\"es\"},{\"@type\":\"WebPage\",\"@id\":\"https:\\\/\\\/lospoliticosveracruz.com\\\/?p=81866\",\"url\":\"https:\\\/\\\/lospoliticosveracruz.com\\\/?p=81866\",\"name\":\"Asamblea estatal, para el 27 - Los pol\u00edticos Veracruz\",\"isPartOf\":{\"@id\":\"https:\\\/\\\/lospoliticosveracruz.com\\\/#website\"},\"datePublished\":\"2021-11-12T20:27:40+00:00\",\"dateModified\":\"2021-11-12T20:27:44+00:00\",\"breadcrumb\":{\"@id\":\"https:\\\/\\\/lospoliticosveracruz.com\\\/?p=81866#breadcrumb\"},\"inLanguage\":\"es\",\"potentialAction\":[{\"@type\":\"ReadAction\",\"target\":[\"https:\\\/\\\/lospoliticosveracruz.com\\\/?p=81866\"]}]},{\"@type\":\"BreadcrumbList\",\"@id\":\"https:\\\/\\\/lospoliticosveracruz.com\\\/?p=81866#breadcrumb\",\"itemListElement\":[{\"@type\":\"ListItem\",\"position\":1,\"name\":\"Portada\",\"item\":\"https:\\\/\\\/lospoliticosveracruz.com\\\/\"},{\"@type\":\"ListItem\",\"position\":2,\"name\":\"Asamblea estatal, para el 27\"}]},{\"@type\":\"WebSite\",\"@id\":\"https:\\\/\\\/lospoliticosveracruz.com\\\/#website\",\"url\":\"https:\\\/\\\/lospoliticosveracruz.com\\\/\",\"name\":\"Los pol\u00edticos Veracruz\",\"description\":\"\",\"publisher\":{\"@id\":\"https:\\\/\\\/lospoliticosveracruz.com\\\/#organization\"},\"potentialAction\":[{\"@type\":\"SearchAction\",\"target\":{\"@type\":\"EntryPoint\",\"urlTemplate\":\"https:\\\/\\\/lospoliticosveracruz.com\\\/?s={search_term_string}\"},\"query-input\":{\"@type\":\"PropertyValueSpecification\",\"valueRequired\":true,\"valueName\":\"search_term_string\"}}],\"inLanguage\":\"es\"},{\"@type\":\"Organization\",\"@id\":\"https:\\\/\\\/lospoliticosveracruz.com\\\/#organization\",\"name\":\"Los pol\u00edticos Veracruz\",\"url\":\"https:\\\/\\\/lospoliticosveracruz.com\\\/\",\"logo\":{\"@type\":\"ImageObject\",\"inLanguage\":\"es\",\"@id\":\"https:\\\/\\\/lospoliticosveracruz.com\\\/#\\\/schema\\\/logo\\\/image\\\/\",\"url\":\"https:\\\/\\\/lospoliticosveracruz.com\\\/wp-content\\\/uploads\\\/2025\\\/12\\\/Logo-Nuevo-LOS-POLITICOS-1.jpg\",\"contentUrl\":\"https:\\\/\\\/lospoliticosveracruz.com\\\/wp-content\\\/uploads\\\/2025\\\/12\\\/Logo-Nuevo-LOS-POLITICOS-1.jpg\",\"width\":260,\"height\":70,\"caption\":\"Los pol\u00edticos Veracruz\"},\"image\":{\"@id\":\"https:\\\/\\\/lospoliticosveracruz.com\\\/#\\\/schema\\\/logo\\\/image\\\/\"},\"sameAs\":[\"https:\\\/\\\/www.facebook.com\\\/people\\\/Notimemes-de-los-Polticos\\\/61565672886568\\\/\",\"https:\\\/\\\/x.com\\\/LosPoliticosVer\"]},{\"@type\":\"Person\",\"@id\":\"https:\\\/\\\/lospoliticosveracruz.com\\\/#\\\/schema\\\/person\\\/b8702bb0e538456e6efd07080bf2a4a2\",\"name\":\"Lo viste en Los Pol\u00edticos\",\"image\":{\"@type\":\"ImageObject\",\"inLanguage\":\"es\",\"@id\":\"https:\\\/\\\/secure.gravatar.com\\\/avatar\\\/3a8de04a2656d44082be478bd6c086daa447c4651605818287b9532d3d0bd435?s=96&d=mm&r=g\",\"url\":\"https:\\\/\\\/secure.gravatar.com\\\/avatar\\\/3a8de04a2656d44082be478bd6c086daa447c4651605818287b9532d3d0bd435?s=96&d=mm&r=g\",\"contentUrl\":\"https:\\\/\\\/secure.gravatar.com\\\/avatar\\\/3a8de04a2656d44082be478bd6c086daa447c4651605818287b9532d3d0bd435?s=96&d=mm&r=g\",\"caption\":\"Lo viste en Los Pol\u00edticos\"},\"url\":\"https:\\\/\\\/lospoliticosveracruz.com\\\/?author=2\"}]}<\/script>\n<!-- \/ Yoast SEO plugin. -->","yoast_head_json":{"title":"Asamblea estatal, para el 27 - Los pol\u00edticos Veracruz","robots":{"index":"index","follow":"follow","max-snippet":"max-snippet:-1","max-image-preview":"max-image-preview:large","max-video-preview":"max-video-preview:-1"},"canonical":"https:\/\/lospoliticosveracruz.com\/?p=81866","og_locale":"es_ES","og_type":"article","og_title":"Asamblea estatal, para el 27 - Los pol\u00edticos Veracruz","og_description":"Xalapa Ya se encuentra publicada la convocatoria a la Asamblea Estatal del Partido Revolucionario Institucional en Veracruz, para la deliberaci\u00f3n y elecci\u00f3n de las delegadas y delegados que participar\u00e1n en la sesi\u00f3n plenaria de la XXIII Asamblea Nacional convocada por el Comit\u00e9 Ejecutivo Nacional del partido. Despu\u00e9s de concluir la etapa de desarrollo de las [&hellip;]","og_url":"https:\/\/lospoliticosveracruz.com\/?p=81866","og_site_name":"Los pol\u00edticos Veracruz","article_publisher":"https:\/\/www.facebook.com\/people\/Notimemes-de-los-Polticos\/61565672886568\/","article_published_time":"2021-11-12T20:27:40+00:00","article_modified_time":"2021-11-12T20:27:44+00:00","og_image":[{"width":200,"height":200,"url":"https:\/\/lospoliticosveracruz.com\/wp-content\/uploads\/2016\/07\/Logo-Dor.jpg","type":"image\/jpeg"}],"author":"Lo viste en Los Pol\u00edticos","twitter_card":"summary_large_image","twitter_creator":"@LosPoliticosVer","twitter_site":"@LosPoliticosVer","twitter_misc":{"Escrito por":"Lo viste en Los Pol\u00edticos","Tiempo de lectura":"2 minutos"},"schema":{"@context":"https:\/\/schema.org","@graph":[{"@type":"Article","@id":"https:\/\/lospoliticosveracruz.com\/?p=81866#article","isPartOf":{"@id":"https:\/\/lospoliticosveracruz.com\/?p=81866"},"author":{"name":"Lo viste en Los Pol\u00edticos","@id":"https:\/\/lospoliticosveracruz.com\/#\/schema\/person\/b8702bb0e538456e6efd07080bf2a4a2"},"headline":"Asamblea estatal, para el 27","datePublished":"2021-11-12T20:27:40+00:00","dateModified":"2021-11-12T20:27:44+00:00","mainEntityOfPage":{"@id":"https:\/\/lospoliticosveracruz.com\/?p=81866"},"wordCount":371,"publisher":{"@id":"https:\/\/lospoliticosveracruz.com\/#organization"},"keywords":["Convocatoria","PRI","PRI en Veracruz"],"articleSection":["De Boleto"],"inLanguage":"es"},{"@type":"WebPage","@id":"https:\/\/lospoliticosveracruz.com\/?p=81866","url":"https:\/\/lospoliticosveracruz.com\/?p=81866","name":"Asamblea estatal, para el 27 - Los pol\u00edticos Veracruz","isPartOf":{"@id":"https:\/\/lospoliticosveracruz.com\/#website"},"datePublished":"2021-11-12T20:27:40+00:00","dateModified":"2021-11-12T20:27:44+00:00","breadcrumb":{"@id":"https:\/\/lospoliticosveracruz.com\/?p=81866#breadcrumb"},"inLanguage":"es","potentialAction":[{"@type":"ReadAction","target":["https:\/\/lospoliticosveracruz.com\/?p=81866"]}]},{"@type":"BreadcrumbList","@id":"https:\/\/lospoliticosveracruz.com\/?p=81866#breadcrumb","itemListElement":[{"@type":"ListItem","position":1,"name":"Portada","item":"https:\/\/lospoliticosveracruz.com\/"},{"@type":"ListItem","position":2,"name":"Asamblea estatal, para el 27"}]},{"@type":"WebSite","@id":"https:\/\/lospoliticosveracruz.com\/#website","url":"https:\/\/lospoliticosveracruz.com\/","name":"Los pol\u00edticos Veracruz","description":"","publisher":{"@id":"https:\/\/lospoliticosveracruz.com\/#organization"},"potentialAction":[{"@type":"SearchAction","target":{"@type":"EntryPoint","urlTemplate":"https:\/\/lospoliticosveracruz.com\/?s={search_term_string}"},"query-input":{"@type":"PropertyValueSpecification","valueRequired":true,"valueName":"search_term_string"}}],"inLanguage":"es"},{"@type":"Organization","@id":"https:\/\/lospoliticosveracruz.com\/#organization","name":"Los pol\u00edticos Veracruz","url":"https:\/\/lospoliticosveracruz.com\/","logo":{"@type":"ImageObject","inLanguage":"es","@id":"https:\/\/lospoliticosveracruz.com\/#\/schema\/logo\/image\/","url":"https:\/\/lospoliticosveracruz.com\/wp-content\/uploads\/2025\/12\/Logo-Nuevo-LOS-POLITICOS-1.jpg","contentUrl":"https:\/\/lospoliticosveracruz.com\/wp-content\/uploads\/2025\/12\/Logo-Nuevo-LOS-POLITICOS-1.jpg","width":260,"height":70,"caption":"Los pol\u00edticos Veracruz"},"image":{"@id":"https:\/\/lospoliticosveracruz.com\/#\/schema\/logo\/image\/"},"sameAs":["https:\/\/www.facebook.com\/people\/Notimemes-de-los-Polticos\/61565672886568\/","https:\/\/x.com\/LosPoliticosVer"]},{"@type":"Person","@id":"https:\/\/lospoliticosveracruz.com\/#\/schema\/person\/b8702bb0e538456e6efd07080bf2a4a2","name":"Lo viste en Los Pol\u00edticos","image":{"@type":"ImageObject","inLanguage":"es","@id":"https:\/\/secure.gravatar.com\/avatar\/3a8de04a2656d44082be478bd6c086daa447c4651605818287b9532d3d0bd435?s=96&d=mm&r=g","url":"https:\/\/secure.gravatar.com\/avatar\/3a8de04a2656d44082be478bd6c086daa447c4651605818287b9532d3d0bd435?s=96&d=mm&r=g","contentUrl":"https:\/\/secure.gravatar.com\/avatar\/3a8de04a2656d44082be478bd6c086daa447c4651605818287b9532d3d0bd435?s=96&d=mm&r=g","caption":"Lo viste en Los Pol\u00edticos"},"url":"https:\/\/lospoliticosveracruz.com\/?author=2"}]}},"_links":{"self":[{"href":"https:\/\/lospoliticosveracruz.com\/index.php?rest_route=\/wp\/v2\/posts\/81866","targetHints":{"allow":["GET"]}}],"collection":[{"href":"https:\/\/lospoliticosveracruz.com\/index.php?rest_route=\/wp\/v2\/posts"}],"about":[{"href":"https:\/\/lospoliticosveracruz.com\/index.php?rest_route=\/wp\/v2\/types\/post"}],"author":[{"embeddable":true,"href":"https:\/\/lospoliticosveracruz.com\/index.php?rest_route=\/wp\/v2\/users\/2"}],"replies":[{"embeddable":true,"href":"https:\/\/lospoliticosveracruz.com\/index.php?rest_route=%2Fwp%2Fv2%2Fcomments&post=81866"}],"version-history":[{"count":1,"href":"https:\/\/lospoliticosveracruz.com\/index.php?rest_route=\/wp\/v2\/posts\/81866\/revisions"}],"predecessor-version":[{"id":81868,"href":"https:\/\/lospoliticosveracruz.com\/index.php?rest_route=\/wp\/v2\/posts\/81866\/revisions\/81868"}],"wp:attachment":[{"href":"https:\/\/lospoliticosveracruz.com\/index.php?rest_route=%2Fwp%2Fv2%2Fmedia&parent=81866"}],"wp:term":[{"taxonomy":"category","embeddable":true,"href":"https:\/\/lospoliticosveracruz.com\/index.php?rest_route=%2Fwp%2Fv2%2Fcategories&post=81866"},{"taxonomy":"post_tag","embeddable":true,"href":"https:\/\/lospoliticosveracruz.com\/index.php?rest_route=%2Fwp%2Fv2%2Ftags&post=81866"}],"curies":[{"name":"wp","href":"https:\/\/api.w.org\/{rel}","templated":true}]}}