{"id":81897,"date":"2021-11-13T13:10:50","date_gmt":"2021-11-13T19:10:50","guid":{"rendered":"https:\/\/lospoliticosveracruz.com.mx\/?p=81897"},"modified":"2021-11-13T13:10:54","modified_gmt":"2021-11-13T19:10:54","slug":"maryjose-dio-batalla-y-levanto-la-voz","status":"publish","type":"post","link":"https:\/\/lospoliticosveracruz.com\/?p=81897","title":{"rendered":"Maryjose dio batalla y levant\u00f3 la voz"},"content":{"rendered":"\n<p><\/p>\n\n\n\n<p><strong>Ciudad de M\u00e9xico<\/strong><\/p>\n\n\n\n<p><br>Durante su participaci\u00f3n en tribuna, la diputada federal, Maryjose Gamboa Torales, afirm\u00f3 que la salud es un derecho y los derechos no se mendigan, se exigen, y es por eso que junto con sus compa\u00f1eros del PAN llevan d\u00edas debatiendo y exigiendo que se cumplan cada uno de los derechos que los ciudadanos se merecen.<\/p>\n\n\n\n<p>\u201cLlevamos d\u00edas luchando por los recursos que los diputados de MORENA quieren quitarles y dejarles en la m\u00e1s absoluta indefensi\u00f3n, como es el tema de la salud\u201d, subray\u00f3<\/p>\n\n\n\n<p>Se\u00f1al\u00f3 que al quitar el Seguro Popular dejaron sin acceso a la salud a casi un 30% de la poblaci\u00f3n. \u201cPero adem\u00e1s de eso, le han dicho a la gente que le van a dar una d\u00e1diva, como si los derechos ciudadanos fueran algo que ellos nos conceden o nos regalan en esa superioridad moral que ni ellos se creen, cuando en realidad le est\u00e1n quitando, y escuchen bien ciudadanos, porque ese es el dinero que les est\u00e1 quitando MORENA, 2 mil 911 pesos le corresponder\u00eda a cada ciudadano de lo que le est\u00e1n recortando al presupuesto de salud\u201d.<\/p>\n\n\n\n<p>Asimismo, exigi\u00f3 recursos espec\u00edficos para vacunar contra COVID-19 a menores de edad.<\/p>\n\n\n\n<p>Sostuvo que los diputados de MORENA mienten diciendo que habr\u00e1 m\u00e1s recursos para vacunas, pero est\u00e1n omitiendo que es para todas las vacunas, incluidas las vacunas que dejaron de poner hace 3 a\u00f1os a los ni\u00f1os, que son parte del cuadro b\u00e1sico.<\/p>\n\n\n\n<p>\u201cNo para vacunas Covid, para vacunas contra el Covid solamente nosotros hemos estado luchando y seguiremos luchando y exigiendo porque se le ponga a los adolescentes\u201d, dijo.<\/p>\n\n\n\n<p>Manifest\u00f3 que 12.5 millones de menores entre los 12 y 17 a\u00f1os podr\u00edan estar siendo vacunados solamente con la quinta parte del presupuesto que le est\u00e1n destinando al Tren Maya. \u201cNo quieren darle una vacuna a un ni\u00f1o de 17 a\u00f1os, pero s\u00ed est\u00e1n listos para empezarle a cobrar impuestos a partir de los 18, para eso s\u00ed est\u00e1n listos\u201d, expuso.<\/p>\n\n\n\n<p>La diputada federal, Maryjose Gamboa, reiter\u00f3 que las y los diputados federales del PAN est\u00e1n dando batalla para que todos los recursos regresen. \u201cPara las estancias infantiles, para que tengan escuelas dignas, para que tengan cada uno de los programas que les han quitado, porque MORENA solamente lleva al pueblo en el discurso\u201d, concluy\u00f3.<\/p>\n","protected":false},"excerpt":{"rendered":"<p>Ciudad de M\u00e9xico Durante su participaci\u00f3n en tribuna, la diputada federal, Maryjose Gamboa Torales, afirm\u00f3 que la salud es un derecho y los derechos no se mendigan, se exigen, y es por eso que junto con sus compa\u00f1eros del PAN llevan d\u00edas debatiendo y exigiendo que se cumplan cada uno de los derechos que los [&hellip;]<\/p>\n","protected":false},"author":2,"featured_media":81898,"comment_status":"closed","ping_status":"closed","sticky":false,"template":"","format":"standard","meta":{"tdm_status":"","tdm_grid_status":"","footnotes":""},"categories":[73],"tags":[26577,27136,1026,266],"class_list":{"0":"post-81897","1":"post","2":"type-post","3":"status-publish","4":"format-standard","5":"has-post-thumbnail","7":"category-de-boleto","8":"tag-covid-19-2","9":"tag-maryjose-gamboa-torales-2","10":"tag-morena","11":"tag-pan"},"yoast_head":"<!-- This site is optimized with the Yoast SEO plugin v27.4 - https:\/\/yoast.com\/product\/yoast-seo-wordpress\/ -->\n<title>Maryjose dio batalla y levant\u00f3 la voz - Los pol\u00edticos Veracruz<\/title>\n<meta name=\"robots\" content=\"index, follow, max-snippet:-1, max-image-preview:large, max-video-preview:-1\" \/>\n<link rel=\"canonical\" href=\"https:\/\/lospoliticosveracruz.com\/?p=81897\" \/>\n<meta property=\"og:locale\" content=\"es_ES\" \/>\n<meta property=\"og:type\" content=\"article\" \/>\n<meta property=\"og:title\" content=\"Maryjose dio batalla y levant\u00f3 la voz - Los pol\u00edticos Veracruz\" \/>\n<meta property=\"og:description\" content=\"Ciudad de M\u00e9xico Durante su participaci\u00f3n en tribuna, la diputada federal, Maryjose Gamboa Torales, afirm\u00f3 que la salud es un derecho y los derechos no se mendigan, se exigen, y es por eso que junto con sus compa\u00f1eros del PAN llevan d\u00edas debatiendo y exigiendo que se cumplan cada uno de los derechos que los [&hellip;]\" \/>\n<meta property=\"og:url\" content=\"https:\/\/lospoliticosveracruz.com\/?p=81897\" \/>\n<meta property=\"og:site_name\" content=\"Los pol\u00edticos Veracruz\" \/>\n<meta property=\"article:publisher\" content=\"https:\/\/www.facebook.com\/people\/Notimemes-de-los-Polticos\/61565672886568\/\" \/>\n<meta property=\"article:published_time\" content=\"2021-11-13T19:10:50+00:00\" \/>\n<meta property=\"article:modified_time\" content=\"2021-11-13T19:10:54+00:00\" \/>\n<meta property=\"og:image\" content=\"https:\/\/lospoliticosveracruz.com\/wp-content\/uploads\/2021\/11\/Maryjose-Gamboa-Torales.jpg\" \/>\n\t<meta property=\"og:image:width\" content=\"600\" \/>\n\t<meta property=\"og:image:height\" content=\"320\" \/>\n\t<meta property=\"og:image:type\" content=\"image\/jpeg\" \/>\n<meta name=\"author\" content=\"Lo viste en Los Pol\u00edticos\" \/>\n<meta name=\"twitter:card\" content=\"summary_large_image\" \/>\n<meta name=\"twitter:creator\" content=\"@LosPoliticosVer\" \/>\n<meta name=\"twitter:site\" content=\"@LosPoliticosVer\" \/>\n<meta name=\"twitter:label1\" content=\"Escrito por\" \/>\n\t<meta name=\"twitter:data1\" content=\"Lo viste en Los Pol\u00edticos\" \/>\n\t<meta name=\"twitter:label2\" content=\"Tiempo de lectura\" \/>\n\t<meta name=\"twitter:data2\" content=\"2 minutos\" \/>\n<script type=\"application\/ld+json\" class=\"yoast-schema-graph\">{\"@context\":\"https:\\\/\\\/schema.org\",\"@graph\":[{\"@type\":\"Article\",\"@id\":\"https:\\\/\\\/lospoliticosveracruz.com\\\/?p=81897#article\",\"isPartOf\":{\"@id\":\"https:\\\/\\\/lospoliticosveracruz.com\\\/?p=81897\"},\"author\":{\"name\":\"Lo viste en Los Pol\u00edticos\",\"@id\":\"https:\\\/\\\/lospoliticosveracruz.com\\\/#\\\/schema\\\/person\\\/b8702bb0e538456e6efd07080bf2a4a2\"},\"headline\":\"Maryjose dio batalla y levant\u00f3 la voz\",\"datePublished\":\"2021-11-13T19:10:50+00:00\",\"dateModified\":\"2021-11-13T19:10:54+00:00\",\"mainEntityOfPage\":{\"@id\":\"https:\\\/\\\/lospoliticosveracruz.com\\\/?p=81897\"},\"wordCount\":407,\"publisher\":{\"@id\":\"https:\\\/\\\/lospoliticosveracruz.com\\\/#organization\"},\"image\":{\"@id\":\"https:\\\/\\\/lospoliticosveracruz.com\\\/?p=81897#primaryimage\"},\"thumbnailUrl\":\"https:\\\/\\\/lospoliticosveracruz.com\\\/wp-content\\\/uploads\\\/2021\\\/11\\\/Maryjose-Gamboa-Torales.jpg\",\"keywords\":[\"Covid-19\",\"Maryjose Gamboa Torales\",\"Morena\",\"PAN\"],\"articleSection\":[\"De Boleto\"],\"inLanguage\":\"es\"},{\"@type\":\"WebPage\",\"@id\":\"https:\\\/\\\/lospoliticosveracruz.com\\\/?p=81897\",\"url\":\"https:\\\/\\\/lospoliticosveracruz.com\\\/?p=81897\",\"name\":\"Maryjose dio batalla y levant\u00f3 la voz - Los pol\u00edticos Veracruz\",\"isPartOf\":{\"@id\":\"https:\\\/\\\/lospoliticosveracruz.com\\\/#website\"},\"primaryImageOfPage\":{\"@id\":\"https:\\\/\\\/lospoliticosveracruz.com\\\/?p=81897#primaryimage\"},\"image\":{\"@id\":\"https:\\\/\\\/lospoliticosveracruz.com\\\/?p=81897#primaryimage\"},\"thumbnailUrl\":\"https:\\\/\\\/lospoliticosveracruz.com\\\/wp-content\\\/uploads\\\/2021\\\/11\\\/Maryjose-Gamboa-Torales.jpg\",\"datePublished\":\"2021-11-13T19:10:50+00:00\",\"dateModified\":\"2021-11-13T19:10:54+00:00\",\"breadcrumb\":{\"@id\":\"https:\\\/\\\/lospoliticosveracruz.com\\\/?p=81897#breadcrumb\"},\"inLanguage\":\"es\",\"potentialAction\":[{\"@type\":\"ReadAction\",\"target\":[\"https:\\\/\\\/lospoliticosveracruz.com\\\/?p=81897\"]}]},{\"@type\":\"ImageObject\",\"inLanguage\":\"es\",\"@id\":\"https:\\\/\\\/lospoliticosveracruz.com\\\/?p=81897#primaryimage\",\"url\":\"https:\\\/\\\/lospoliticosveracruz.com\\\/wp-content\\\/uploads\\\/2021\\\/11\\\/Maryjose-Gamboa-Torales.jpg\",\"contentUrl\":\"https:\\\/\\\/lospoliticosveracruz.com\\\/wp-content\\\/uploads\\\/2021\\\/11\\\/Maryjose-Gamboa-Torales.jpg\",\"width\":600,\"height\":320},{\"@type\":\"BreadcrumbList\",\"@id\":\"https:\\\/\\\/lospoliticosveracruz.com\\\/?p=81897#breadcrumb\",\"itemListElement\":[{\"@type\":\"ListItem\",\"position\":1,\"name\":\"Portada\",\"item\":\"https:\\\/\\\/lospoliticosveracruz.com\\\/\"},{\"@type\":\"ListItem\",\"position\":2,\"name\":\"Maryjose dio batalla y levant\u00f3 la voz\"}]},{\"@type\":\"WebSite\",\"@id\":\"https:\\\/\\\/lospoliticosveracruz.com\\\/#website\",\"url\":\"https:\\\/\\\/lospoliticosveracruz.com\\\/\",\"name\":\"Los pol\u00edticos Veracruz\",\"description\":\"\",\"publisher\":{\"@id\":\"https:\\\/\\\/lospoliticosveracruz.com\\\/#organization\"},\"potentialAction\":[{\"@type\":\"SearchAction\",\"target\":{\"@type\":\"EntryPoint\",\"urlTemplate\":\"https:\\\/\\\/lospoliticosveracruz.com\\\/?s={search_term_string}\"},\"query-input\":{\"@type\":\"PropertyValueSpecification\",\"valueRequired\":true,\"valueName\":\"search_term_string\"}}],\"inLanguage\":\"es\"},{\"@type\":\"Organization\",\"@id\":\"https:\\\/\\\/lospoliticosveracruz.com\\\/#organization\",\"name\":\"Los pol\u00edticos Veracruz\",\"url\":\"https:\\\/\\\/lospoliticosveracruz.com\\\/\",\"logo\":{\"@type\":\"ImageObject\",\"inLanguage\":\"es\",\"@id\":\"https:\\\/\\\/lospoliticosveracruz.com\\\/#\\\/schema\\\/logo\\\/image\\\/\",\"url\":\"https:\\\/\\\/lospoliticosveracruz.com\\\/wp-content\\\/uploads\\\/2025\\\/12\\\/Logo-Nuevo-LOS-POLITICOS-1.jpg\",\"contentUrl\":\"https:\\\/\\\/lospoliticosveracruz.com\\\/wp-content\\\/uploads\\\/2025\\\/12\\\/Logo-Nuevo-LOS-POLITICOS-1.jpg\",\"width\":260,\"height\":70,\"caption\":\"Los pol\u00edticos Veracruz\"},\"image\":{\"@id\":\"https:\\\/\\\/lospoliticosveracruz.com\\\/#\\\/schema\\\/logo\\\/image\\\/\"},\"sameAs\":[\"https:\\\/\\\/www.facebook.com\\\/people\\\/Notimemes-de-los-Polticos\\\/61565672886568\\\/\",\"https:\\\/\\\/x.com\\\/LosPoliticosVer\"]},{\"@type\":\"Person\",\"@id\":\"https:\\\/\\\/lospoliticosveracruz.com\\\/#\\\/schema\\\/person\\\/b8702bb0e538456e6efd07080bf2a4a2\",\"name\":\"Lo viste en Los Pol\u00edticos\",\"image\":{\"@type\":\"ImageObject\",\"inLanguage\":\"es\",\"@id\":\"https:\\\/\\\/secure.gravatar.com\\\/avatar\\\/3a8de04a2656d44082be478bd6c086daa447c4651605818287b9532d3d0bd435?s=96&d=mm&r=g\",\"url\":\"https:\\\/\\\/secure.gravatar.com\\\/avatar\\\/3a8de04a2656d44082be478bd6c086daa447c4651605818287b9532d3d0bd435?s=96&d=mm&r=g\",\"contentUrl\":\"https:\\\/\\\/secure.gravatar.com\\\/avatar\\\/3a8de04a2656d44082be478bd6c086daa447c4651605818287b9532d3d0bd435?s=96&d=mm&r=g\",\"caption\":\"Lo viste en Los Pol\u00edticos\"},\"url\":\"https:\\\/\\\/lospoliticosveracruz.com\\\/?author=2\"}]}<\/script>\n<!-- \/ Yoast SEO plugin. -->","yoast_head_json":{"title":"Maryjose dio batalla y levant\u00f3 la voz - Los pol\u00edticos Veracruz","robots":{"index":"index","follow":"follow","max-snippet":"max-snippet:-1","max-image-preview":"max-image-preview:large","max-video-preview":"max-video-preview:-1"},"canonical":"https:\/\/lospoliticosveracruz.com\/?p=81897","og_locale":"es_ES","og_type":"article","og_title":"Maryjose dio batalla y levant\u00f3 la voz - Los pol\u00edticos Veracruz","og_description":"Ciudad de M\u00e9xico Durante su participaci\u00f3n en tribuna, la diputada federal, Maryjose Gamboa Torales, afirm\u00f3 que la salud es un derecho y los derechos no se mendigan, se exigen, y es por eso que junto con sus compa\u00f1eros del PAN llevan d\u00edas debatiendo y exigiendo que se cumplan cada uno de los derechos que los [&hellip;]","og_url":"https:\/\/lospoliticosveracruz.com\/?p=81897","og_site_name":"Los pol\u00edticos Veracruz","article_publisher":"https:\/\/www.facebook.com\/people\/Notimemes-de-los-Polticos\/61565672886568\/","article_published_time":"2021-11-13T19:10:50+00:00","article_modified_time":"2021-11-13T19:10:54+00:00","og_image":[{"width":600,"height":320,"url":"https:\/\/lospoliticosveracruz.com\/wp-content\/uploads\/2021\/11\/Maryjose-Gamboa-Torales.jpg","type":"image\/jpeg"}],"author":"Lo viste en Los Pol\u00edticos","twitter_card":"summary_large_image","twitter_creator":"@LosPoliticosVer","twitter_site":"@LosPoliticosVer","twitter_misc":{"Escrito por":"Lo viste en Los Pol\u00edticos","Tiempo de lectura":"2 minutos"},"schema":{"@context":"https:\/\/schema.org","@graph":[{"@type":"Article","@id":"https:\/\/lospoliticosveracruz.com\/?p=81897#article","isPartOf":{"@id":"https:\/\/lospoliticosveracruz.com\/?p=81897"},"author":{"name":"Lo viste en Los Pol\u00edticos","@id":"https:\/\/lospoliticosveracruz.com\/#\/schema\/person\/b8702bb0e538456e6efd07080bf2a4a2"},"headline":"Maryjose dio batalla y levant\u00f3 la voz","datePublished":"2021-11-13T19:10:50+00:00","dateModified":"2021-11-13T19:10:54+00:00","mainEntityOfPage":{"@id":"https:\/\/lospoliticosveracruz.com\/?p=81897"},"wordCount":407,"publisher":{"@id":"https:\/\/lospoliticosveracruz.com\/#organization"},"image":{"@id":"https:\/\/lospoliticosveracruz.com\/?p=81897#primaryimage"},"thumbnailUrl":"https:\/\/lospoliticosveracruz.com\/wp-content\/uploads\/2021\/11\/Maryjose-Gamboa-Torales.jpg","keywords":["Covid-19","Maryjose Gamboa Torales","Morena","PAN"],"articleSection":["De Boleto"],"inLanguage":"es"},{"@type":"WebPage","@id":"https:\/\/lospoliticosveracruz.com\/?p=81897","url":"https:\/\/lospoliticosveracruz.com\/?p=81897","name":"Maryjose dio batalla y levant\u00f3 la voz - Los pol\u00edticos Veracruz","isPartOf":{"@id":"https:\/\/lospoliticosveracruz.com\/#website"},"primaryImageOfPage":{"@id":"https:\/\/lospoliticosveracruz.com\/?p=81897#primaryimage"},"image":{"@id":"https:\/\/lospoliticosveracruz.com\/?p=81897#primaryimage"},"thumbnailUrl":"https:\/\/lospoliticosveracruz.com\/wp-content\/uploads\/2021\/11\/Maryjose-Gamboa-Torales.jpg","datePublished":"2021-11-13T19:10:50+00:00","dateModified":"2021-11-13T19:10:54+00:00","breadcrumb":{"@id":"https:\/\/lospoliticosveracruz.com\/?p=81897#breadcrumb"},"inLanguage":"es","potentialAction":[{"@type":"ReadAction","target":["https:\/\/lospoliticosveracruz.com\/?p=81897"]}]},{"@type":"ImageObject","inLanguage":"es","@id":"https:\/\/lospoliticosveracruz.com\/?p=81897#primaryimage","url":"https:\/\/lospoliticosveracruz.com\/wp-content\/uploads\/2021\/11\/Maryjose-Gamboa-Torales.jpg","contentUrl":"https:\/\/lospoliticosveracruz.com\/wp-content\/uploads\/2021\/11\/Maryjose-Gamboa-Torales.jpg","width":600,"height":320},{"@type":"BreadcrumbList","@id":"https:\/\/lospoliticosveracruz.com\/?p=81897#breadcrumb","itemListElement":[{"@type":"ListItem","position":1,"name":"Portada","item":"https:\/\/lospoliticosveracruz.com\/"},{"@type":"ListItem","position":2,"name":"Maryjose dio batalla y levant\u00f3 la voz"}]},{"@type":"WebSite","@id":"https:\/\/lospoliticosveracruz.com\/#website","url":"https:\/\/lospoliticosveracruz.com\/","name":"Los pol\u00edticos Veracruz","description":"","publisher":{"@id":"https:\/\/lospoliticosveracruz.com\/#organization"},"potentialAction":[{"@type":"SearchAction","target":{"@type":"EntryPoint","urlTemplate":"https:\/\/lospoliticosveracruz.com\/?s={search_term_string}"},"query-input":{"@type":"PropertyValueSpecification","valueRequired":true,"valueName":"search_term_string"}}],"inLanguage":"es"},{"@type":"Organization","@id":"https:\/\/lospoliticosveracruz.com\/#organization","name":"Los pol\u00edticos Veracruz","url":"https:\/\/lospoliticosveracruz.com\/","logo":{"@type":"ImageObject","inLanguage":"es","@id":"https:\/\/lospoliticosveracruz.com\/#\/schema\/logo\/image\/","url":"https:\/\/lospoliticosveracruz.com\/wp-content\/uploads\/2025\/12\/Logo-Nuevo-LOS-POLITICOS-1.jpg","contentUrl":"https:\/\/lospoliticosveracruz.com\/wp-content\/uploads\/2025\/12\/Logo-Nuevo-LOS-POLITICOS-1.jpg","width":260,"height":70,"caption":"Los pol\u00edticos Veracruz"},"image":{"@id":"https:\/\/lospoliticosveracruz.com\/#\/schema\/logo\/image\/"},"sameAs":["https:\/\/www.facebook.com\/people\/Notimemes-de-los-Polticos\/61565672886568\/","https:\/\/x.com\/LosPoliticosVer"]},{"@type":"Person","@id":"https:\/\/lospoliticosveracruz.com\/#\/schema\/person\/b8702bb0e538456e6efd07080bf2a4a2","name":"Lo viste en Los Pol\u00edticos","image":{"@type":"ImageObject","inLanguage":"es","@id":"https:\/\/secure.gravatar.com\/avatar\/3a8de04a2656d44082be478bd6c086daa447c4651605818287b9532d3d0bd435?s=96&d=mm&r=g","url":"https:\/\/secure.gravatar.com\/avatar\/3a8de04a2656d44082be478bd6c086daa447c4651605818287b9532d3d0bd435?s=96&d=mm&r=g","contentUrl":"https:\/\/secure.gravatar.com\/avatar\/3a8de04a2656d44082be478bd6c086daa447c4651605818287b9532d3d0bd435?s=96&d=mm&r=g","caption":"Lo viste en Los Pol\u00edticos"},"url":"https:\/\/lospoliticosveracruz.com\/?author=2"}]}},"_links":{"self":[{"href":"https:\/\/lospoliticosveracruz.com\/index.php?rest_route=\/wp\/v2\/posts\/81897","targetHints":{"allow":["GET"]}}],"collection":[{"href":"https:\/\/lospoliticosveracruz.com\/index.php?rest_route=\/wp\/v2\/posts"}],"about":[{"href":"https:\/\/lospoliticosveracruz.com\/index.php?rest_route=\/wp\/v2\/types\/post"}],"author":[{"embeddable":true,"href":"https:\/\/lospoliticosveracruz.com\/index.php?rest_route=\/wp\/v2\/users\/2"}],"replies":[{"embeddable":true,"href":"https:\/\/lospoliticosveracruz.com\/index.php?rest_route=%2Fwp%2Fv2%2Fcomments&post=81897"}],"version-history":[{"count":1,"href":"https:\/\/lospoliticosveracruz.com\/index.php?rest_route=\/wp\/v2\/posts\/81897\/revisions"}],"predecessor-version":[{"id":81899,"href":"https:\/\/lospoliticosveracruz.com\/index.php?rest_route=\/wp\/v2\/posts\/81897\/revisions\/81899"}],"wp:featuredmedia":[{"embeddable":true,"href":"https:\/\/lospoliticosveracruz.com\/index.php?rest_route=\/wp\/v2\/media\/81898"}],"wp:attachment":[{"href":"https:\/\/lospoliticosveracruz.com\/index.php?rest_route=%2Fwp%2Fv2%2Fmedia&parent=81897"}],"wp:term":[{"taxonomy":"category","embeddable":true,"href":"https:\/\/lospoliticosveracruz.com\/index.php?rest_route=%2Fwp%2Fv2%2Fcategories&post=81897"},{"taxonomy":"post_tag","embeddable":true,"href":"https:\/\/lospoliticosveracruz.com\/index.php?rest_route=%2Fwp%2Fv2%2Ftags&post=81897"}],"curies":[{"name":"wp","href":"https:\/\/api.w.org\/{rel}","templated":true}]}}