{"id":81911,"date":"2021-11-14T09:25:17","date_gmt":"2021-11-14T15:25:17","guid":{"rendered":"https:\/\/lospoliticosveracruz.com.mx\/?p=81911"},"modified":"2021-11-14T09:25:23","modified_gmt":"2021-11-14T15:25:23","slug":"pef-2022-aprobado","status":"publish","type":"post","link":"https:\/\/lospoliticosveracruz.com\/?p=81911","title":{"rendered":"PEF 2022, Aprobado!"},"content":{"rendered":"\n<p><em>Ciudad de M\u00e9xico<\/em><br>La C\u00e1mara de Diputados aprob\u00f3, en lo general y en lo particular, el Decreto de Presupuesto de Egresos de la Federaci\u00f3n para el Ejercicio Fiscal 2022, y lo remiti\u00f3 al titular del Poder Ejecutivo para sus efectos constitucionales.<\/p>\n\n\n\n<p>El documento, que se desahog\u00f3 en una sesi\u00f3n diferida que dur\u00f3 m\u00e1s de 42 horas, se aval\u00f3 en lo particular, con 273 votos a favor, 214 en contra y cero abstenciones, prev\u00e9 un gasto neto total de 7.8 billones de pesos.<\/p>\n\n\n\n<p>El monto total representa un incremento en t\u00e9rminos reales de 8.6 por ciento a lo aprobado para 2021; adem\u00e1s, prev\u00e9 un d\u00e9ficit presupuestario de 875 mil 570 millones 500 mil pesos.<\/p>\n\n\n\n<p>Durante el an\u00e1lisis y discusi\u00f3n del dictamen se presentaron mil 994 reservas por parte de las y los diputados de los diversos grupos parlamentarios, quienes hicieron uso de la tribuna.<\/p>\n\n\n\n<p>El dictamen presentado por la Comisi\u00f3n de Presupuesto y Cuenta P\u00fablica qued\u00f3 en sus t\u00e9rminos.<\/p>\n\n\n\n<p>Acuerdo para el desahogo de las reservas<\/p>\n\n\n\n<p>Tras la discusi\u00f3n en lo particular del PEF 2022, de la sesi\u00f3n iniciada el mi\u00e9rcoles pasado, por acuerdo de los coordinadores parlamentarios se determin\u00f3 compactar un importante n\u00famero de reservas con la finalidad de agilizar la deliberaci\u00f3n del dictamen.<\/p>\n\n\n\n<p>En tal virtud, el presidente de la Mesa Directiva, Sergio Guti\u00e9rrez Luna, instruy\u00f3 que las reservas inscritas se insertaran de manera \u00edntegra en el Diario de Debates, y en funci\u00f3n de ello, el tablero y la plataforma digital de votaci\u00f3n se abri\u00f3 en punto de las 01:55 horas del domingo 14 de noviembre.<\/p>\n\n\n\n<p>Lo reservado<\/p>\n\n\n\n<p>Para lo particular, se reservaron del Proyecto de Presupuesto de Egresos de la Federaci\u00f3n 2022, los art\u00edculos 1, 2, 3, 4, 5, 6, 7, 8, 9, 10, 11, 12, 13, 14, 15, 16, 17, 21, 22, 23, 24, 26, 27, 28, 29, 30, 31, 32, 33, 34, 35, 36, 37 y 38.<\/p>\n\n\n\n<p>Los art\u00edculos transitorios Segundo, Tercero, Quinto, Sexto, S\u00e9ptimo, Octavo, Noveno, D\u00e9cimo, D\u00e9cimo Segundo, D\u00e9cimo Tercero, D\u00e9cimo Cuarto, D\u00e9cimo Sexto, D\u00e9cimo S\u00e9ptimo, D\u00e9cimo Octavo, D\u00e9cimo Noveno y Vig\u00e9simo Primero.<\/p>\n\n\n\n<p>Adem\u00e1s, los Anexos 1, 2, 4, 5, 5A, 6, 7, 8, 9, 10, 11, 11.1, 12, 13, 14, 15, 16, 17, 18, 19, 20, 21, 22, 23, 23.5, 23.5.1, 23.5.2, 23.5.3, 24, 25, 26, 28, 29, 29.1, 30, 32, 33, 34, 35, 36, 37 y 38.<\/p>\n","protected":false},"excerpt":{"rendered":"<p>Ciudad de M\u00e9xicoLa C\u00e1mara de Diputados aprob\u00f3, en lo general y en lo particular, el Decreto de Presupuesto de Egresos de la Federaci\u00f3n para el Ejercicio Fiscal 2022, y lo remiti\u00f3 al titular del Poder Ejecutivo para sus efectos constitucionales. El documento, que se desahog\u00f3 en una sesi\u00f3n diferida que dur\u00f3 m\u00e1s de 42 horas, [&hellip;]<\/p>\n","protected":false},"author":2,"featured_media":0,"comment_status":"closed","ping_status":"closed","sticky":false,"template":"","format":"standard","meta":{"tdm_status":"","tdm_grid_status":"","footnotes":""},"categories":[73],"tags":[1712,7036,3270,16147],"class_list":{"0":"post-81911","1":"post","2":"type-post","3":"status-publish","4":"format-standard","6":"category-de-boleto","7":"tag-congreso-de-la-union","8":"tag-presupuesto-de-egresos","9":"tag-san-lazaro","10":"tag-sergio-gutierrez-luna"},"yoast_head":"<!-- This site is optimized with the Yoast SEO plugin v27.4 - https:\/\/yoast.com\/product\/yoast-seo-wordpress\/ -->\n<title>PEF 2022, Aprobado! - Los pol\u00edticos Veracruz<\/title>\n<meta name=\"robots\" content=\"index, follow, max-snippet:-1, max-image-preview:large, max-video-preview:-1\" \/>\n<link rel=\"canonical\" href=\"https:\/\/lospoliticosveracruz.com\/?p=81911\" \/>\n<meta property=\"og:locale\" content=\"es_ES\" \/>\n<meta property=\"og:type\" content=\"article\" \/>\n<meta property=\"og:title\" content=\"PEF 2022, Aprobado! - Los pol\u00edticos Veracruz\" \/>\n<meta property=\"og:description\" content=\"Ciudad de M\u00e9xicoLa C\u00e1mara de Diputados aprob\u00f3, en lo general y en lo particular, el Decreto de Presupuesto de Egresos de la Federaci\u00f3n para el Ejercicio Fiscal 2022, y lo remiti\u00f3 al titular del Poder Ejecutivo para sus efectos constitucionales. El documento, que se desahog\u00f3 en una sesi\u00f3n diferida que dur\u00f3 m\u00e1s de 42 horas, [&hellip;]\" \/>\n<meta property=\"og:url\" content=\"https:\/\/lospoliticosveracruz.com\/?p=81911\" \/>\n<meta property=\"og:site_name\" content=\"Los pol\u00edticos Veracruz\" \/>\n<meta property=\"article:publisher\" content=\"https:\/\/www.facebook.com\/people\/Notimemes-de-los-Polticos\/61565672886568\/\" \/>\n<meta property=\"article:published_time\" content=\"2021-11-14T15:25:17+00:00\" \/>\n<meta property=\"article:modified_time\" content=\"2021-11-14T15:25:23+00:00\" \/>\n<meta property=\"og:image\" content=\"https:\/\/lospoliticosveracruz.com\/wp-content\/uploads\/2016\/07\/Logo-Dor.jpg\" \/>\n\t<meta property=\"og:image:width\" content=\"200\" \/>\n\t<meta property=\"og:image:height\" content=\"200\" \/>\n\t<meta property=\"og:image:type\" content=\"image\/jpeg\" \/>\n<meta name=\"author\" content=\"Lo viste en Los Pol\u00edticos\" \/>\n<meta name=\"twitter:card\" content=\"summary_large_image\" \/>\n<meta name=\"twitter:creator\" content=\"@LosPoliticosVer\" \/>\n<meta name=\"twitter:site\" content=\"@LosPoliticosVer\" \/>\n<meta name=\"twitter:label1\" content=\"Escrito por\" \/>\n\t<meta name=\"twitter:data1\" content=\"Lo viste en Los Pol\u00edticos\" \/>\n\t<meta name=\"twitter:label2\" content=\"Tiempo de lectura\" \/>\n\t<meta name=\"twitter:data2\" content=\"2 minutos\" \/>\n<script type=\"application\/ld+json\" class=\"yoast-schema-graph\">{\"@context\":\"https:\\\/\\\/schema.org\",\"@graph\":[{\"@type\":\"Article\",\"@id\":\"https:\\\/\\\/lospoliticosveracruz.com\\\/?p=81911#article\",\"isPartOf\":{\"@id\":\"https:\\\/\\\/lospoliticosveracruz.com\\\/?p=81911\"},\"author\":{\"name\":\"Lo viste en Los Pol\u00edticos\",\"@id\":\"https:\\\/\\\/lospoliticosveracruz.com\\\/#\\\/schema\\\/person\\\/b8702bb0e538456e6efd07080bf2a4a2\"},\"headline\":\"PEF 2022, Aprobado!\",\"datePublished\":\"2021-11-14T15:25:17+00:00\",\"dateModified\":\"2021-11-14T15:25:23+00:00\",\"mainEntityOfPage\":{\"@id\":\"https:\\\/\\\/lospoliticosveracruz.com\\\/?p=81911\"},\"wordCount\":333,\"publisher\":{\"@id\":\"https:\\\/\\\/lospoliticosveracruz.com\\\/#organization\"},\"keywords\":[\"Congreso de la Uni\u00f3n\",\"Presupuesto de Egresos\",\"San L\u00e1zaro\",\"Sergio Guti\u00e9rrez Luna\"],\"articleSection\":[\"De Boleto\"],\"inLanguage\":\"es\"},{\"@type\":\"WebPage\",\"@id\":\"https:\\\/\\\/lospoliticosveracruz.com\\\/?p=81911\",\"url\":\"https:\\\/\\\/lospoliticosveracruz.com\\\/?p=81911\",\"name\":\"PEF 2022, Aprobado! - Los pol\u00edticos Veracruz\",\"isPartOf\":{\"@id\":\"https:\\\/\\\/lospoliticosveracruz.com\\\/#website\"},\"datePublished\":\"2021-11-14T15:25:17+00:00\",\"dateModified\":\"2021-11-14T15:25:23+00:00\",\"breadcrumb\":{\"@id\":\"https:\\\/\\\/lospoliticosveracruz.com\\\/?p=81911#breadcrumb\"},\"inLanguage\":\"es\",\"potentialAction\":[{\"@type\":\"ReadAction\",\"target\":[\"https:\\\/\\\/lospoliticosveracruz.com\\\/?p=81911\"]}]},{\"@type\":\"BreadcrumbList\",\"@id\":\"https:\\\/\\\/lospoliticosveracruz.com\\\/?p=81911#breadcrumb\",\"itemListElement\":[{\"@type\":\"ListItem\",\"position\":1,\"name\":\"Portada\",\"item\":\"https:\\\/\\\/lospoliticosveracruz.com\\\/\"},{\"@type\":\"ListItem\",\"position\":2,\"name\":\"PEF 2022, Aprobado!\"}]},{\"@type\":\"WebSite\",\"@id\":\"https:\\\/\\\/lospoliticosveracruz.com\\\/#website\",\"url\":\"https:\\\/\\\/lospoliticosveracruz.com\\\/\",\"name\":\"Los pol\u00edticos Veracruz\",\"description\":\"\",\"publisher\":{\"@id\":\"https:\\\/\\\/lospoliticosveracruz.com\\\/#organization\"},\"potentialAction\":[{\"@type\":\"SearchAction\",\"target\":{\"@type\":\"EntryPoint\",\"urlTemplate\":\"https:\\\/\\\/lospoliticosveracruz.com\\\/?s={search_term_string}\"},\"query-input\":{\"@type\":\"PropertyValueSpecification\",\"valueRequired\":true,\"valueName\":\"search_term_string\"}}],\"inLanguage\":\"es\"},{\"@type\":\"Organization\",\"@id\":\"https:\\\/\\\/lospoliticosveracruz.com\\\/#organization\",\"name\":\"Los pol\u00edticos Veracruz\",\"url\":\"https:\\\/\\\/lospoliticosveracruz.com\\\/\",\"logo\":{\"@type\":\"ImageObject\",\"inLanguage\":\"es\",\"@id\":\"https:\\\/\\\/lospoliticosveracruz.com\\\/#\\\/schema\\\/logo\\\/image\\\/\",\"url\":\"https:\\\/\\\/lospoliticosveracruz.com\\\/wp-content\\\/uploads\\\/2025\\\/12\\\/Logo-Nuevo-LOS-POLITICOS-1.jpg\",\"contentUrl\":\"https:\\\/\\\/lospoliticosveracruz.com\\\/wp-content\\\/uploads\\\/2025\\\/12\\\/Logo-Nuevo-LOS-POLITICOS-1.jpg\",\"width\":260,\"height\":70,\"caption\":\"Los pol\u00edticos Veracruz\"},\"image\":{\"@id\":\"https:\\\/\\\/lospoliticosveracruz.com\\\/#\\\/schema\\\/logo\\\/image\\\/\"},\"sameAs\":[\"https:\\\/\\\/www.facebook.com\\\/people\\\/Notimemes-de-los-Polticos\\\/61565672886568\\\/\",\"https:\\\/\\\/x.com\\\/LosPoliticosVer\"]},{\"@type\":\"Person\",\"@id\":\"https:\\\/\\\/lospoliticosveracruz.com\\\/#\\\/schema\\\/person\\\/b8702bb0e538456e6efd07080bf2a4a2\",\"name\":\"Lo viste en Los Pol\u00edticos\",\"image\":{\"@type\":\"ImageObject\",\"inLanguage\":\"es\",\"@id\":\"https:\\\/\\\/secure.gravatar.com\\\/avatar\\\/3a8de04a2656d44082be478bd6c086daa447c4651605818287b9532d3d0bd435?s=96&d=mm&r=g\",\"url\":\"https:\\\/\\\/secure.gravatar.com\\\/avatar\\\/3a8de04a2656d44082be478bd6c086daa447c4651605818287b9532d3d0bd435?s=96&d=mm&r=g\",\"contentUrl\":\"https:\\\/\\\/secure.gravatar.com\\\/avatar\\\/3a8de04a2656d44082be478bd6c086daa447c4651605818287b9532d3d0bd435?s=96&d=mm&r=g\",\"caption\":\"Lo viste en Los Pol\u00edticos\"},\"url\":\"https:\\\/\\\/lospoliticosveracruz.com\\\/?author=2\"}]}<\/script>\n<!-- \/ Yoast SEO plugin. -->","yoast_head_json":{"title":"PEF 2022, Aprobado! - Los pol\u00edticos Veracruz","robots":{"index":"index","follow":"follow","max-snippet":"max-snippet:-1","max-image-preview":"max-image-preview:large","max-video-preview":"max-video-preview:-1"},"canonical":"https:\/\/lospoliticosveracruz.com\/?p=81911","og_locale":"es_ES","og_type":"article","og_title":"PEF 2022, Aprobado! - Los pol\u00edticos Veracruz","og_description":"Ciudad de M\u00e9xicoLa C\u00e1mara de Diputados aprob\u00f3, en lo general y en lo particular, el Decreto de Presupuesto de Egresos de la Federaci\u00f3n para el Ejercicio Fiscal 2022, y lo remiti\u00f3 al titular del Poder Ejecutivo para sus efectos constitucionales. El documento, que se desahog\u00f3 en una sesi\u00f3n diferida que dur\u00f3 m\u00e1s de 42 horas, [&hellip;]","og_url":"https:\/\/lospoliticosveracruz.com\/?p=81911","og_site_name":"Los pol\u00edticos Veracruz","article_publisher":"https:\/\/www.facebook.com\/people\/Notimemes-de-los-Polticos\/61565672886568\/","article_published_time":"2021-11-14T15:25:17+00:00","article_modified_time":"2021-11-14T15:25:23+00:00","og_image":[{"width":200,"height":200,"url":"https:\/\/lospoliticosveracruz.com\/wp-content\/uploads\/2016\/07\/Logo-Dor.jpg","type":"image\/jpeg"}],"author":"Lo viste en Los Pol\u00edticos","twitter_card":"summary_large_image","twitter_creator":"@LosPoliticosVer","twitter_site":"@LosPoliticosVer","twitter_misc":{"Escrito por":"Lo viste en Los Pol\u00edticos","Tiempo de lectura":"2 minutos"},"schema":{"@context":"https:\/\/schema.org","@graph":[{"@type":"Article","@id":"https:\/\/lospoliticosveracruz.com\/?p=81911#article","isPartOf":{"@id":"https:\/\/lospoliticosveracruz.com\/?p=81911"},"author":{"name":"Lo viste en Los Pol\u00edticos","@id":"https:\/\/lospoliticosveracruz.com\/#\/schema\/person\/b8702bb0e538456e6efd07080bf2a4a2"},"headline":"PEF 2022, Aprobado!","datePublished":"2021-11-14T15:25:17+00:00","dateModified":"2021-11-14T15:25:23+00:00","mainEntityOfPage":{"@id":"https:\/\/lospoliticosveracruz.com\/?p=81911"},"wordCount":333,"publisher":{"@id":"https:\/\/lospoliticosveracruz.com\/#organization"},"keywords":["Congreso de la Uni\u00f3n","Presupuesto de Egresos","San L\u00e1zaro","Sergio Guti\u00e9rrez Luna"],"articleSection":["De Boleto"],"inLanguage":"es"},{"@type":"WebPage","@id":"https:\/\/lospoliticosveracruz.com\/?p=81911","url":"https:\/\/lospoliticosveracruz.com\/?p=81911","name":"PEF 2022, Aprobado! - Los pol\u00edticos Veracruz","isPartOf":{"@id":"https:\/\/lospoliticosveracruz.com\/#website"},"datePublished":"2021-11-14T15:25:17+00:00","dateModified":"2021-11-14T15:25:23+00:00","breadcrumb":{"@id":"https:\/\/lospoliticosveracruz.com\/?p=81911#breadcrumb"},"inLanguage":"es","potentialAction":[{"@type":"ReadAction","target":["https:\/\/lospoliticosveracruz.com\/?p=81911"]}]},{"@type":"BreadcrumbList","@id":"https:\/\/lospoliticosveracruz.com\/?p=81911#breadcrumb","itemListElement":[{"@type":"ListItem","position":1,"name":"Portada","item":"https:\/\/lospoliticosveracruz.com\/"},{"@type":"ListItem","position":2,"name":"PEF 2022, Aprobado!"}]},{"@type":"WebSite","@id":"https:\/\/lospoliticosveracruz.com\/#website","url":"https:\/\/lospoliticosveracruz.com\/","name":"Los pol\u00edticos Veracruz","description":"","publisher":{"@id":"https:\/\/lospoliticosveracruz.com\/#organization"},"potentialAction":[{"@type":"SearchAction","target":{"@type":"EntryPoint","urlTemplate":"https:\/\/lospoliticosveracruz.com\/?s={search_term_string}"},"query-input":{"@type":"PropertyValueSpecification","valueRequired":true,"valueName":"search_term_string"}}],"inLanguage":"es"},{"@type":"Organization","@id":"https:\/\/lospoliticosveracruz.com\/#organization","name":"Los pol\u00edticos Veracruz","url":"https:\/\/lospoliticosveracruz.com\/","logo":{"@type":"ImageObject","inLanguage":"es","@id":"https:\/\/lospoliticosveracruz.com\/#\/schema\/logo\/image\/","url":"https:\/\/lospoliticosveracruz.com\/wp-content\/uploads\/2025\/12\/Logo-Nuevo-LOS-POLITICOS-1.jpg","contentUrl":"https:\/\/lospoliticosveracruz.com\/wp-content\/uploads\/2025\/12\/Logo-Nuevo-LOS-POLITICOS-1.jpg","width":260,"height":70,"caption":"Los pol\u00edticos Veracruz"},"image":{"@id":"https:\/\/lospoliticosveracruz.com\/#\/schema\/logo\/image\/"},"sameAs":["https:\/\/www.facebook.com\/people\/Notimemes-de-los-Polticos\/61565672886568\/","https:\/\/x.com\/LosPoliticosVer"]},{"@type":"Person","@id":"https:\/\/lospoliticosveracruz.com\/#\/schema\/person\/b8702bb0e538456e6efd07080bf2a4a2","name":"Lo viste en Los Pol\u00edticos","image":{"@type":"ImageObject","inLanguage":"es","@id":"https:\/\/secure.gravatar.com\/avatar\/3a8de04a2656d44082be478bd6c086daa447c4651605818287b9532d3d0bd435?s=96&d=mm&r=g","url":"https:\/\/secure.gravatar.com\/avatar\/3a8de04a2656d44082be478bd6c086daa447c4651605818287b9532d3d0bd435?s=96&d=mm&r=g","contentUrl":"https:\/\/secure.gravatar.com\/avatar\/3a8de04a2656d44082be478bd6c086daa447c4651605818287b9532d3d0bd435?s=96&d=mm&r=g","caption":"Lo viste en Los Pol\u00edticos"},"url":"https:\/\/lospoliticosveracruz.com\/?author=2"}]}},"_links":{"self":[{"href":"https:\/\/lospoliticosveracruz.com\/index.php?rest_route=\/wp\/v2\/posts\/81911","targetHints":{"allow":["GET"]}}],"collection":[{"href":"https:\/\/lospoliticosveracruz.com\/index.php?rest_route=\/wp\/v2\/posts"}],"about":[{"href":"https:\/\/lospoliticosveracruz.com\/index.php?rest_route=\/wp\/v2\/types\/post"}],"author":[{"embeddable":true,"href":"https:\/\/lospoliticosveracruz.com\/index.php?rest_route=\/wp\/v2\/users\/2"}],"replies":[{"embeddable":true,"href":"https:\/\/lospoliticosveracruz.com\/index.php?rest_route=%2Fwp%2Fv2%2Fcomments&post=81911"}],"version-history":[{"count":1,"href":"https:\/\/lospoliticosveracruz.com\/index.php?rest_route=\/wp\/v2\/posts\/81911\/revisions"}],"predecessor-version":[{"id":81913,"href":"https:\/\/lospoliticosveracruz.com\/index.php?rest_route=\/wp\/v2\/posts\/81911\/revisions\/81913"}],"wp:attachment":[{"href":"https:\/\/lospoliticosveracruz.com\/index.php?rest_route=%2Fwp%2Fv2%2Fmedia&parent=81911"}],"wp:term":[{"taxonomy":"category","embeddable":true,"href":"https:\/\/lospoliticosveracruz.com\/index.php?rest_route=%2Fwp%2Fv2%2Fcategories&post=81911"},{"taxonomy":"post_tag","embeddable":true,"href":"https:\/\/lospoliticosveracruz.com\/index.php?rest_route=%2Fwp%2Fv2%2Ftags&post=81911"}],"curies":[{"name":"wp","href":"https:\/\/api.w.org\/{rel}","templated":true}]}}