{"id":81926,"date":"2021-11-15T08:29:13","date_gmt":"2021-11-15T14:29:13","guid":{"rendered":"https:\/\/lospoliticosveracruz.com.mx\/?p=81926"},"modified":"2021-11-15T08:29:20","modified_gmt":"2021-11-15T14:29:20","slug":"pasan-por-orizaba-10-de-alcaldes-de-mexico","status":"publish","type":"post","link":"https:\/\/lospoliticosveracruz.com\/?p=81926","title":{"rendered":"Pasan por Orizaba 10% de alcaldes de M\u00e9xico"},"content":{"rendered":"\n<p><strong>Omar Z\u00fa\u00f1iga<br><\/strong><em>De Primera Mano Taj\u00edn<\/em><\/p>\n\n\n\n<p>El viernes pasado, con motivo de la presentaci\u00f3n del libro del Grupo de los 10, el alcalde Igor Roj\u00ed, a quien agradezco nuevamente la anfitrion\u00eda y las facilidades para el acto, nos dijo que precisamente ese d\u00eda llegaron al Ayuntamiento los alcaldes n\u00famero 232, Juli\u00e1n Zacar\u00edas Curi reelecto de Progreso, Yucat\u00e1n y 233 la electa Ruth Garc\u00eda Meza, del municipio vecino a Pluviosilla, La Perla, ambos de afiliaci\u00f3n panista.<\/p>\n\n\n\n<div class=\"wp-block-image\"><figure class=\"alignleft size-large is-resized\"><a href=\"https:\/\/lospoliticosveracruz.com.mx\/wp-content\/uploads\/2021\/10\/WhatsApp-Image-2021-10-02-at-15.20.25.jpeg\"><img loading=\"lazy\" decoding=\"async\" src=\"https:\/\/lospoliticosveracruz.com.mx\/wp-content\/uploads\/2021\/10\/WhatsApp-Image-2021-10-02-at-15.20.25-724x1024.jpeg\" alt=\"\" class=\"wp-image-80177\" width=\"250\" height=\"350\"\/><\/a><\/figure><\/div>\n\n\n\n<p><br>Algo deben estar haciendo bien en Orizaba para que casi el 10 por ciento de los 2 mil 471 alcaldes de nuestro pa\u00eds lleguen ah\u00ed a pedir consejo de c\u00f3mo se est\u00e1n haciendo las cosas para buscar replicarlo en sus respectivas demarcaciones.<br>Para poner un ejemplo de esos que le gustan al gobernador\u2026, en Pluviosilla entrar al ba\u00f1o cuesta 5 pesotes, con eso usted tiene derecho a usar, ya sea mingitorio o inodoro, dependiendo cu\u00e1l sea el caso \u2013una disculpa si sueno escatol\u00f3gico-, y adem\u00e1s tener papel higi\u00e9nico, agua, jab\u00f3n y toallas para secar las manos, muy importante en tiempos de pandemia, un ba\u00f1o digno, pues, y por ese concepto el Ayuntamiento se mete 12 millones de pesos al mes, cuando don Cuit presume como EL logro, que en las gasolineras de Veracruz no se cobre por su uso, uuffff.<br>Para terminar, literal, Orizaba va ser sede del 13 Congreso Iberoamericano de a<br>Alcaldes del 6 al 10 de diciembre, que recibir\u00e1 a 300 autoridades municipales que incluyen a Espa\u00f1a y Portugal, donde compartir\u00e1n experiencias de gobierno, para creer nuevas pol\u00edticas p\u00fablicas, algo est\u00e1n haciendo bien en Orizaba y el proyecto ha sido emanado de gobiernos pri\u00edstas.<\/p>\n\n\n\n<p>**<\/p>\n\n\n\n<p>Para los malquerientes que ven s\u00f3lo lo que quieren ver, a Sergio Guti\u00e9rrez Luna, presidente de la C\u00e1mara de Diputados la Congreso de la Uni\u00f3n, y con apenas un par de meses caminando el estado, las encuestadoras nacionales como M\u00e9xico Elige ya lo est\u00e1n midiendo para ver qui\u00e9n ser\u00e1 el bueno de Morena para el 2024. Ahora falta esperar los resultados. A alguien le va a caer la maldici\u00f3n de Moctezuma \u00bfser\u00e1 al hermano del g\u00fcey tlatoani?<\/p>\n\n\n\n<hr class=\"wp-block-separator\"\/>\n\n\n\n<p>El 20 de diciembre de 2006, la Asamblea General de las Naciones Unidas design\u00f3 el 14 de noviembre, es decir ayer domingo, como el D\u00eda Mundial de la Diabetes.<br>El c\u00edrculo azul fue adoptado en 2007 como el s\u00edmbolo mundial de la Concientizaci\u00f3n Sobre la Diabetes y representa la unidad de la comunidad Mundial que sufre este padecimiento.<br>Cada a\u00f1o, la campa\u00f1a del D\u00eda Mundial de la Diabetes se enfoca en un tema central, que de manera singular, este a\u00f1o fue designado un bienio, es decir 2021-2023 y el tema es \u201cel acceso a los cuidados de la diabetes\u201d que hace referencia a que toda persona con este padecimiento a los cuidados que necesita, es decir, TODOS, incluido por supuesto, la vacunaci\u00f3n contra el Covid19, que lamentablemente en el caso de nuestro pa\u00eds, los padres de familia hubieron de ampararse para poder acceder a este derecho, que adem\u00e1s como observamos, es un derecho internacional, pero bueno, ya estamos en eso, y como dijo el \u00ednclito, haiga sido como haiga sido.<br>De los datos que debemos saber al respecto, destaco tres, son 10, pero me quedo con estos tres: Primero, la diabetes tipo 1 (DT1) se genera por una reacci\u00f3n autoinmune, en la que el sistema inmunol\u00f3gico del individuo ataca las c\u00e9lulas beta del p\u00e1ncreas, que son las productoras de insulina y como consecuencia, el cuerpo no produce esta hormona o bien la cantidad es insuficiente.<br>El segundo es que puede aparecer a cualquier edad, aunque la mayor prevalencia ocurre durante la ni\u00f1ez y la juventud.<br>Por \u00faltimo, a nivel mundial se calcula que existen m\u00e1s de un mill\u00f3n 110 mil ni\u00f1os y j\u00f3venes con este padecimiento, de los cuales en M\u00e9xico viven 26 mil 578, con el nada honroso primer lugar de Latinoam\u00e9rica.<br>Y el gobierno no hace nada, se pasa la vida echando culpas al pasado, a los neoliberales, a Torquemada y la Santa Inquisici\u00f3n, y propone al Mundo regalar lana para ayudar a los pobres, pero somos incapaces de solucionar los problemas de casa, como \u00e9ste.<br>De Veracruz, ni hablamos, seguro el secretario tuvo tocada de finde largo. Uuuuuffff.<\/p>\n\n\n\n<p>\u00a1Qu\u00e9 barbaridad!<br>deprimera.mano2020@gmail.com<\/p>\n","protected":false},"excerpt":{"rendered":"<p>Omar Z\u00fa\u00f1igaDe Primera Mano Taj\u00edn El viernes pasado, con motivo de la presentaci\u00f3n del libro del Grupo de los 10, el alcalde Igor Roj\u00ed, a quien agradezco nuevamente la anfitrion\u00eda y las facilidades para el acto, nos dijo que precisamente ese d\u00eda llegaron al Ayuntamiento los alcaldes n\u00famero 232, Juli\u00e1n Zacar\u00edas Curi reelecto de Progreso, [&hellip;]<\/p>\n","protected":false},"author":2,"featured_media":81927,"comment_status":"closed","ping_status":"closed","sticky":false,"template":"","format":"standard","meta":{"tdm_status":"","tdm_grid_status":"","footnotes":""},"categories":[70],"tags":[1563,6402,8078,31213,28705,1639,29198,16147,195],"class_list":{"0":"post-81926","1":"post","2":"type-post","3":"status-publish","4":"format-standard","5":"has-post-thumbnail","7":"category-de-opinion","8":"tag-cuitlahuac-garcia-jimenez","9":"tag-dia-mundial-de-la-diabetes","10":"tag-igor-roji","11":"tag-julian-zacarias-curi","12":"tag-omar-zuniga","13":"tag-orizaba","14":"tag-ruth-garcia-meza","15":"tag-sergio-gutierrez-luna","16":"tag-veracruz"},"yoast_head":"<!-- This site is optimized with the Yoast SEO plugin v27.4 - https:\/\/yoast.com\/product\/yoast-seo-wordpress\/ -->\n<title>Pasan por Orizaba 10% de alcaldes de M\u00e9xico - Los pol\u00edticos Veracruz<\/title>\n<meta name=\"robots\" content=\"index, follow, max-snippet:-1, max-image-preview:large, max-video-preview:-1\" \/>\n<link rel=\"canonical\" href=\"https:\/\/lospoliticosveracruz.com\/?p=81926\" \/>\n<meta property=\"og:locale\" content=\"es_ES\" \/>\n<meta property=\"og:type\" content=\"article\" \/>\n<meta property=\"og:title\" content=\"Pasan por Orizaba 10% de alcaldes de M\u00e9xico - Los pol\u00edticos Veracruz\" \/>\n<meta property=\"og:description\" content=\"Omar Z\u00fa\u00f1igaDe Primera Mano Taj\u00edn El viernes pasado, con motivo de la presentaci\u00f3n del libro del Grupo de los 10, el alcalde Igor Roj\u00ed, a quien agradezco nuevamente la anfitrion\u00eda y las facilidades para el acto, nos dijo que precisamente ese d\u00eda llegaron al Ayuntamiento los alcaldes n\u00famero 232, Juli\u00e1n Zacar\u00edas Curi reelecto de Progreso, [&hellip;]\" \/>\n<meta property=\"og:url\" content=\"https:\/\/lospoliticosveracruz.com\/?p=81926\" \/>\n<meta property=\"og:site_name\" content=\"Los pol\u00edticos Veracruz\" \/>\n<meta property=\"article:publisher\" content=\"https:\/\/www.facebook.com\/people\/Notimemes-de-los-Polticos\/61565672886568\/\" \/>\n<meta property=\"article:published_time\" content=\"2021-11-15T14:29:13+00:00\" \/>\n<meta property=\"article:modified_time\" content=\"2021-11-15T14:29:20+00:00\" \/>\n<meta property=\"og:image\" content=\"https:\/\/lospoliticosveracruz.com\/wp-content\/uploads\/2021\/11\/Diabetes.jpg\" \/>\n\t<meta property=\"og:image:width\" content=\"600\" \/>\n\t<meta property=\"og:image:height\" content=\"320\" \/>\n\t<meta property=\"og:image:type\" content=\"image\/jpeg\" \/>\n<meta name=\"author\" content=\"Lo viste en Los Pol\u00edticos\" \/>\n<meta name=\"twitter:card\" content=\"summary_large_image\" \/>\n<meta name=\"twitter:creator\" content=\"@LosPoliticosVer\" \/>\n<meta name=\"twitter:site\" content=\"@LosPoliticosVer\" \/>\n<meta name=\"twitter:label1\" content=\"Escrito por\" \/>\n\t<meta name=\"twitter:data1\" content=\"Lo viste en Los Pol\u00edticos\" \/>\n\t<meta name=\"twitter:label2\" content=\"Tiempo de lectura\" \/>\n\t<meta name=\"twitter:data2\" content=\"4 minutos\" \/>\n<script type=\"application\/ld+json\" class=\"yoast-schema-graph\">{\"@context\":\"https:\\\/\\\/schema.org\",\"@graph\":[{\"@type\":\"Article\",\"@id\":\"https:\\\/\\\/lospoliticosveracruz.com\\\/?p=81926#article\",\"isPartOf\":{\"@id\":\"https:\\\/\\\/lospoliticosveracruz.com\\\/?p=81926\"},\"author\":{\"name\":\"Lo viste en Los Pol\u00edticos\",\"@id\":\"https:\\\/\\\/lospoliticosveracruz.com\\\/#\\\/schema\\\/person\\\/b8702bb0e538456e6efd07080bf2a4a2\"},\"headline\":\"Pasan por Orizaba 10% de alcaldes de M\u00e9xico\",\"datePublished\":\"2021-11-15T14:29:13+00:00\",\"dateModified\":\"2021-11-15T14:29:20+00:00\",\"mainEntityOfPage\":{\"@id\":\"https:\\\/\\\/lospoliticosveracruz.com\\\/?p=81926\"},\"wordCount\":750,\"publisher\":{\"@id\":\"https:\\\/\\\/lospoliticosveracruz.com\\\/#organization\"},\"image\":{\"@id\":\"https:\\\/\\\/lospoliticosveracruz.com\\\/?p=81926#primaryimage\"},\"thumbnailUrl\":\"https:\\\/\\\/lospoliticosveracruz.com\\\/wp-content\\\/uploads\\\/2021\\\/11\\\/Diabetes.jpg\",\"keywords\":[\"Cuitl\u00e1huac Garc\u00eda Jim\u00e9nez\",\"D\u00eda Mundial de la Diabetes\",\"Igor Roj\u00ed\",\"Juli\u00e1n Zacar\u00edas Curi\",\"Omar Z\u00fa\u00f1iga\",\"Orizaba\",\"Ruth Garc\u00eda Meza\",\"Sergio Guti\u00e9rrez Luna\",\"Veracruz\"],\"articleSection\":[\"De Opini\u00f3n\"],\"inLanguage\":\"es\"},{\"@type\":\"WebPage\",\"@id\":\"https:\\\/\\\/lospoliticosveracruz.com\\\/?p=81926\",\"url\":\"https:\\\/\\\/lospoliticosveracruz.com\\\/?p=81926\",\"name\":\"Pasan por Orizaba 10% de alcaldes de M\u00e9xico - Los pol\u00edticos Veracruz\",\"isPartOf\":{\"@id\":\"https:\\\/\\\/lospoliticosveracruz.com\\\/#website\"},\"primaryImageOfPage\":{\"@id\":\"https:\\\/\\\/lospoliticosveracruz.com\\\/?p=81926#primaryimage\"},\"image\":{\"@id\":\"https:\\\/\\\/lospoliticosveracruz.com\\\/?p=81926#primaryimage\"},\"thumbnailUrl\":\"https:\\\/\\\/lospoliticosveracruz.com\\\/wp-content\\\/uploads\\\/2021\\\/11\\\/Diabetes.jpg\",\"datePublished\":\"2021-11-15T14:29:13+00:00\",\"dateModified\":\"2021-11-15T14:29:20+00:00\",\"breadcrumb\":{\"@id\":\"https:\\\/\\\/lospoliticosveracruz.com\\\/?p=81926#breadcrumb\"},\"inLanguage\":\"es\",\"potentialAction\":[{\"@type\":\"ReadAction\",\"target\":[\"https:\\\/\\\/lospoliticosveracruz.com\\\/?p=81926\"]}]},{\"@type\":\"ImageObject\",\"inLanguage\":\"es\",\"@id\":\"https:\\\/\\\/lospoliticosveracruz.com\\\/?p=81926#primaryimage\",\"url\":\"https:\\\/\\\/lospoliticosveracruz.com\\\/wp-content\\\/uploads\\\/2021\\\/11\\\/Diabetes.jpg\",\"contentUrl\":\"https:\\\/\\\/lospoliticosveracruz.com\\\/wp-content\\\/uploads\\\/2021\\\/11\\\/Diabetes.jpg\",\"width\":600,\"height\":320},{\"@type\":\"BreadcrumbList\",\"@id\":\"https:\\\/\\\/lospoliticosveracruz.com\\\/?p=81926#breadcrumb\",\"itemListElement\":[{\"@type\":\"ListItem\",\"position\":1,\"name\":\"Portada\",\"item\":\"https:\\\/\\\/lospoliticosveracruz.com\\\/\"},{\"@type\":\"ListItem\",\"position\":2,\"name\":\"Pasan por Orizaba 10% de alcaldes de M\u00e9xico\"}]},{\"@type\":\"WebSite\",\"@id\":\"https:\\\/\\\/lospoliticosveracruz.com\\\/#website\",\"url\":\"https:\\\/\\\/lospoliticosveracruz.com\\\/\",\"name\":\"Los pol\u00edticos Veracruz\",\"description\":\"\",\"publisher\":{\"@id\":\"https:\\\/\\\/lospoliticosveracruz.com\\\/#organization\"},\"potentialAction\":[{\"@type\":\"SearchAction\",\"target\":{\"@type\":\"EntryPoint\",\"urlTemplate\":\"https:\\\/\\\/lospoliticosveracruz.com\\\/?s={search_term_string}\"},\"query-input\":{\"@type\":\"PropertyValueSpecification\",\"valueRequired\":true,\"valueName\":\"search_term_string\"}}],\"inLanguage\":\"es\"},{\"@type\":\"Organization\",\"@id\":\"https:\\\/\\\/lospoliticosveracruz.com\\\/#organization\",\"name\":\"Los pol\u00edticos Veracruz\",\"url\":\"https:\\\/\\\/lospoliticosveracruz.com\\\/\",\"logo\":{\"@type\":\"ImageObject\",\"inLanguage\":\"es\",\"@id\":\"https:\\\/\\\/lospoliticosveracruz.com\\\/#\\\/schema\\\/logo\\\/image\\\/\",\"url\":\"https:\\\/\\\/lospoliticosveracruz.com\\\/wp-content\\\/uploads\\\/2025\\\/12\\\/Logo-Nuevo-LOS-POLITICOS-1.jpg\",\"contentUrl\":\"https:\\\/\\\/lospoliticosveracruz.com\\\/wp-content\\\/uploads\\\/2025\\\/12\\\/Logo-Nuevo-LOS-POLITICOS-1.jpg\",\"width\":260,\"height\":70,\"caption\":\"Los pol\u00edticos Veracruz\"},\"image\":{\"@id\":\"https:\\\/\\\/lospoliticosveracruz.com\\\/#\\\/schema\\\/logo\\\/image\\\/\"},\"sameAs\":[\"https:\\\/\\\/www.facebook.com\\\/people\\\/Notimemes-de-los-Polticos\\\/61565672886568\\\/\",\"https:\\\/\\\/x.com\\\/LosPoliticosVer\"]},{\"@type\":\"Person\",\"@id\":\"https:\\\/\\\/lospoliticosveracruz.com\\\/#\\\/schema\\\/person\\\/b8702bb0e538456e6efd07080bf2a4a2\",\"name\":\"Lo viste en Los Pol\u00edticos\",\"image\":{\"@type\":\"ImageObject\",\"inLanguage\":\"es\",\"@id\":\"https:\\\/\\\/secure.gravatar.com\\\/avatar\\\/3a8de04a2656d44082be478bd6c086daa447c4651605818287b9532d3d0bd435?s=96&d=mm&r=g\",\"url\":\"https:\\\/\\\/secure.gravatar.com\\\/avatar\\\/3a8de04a2656d44082be478bd6c086daa447c4651605818287b9532d3d0bd435?s=96&d=mm&r=g\",\"contentUrl\":\"https:\\\/\\\/secure.gravatar.com\\\/avatar\\\/3a8de04a2656d44082be478bd6c086daa447c4651605818287b9532d3d0bd435?s=96&d=mm&r=g\",\"caption\":\"Lo viste en Los Pol\u00edticos\"},\"url\":\"https:\\\/\\\/lospoliticosveracruz.com\\\/?author=2\"}]}<\/script>\n<!-- \/ Yoast SEO plugin. -->","yoast_head_json":{"title":"Pasan por Orizaba 10% de alcaldes de M\u00e9xico - Los pol\u00edticos Veracruz","robots":{"index":"index","follow":"follow","max-snippet":"max-snippet:-1","max-image-preview":"max-image-preview:large","max-video-preview":"max-video-preview:-1"},"canonical":"https:\/\/lospoliticosveracruz.com\/?p=81926","og_locale":"es_ES","og_type":"article","og_title":"Pasan por Orizaba 10% de alcaldes de M\u00e9xico - Los pol\u00edticos Veracruz","og_description":"Omar Z\u00fa\u00f1igaDe Primera Mano Taj\u00edn El viernes pasado, con motivo de la presentaci\u00f3n del libro del Grupo de los 10, el alcalde Igor Roj\u00ed, a quien agradezco nuevamente la anfitrion\u00eda y las facilidades para el acto, nos dijo que precisamente ese d\u00eda llegaron al Ayuntamiento los alcaldes n\u00famero 232, Juli\u00e1n Zacar\u00edas Curi reelecto de Progreso, [&hellip;]","og_url":"https:\/\/lospoliticosveracruz.com\/?p=81926","og_site_name":"Los pol\u00edticos Veracruz","article_publisher":"https:\/\/www.facebook.com\/people\/Notimemes-de-los-Polticos\/61565672886568\/","article_published_time":"2021-11-15T14:29:13+00:00","article_modified_time":"2021-11-15T14:29:20+00:00","og_image":[{"width":600,"height":320,"url":"https:\/\/lospoliticosveracruz.com\/wp-content\/uploads\/2021\/11\/Diabetes.jpg","type":"image\/jpeg"}],"author":"Lo viste en Los Pol\u00edticos","twitter_card":"summary_large_image","twitter_creator":"@LosPoliticosVer","twitter_site":"@LosPoliticosVer","twitter_misc":{"Escrito por":"Lo viste en Los Pol\u00edticos","Tiempo de lectura":"4 minutos"},"schema":{"@context":"https:\/\/schema.org","@graph":[{"@type":"Article","@id":"https:\/\/lospoliticosveracruz.com\/?p=81926#article","isPartOf":{"@id":"https:\/\/lospoliticosveracruz.com\/?p=81926"},"author":{"name":"Lo viste en Los Pol\u00edticos","@id":"https:\/\/lospoliticosveracruz.com\/#\/schema\/person\/b8702bb0e538456e6efd07080bf2a4a2"},"headline":"Pasan por Orizaba 10% de alcaldes de M\u00e9xico","datePublished":"2021-11-15T14:29:13+00:00","dateModified":"2021-11-15T14:29:20+00:00","mainEntityOfPage":{"@id":"https:\/\/lospoliticosveracruz.com\/?p=81926"},"wordCount":750,"publisher":{"@id":"https:\/\/lospoliticosveracruz.com\/#organization"},"image":{"@id":"https:\/\/lospoliticosveracruz.com\/?p=81926#primaryimage"},"thumbnailUrl":"https:\/\/lospoliticosveracruz.com\/wp-content\/uploads\/2021\/11\/Diabetes.jpg","keywords":["Cuitl\u00e1huac Garc\u00eda Jim\u00e9nez","D\u00eda Mundial de la Diabetes","Igor Roj\u00ed","Juli\u00e1n Zacar\u00edas Curi","Omar Z\u00fa\u00f1iga","Orizaba","Ruth Garc\u00eda Meza","Sergio Guti\u00e9rrez Luna","Veracruz"],"articleSection":["De Opini\u00f3n"],"inLanguage":"es"},{"@type":"WebPage","@id":"https:\/\/lospoliticosveracruz.com\/?p=81926","url":"https:\/\/lospoliticosveracruz.com\/?p=81926","name":"Pasan por Orizaba 10% de alcaldes de M\u00e9xico - Los pol\u00edticos Veracruz","isPartOf":{"@id":"https:\/\/lospoliticosveracruz.com\/#website"},"primaryImageOfPage":{"@id":"https:\/\/lospoliticosveracruz.com\/?p=81926#primaryimage"},"image":{"@id":"https:\/\/lospoliticosveracruz.com\/?p=81926#primaryimage"},"thumbnailUrl":"https:\/\/lospoliticosveracruz.com\/wp-content\/uploads\/2021\/11\/Diabetes.jpg","datePublished":"2021-11-15T14:29:13+00:00","dateModified":"2021-11-15T14:29:20+00:00","breadcrumb":{"@id":"https:\/\/lospoliticosveracruz.com\/?p=81926#breadcrumb"},"inLanguage":"es","potentialAction":[{"@type":"ReadAction","target":["https:\/\/lospoliticosveracruz.com\/?p=81926"]}]},{"@type":"ImageObject","inLanguage":"es","@id":"https:\/\/lospoliticosveracruz.com\/?p=81926#primaryimage","url":"https:\/\/lospoliticosveracruz.com\/wp-content\/uploads\/2021\/11\/Diabetes.jpg","contentUrl":"https:\/\/lospoliticosveracruz.com\/wp-content\/uploads\/2021\/11\/Diabetes.jpg","width":600,"height":320},{"@type":"BreadcrumbList","@id":"https:\/\/lospoliticosveracruz.com\/?p=81926#breadcrumb","itemListElement":[{"@type":"ListItem","position":1,"name":"Portada","item":"https:\/\/lospoliticosveracruz.com\/"},{"@type":"ListItem","position":2,"name":"Pasan por Orizaba 10% de alcaldes de M\u00e9xico"}]},{"@type":"WebSite","@id":"https:\/\/lospoliticosveracruz.com\/#website","url":"https:\/\/lospoliticosveracruz.com\/","name":"Los pol\u00edticos Veracruz","description":"","publisher":{"@id":"https:\/\/lospoliticosveracruz.com\/#organization"},"potentialAction":[{"@type":"SearchAction","target":{"@type":"EntryPoint","urlTemplate":"https:\/\/lospoliticosveracruz.com\/?s={search_term_string}"},"query-input":{"@type":"PropertyValueSpecification","valueRequired":true,"valueName":"search_term_string"}}],"inLanguage":"es"},{"@type":"Organization","@id":"https:\/\/lospoliticosveracruz.com\/#organization","name":"Los pol\u00edticos Veracruz","url":"https:\/\/lospoliticosveracruz.com\/","logo":{"@type":"ImageObject","inLanguage":"es","@id":"https:\/\/lospoliticosveracruz.com\/#\/schema\/logo\/image\/","url":"https:\/\/lospoliticosveracruz.com\/wp-content\/uploads\/2025\/12\/Logo-Nuevo-LOS-POLITICOS-1.jpg","contentUrl":"https:\/\/lospoliticosveracruz.com\/wp-content\/uploads\/2025\/12\/Logo-Nuevo-LOS-POLITICOS-1.jpg","width":260,"height":70,"caption":"Los pol\u00edticos Veracruz"},"image":{"@id":"https:\/\/lospoliticosveracruz.com\/#\/schema\/logo\/image\/"},"sameAs":["https:\/\/www.facebook.com\/people\/Notimemes-de-los-Polticos\/61565672886568\/","https:\/\/x.com\/LosPoliticosVer"]},{"@type":"Person","@id":"https:\/\/lospoliticosveracruz.com\/#\/schema\/person\/b8702bb0e538456e6efd07080bf2a4a2","name":"Lo viste en Los Pol\u00edticos","image":{"@type":"ImageObject","inLanguage":"es","@id":"https:\/\/secure.gravatar.com\/avatar\/3a8de04a2656d44082be478bd6c086daa447c4651605818287b9532d3d0bd435?s=96&d=mm&r=g","url":"https:\/\/secure.gravatar.com\/avatar\/3a8de04a2656d44082be478bd6c086daa447c4651605818287b9532d3d0bd435?s=96&d=mm&r=g","contentUrl":"https:\/\/secure.gravatar.com\/avatar\/3a8de04a2656d44082be478bd6c086daa447c4651605818287b9532d3d0bd435?s=96&d=mm&r=g","caption":"Lo viste en Los Pol\u00edticos"},"url":"https:\/\/lospoliticosveracruz.com\/?author=2"}]}},"_links":{"self":[{"href":"https:\/\/lospoliticosveracruz.com\/index.php?rest_route=\/wp\/v2\/posts\/81926","targetHints":{"allow":["GET"]}}],"collection":[{"href":"https:\/\/lospoliticosveracruz.com\/index.php?rest_route=\/wp\/v2\/posts"}],"about":[{"href":"https:\/\/lospoliticosveracruz.com\/index.php?rest_route=\/wp\/v2\/types\/post"}],"author":[{"embeddable":true,"href":"https:\/\/lospoliticosveracruz.com\/index.php?rest_route=\/wp\/v2\/users\/2"}],"replies":[{"embeddable":true,"href":"https:\/\/lospoliticosveracruz.com\/index.php?rest_route=%2Fwp%2Fv2%2Fcomments&post=81926"}],"version-history":[{"count":1,"href":"https:\/\/lospoliticosveracruz.com\/index.php?rest_route=\/wp\/v2\/posts\/81926\/revisions"}],"predecessor-version":[{"id":81928,"href":"https:\/\/lospoliticosveracruz.com\/index.php?rest_route=\/wp\/v2\/posts\/81926\/revisions\/81928"}],"wp:featuredmedia":[{"embeddable":true,"href":"https:\/\/lospoliticosveracruz.com\/index.php?rest_route=\/wp\/v2\/media\/81927"}],"wp:attachment":[{"href":"https:\/\/lospoliticosveracruz.com\/index.php?rest_route=%2Fwp%2Fv2%2Fmedia&parent=81926"}],"wp:term":[{"taxonomy":"category","embeddable":true,"href":"https:\/\/lospoliticosveracruz.com\/index.php?rest_route=%2Fwp%2Fv2%2Fcategories&post=81926"},{"taxonomy":"post_tag","embeddable":true,"href":"https:\/\/lospoliticosveracruz.com\/index.php?rest_route=%2Fwp%2Fv2%2Ftags&post=81926"}],"curies":[{"name":"wp","href":"https:\/\/api.w.org\/{rel}","templated":true}]}}