{"id":81932,"date":"2021-11-15T09:18:05","date_gmt":"2021-11-15T15:18:05","guid":{"rendered":"https:\/\/lospoliticosveracruz.com.mx\/?p=81932"},"modified":"2021-11-15T09:18:12","modified_gmt":"2021-11-15T15:18:12","slug":"acoso-en-sesver","status":"publish","type":"post","link":"https:\/\/lospoliticosveracruz.com\/?p=81932","title":{"rendered":"Acoso en Sesver"},"content":{"rendered":"\n<p><strong>Ignacio Alvarez<br><\/strong><em>Pluma Negra<\/em><\/p>\n\n\n\n<p><\/p>\n\n\n\n<p>En cuesti\u00f3n de horas, un mando del Sector Salud de Veracruz ser\u00e1 removido de su cargo por una serie de denuncias por presunto acoso laboral y sexual a trabajadoras de confianza y sindicalizadas y que ya fueron documentadas en los \u00f3rganos internos de la dependencia y que podr\u00edan escalar a la Fiscal\u00eda General del Estado, para evitar manchas a la Secretar\u00eda de Salud.<\/p>\n\n\n\n<p>Se trata del Jefe de la Jurisdicci\u00f3n Sanitaria de Veracruz quien ser\u00e1 destituido del cargo en los pr\u00f3ximos d\u00edas, confirmaron fuentes de la Secretar\u00eda de Salud y si bien le va lo reubicar\u00e1n, porque si las mujeres afectadas deciden, proceder\u00e1n de manera legal en contra del funcionario acosador.<\/p>\n\n\n\n<div class=\"wp-block-image\"><figure class=\"alignleft size-large is-resized\"><a href=\"https:\/\/lospoliticosveracruz.com.mx\/wp-content\/uploads\/2021\/10\/WhatsApp-Image-2021-10-02-at-15.20.25.jpeg\"><img loading=\"lazy\" decoding=\"async\" src=\"https:\/\/lospoliticosveracruz.com.mx\/wp-content\/uploads\/2021\/10\/WhatsApp-Image-2021-10-02-at-15.20.25-724x1024.jpeg\" alt=\"\" class=\"wp-image-80177\" width=\"250\" height=\"350\"\/><\/a><\/figure><\/div>\n\n\n\n<p>La decisi\u00f3n de remover al doctor Enrique R\u00edos de la Fuente, ya ha sido tomada por las autoridades de la Secretar\u00eda de Salud, ante los fuertes se\u00f1alamientos que han interpuesto al menos cinco trabajadoras de la Jurisdicci\u00f3n Sanitaria Ocho, por situaciones vergonzosas.<\/p>\n\n\n\n<p>Las cinco empleadas de la dependencia con sede en la Ciudad de Veracruz se quejaron de ser objeto de acoso laboral e insinuaciones de tipo sexual de parte del funcionario p\u00fablico estatal, lo que constituye un delito con agravantes por tratarse de una servidor p\u00fablico.<\/p>\n\n\n\n<p>Y antes de que el problema estalle y se convierta en un verdadero esc\u00e1ndalo, trascendi\u00f3 que el titular de la Secretar\u00eda de Salud, doctor Roberto Ramos Alor, ha tomado la decisi\u00f3n de removerlo por lastimar, los principios b\u00e1sicos de la 4ta Transformaci\u00f3n es la anteponer en el desempe\u00f1o del trabajo de sus funcionarios la honestidad y la calidad moral.<\/p>\n\n\n\n<p>Del Jefe Jurisdiccional se afirma que estos abusos se han venido presentando desde que tom\u00f3 posesi\u00f3n de la representaci\u00f3n de la SS en Veracruz, incluso se menciona que igualmente fue removido del Hospital Civil de Xalapa por imponer la misma practica inmoral en su mal desempe\u00f1o.<br>.<br><strong><em>Ahued y los 40 ladrones<\/em><\/strong><\/p>\n\n\n\n<p>Corren versiones de que al alcalde electo de la capital del estado, Ricardo Ahued le explotar\u00e1 una bomba en las manos en los pr\u00f3ximos d\u00edas, antes de su llegada al poder municipal, y que tiene que ver con algunos de sus colaboradores m\u00e1s cercanos, quienes se han dedicado a hacer negocios al amparo de la buena imagen del empresario hidalguense y que seguramente desconoce.<\/p>\n\n\n\n<p>Lamentablemente, resultaron muy voraces y no perdonan al jefe de su clan, pues aparentemente le han sacado todo el jugo y mucho dinero a la bonhom\u00eda de Ahued, quien transita dentro de la 4T con todo en contra y quienes lo deber\u00edan ayudar est\u00e1n consagrados a hacer bisnes a sus costillas.<\/p>\n\n\n\n<p>Pero Ahued tampoco ser\u00e1 completamente v\u00edctima de las circunstancias; de hecho, su parte de responsabilidad tendr\u00e1 porque ha solapado a este grupo de rufianes desde que se fue al Senado de la Rep\u00fablica y tambi\u00e9n los invit\u00f3 a la Direcci\u00f3n de Aduanas, donde aprovecharon cada minuto para hacer negocios inconfesables.<\/p>\n\n\n\n<p>Lo m\u00e1s delicado, desde el punto de vista pol\u00edtico, es que con su voracidad han colocado al mismo Ahued en una situaci\u00f3n muy vulnerable, pues no es secreto que en Palacio de Gobierno lo tienen en la mira y su gente no hace sino darles las armas para que, llegado el momento, le aticen sin misericordia.<\/p>\n\n\n\n<p>Ser\u00e1n muy sus compromisos, pero si no quiere iniciar su gesti\u00f3n malherido, deber\u00e1 revisar el perfil de cada uno de sus colaboradores, porque de no hacerlo, lo van a arrastrar a terrenos muy pantanosos en donde seguramente muy pocos le tender\u00e1n la mano.<\/p>\n","protected":false},"excerpt":{"rendered":"<p>Ignacio AlvarezPluma Negra En cuesti\u00f3n de horas, un mando del Sector Salud de Veracruz ser\u00e1 removido de su cargo por una serie de denuncias por presunto acoso laboral y sexual a trabajadoras de confianza y sindicalizadas y que ya fueron documentadas en los \u00f3rganos internos de la dependencia y que podr\u00edan escalar a la Fiscal\u00eda [&hellip;]<\/p>\n","protected":false},"author":2,"featured_media":81933,"comment_status":"closed","ping_status":"closed","sticky":false,"template":"","format":"standard","meta":{"tdm_status":"","tdm_grid_status":"","footnotes":""},"categories":[70],"tags":[22396,31215,4116,28674,876,995,31214],"class_list":{"0":"post-81932","1":"post","2":"type-post","3":"status-publish","4":"format-standard","5":"has-post-thumbnail","7":"category-de-opinion","8":"tag-doctor-roberto-ramos-alor","9":"tag-enrique-rios-de-la-fuente","10":"tag-fiscalia-general-del-estado","11":"tag-ignacio-alvarez","12":"tag-ricardo-ahued","13":"tag-secretaria-de-salud","14":"tag-sector-salud-de-veracruz"},"yoast_head":"<!-- This site is optimized with the Yoast SEO plugin v27.4 - https:\/\/yoast.com\/product\/yoast-seo-wordpress\/ -->\n<title>Acoso en Sesver - Los pol\u00edticos Veracruz<\/title>\n<meta name=\"robots\" content=\"index, follow, max-snippet:-1, max-image-preview:large, max-video-preview:-1\" \/>\n<link rel=\"canonical\" href=\"https:\/\/lospoliticosveracruz.com\/?p=81932\" \/>\n<meta property=\"og:locale\" content=\"es_ES\" \/>\n<meta property=\"og:type\" content=\"article\" \/>\n<meta property=\"og:title\" content=\"Acoso en Sesver - Los pol\u00edticos Veracruz\" \/>\n<meta property=\"og:description\" content=\"Ignacio AlvarezPluma Negra En cuesti\u00f3n de horas, un mando del Sector Salud de Veracruz ser\u00e1 removido de su cargo por una serie de denuncias por presunto acoso laboral y sexual a trabajadoras de confianza y sindicalizadas y que ya fueron documentadas en los \u00f3rganos internos de la dependencia y que podr\u00edan escalar a la Fiscal\u00eda [&hellip;]\" \/>\n<meta property=\"og:url\" content=\"https:\/\/lospoliticosveracruz.com\/?p=81932\" \/>\n<meta property=\"og:site_name\" content=\"Los pol\u00edticos Veracruz\" \/>\n<meta property=\"article:publisher\" content=\"https:\/\/www.facebook.com\/people\/Notimemes-de-los-Polticos\/61565672886568\/\" \/>\n<meta property=\"article:published_time\" content=\"2021-11-15T15:18:05+00:00\" \/>\n<meta property=\"article:modified_time\" content=\"2021-11-15T15:18:12+00:00\" \/>\n<meta property=\"og:image\" content=\"https:\/\/lospoliticosveracruz.com\/wp-content\/uploads\/2021\/11\/Enrique-Rios-de-la-Fuente.jpg\" \/>\n\t<meta property=\"og:image:width\" content=\"600\" \/>\n\t<meta property=\"og:image:height\" content=\"320\" \/>\n\t<meta property=\"og:image:type\" content=\"image\/jpeg\" \/>\n<meta name=\"author\" content=\"Lo viste en Los Pol\u00edticos\" \/>\n<meta name=\"twitter:card\" content=\"summary_large_image\" \/>\n<meta name=\"twitter:creator\" content=\"@LosPoliticosVer\" \/>\n<meta name=\"twitter:site\" content=\"@LosPoliticosVer\" \/>\n<meta name=\"twitter:label1\" content=\"Escrito por\" \/>\n\t<meta name=\"twitter:data1\" content=\"Lo viste en Los Pol\u00edticos\" \/>\n\t<meta name=\"twitter:label2\" content=\"Tiempo de lectura\" \/>\n\t<meta name=\"twitter:data2\" content=\"3 minutos\" \/>\n<script type=\"application\/ld+json\" class=\"yoast-schema-graph\">{\"@context\":\"https:\\\/\\\/schema.org\",\"@graph\":[{\"@type\":\"Article\",\"@id\":\"https:\\\/\\\/lospoliticosveracruz.com\\\/?p=81932#article\",\"isPartOf\":{\"@id\":\"https:\\\/\\\/lospoliticosveracruz.com\\\/?p=81932\"},\"author\":{\"name\":\"Lo viste en Los Pol\u00edticos\",\"@id\":\"https:\\\/\\\/lospoliticosveracruz.com\\\/#\\\/schema\\\/person\\\/b8702bb0e538456e6efd07080bf2a4a2\"},\"headline\":\"Acoso en Sesver\",\"datePublished\":\"2021-11-15T15:18:05+00:00\",\"dateModified\":\"2021-11-15T15:18:12+00:00\",\"mainEntityOfPage\":{\"@id\":\"https:\\\/\\\/lospoliticosveracruz.com\\\/?p=81932\"},\"wordCount\":620,\"publisher\":{\"@id\":\"https:\\\/\\\/lospoliticosveracruz.com\\\/#organization\"},\"image\":{\"@id\":\"https:\\\/\\\/lospoliticosveracruz.com\\\/?p=81932#primaryimage\"},\"thumbnailUrl\":\"https:\\\/\\\/lospoliticosveracruz.com\\\/wp-content\\\/uploads\\\/2021\\\/11\\\/Enrique-Rios-de-la-Fuente.jpg\",\"keywords\":[\"Doctor Roberto Ramos Alor\",\"Enrique R\u00edos de la Fuente\",\"Fiscal\u00eda General del Estado\",\"Ignacio Alvarez\",\"Ricardo Ahued\",\"Secretar\u00eda de Salud\",\"Sector Salud de Veracruz\"],\"articleSection\":[\"De Opini\u00f3n\"],\"inLanguage\":\"es\"},{\"@type\":\"WebPage\",\"@id\":\"https:\\\/\\\/lospoliticosveracruz.com\\\/?p=81932\",\"url\":\"https:\\\/\\\/lospoliticosveracruz.com\\\/?p=81932\",\"name\":\"Acoso en Sesver - Los pol\u00edticos Veracruz\",\"isPartOf\":{\"@id\":\"https:\\\/\\\/lospoliticosveracruz.com\\\/#website\"},\"primaryImageOfPage\":{\"@id\":\"https:\\\/\\\/lospoliticosveracruz.com\\\/?p=81932#primaryimage\"},\"image\":{\"@id\":\"https:\\\/\\\/lospoliticosveracruz.com\\\/?p=81932#primaryimage\"},\"thumbnailUrl\":\"https:\\\/\\\/lospoliticosveracruz.com\\\/wp-content\\\/uploads\\\/2021\\\/11\\\/Enrique-Rios-de-la-Fuente.jpg\",\"datePublished\":\"2021-11-15T15:18:05+00:00\",\"dateModified\":\"2021-11-15T15:18:12+00:00\",\"breadcrumb\":{\"@id\":\"https:\\\/\\\/lospoliticosveracruz.com\\\/?p=81932#breadcrumb\"},\"inLanguage\":\"es\",\"potentialAction\":[{\"@type\":\"ReadAction\",\"target\":[\"https:\\\/\\\/lospoliticosveracruz.com\\\/?p=81932\"]}]},{\"@type\":\"ImageObject\",\"inLanguage\":\"es\",\"@id\":\"https:\\\/\\\/lospoliticosveracruz.com\\\/?p=81932#primaryimage\",\"url\":\"https:\\\/\\\/lospoliticosveracruz.com\\\/wp-content\\\/uploads\\\/2021\\\/11\\\/Enrique-Rios-de-la-Fuente.jpg\",\"contentUrl\":\"https:\\\/\\\/lospoliticosveracruz.com\\\/wp-content\\\/uploads\\\/2021\\\/11\\\/Enrique-Rios-de-la-Fuente.jpg\",\"width\":600,\"height\":320},{\"@type\":\"BreadcrumbList\",\"@id\":\"https:\\\/\\\/lospoliticosveracruz.com\\\/?p=81932#breadcrumb\",\"itemListElement\":[{\"@type\":\"ListItem\",\"position\":1,\"name\":\"Portada\",\"item\":\"https:\\\/\\\/lospoliticosveracruz.com\\\/\"},{\"@type\":\"ListItem\",\"position\":2,\"name\":\"Acoso en Sesver\"}]},{\"@type\":\"WebSite\",\"@id\":\"https:\\\/\\\/lospoliticosveracruz.com\\\/#website\",\"url\":\"https:\\\/\\\/lospoliticosveracruz.com\\\/\",\"name\":\"Los pol\u00edticos Veracruz\",\"description\":\"\",\"publisher\":{\"@id\":\"https:\\\/\\\/lospoliticosveracruz.com\\\/#organization\"},\"potentialAction\":[{\"@type\":\"SearchAction\",\"target\":{\"@type\":\"EntryPoint\",\"urlTemplate\":\"https:\\\/\\\/lospoliticosveracruz.com\\\/?s={search_term_string}\"},\"query-input\":{\"@type\":\"PropertyValueSpecification\",\"valueRequired\":true,\"valueName\":\"search_term_string\"}}],\"inLanguage\":\"es\"},{\"@type\":\"Organization\",\"@id\":\"https:\\\/\\\/lospoliticosveracruz.com\\\/#organization\",\"name\":\"Los pol\u00edticos Veracruz\",\"url\":\"https:\\\/\\\/lospoliticosveracruz.com\\\/\",\"logo\":{\"@type\":\"ImageObject\",\"inLanguage\":\"es\",\"@id\":\"https:\\\/\\\/lospoliticosveracruz.com\\\/#\\\/schema\\\/logo\\\/image\\\/\",\"url\":\"https:\\\/\\\/lospoliticosveracruz.com\\\/wp-content\\\/uploads\\\/2025\\\/12\\\/Logo-Nuevo-LOS-POLITICOS-1.jpg\",\"contentUrl\":\"https:\\\/\\\/lospoliticosveracruz.com\\\/wp-content\\\/uploads\\\/2025\\\/12\\\/Logo-Nuevo-LOS-POLITICOS-1.jpg\",\"width\":260,\"height\":70,\"caption\":\"Los pol\u00edticos Veracruz\"},\"image\":{\"@id\":\"https:\\\/\\\/lospoliticosveracruz.com\\\/#\\\/schema\\\/logo\\\/image\\\/\"},\"sameAs\":[\"https:\\\/\\\/www.facebook.com\\\/people\\\/Notimemes-de-los-Polticos\\\/61565672886568\\\/\",\"https:\\\/\\\/x.com\\\/LosPoliticosVer\"]},{\"@type\":\"Person\",\"@id\":\"https:\\\/\\\/lospoliticosveracruz.com\\\/#\\\/schema\\\/person\\\/b8702bb0e538456e6efd07080bf2a4a2\",\"name\":\"Lo viste en Los Pol\u00edticos\",\"image\":{\"@type\":\"ImageObject\",\"inLanguage\":\"es\",\"@id\":\"https:\\\/\\\/secure.gravatar.com\\\/avatar\\\/3a8de04a2656d44082be478bd6c086daa447c4651605818287b9532d3d0bd435?s=96&d=mm&r=g\",\"url\":\"https:\\\/\\\/secure.gravatar.com\\\/avatar\\\/3a8de04a2656d44082be478bd6c086daa447c4651605818287b9532d3d0bd435?s=96&d=mm&r=g\",\"contentUrl\":\"https:\\\/\\\/secure.gravatar.com\\\/avatar\\\/3a8de04a2656d44082be478bd6c086daa447c4651605818287b9532d3d0bd435?s=96&d=mm&r=g\",\"caption\":\"Lo viste en Los Pol\u00edticos\"},\"url\":\"https:\\\/\\\/lospoliticosveracruz.com\\\/?author=2\"}]}<\/script>\n<!-- \/ Yoast SEO plugin. -->","yoast_head_json":{"title":"Acoso en Sesver - Los pol\u00edticos Veracruz","robots":{"index":"index","follow":"follow","max-snippet":"max-snippet:-1","max-image-preview":"max-image-preview:large","max-video-preview":"max-video-preview:-1"},"canonical":"https:\/\/lospoliticosveracruz.com\/?p=81932","og_locale":"es_ES","og_type":"article","og_title":"Acoso en Sesver - Los pol\u00edticos Veracruz","og_description":"Ignacio AlvarezPluma Negra En cuesti\u00f3n de horas, un mando del Sector Salud de Veracruz ser\u00e1 removido de su cargo por una serie de denuncias por presunto acoso laboral y sexual a trabajadoras de confianza y sindicalizadas y que ya fueron documentadas en los \u00f3rganos internos de la dependencia y que podr\u00edan escalar a la Fiscal\u00eda [&hellip;]","og_url":"https:\/\/lospoliticosveracruz.com\/?p=81932","og_site_name":"Los pol\u00edticos Veracruz","article_publisher":"https:\/\/www.facebook.com\/people\/Notimemes-de-los-Polticos\/61565672886568\/","article_published_time":"2021-11-15T15:18:05+00:00","article_modified_time":"2021-11-15T15:18:12+00:00","og_image":[{"width":600,"height":320,"url":"https:\/\/lospoliticosveracruz.com\/wp-content\/uploads\/2021\/11\/Enrique-Rios-de-la-Fuente.jpg","type":"image\/jpeg"}],"author":"Lo viste en Los Pol\u00edticos","twitter_card":"summary_large_image","twitter_creator":"@LosPoliticosVer","twitter_site":"@LosPoliticosVer","twitter_misc":{"Escrito por":"Lo viste en Los Pol\u00edticos","Tiempo de lectura":"3 minutos"},"schema":{"@context":"https:\/\/schema.org","@graph":[{"@type":"Article","@id":"https:\/\/lospoliticosveracruz.com\/?p=81932#article","isPartOf":{"@id":"https:\/\/lospoliticosveracruz.com\/?p=81932"},"author":{"name":"Lo viste en Los Pol\u00edticos","@id":"https:\/\/lospoliticosveracruz.com\/#\/schema\/person\/b8702bb0e538456e6efd07080bf2a4a2"},"headline":"Acoso en Sesver","datePublished":"2021-11-15T15:18:05+00:00","dateModified":"2021-11-15T15:18:12+00:00","mainEntityOfPage":{"@id":"https:\/\/lospoliticosveracruz.com\/?p=81932"},"wordCount":620,"publisher":{"@id":"https:\/\/lospoliticosveracruz.com\/#organization"},"image":{"@id":"https:\/\/lospoliticosveracruz.com\/?p=81932#primaryimage"},"thumbnailUrl":"https:\/\/lospoliticosveracruz.com\/wp-content\/uploads\/2021\/11\/Enrique-Rios-de-la-Fuente.jpg","keywords":["Doctor Roberto Ramos Alor","Enrique R\u00edos de la Fuente","Fiscal\u00eda General del Estado","Ignacio Alvarez","Ricardo Ahued","Secretar\u00eda de Salud","Sector Salud de Veracruz"],"articleSection":["De Opini\u00f3n"],"inLanguage":"es"},{"@type":"WebPage","@id":"https:\/\/lospoliticosveracruz.com\/?p=81932","url":"https:\/\/lospoliticosveracruz.com\/?p=81932","name":"Acoso en Sesver - Los pol\u00edticos Veracruz","isPartOf":{"@id":"https:\/\/lospoliticosveracruz.com\/#website"},"primaryImageOfPage":{"@id":"https:\/\/lospoliticosveracruz.com\/?p=81932#primaryimage"},"image":{"@id":"https:\/\/lospoliticosveracruz.com\/?p=81932#primaryimage"},"thumbnailUrl":"https:\/\/lospoliticosveracruz.com\/wp-content\/uploads\/2021\/11\/Enrique-Rios-de-la-Fuente.jpg","datePublished":"2021-11-15T15:18:05+00:00","dateModified":"2021-11-15T15:18:12+00:00","breadcrumb":{"@id":"https:\/\/lospoliticosveracruz.com\/?p=81932#breadcrumb"},"inLanguage":"es","potentialAction":[{"@type":"ReadAction","target":["https:\/\/lospoliticosveracruz.com\/?p=81932"]}]},{"@type":"ImageObject","inLanguage":"es","@id":"https:\/\/lospoliticosveracruz.com\/?p=81932#primaryimage","url":"https:\/\/lospoliticosveracruz.com\/wp-content\/uploads\/2021\/11\/Enrique-Rios-de-la-Fuente.jpg","contentUrl":"https:\/\/lospoliticosveracruz.com\/wp-content\/uploads\/2021\/11\/Enrique-Rios-de-la-Fuente.jpg","width":600,"height":320},{"@type":"BreadcrumbList","@id":"https:\/\/lospoliticosveracruz.com\/?p=81932#breadcrumb","itemListElement":[{"@type":"ListItem","position":1,"name":"Portada","item":"https:\/\/lospoliticosveracruz.com\/"},{"@type":"ListItem","position":2,"name":"Acoso en Sesver"}]},{"@type":"WebSite","@id":"https:\/\/lospoliticosveracruz.com\/#website","url":"https:\/\/lospoliticosveracruz.com\/","name":"Los pol\u00edticos Veracruz","description":"","publisher":{"@id":"https:\/\/lospoliticosveracruz.com\/#organization"},"potentialAction":[{"@type":"SearchAction","target":{"@type":"EntryPoint","urlTemplate":"https:\/\/lospoliticosveracruz.com\/?s={search_term_string}"},"query-input":{"@type":"PropertyValueSpecification","valueRequired":true,"valueName":"search_term_string"}}],"inLanguage":"es"},{"@type":"Organization","@id":"https:\/\/lospoliticosveracruz.com\/#organization","name":"Los pol\u00edticos Veracruz","url":"https:\/\/lospoliticosveracruz.com\/","logo":{"@type":"ImageObject","inLanguage":"es","@id":"https:\/\/lospoliticosveracruz.com\/#\/schema\/logo\/image\/","url":"https:\/\/lospoliticosveracruz.com\/wp-content\/uploads\/2025\/12\/Logo-Nuevo-LOS-POLITICOS-1.jpg","contentUrl":"https:\/\/lospoliticosveracruz.com\/wp-content\/uploads\/2025\/12\/Logo-Nuevo-LOS-POLITICOS-1.jpg","width":260,"height":70,"caption":"Los pol\u00edticos Veracruz"},"image":{"@id":"https:\/\/lospoliticosveracruz.com\/#\/schema\/logo\/image\/"},"sameAs":["https:\/\/www.facebook.com\/people\/Notimemes-de-los-Polticos\/61565672886568\/","https:\/\/x.com\/LosPoliticosVer"]},{"@type":"Person","@id":"https:\/\/lospoliticosveracruz.com\/#\/schema\/person\/b8702bb0e538456e6efd07080bf2a4a2","name":"Lo viste en Los Pol\u00edticos","image":{"@type":"ImageObject","inLanguage":"es","@id":"https:\/\/secure.gravatar.com\/avatar\/3a8de04a2656d44082be478bd6c086daa447c4651605818287b9532d3d0bd435?s=96&d=mm&r=g","url":"https:\/\/secure.gravatar.com\/avatar\/3a8de04a2656d44082be478bd6c086daa447c4651605818287b9532d3d0bd435?s=96&d=mm&r=g","contentUrl":"https:\/\/secure.gravatar.com\/avatar\/3a8de04a2656d44082be478bd6c086daa447c4651605818287b9532d3d0bd435?s=96&d=mm&r=g","caption":"Lo viste en Los Pol\u00edticos"},"url":"https:\/\/lospoliticosveracruz.com\/?author=2"}]}},"_links":{"self":[{"href":"https:\/\/lospoliticosveracruz.com\/index.php?rest_route=\/wp\/v2\/posts\/81932","targetHints":{"allow":["GET"]}}],"collection":[{"href":"https:\/\/lospoliticosveracruz.com\/index.php?rest_route=\/wp\/v2\/posts"}],"about":[{"href":"https:\/\/lospoliticosveracruz.com\/index.php?rest_route=\/wp\/v2\/types\/post"}],"author":[{"embeddable":true,"href":"https:\/\/lospoliticosveracruz.com\/index.php?rest_route=\/wp\/v2\/users\/2"}],"replies":[{"embeddable":true,"href":"https:\/\/lospoliticosveracruz.com\/index.php?rest_route=%2Fwp%2Fv2%2Fcomments&post=81932"}],"version-history":[{"count":1,"href":"https:\/\/lospoliticosveracruz.com\/index.php?rest_route=\/wp\/v2\/posts\/81932\/revisions"}],"predecessor-version":[{"id":81934,"href":"https:\/\/lospoliticosveracruz.com\/index.php?rest_route=\/wp\/v2\/posts\/81932\/revisions\/81934"}],"wp:featuredmedia":[{"embeddable":true,"href":"https:\/\/lospoliticosveracruz.com\/index.php?rest_route=\/wp\/v2\/media\/81933"}],"wp:attachment":[{"href":"https:\/\/lospoliticosveracruz.com\/index.php?rest_route=%2Fwp%2Fv2%2Fmedia&parent=81932"}],"wp:term":[{"taxonomy":"category","embeddable":true,"href":"https:\/\/lospoliticosveracruz.com\/index.php?rest_route=%2Fwp%2Fv2%2Fcategories&post=81932"},{"taxonomy":"post_tag","embeddable":true,"href":"https:\/\/lospoliticosveracruz.com\/index.php?rest_route=%2Fwp%2Fv2%2Ftags&post=81932"}],"curies":[{"name":"wp","href":"https:\/\/api.w.org\/{rel}","templated":true}]}}