{"id":81938,"date":"2021-11-15T13:51:46","date_gmt":"2021-11-15T19:51:46","guid":{"rendered":"https:\/\/lospoliticosveracruz.com.mx\/?p=81938"},"modified":"2021-11-15T13:51:50","modified_gmt":"2021-11-15T19:51:50","slug":"a-recuperar-los-derechos-humanos-en-veracruz","status":"publish","type":"post","link":"https:\/\/lospoliticosveracruz.com\/?p=81938","title":{"rendered":"A recuperar los Derechos Humanos en Veracruz!"},"content":{"rendered":"\n<p><\/p>\n\n\n\n<p><\/p>\n\n\n\n<p><strong>Xalapa<\/strong><\/p>\n\n\n\n<p><br>Al quedar instalada este lunes la Comisi\u00f3n Permanente de Derechos Humanos y Atenci\u00f3n a Grupos Vulnerables de la LXVI Legislatura local, su presidenta, la diputada Anil\u00fa Ingram Vallines, se comprometi\u00f3 a trabajar para recuperar los derechos humanos en Veracruz.<br>Al t\u00e9rmino del evento, la tambi\u00e9n Coordinadora del Grupo Legislativo del PRI se\u00f1al\u00f3 que ante los problemas que enfrenta la entidad, es necesario sumar esfuerzos para atender a quienes ven sus garant\u00edas individuales vulneradas.<br>\u201cDesafortunadamente todos los d\u00edas, a lo largo y ancho del Estado de Veracruz, se dan casos de violaciones graves a los Derechos Humanos. Por ejemplo, a nivel nacional, la misma CNDH ha dado a conocer, en su Cartograf\u00eda del Feminicidio 2021, que somos segundo lugar nacional en estos aberrantes cr\u00edmenes, sin dejar de lado lo que se vive en comunidades ind\u00edgenas, las desatenciones que permean en los sectores m\u00e1s necesitados de nuestro Veracruz\u201d, abund\u00f3.<br>Asimismo, Ingram Vallines apunt\u00f3 que a la brevedad se vincular\u00e1n con instancias primordiales para su trabajo como la Comisi\u00f3n Nacional de Derechos Humanos y la Comisi\u00f3n Estatal de Derechos Humanos, as\u00ed como con el Instituto Veracruzano de las Mujeres y centros de atenci\u00f3n a ellas; el Sistema para el Desarrollo Integral de la Familia (DIF), la Comisi\u00f3n Estatal de Atenci\u00f3n a V\u00edctimas del Delito, la Fiscal\u00eda General del Estado, por mencionar algunas, a fin de comenzar con una estrategia conjunta de iniciativas y reformas necesarias.<br>La Comisi\u00f3n Permanente de Derechos Humanos y Atenci\u00f3n a Grupos Vulnerables est\u00e1 integrada tambi\u00e9n por la diputada Ana Miriam Ferr\u00e1ez Centeno como secretaria y Gonzalo Dur\u00e1n Chincoya como vocal.<br>En esta instalaci\u00f3n estuvieron presentes la jefa de la Oficina de Programa de Gobierno, Waltraud Mart\u00ednez Olvera; la titular de la Secretaria de Protecci\u00f3n Civil, Guadalupe Osorno Maldonado; la Directora del DIF Estatal, Rebeca Quintanar Barcel\u00f3; el Subsecretario de Infraestructura de la SIOP, Fernando El\u00edas Guevara; la presidenta de la Mesa Directiva de este Poder, diputada Cecilia Josefina Guevara Guembe; la Secretaria de la Mesa Directiva, Arianna Guadalupe \u00c1ngeles Aguirre; el diputado Juan Javier G\u00f3mez Cazar\u00edn; la diputada Maribel Ramirez Topete; la Oficial Mayor de la SEV, Ariadna Aguilar Amaya; la diputada Illya Dolores Escobar Martinez; la diputada Lourdes Ju\u00e1rez Lara y la diputada Perla Eufemia Romero Rodr\u00edguez.<\/p>\n","protected":false},"excerpt":{"rendered":"<p>Xalapa Al quedar instalada este lunes la Comisi\u00f3n Permanente de Derechos Humanos y Atenci\u00f3n a Grupos Vulnerables de la LXVI Legislatura local, su presidenta, la diputada Anil\u00fa Ingram Vallines, se comprometi\u00f3 a trabajar para recuperar los derechos humanos en Veracruz.Al t\u00e9rmino del evento, la tambi\u00e9n Coordinadora del Grupo Legislativo del PRI se\u00f1al\u00f3 que ante los [&hellip;]<\/p>\n","protected":false},"author":2,"featured_media":0,"comment_status":"closed","ping_status":"closed","sticky":false,"template":"","format":"standard","meta":{"tdm_status":"","tdm_grid_status":"","footnotes":""},"categories":[73],"tags":[1872,295,1257,30609,13464,29604,251],"class_list":{"0":"post-81938","1":"post","2":"type-post","3":"status-publish","4":"format-standard","6":"category-de-boleto","7":"tag-anilu-ingram-vallines","8":"tag-cndh","9":"tag-feminicidio","10":"tag-gonzalo-duran-chincoya","11":"tag-grupo-legislativo-del-pri","12":"tag-lxvi-legislatura","13":"tag-pri"},"yoast_head":"<!-- This site is optimized with the Yoast SEO plugin v27.4 - https:\/\/yoast.com\/product\/yoast-seo-wordpress\/ -->\n<title>A recuperar los Derechos Humanos en Veracruz! - Los pol\u00edticos Veracruz<\/title>\n<meta name=\"robots\" content=\"index, follow, max-snippet:-1, max-image-preview:large, max-video-preview:-1\" \/>\n<link rel=\"canonical\" href=\"https:\/\/lospoliticosveracruz.com\/?p=81938\" \/>\n<meta property=\"og:locale\" content=\"es_ES\" \/>\n<meta property=\"og:type\" content=\"article\" \/>\n<meta property=\"og:title\" content=\"A recuperar los Derechos Humanos en Veracruz! - Los pol\u00edticos Veracruz\" \/>\n<meta property=\"og:description\" content=\"Xalapa Al quedar instalada este lunes la Comisi\u00f3n Permanente de Derechos Humanos y Atenci\u00f3n a Grupos Vulnerables de la LXVI Legislatura local, su presidenta, la diputada Anil\u00fa Ingram Vallines, se comprometi\u00f3 a trabajar para recuperar los derechos humanos en Veracruz.Al t\u00e9rmino del evento, la tambi\u00e9n Coordinadora del Grupo Legislativo del PRI se\u00f1al\u00f3 que ante los [&hellip;]\" \/>\n<meta property=\"og:url\" content=\"https:\/\/lospoliticosveracruz.com\/?p=81938\" \/>\n<meta property=\"og:site_name\" content=\"Los pol\u00edticos Veracruz\" \/>\n<meta property=\"article:publisher\" content=\"https:\/\/www.facebook.com\/people\/Notimemes-de-los-Polticos\/61565672886568\/\" \/>\n<meta property=\"article:published_time\" content=\"2021-11-15T19:51:46+00:00\" \/>\n<meta property=\"article:modified_time\" content=\"2021-11-15T19:51:50+00:00\" \/>\n<meta property=\"og:image\" content=\"https:\/\/lospoliticosveracruz.com\/wp-content\/uploads\/2016\/07\/Logo-Dor.jpg\" \/>\n\t<meta property=\"og:image:width\" content=\"200\" \/>\n\t<meta property=\"og:image:height\" content=\"200\" \/>\n\t<meta property=\"og:image:type\" content=\"image\/jpeg\" \/>\n<meta name=\"author\" content=\"Lo viste en Los Pol\u00edticos\" \/>\n<meta name=\"twitter:card\" content=\"summary_large_image\" \/>\n<meta name=\"twitter:creator\" content=\"@LosPoliticosVer\" \/>\n<meta name=\"twitter:site\" content=\"@LosPoliticosVer\" \/>\n<meta name=\"twitter:label1\" content=\"Escrito por\" \/>\n\t<meta name=\"twitter:data1\" content=\"Lo viste en Los Pol\u00edticos\" \/>\n\t<meta name=\"twitter:label2\" content=\"Tiempo de lectura\" \/>\n\t<meta name=\"twitter:data2\" content=\"2 minutos\" \/>\n<script type=\"application\/ld+json\" class=\"yoast-schema-graph\">{\"@context\":\"https:\\\/\\\/schema.org\",\"@graph\":[{\"@type\":\"Article\",\"@id\":\"https:\\\/\\\/lospoliticosveracruz.com\\\/?p=81938#article\",\"isPartOf\":{\"@id\":\"https:\\\/\\\/lospoliticosveracruz.com\\\/?p=81938\"},\"author\":{\"name\":\"Lo viste en Los Pol\u00edticos\",\"@id\":\"https:\\\/\\\/lospoliticosveracruz.com\\\/#\\\/schema\\\/person\\\/b8702bb0e538456e6efd07080bf2a4a2\"},\"headline\":\"A recuperar los Derechos Humanos en Veracruz!\",\"datePublished\":\"2021-11-15T19:51:46+00:00\",\"dateModified\":\"2021-11-15T19:51:50+00:00\",\"mainEntityOfPage\":{\"@id\":\"https:\\\/\\\/lospoliticosveracruz.com\\\/?p=81938\"},\"wordCount\":408,\"publisher\":{\"@id\":\"https:\\\/\\\/lospoliticosveracruz.com\\\/#organization\"},\"keywords\":[\"Anil\u00fa Ingram Vallines\",\"CNDH\",\"feminicidio\",\"Gonzalo Dur\u00e1n Chincoya\",\"Grupo Legislativo del PRI\",\"LXVI Legislatura\",\"PRI\"],\"articleSection\":[\"De Boleto\"],\"inLanguage\":\"es\"},{\"@type\":\"WebPage\",\"@id\":\"https:\\\/\\\/lospoliticosveracruz.com\\\/?p=81938\",\"url\":\"https:\\\/\\\/lospoliticosveracruz.com\\\/?p=81938\",\"name\":\"A recuperar los Derechos Humanos en Veracruz! - Los pol\u00edticos Veracruz\",\"isPartOf\":{\"@id\":\"https:\\\/\\\/lospoliticosveracruz.com\\\/#website\"},\"datePublished\":\"2021-11-15T19:51:46+00:00\",\"dateModified\":\"2021-11-15T19:51:50+00:00\",\"breadcrumb\":{\"@id\":\"https:\\\/\\\/lospoliticosveracruz.com\\\/?p=81938#breadcrumb\"},\"inLanguage\":\"es\",\"potentialAction\":[{\"@type\":\"ReadAction\",\"target\":[\"https:\\\/\\\/lospoliticosveracruz.com\\\/?p=81938\"]}]},{\"@type\":\"BreadcrumbList\",\"@id\":\"https:\\\/\\\/lospoliticosveracruz.com\\\/?p=81938#breadcrumb\",\"itemListElement\":[{\"@type\":\"ListItem\",\"position\":1,\"name\":\"Portada\",\"item\":\"https:\\\/\\\/lospoliticosveracruz.com\\\/\"},{\"@type\":\"ListItem\",\"position\":2,\"name\":\"A recuperar los Derechos Humanos en Veracruz!\"}]},{\"@type\":\"WebSite\",\"@id\":\"https:\\\/\\\/lospoliticosveracruz.com\\\/#website\",\"url\":\"https:\\\/\\\/lospoliticosveracruz.com\\\/\",\"name\":\"Los pol\u00edticos Veracruz\",\"description\":\"\",\"publisher\":{\"@id\":\"https:\\\/\\\/lospoliticosveracruz.com\\\/#organization\"},\"potentialAction\":[{\"@type\":\"SearchAction\",\"target\":{\"@type\":\"EntryPoint\",\"urlTemplate\":\"https:\\\/\\\/lospoliticosveracruz.com\\\/?s={search_term_string}\"},\"query-input\":{\"@type\":\"PropertyValueSpecification\",\"valueRequired\":true,\"valueName\":\"search_term_string\"}}],\"inLanguage\":\"es\"},{\"@type\":\"Organization\",\"@id\":\"https:\\\/\\\/lospoliticosveracruz.com\\\/#organization\",\"name\":\"Los pol\u00edticos Veracruz\",\"url\":\"https:\\\/\\\/lospoliticosveracruz.com\\\/\",\"logo\":{\"@type\":\"ImageObject\",\"inLanguage\":\"es\",\"@id\":\"https:\\\/\\\/lospoliticosveracruz.com\\\/#\\\/schema\\\/logo\\\/image\\\/\",\"url\":\"https:\\\/\\\/lospoliticosveracruz.com\\\/wp-content\\\/uploads\\\/2025\\\/12\\\/Logo-Nuevo-LOS-POLITICOS-1.jpg\",\"contentUrl\":\"https:\\\/\\\/lospoliticosveracruz.com\\\/wp-content\\\/uploads\\\/2025\\\/12\\\/Logo-Nuevo-LOS-POLITICOS-1.jpg\",\"width\":260,\"height\":70,\"caption\":\"Los pol\u00edticos Veracruz\"},\"image\":{\"@id\":\"https:\\\/\\\/lospoliticosveracruz.com\\\/#\\\/schema\\\/logo\\\/image\\\/\"},\"sameAs\":[\"https:\\\/\\\/www.facebook.com\\\/people\\\/Notimemes-de-los-Polticos\\\/61565672886568\\\/\",\"https:\\\/\\\/x.com\\\/LosPoliticosVer\"]},{\"@type\":\"Person\",\"@id\":\"https:\\\/\\\/lospoliticosveracruz.com\\\/#\\\/schema\\\/person\\\/b8702bb0e538456e6efd07080bf2a4a2\",\"name\":\"Lo viste en Los Pol\u00edticos\",\"image\":{\"@type\":\"ImageObject\",\"inLanguage\":\"es\",\"@id\":\"https:\\\/\\\/secure.gravatar.com\\\/avatar\\\/3a8de04a2656d44082be478bd6c086daa447c4651605818287b9532d3d0bd435?s=96&d=mm&r=g\",\"url\":\"https:\\\/\\\/secure.gravatar.com\\\/avatar\\\/3a8de04a2656d44082be478bd6c086daa447c4651605818287b9532d3d0bd435?s=96&d=mm&r=g\",\"contentUrl\":\"https:\\\/\\\/secure.gravatar.com\\\/avatar\\\/3a8de04a2656d44082be478bd6c086daa447c4651605818287b9532d3d0bd435?s=96&d=mm&r=g\",\"caption\":\"Lo viste en Los Pol\u00edticos\"},\"url\":\"https:\\\/\\\/lospoliticosveracruz.com\\\/?author=2\"}]}<\/script>\n<!-- \/ Yoast SEO plugin. -->","yoast_head_json":{"title":"A recuperar los Derechos Humanos en Veracruz! - Los pol\u00edticos Veracruz","robots":{"index":"index","follow":"follow","max-snippet":"max-snippet:-1","max-image-preview":"max-image-preview:large","max-video-preview":"max-video-preview:-1"},"canonical":"https:\/\/lospoliticosveracruz.com\/?p=81938","og_locale":"es_ES","og_type":"article","og_title":"A recuperar los Derechos Humanos en Veracruz! - Los pol\u00edticos Veracruz","og_description":"Xalapa Al quedar instalada este lunes la Comisi\u00f3n Permanente de Derechos Humanos y Atenci\u00f3n a Grupos Vulnerables de la LXVI Legislatura local, su presidenta, la diputada Anil\u00fa Ingram Vallines, se comprometi\u00f3 a trabajar para recuperar los derechos humanos en Veracruz.Al t\u00e9rmino del evento, la tambi\u00e9n Coordinadora del Grupo Legislativo del PRI se\u00f1al\u00f3 que ante los [&hellip;]","og_url":"https:\/\/lospoliticosveracruz.com\/?p=81938","og_site_name":"Los pol\u00edticos Veracruz","article_publisher":"https:\/\/www.facebook.com\/people\/Notimemes-de-los-Polticos\/61565672886568\/","article_published_time":"2021-11-15T19:51:46+00:00","article_modified_time":"2021-11-15T19:51:50+00:00","og_image":[{"width":200,"height":200,"url":"https:\/\/lospoliticosveracruz.com\/wp-content\/uploads\/2016\/07\/Logo-Dor.jpg","type":"image\/jpeg"}],"author":"Lo viste en Los Pol\u00edticos","twitter_card":"summary_large_image","twitter_creator":"@LosPoliticosVer","twitter_site":"@LosPoliticosVer","twitter_misc":{"Escrito por":"Lo viste en Los Pol\u00edticos","Tiempo de lectura":"2 minutos"},"schema":{"@context":"https:\/\/schema.org","@graph":[{"@type":"Article","@id":"https:\/\/lospoliticosveracruz.com\/?p=81938#article","isPartOf":{"@id":"https:\/\/lospoliticosveracruz.com\/?p=81938"},"author":{"name":"Lo viste en Los Pol\u00edticos","@id":"https:\/\/lospoliticosveracruz.com\/#\/schema\/person\/b8702bb0e538456e6efd07080bf2a4a2"},"headline":"A recuperar los Derechos Humanos en Veracruz!","datePublished":"2021-11-15T19:51:46+00:00","dateModified":"2021-11-15T19:51:50+00:00","mainEntityOfPage":{"@id":"https:\/\/lospoliticosveracruz.com\/?p=81938"},"wordCount":408,"publisher":{"@id":"https:\/\/lospoliticosveracruz.com\/#organization"},"keywords":["Anil\u00fa Ingram Vallines","CNDH","feminicidio","Gonzalo Dur\u00e1n Chincoya","Grupo Legislativo del PRI","LXVI Legislatura","PRI"],"articleSection":["De Boleto"],"inLanguage":"es"},{"@type":"WebPage","@id":"https:\/\/lospoliticosveracruz.com\/?p=81938","url":"https:\/\/lospoliticosveracruz.com\/?p=81938","name":"A recuperar los Derechos Humanos en Veracruz! - Los pol\u00edticos Veracruz","isPartOf":{"@id":"https:\/\/lospoliticosveracruz.com\/#website"},"datePublished":"2021-11-15T19:51:46+00:00","dateModified":"2021-11-15T19:51:50+00:00","breadcrumb":{"@id":"https:\/\/lospoliticosveracruz.com\/?p=81938#breadcrumb"},"inLanguage":"es","potentialAction":[{"@type":"ReadAction","target":["https:\/\/lospoliticosveracruz.com\/?p=81938"]}]},{"@type":"BreadcrumbList","@id":"https:\/\/lospoliticosveracruz.com\/?p=81938#breadcrumb","itemListElement":[{"@type":"ListItem","position":1,"name":"Portada","item":"https:\/\/lospoliticosveracruz.com\/"},{"@type":"ListItem","position":2,"name":"A recuperar los Derechos Humanos en Veracruz!"}]},{"@type":"WebSite","@id":"https:\/\/lospoliticosveracruz.com\/#website","url":"https:\/\/lospoliticosveracruz.com\/","name":"Los pol\u00edticos Veracruz","description":"","publisher":{"@id":"https:\/\/lospoliticosveracruz.com\/#organization"},"potentialAction":[{"@type":"SearchAction","target":{"@type":"EntryPoint","urlTemplate":"https:\/\/lospoliticosveracruz.com\/?s={search_term_string}"},"query-input":{"@type":"PropertyValueSpecification","valueRequired":true,"valueName":"search_term_string"}}],"inLanguage":"es"},{"@type":"Organization","@id":"https:\/\/lospoliticosveracruz.com\/#organization","name":"Los pol\u00edticos Veracruz","url":"https:\/\/lospoliticosveracruz.com\/","logo":{"@type":"ImageObject","inLanguage":"es","@id":"https:\/\/lospoliticosveracruz.com\/#\/schema\/logo\/image\/","url":"https:\/\/lospoliticosveracruz.com\/wp-content\/uploads\/2025\/12\/Logo-Nuevo-LOS-POLITICOS-1.jpg","contentUrl":"https:\/\/lospoliticosveracruz.com\/wp-content\/uploads\/2025\/12\/Logo-Nuevo-LOS-POLITICOS-1.jpg","width":260,"height":70,"caption":"Los pol\u00edticos Veracruz"},"image":{"@id":"https:\/\/lospoliticosveracruz.com\/#\/schema\/logo\/image\/"},"sameAs":["https:\/\/www.facebook.com\/people\/Notimemes-de-los-Polticos\/61565672886568\/","https:\/\/x.com\/LosPoliticosVer"]},{"@type":"Person","@id":"https:\/\/lospoliticosveracruz.com\/#\/schema\/person\/b8702bb0e538456e6efd07080bf2a4a2","name":"Lo viste en Los Pol\u00edticos","image":{"@type":"ImageObject","inLanguage":"es","@id":"https:\/\/secure.gravatar.com\/avatar\/3a8de04a2656d44082be478bd6c086daa447c4651605818287b9532d3d0bd435?s=96&d=mm&r=g","url":"https:\/\/secure.gravatar.com\/avatar\/3a8de04a2656d44082be478bd6c086daa447c4651605818287b9532d3d0bd435?s=96&d=mm&r=g","contentUrl":"https:\/\/secure.gravatar.com\/avatar\/3a8de04a2656d44082be478bd6c086daa447c4651605818287b9532d3d0bd435?s=96&d=mm&r=g","caption":"Lo viste en Los Pol\u00edticos"},"url":"https:\/\/lospoliticosveracruz.com\/?author=2"}]}},"_links":{"self":[{"href":"https:\/\/lospoliticosveracruz.com\/index.php?rest_route=\/wp\/v2\/posts\/81938","targetHints":{"allow":["GET"]}}],"collection":[{"href":"https:\/\/lospoliticosveracruz.com\/index.php?rest_route=\/wp\/v2\/posts"}],"about":[{"href":"https:\/\/lospoliticosveracruz.com\/index.php?rest_route=\/wp\/v2\/types\/post"}],"author":[{"embeddable":true,"href":"https:\/\/lospoliticosveracruz.com\/index.php?rest_route=\/wp\/v2\/users\/2"}],"replies":[{"embeddable":true,"href":"https:\/\/lospoliticosveracruz.com\/index.php?rest_route=%2Fwp%2Fv2%2Fcomments&post=81938"}],"version-history":[{"count":1,"href":"https:\/\/lospoliticosveracruz.com\/index.php?rest_route=\/wp\/v2\/posts\/81938\/revisions"}],"predecessor-version":[{"id":81940,"href":"https:\/\/lospoliticosveracruz.com\/index.php?rest_route=\/wp\/v2\/posts\/81938\/revisions\/81940"}],"wp:attachment":[{"href":"https:\/\/lospoliticosveracruz.com\/index.php?rest_route=%2Fwp%2Fv2%2Fmedia&parent=81938"}],"wp:term":[{"taxonomy":"category","embeddable":true,"href":"https:\/\/lospoliticosveracruz.com\/index.php?rest_route=%2Fwp%2Fv2%2Fcategories&post=81938"},{"taxonomy":"post_tag","embeddable":true,"href":"https:\/\/lospoliticosveracruz.com\/index.php?rest_route=%2Fwp%2Fv2%2Ftags&post=81938"}],"curies":[{"name":"wp","href":"https:\/\/api.w.org\/{rel}","templated":true}]}}