{"id":81960,"date":"2021-11-16T05:50:00","date_gmt":"2021-11-16T11:50:00","guid":{"rendered":"https:\/\/lospoliticosveracruz.com.mx\/?p=81960"},"modified":"2021-11-15T21:53:20","modified_gmt":"2021-11-16T03:53:20","slug":"buenas-noticias-para-veracruz","status":"publish","type":"post","link":"https:\/\/lospoliticosveracruz.com\/?p=81960","title":{"rendered":"Buenas noticias para Veracruz"},"content":{"rendered":"\n<p><\/p>\n\n\n\n<p><strong>Yair Ademar Dom\u00ednguez<\/strong><\/p>\n\n\n\n<p><\/p>\n\n\n\n<p>Los legisladores federales de nuestro pa\u00eds debatieron, discutieron, dieron sus puntos de vista en la discusi\u00f3n del Presupuesto de Egresos de la Federaci\u00f3n 2021 y al final votaron conscientemente, razonadamente, para privilegiar a la gente, a nuestro pueblo, a los mexicanos a los que se deben. Por ello el presidente Andr\u00e9s Manuel L\u00f3pez Obrador los reconoci\u00f3: \u201cAgradezco a los legisladores su postura en defensa del pueblo y no de las minor\u00edas, por siempre privilegiadas\u201d.<\/p>\n\n\n\n<div class=\"wp-block-image\"><figure class=\"alignleft size-large is-resized\"><a href=\"https:\/\/lospoliticosveracruz.com.mx\/wp-content\/uploads\/2021\/10\/WhatsApp-Image-2021-10-02-at-15.20.25.jpeg\"><img loading=\"lazy\" decoding=\"async\" src=\"https:\/\/lospoliticosveracruz.com.mx\/wp-content\/uploads\/2021\/10\/WhatsApp-Image-2021-10-02-at-15.20.25-724x1024.jpeg\" alt=\"\" class=\"wp-image-80177\" width=\"250\" height=\"350\"\/><\/a><\/figure><\/div>\n\n\n\n<p>Y en efecto, los legisladores federales privilegiaron a los m\u00e1s pobres, a los m\u00e1s necesitados, a la gente de a pie, a los que por d\u00e9cadas han sufrido decisiones unilaterales, que s\u00f3lo han privilegiado a los que m\u00e1s tienen. Por eso se gener\u00f3 un gran debate y se mostraron las resistencias. El cambio de paradigma en el gobierno ha implicado un cambio de mentalidad que no todos han aceptado. Para la Cuarta Transformaci\u00f3n la bandera sigue siendo la misma: primero los pobres.<\/p>\n\n\n\n<p>El gobernador Cuitl\u00e1huac Garc\u00eda Jim\u00e9nez, quien este lunes entreg\u00f3 al Congreso del Estado su Tercer Informe de Gobierno y que este martes dar\u00e1 un mensaje desde Tlacotalpan, agradeci\u00f3 a legisladoras y diputados \u201cpor el apoyo al Estado de Veracruz. En este presupuesto se destina tan solo en los programas sociales federales de manera directa a la gente m\u00e1s de 50 mil mdp. Y en general se incrementa el presupuesto total\u201d. Buenas noticias para Veracruz. El aire fresco de la transformaci\u00f3n sigue recorriendo nuestro territorio.<\/p>\n\n\n\n<p>Las palabras del presidente L\u00f3pez Obrador fueron tambi\u00e9n muy significativas:<br>\u201cAgradezco a los legisladores su postura en defensa del pueblo y no de las minor\u00edas, por siempre privilegiadas. A dormir con la conciencia tranquila, feliz domingo\u201d, les dijo ese d\u00eda, luego de una larga y fruct\u00edfera discusi\u00f3n, en donde se privilegi\u00f3 la libertad de opiniones para votar finalmente por el inter\u00e9s supremo del pueblo de M\u00e9xico.<\/p>\n\n\n\n<p><strong><em>Resultados que transforman<\/em><\/strong><\/p>\n\n\n\n<p>Y en el tercer informe de gobierno, que envi\u00f3 al Congreso del Estado el gobernador Cuitl\u00e1huac Garc\u00eda Jim\u00e9nez, hay m\u00e1s buenas noticias para la entidad veracruzana. A pesar de la dif\u00edcil coyuntura que le ha tocado sortear, luego de la estela de corrupci\u00f3n de los \u00faltimos gobiernos del PRIAN, el mandatario veracruzano ha trabajado sin descanso para dar buenos resultados.<\/p>\n\n\n\n<p>Al recibir el documento legal y administrativo de este informe, la presidenta de la Mesa Directiva del Congreso Local, diputada Cecilia Josefina Guevara Guembe, coment\u00f3 que \u201clas y los veracruzanos pueden tener la certeza plena de que se avanza con paso firme y claridad de rumbo hacia un futuro que garantice bienestar y progreso en todas las regiones de la entidad principalmente en aquellas que, por d\u00e9cadas, permanecieron en el olvido por la insensibilidad y carencia de compromiso en sus autoridades\u201d.<\/p>\n\n\n\n<p>Manifest\u00f3 que en este 2021, al igual que en 2020, las complicaciones de la pandemia que se sigue enfrentando no fueron impedimento alguno para que la administraci\u00f3n estatal act\u00fae con responsabilidad, siempre en estricto apego a la legalidad, con transparencia y austeridad.<\/p>\n\n\n\n<p>Insisto: a pesar de las circunstancias adversas, a pesar de las dificultades econ\u00f3micas y la crisis generada por la pandemia, el gobernador Cuitl\u00e1huac Garc\u00eda Jim\u00e9nez ha estado a la altura y su gobierno hoy puede presumir resultados en todos los rincones de la entidad veracruzana.<\/p>\n\n\n\n<p>Hay obras tangibles, con inversiones millonarias, lo mismo en infraestructura de comunicaciones que en el campo y en las ciudades, pero tambi\u00e9n hay obras intangibles, acciones permanentes, un gran trabajo en el sector educativo y una nueva conciencia de la participaci\u00f3n social y el desarrollo.<\/p>\n\n\n\n<p>Lo dijo bien la presidenta del Congreso: \u201cLa transformaci\u00f3n que vivimos en Veracruz y en M\u00e9xico es la muestra m\u00e1s contundente del genuino deseo que tenemos por impulsar, con energ\u00eda y visi\u00f3n, a esta tierra prodigiosa. La cual nos ha dado mucho y tenemos mucho que darle\u201d.<\/p>\n\n\n\n<p>Y ahora falta escuchar el mensaje que este martes, desde Tlacotalpan, dar\u00e1 el mandatario veracruzano, pero no hay duda, los resultados de este gobierno le est\u00e1n cambiando el rostro a Veracruz, porque han ido a lo esencial, a lo fundamental, para mejorar la realidad de los veracruzanos.<\/p>\n\n\n\n<p>Comentarios: Facebook Yair Ademar Dominguez Twitter @YairAdemar<\/p>\n","protected":false},"excerpt":{"rendered":"<p>Yair Ademar Dom\u00ednguez Los legisladores federales de nuestro pa\u00eds debatieron, discutieron, dieron sus puntos de vista en la discusi\u00f3n del Presupuesto de Egresos de la Federaci\u00f3n 2021 y al final votaron conscientemente, razonadamente, para privilegiar a la gente, a nuestro pueblo, a los mexicanos a los que se deben. Por ello el presidente Andr\u00e9s Manuel [&hellip;]<\/p>\n","protected":false},"author":2,"featured_media":81918,"comment_status":"closed","ping_status":"closed","sticky":false,"template":"","format":"standard","meta":{"tdm_status":"","tdm_grid_status":"","footnotes":""},"categories":[70],"tags":[618,12744,1563,1026,7036,6934,676,195,20652],"class_list":{"0":"post-81960","1":"post","2":"type-post","3":"status-publish","4":"format-standard","5":"has-post-thumbnail","7":"category-de-opinion","8":"tag-andres-manuel-lopez-obrador","9":"tag-cuarta-transformacion","10":"tag-cuitlahuac-garcia-jimenez","11":"tag-morena","12":"tag-presupuesto-de-egresos","13":"tag-tercer-informe-de-gobierno","14":"tag-tlacotalpan","15":"tag-veracruz","16":"tag-yair-ademar-dominguez"},"yoast_head":"<!-- This site is optimized with the Yoast SEO plugin v27.4 - https:\/\/yoast.com\/product\/yoast-seo-wordpress\/ -->\n<title>Buenas noticias para Veracruz - Los pol\u00edticos Veracruz<\/title>\n<meta name=\"robots\" content=\"index, follow, max-snippet:-1, max-image-preview:large, max-video-preview:-1\" \/>\n<link rel=\"canonical\" href=\"https:\/\/lospoliticosveracruz.com\/?p=81960\" \/>\n<meta property=\"og:locale\" content=\"es_ES\" \/>\n<meta property=\"og:type\" content=\"article\" \/>\n<meta property=\"og:title\" content=\"Buenas noticias para Veracruz - Los pol\u00edticos Veracruz\" \/>\n<meta property=\"og:description\" content=\"Yair Ademar Dom\u00ednguez Los legisladores federales de nuestro pa\u00eds debatieron, discutieron, dieron sus puntos de vista en la discusi\u00f3n del Presupuesto de Egresos de la Federaci\u00f3n 2021 y al final votaron conscientemente, razonadamente, para privilegiar a la gente, a nuestro pueblo, a los mexicanos a los que se deben. Por ello el presidente Andr\u00e9s Manuel [&hellip;]\" \/>\n<meta property=\"og:url\" content=\"https:\/\/lospoliticosveracruz.com\/?p=81960\" \/>\n<meta property=\"og:site_name\" content=\"Los pol\u00edticos Veracruz\" \/>\n<meta property=\"article:publisher\" content=\"https:\/\/www.facebook.com\/people\/Notimemes-de-los-Polticos\/61565672886568\/\" \/>\n<meta property=\"article:published_time\" content=\"2021-11-16T11:50:00+00:00\" \/>\n<meta property=\"og:image\" content=\"https:\/\/lospoliticosveracruz.com\/wp-content\/uploads\/2021\/11\/Cuitlahuac-III-Informe.jpg\" \/>\n\t<meta property=\"og:image:width\" content=\"600\" \/>\n\t<meta property=\"og:image:height\" content=\"350\" \/>\n\t<meta property=\"og:image:type\" content=\"image\/jpeg\" \/>\n<meta name=\"author\" content=\"Lo viste en Los Pol\u00edticos\" \/>\n<meta name=\"twitter:card\" content=\"summary_large_image\" \/>\n<meta name=\"twitter:creator\" content=\"@LosPoliticosVer\" \/>\n<meta name=\"twitter:site\" content=\"@LosPoliticosVer\" \/>\n<meta name=\"twitter:label1\" content=\"Escrito por\" \/>\n\t<meta name=\"twitter:data1\" content=\"Lo viste en Los Pol\u00edticos\" \/>\n\t<meta name=\"twitter:label2\" content=\"Tiempo de lectura\" \/>\n\t<meta name=\"twitter:data2\" content=\"4 minutos\" \/>\n<script type=\"application\/ld+json\" class=\"yoast-schema-graph\">{\"@context\":\"https:\\\/\\\/schema.org\",\"@graph\":[{\"@type\":\"Article\",\"@id\":\"https:\\\/\\\/lospoliticosveracruz.com\\\/?p=81960#article\",\"isPartOf\":{\"@id\":\"https:\\\/\\\/lospoliticosveracruz.com\\\/?p=81960\"},\"author\":{\"name\":\"Lo viste en Los Pol\u00edticos\",\"@id\":\"https:\\\/\\\/lospoliticosveracruz.com\\\/#\\\/schema\\\/person\\\/b8702bb0e538456e6efd07080bf2a4a2\"},\"headline\":\"Buenas noticias para Veracruz\",\"datePublished\":\"2021-11-16T11:50:00+00:00\",\"mainEntityOfPage\":{\"@id\":\"https:\\\/\\\/lospoliticosveracruz.com\\\/?p=81960\"},\"wordCount\":733,\"publisher\":{\"@id\":\"https:\\\/\\\/lospoliticosveracruz.com\\\/#organization\"},\"image\":{\"@id\":\"https:\\\/\\\/lospoliticosveracruz.com\\\/?p=81960#primaryimage\"},\"thumbnailUrl\":\"https:\\\/\\\/lospoliticosveracruz.com\\\/wp-content\\\/uploads\\\/2021\\\/11\\\/Cuitlahuac-III-Informe.jpg\",\"keywords\":[\"Andr\u00e9s Manuel L\u00f3pez Obrador\",\"Cuarta Transformaci\u00f3n\",\"Cuitl\u00e1huac Garc\u00eda Jim\u00e9nez\",\"Morena\",\"Presupuesto de Egresos\",\"Tercer Informe de Gobierno\",\"Tlacotalpan\",\"Veracruz\",\"Yair Ademar Dom\u00ednguez\"],\"articleSection\":[\"De Opini\u00f3n\"],\"inLanguage\":\"es\"},{\"@type\":\"WebPage\",\"@id\":\"https:\\\/\\\/lospoliticosveracruz.com\\\/?p=81960\",\"url\":\"https:\\\/\\\/lospoliticosveracruz.com\\\/?p=81960\",\"name\":\"Buenas noticias para Veracruz - Los pol\u00edticos Veracruz\",\"isPartOf\":{\"@id\":\"https:\\\/\\\/lospoliticosveracruz.com\\\/#website\"},\"primaryImageOfPage\":{\"@id\":\"https:\\\/\\\/lospoliticosveracruz.com\\\/?p=81960#primaryimage\"},\"image\":{\"@id\":\"https:\\\/\\\/lospoliticosveracruz.com\\\/?p=81960#primaryimage\"},\"thumbnailUrl\":\"https:\\\/\\\/lospoliticosveracruz.com\\\/wp-content\\\/uploads\\\/2021\\\/11\\\/Cuitlahuac-III-Informe.jpg\",\"datePublished\":\"2021-11-16T11:50:00+00:00\",\"breadcrumb\":{\"@id\":\"https:\\\/\\\/lospoliticosveracruz.com\\\/?p=81960#breadcrumb\"},\"inLanguage\":\"es\",\"potentialAction\":[{\"@type\":\"ReadAction\",\"target\":[\"https:\\\/\\\/lospoliticosveracruz.com\\\/?p=81960\"]}]},{\"@type\":\"ImageObject\",\"inLanguage\":\"es\",\"@id\":\"https:\\\/\\\/lospoliticosveracruz.com\\\/?p=81960#primaryimage\",\"url\":\"https:\\\/\\\/lospoliticosveracruz.com\\\/wp-content\\\/uploads\\\/2021\\\/11\\\/Cuitlahuac-III-Informe.jpg\",\"contentUrl\":\"https:\\\/\\\/lospoliticosveracruz.com\\\/wp-content\\\/uploads\\\/2021\\\/11\\\/Cuitlahuac-III-Informe.jpg\",\"width\":600,\"height\":350},{\"@type\":\"BreadcrumbList\",\"@id\":\"https:\\\/\\\/lospoliticosveracruz.com\\\/?p=81960#breadcrumb\",\"itemListElement\":[{\"@type\":\"ListItem\",\"position\":1,\"name\":\"Portada\",\"item\":\"https:\\\/\\\/lospoliticosveracruz.com\\\/\"},{\"@type\":\"ListItem\",\"position\":2,\"name\":\"Buenas noticias para Veracruz\"}]},{\"@type\":\"WebSite\",\"@id\":\"https:\\\/\\\/lospoliticosveracruz.com\\\/#website\",\"url\":\"https:\\\/\\\/lospoliticosveracruz.com\\\/\",\"name\":\"Los pol\u00edticos Veracruz\",\"description\":\"\",\"publisher\":{\"@id\":\"https:\\\/\\\/lospoliticosveracruz.com\\\/#organization\"},\"potentialAction\":[{\"@type\":\"SearchAction\",\"target\":{\"@type\":\"EntryPoint\",\"urlTemplate\":\"https:\\\/\\\/lospoliticosveracruz.com\\\/?s={search_term_string}\"},\"query-input\":{\"@type\":\"PropertyValueSpecification\",\"valueRequired\":true,\"valueName\":\"search_term_string\"}}],\"inLanguage\":\"es\"},{\"@type\":\"Organization\",\"@id\":\"https:\\\/\\\/lospoliticosveracruz.com\\\/#organization\",\"name\":\"Los pol\u00edticos Veracruz\",\"url\":\"https:\\\/\\\/lospoliticosveracruz.com\\\/\",\"logo\":{\"@type\":\"ImageObject\",\"inLanguage\":\"es\",\"@id\":\"https:\\\/\\\/lospoliticosveracruz.com\\\/#\\\/schema\\\/logo\\\/image\\\/\",\"url\":\"https:\\\/\\\/lospoliticosveracruz.com\\\/wp-content\\\/uploads\\\/2025\\\/12\\\/Logo-Nuevo-LOS-POLITICOS-1.jpg\",\"contentUrl\":\"https:\\\/\\\/lospoliticosveracruz.com\\\/wp-content\\\/uploads\\\/2025\\\/12\\\/Logo-Nuevo-LOS-POLITICOS-1.jpg\",\"width\":260,\"height\":70,\"caption\":\"Los pol\u00edticos Veracruz\"},\"image\":{\"@id\":\"https:\\\/\\\/lospoliticosveracruz.com\\\/#\\\/schema\\\/logo\\\/image\\\/\"},\"sameAs\":[\"https:\\\/\\\/www.facebook.com\\\/people\\\/Notimemes-de-los-Polticos\\\/61565672886568\\\/\",\"https:\\\/\\\/x.com\\\/LosPoliticosVer\"]},{\"@type\":\"Person\",\"@id\":\"https:\\\/\\\/lospoliticosveracruz.com\\\/#\\\/schema\\\/person\\\/b8702bb0e538456e6efd07080bf2a4a2\",\"name\":\"Lo viste en Los Pol\u00edticos\",\"image\":{\"@type\":\"ImageObject\",\"inLanguage\":\"es\",\"@id\":\"https:\\\/\\\/secure.gravatar.com\\\/avatar\\\/3a8de04a2656d44082be478bd6c086daa447c4651605818287b9532d3d0bd435?s=96&d=mm&r=g\",\"url\":\"https:\\\/\\\/secure.gravatar.com\\\/avatar\\\/3a8de04a2656d44082be478bd6c086daa447c4651605818287b9532d3d0bd435?s=96&d=mm&r=g\",\"contentUrl\":\"https:\\\/\\\/secure.gravatar.com\\\/avatar\\\/3a8de04a2656d44082be478bd6c086daa447c4651605818287b9532d3d0bd435?s=96&d=mm&r=g\",\"caption\":\"Lo viste en Los Pol\u00edticos\"},\"url\":\"https:\\\/\\\/lospoliticosveracruz.com\\\/?author=2\"}]}<\/script>\n<!-- \/ Yoast SEO plugin. -->","yoast_head_json":{"title":"Buenas noticias para Veracruz - Los pol\u00edticos Veracruz","robots":{"index":"index","follow":"follow","max-snippet":"max-snippet:-1","max-image-preview":"max-image-preview:large","max-video-preview":"max-video-preview:-1"},"canonical":"https:\/\/lospoliticosveracruz.com\/?p=81960","og_locale":"es_ES","og_type":"article","og_title":"Buenas noticias para Veracruz - Los pol\u00edticos Veracruz","og_description":"Yair Ademar Dom\u00ednguez Los legisladores federales de nuestro pa\u00eds debatieron, discutieron, dieron sus puntos de vista en la discusi\u00f3n del Presupuesto de Egresos de la Federaci\u00f3n 2021 y al final votaron conscientemente, razonadamente, para privilegiar a la gente, a nuestro pueblo, a los mexicanos a los que se deben. Por ello el presidente Andr\u00e9s Manuel [&hellip;]","og_url":"https:\/\/lospoliticosveracruz.com\/?p=81960","og_site_name":"Los pol\u00edticos Veracruz","article_publisher":"https:\/\/www.facebook.com\/people\/Notimemes-de-los-Polticos\/61565672886568\/","article_published_time":"2021-11-16T11:50:00+00:00","og_image":[{"width":600,"height":350,"url":"https:\/\/lospoliticosveracruz.com\/wp-content\/uploads\/2021\/11\/Cuitlahuac-III-Informe.jpg","type":"image\/jpeg"}],"author":"Lo viste en Los Pol\u00edticos","twitter_card":"summary_large_image","twitter_creator":"@LosPoliticosVer","twitter_site":"@LosPoliticosVer","twitter_misc":{"Escrito por":"Lo viste en Los Pol\u00edticos","Tiempo de lectura":"4 minutos"},"schema":{"@context":"https:\/\/schema.org","@graph":[{"@type":"Article","@id":"https:\/\/lospoliticosveracruz.com\/?p=81960#article","isPartOf":{"@id":"https:\/\/lospoliticosveracruz.com\/?p=81960"},"author":{"name":"Lo viste en Los Pol\u00edticos","@id":"https:\/\/lospoliticosveracruz.com\/#\/schema\/person\/b8702bb0e538456e6efd07080bf2a4a2"},"headline":"Buenas noticias para Veracruz","datePublished":"2021-11-16T11:50:00+00:00","mainEntityOfPage":{"@id":"https:\/\/lospoliticosveracruz.com\/?p=81960"},"wordCount":733,"publisher":{"@id":"https:\/\/lospoliticosveracruz.com\/#organization"},"image":{"@id":"https:\/\/lospoliticosveracruz.com\/?p=81960#primaryimage"},"thumbnailUrl":"https:\/\/lospoliticosveracruz.com\/wp-content\/uploads\/2021\/11\/Cuitlahuac-III-Informe.jpg","keywords":["Andr\u00e9s Manuel L\u00f3pez Obrador","Cuarta Transformaci\u00f3n","Cuitl\u00e1huac Garc\u00eda Jim\u00e9nez","Morena","Presupuesto de Egresos","Tercer Informe de Gobierno","Tlacotalpan","Veracruz","Yair Ademar Dom\u00ednguez"],"articleSection":["De Opini\u00f3n"],"inLanguage":"es"},{"@type":"WebPage","@id":"https:\/\/lospoliticosveracruz.com\/?p=81960","url":"https:\/\/lospoliticosveracruz.com\/?p=81960","name":"Buenas noticias para Veracruz - Los pol\u00edticos Veracruz","isPartOf":{"@id":"https:\/\/lospoliticosveracruz.com\/#website"},"primaryImageOfPage":{"@id":"https:\/\/lospoliticosveracruz.com\/?p=81960#primaryimage"},"image":{"@id":"https:\/\/lospoliticosveracruz.com\/?p=81960#primaryimage"},"thumbnailUrl":"https:\/\/lospoliticosveracruz.com\/wp-content\/uploads\/2021\/11\/Cuitlahuac-III-Informe.jpg","datePublished":"2021-11-16T11:50:00+00:00","breadcrumb":{"@id":"https:\/\/lospoliticosveracruz.com\/?p=81960#breadcrumb"},"inLanguage":"es","potentialAction":[{"@type":"ReadAction","target":["https:\/\/lospoliticosveracruz.com\/?p=81960"]}]},{"@type":"ImageObject","inLanguage":"es","@id":"https:\/\/lospoliticosveracruz.com\/?p=81960#primaryimage","url":"https:\/\/lospoliticosveracruz.com\/wp-content\/uploads\/2021\/11\/Cuitlahuac-III-Informe.jpg","contentUrl":"https:\/\/lospoliticosveracruz.com\/wp-content\/uploads\/2021\/11\/Cuitlahuac-III-Informe.jpg","width":600,"height":350},{"@type":"BreadcrumbList","@id":"https:\/\/lospoliticosveracruz.com\/?p=81960#breadcrumb","itemListElement":[{"@type":"ListItem","position":1,"name":"Portada","item":"https:\/\/lospoliticosveracruz.com\/"},{"@type":"ListItem","position":2,"name":"Buenas noticias para Veracruz"}]},{"@type":"WebSite","@id":"https:\/\/lospoliticosveracruz.com\/#website","url":"https:\/\/lospoliticosveracruz.com\/","name":"Los pol\u00edticos Veracruz","description":"","publisher":{"@id":"https:\/\/lospoliticosveracruz.com\/#organization"},"potentialAction":[{"@type":"SearchAction","target":{"@type":"EntryPoint","urlTemplate":"https:\/\/lospoliticosveracruz.com\/?s={search_term_string}"},"query-input":{"@type":"PropertyValueSpecification","valueRequired":true,"valueName":"search_term_string"}}],"inLanguage":"es"},{"@type":"Organization","@id":"https:\/\/lospoliticosveracruz.com\/#organization","name":"Los pol\u00edticos Veracruz","url":"https:\/\/lospoliticosveracruz.com\/","logo":{"@type":"ImageObject","inLanguage":"es","@id":"https:\/\/lospoliticosveracruz.com\/#\/schema\/logo\/image\/","url":"https:\/\/lospoliticosveracruz.com\/wp-content\/uploads\/2025\/12\/Logo-Nuevo-LOS-POLITICOS-1.jpg","contentUrl":"https:\/\/lospoliticosveracruz.com\/wp-content\/uploads\/2025\/12\/Logo-Nuevo-LOS-POLITICOS-1.jpg","width":260,"height":70,"caption":"Los pol\u00edticos Veracruz"},"image":{"@id":"https:\/\/lospoliticosveracruz.com\/#\/schema\/logo\/image\/"},"sameAs":["https:\/\/www.facebook.com\/people\/Notimemes-de-los-Polticos\/61565672886568\/","https:\/\/x.com\/LosPoliticosVer"]},{"@type":"Person","@id":"https:\/\/lospoliticosveracruz.com\/#\/schema\/person\/b8702bb0e538456e6efd07080bf2a4a2","name":"Lo viste en Los Pol\u00edticos","image":{"@type":"ImageObject","inLanguage":"es","@id":"https:\/\/secure.gravatar.com\/avatar\/3a8de04a2656d44082be478bd6c086daa447c4651605818287b9532d3d0bd435?s=96&d=mm&r=g","url":"https:\/\/secure.gravatar.com\/avatar\/3a8de04a2656d44082be478bd6c086daa447c4651605818287b9532d3d0bd435?s=96&d=mm&r=g","contentUrl":"https:\/\/secure.gravatar.com\/avatar\/3a8de04a2656d44082be478bd6c086daa447c4651605818287b9532d3d0bd435?s=96&d=mm&r=g","caption":"Lo viste en Los Pol\u00edticos"},"url":"https:\/\/lospoliticosveracruz.com\/?author=2"}]}},"_links":{"self":[{"href":"https:\/\/lospoliticosveracruz.com\/index.php?rest_route=\/wp\/v2\/posts\/81960","targetHints":{"allow":["GET"]}}],"collection":[{"href":"https:\/\/lospoliticosveracruz.com\/index.php?rest_route=\/wp\/v2\/posts"}],"about":[{"href":"https:\/\/lospoliticosveracruz.com\/index.php?rest_route=\/wp\/v2\/types\/post"}],"author":[{"embeddable":true,"href":"https:\/\/lospoliticosveracruz.com\/index.php?rest_route=\/wp\/v2\/users\/2"}],"replies":[{"embeddable":true,"href":"https:\/\/lospoliticosveracruz.com\/index.php?rest_route=%2Fwp%2Fv2%2Fcomments&post=81960"}],"version-history":[{"count":1,"href":"https:\/\/lospoliticosveracruz.com\/index.php?rest_route=\/wp\/v2\/posts\/81960\/revisions"}],"predecessor-version":[{"id":81961,"href":"https:\/\/lospoliticosveracruz.com\/index.php?rest_route=\/wp\/v2\/posts\/81960\/revisions\/81961"}],"wp:featuredmedia":[{"embeddable":true,"href":"https:\/\/lospoliticosveracruz.com\/index.php?rest_route=\/wp\/v2\/media\/81918"}],"wp:attachment":[{"href":"https:\/\/lospoliticosveracruz.com\/index.php?rest_route=%2Fwp%2Fv2%2Fmedia&parent=81960"}],"wp:term":[{"taxonomy":"category","embeddable":true,"href":"https:\/\/lospoliticosveracruz.com\/index.php?rest_route=%2Fwp%2Fv2%2Fcategories&post=81960"},{"taxonomy":"post_tag","embeddable":true,"href":"https:\/\/lospoliticosveracruz.com\/index.php?rest_route=%2Fwp%2Fv2%2Ftags&post=81960"}],"curies":[{"name":"wp","href":"https:\/\/api.w.org\/{rel}","templated":true}]}}