{"id":82056,"date":"2021-11-18T07:50:21","date_gmt":"2021-11-18T13:50:21","guid":{"rendered":"https:\/\/lospoliticosveracruz.com.mx\/?p=82056"},"modified":"2021-11-18T07:50:27","modified_gmt":"2021-11-18T13:50:27","slug":"oposicion-como-los-mariachis","status":"publish","type":"post","link":"https:\/\/lospoliticosveracruz.com\/?p=82056","title":{"rendered":"Oposici\u00f3n, como los mariachis"},"content":{"rendered":"\n<p><strong>Ricardo Ch\u00faa<br><\/strong><em>Sale y Vale<\/em><\/p>\n\n\n\n<p><\/p>\n\n\n\n<p>OJO\u2026 Es un hecho que despu\u00e9s de todo el evento en Tlacotalpan creado en torno al III Informe de Cuitl\u00e1huac Garc\u00eda como gobernador de Veracruz.. No se vio a los partidos y pol\u00edticos de oposici\u00f3n dando una postura al respecto\u2026 No s\u00f3lo por el tema pol\u00edtico o por el \u00abventaneo\u00bb hecho a Roc\u00edo Nahle, titular de la SENER, la cual ya maneja como la candidata de MORENA para suceder a Garc\u00eda Jim\u00e9nez en 2024\u2026 Sino sobre el trabajo hecho por el mandatario estatal en este 2021 en toda la entidad\u2026<\/p>\n\n\n\n<div class=\"wp-block-image\"><figure class=\"alignleft size-large is-resized\"><a href=\"https:\/\/lospoliticosveracruz.com.mx\/wp-content\/uploads\/2021\/10\/WhatsApp-Image-2021-10-02-at-15.20.25.jpeg\"><img loading=\"lazy\" decoding=\"async\" src=\"https:\/\/lospoliticosveracruz.com.mx\/wp-content\/uploads\/2021\/10\/WhatsApp-Image-2021-10-02-at-15.20.25-724x1024.jpeg\" alt=\"\" class=\"wp-image-80177\" width=\"250\" height=\"350\"\/><\/a><\/figure><\/div>\n\n\n\n<p>El mismo gobernador les dio cifras y datos de los \u00ablogros\u00bb de su administraci\u00f3n en este \u00faltimo a\u00f1o.. Y nadie dijo nada al respecto.. Nadie lo interpelo o cit\u00f3 a una conferencia para criticar sus \u00abaciertos\u00bb en lo social, econ\u00f3mico, seguridad o desarrollo\u2026 Por lo menos un reclamo, hay que morirse de algo\u2026 Parecer\u00eda que la oposici\u00f3n despu\u00e9s de como est\u00e1 resolviendo tribunales electorales federales sobre las elecciones impugnadas\u2026 Mejor se quedan callados.. Pero con esa actitud, los que pierden no son ellos, es la democracia\u2026 ME DUELES VERACRUZ\u2026 AMEN<\/p>\n\n\n\n<p>PAN, \u00abLA GUERRA SUCIA\u00bb\u2026 Vaya historias que se est\u00e1n \u00abfiltrando\u00bb entre la militancia panista de Veracruz\u2026 D\u00f3nde est\u00e1n destacando que con la dirigencia estatal del PAN, encabezada por Joaqu\u00edn Guzm\u00e1n \u00c1viles, el panismo es un partido \u00abperdedor\u00bb\u2026 Sobre todo ahora que este personaje, anda buscando reelegirse como l\u00edder de este organismo pol\u00edtico en la entidad\u2026 Y el principal se\u00f1alamiento es que con \u00abEl Chapito\u00bb Guzm\u00e1n, el \u00abblanquiazul\u00bb ha retrocedido en todo lo ganado en la entidad desde 1991\u2026 Se van sobre \u00e9l con todo\u2026<\/p>\n\n\n\n<p>Los principales argumentos de estos se\u00f1alamientos que est\u00e1n \u00abfiltrando\u00bb\u2026 Es que el \u00abretroceso\u00bb del PAN ha sido con \u00e9l a la cabeza del partido\u2026 Se\u00f1alando que en las elecciones de diputados locales en Veracruz\u2026 En el 2016, el panismo obtuvo un total de 774 mil 747 votos, es decir, el 25 por ciento del total de la votaci\u00f3n\u2026 Mientras que en 2018 se alcanzaron 967 mil 161 votos, el 26 por ciento de votos\u2026 Y en 2021 s\u00f3lo obtuvieron 496 mil 893 votos que represent\u00f3 el 15 por ciento de la votaci\u00f3n\u2026 DURO\u2026<\/p>\n\n\n\n<p>Otro de los datos aportados fueron de las alcald\u00edas\u2026. Donde en 2013 obtuvo 855 mil 406 votos, que fue el 26 por ciento de la votaci\u00f3n\u2026 En el a\u00f1o 2017, se logr\u00f3 782 mil 754 votos, que era el 24 por ciento de la votaci\u00f3n\u2026. Pero que en el 2021, ya bajo la dirigencia de Guzm\u00e1n Avil\u00e9s se alcanz\u00f3 496 mil 892 votos, siendo s\u00f3lo el 15 por ciento de la votaci\u00f3n total obtenida por el PAN\u2026 Con esas cifras intentan exponer que la dirigencia de \u00abEl Chapito\u00bb fue en donde el panismo se vino abajo\u2026Sin medir las otras circunstancias\u2026<\/p>\n\n\n\n<p>Obvio que todos estos datos\u2026 Son rematados con gr\u00e1ficas que le llegan a panistas, sobre el n\u00famero de municipios que el PAN dominaba en Veracruz antes del periodo de Guzm\u00e1n Avil\u00e9s\u2026 Y sueltan la informaci\u00f3n que en 2007, el PAN gobernaba 31 ayuntamientos\u2026 En 2010, la cifra sube a 88 alcald\u00edas\u2026. Mientras que en 2013 caen a s\u00f3lo 45 presidencias municipales\u2026 Para que en 2017, se recuperen y ganen 67 municipios\u2026. Pero en 2021 esta cifra cae a 20 ciudades gobernadas por el PAN\u2026 Evidentemente intentan exhibir a \u00abEl Chapito\u00bb\u2026<\/p>\n\n\n\n<p>Ya que con esas cifras y n\u00fameros presentados s\u00f3lo pretenden hacer ver que despu\u00e9s del 2017\u2026 El PAN se ha convertido en un partido perdedor y que ya no tiene mucha fuerza ante el electorado veracruzano\u2026 Y que por esta raz\u00f3n es un RETROCESO y que todo esto se ha acentuado en la presidencia del partido que encabeza Joaqu\u00edn Guzm\u00e1n Avil\u00e9s\u2026 Datos que salen en medio de un proceso electoral interno\u2026 Pero lo que no se sabe es si es \u00abfuego amigo o enemigo\u00bb\u2026.LA GUERRA COMENZ\u00d3\u2026<\/p>\n\n\n\n<p>TEJEDA TAIBO, EL \u00abOSCURO\u00bb \u2026 Pero as\u00ed como \u00abEl Chapito\u00bb Guzm\u00e1n es se\u00f1alado por sus adversarios y por la \u00abguerra sucia\u00bb en contra para alcanzar la dirigencia estatal del PAN\u2026 Tambi\u00e9n es verdad, que mucho de esto se debe, a que tiene operando pol\u00edticamente con \u00e9l\u2026 A personajes de \u00aboscuro\u00bb pasado con sus grupos rivales y que se han convertido al \u00abChapismo\u00bb\u2026 Tal como sucede con el regidor panista de Boca del R\u00edo, Luis Humberto Tejeda Taibo\u2026 Antes del grupo de \u00abLos Yunes Azules\u00bb\u2026 Ahora aliado de Garc\u00eda Guzm\u00e1n\u2026<\/p>\n\n\n\n<p>El de Tantoyuca sabe bien que Tejeda Taibo es un personaje que por su propia formaci\u00f3n pol\u00edtica y ser uno de los operadores de la \u00abguerra sucia\u00bb del PAN cuando le peleaban el poder en la conurbaci\u00f3n a Fidel Herrera Beltr\u00e1n\u2026 Conoce bien a la militancia de Veracruz, Boca del R\u00edo y sus alrededores\u2026 Por eso, cuando cambi\u00f3 de bando, lo acept\u00f3 con gusto.. Ahora Tejeda le organiza reuniones a Guzm\u00e1n Avil\u00e9s en esta regi\u00f3n\u2026 El \u00abChapito\u00bb tiene una reuni\u00f3n con la militancia porte\u00f1a en el hotel Diligencias este viernes\u2026. Operador por este personaje\u2026<\/p>\n\n\n\n<p>Sin duda, a este regidor le gusta y pr\u00e1ctica la pol\u00edtica del \u00abcaos\u00bb\u2026 Le gusta generar \u00abestragos\u00bb al interior de los equipos para sacar la mejor tajada con fines electorales al beneficio del grupo al que le est\u00e9 operando\u2026 Aqu\u00ed \u00abEl Chapito\u00bb debe tener mucho cuidado, con estos personajes que ahora operan a su lado\u2026 Ya que este tipo de pol\u00edticos, que ya no tienen nada que perder\u2026 Tambi\u00e9n le han perdido el miedo a todo\u2026 Y m\u00e1s que el poder, se les acaba en unas semanas\u2026 Se vuelven entonces, \u00abanimales peligrosos\u00bb\u2026 DIOS LOS BENDIGA\u2026<\/p>\n\n\n\n<p>PD\u2026 La Sala Superior del Tribunal Electoral del Poder Judicial de la Federaci\u00f3n (TEPJF) ayer ratificaron el triunfo para el PRI en la alcald\u00eda de Orizaba con Juan Manuel D\u00edez Francos y para MORENA en Tuxpan con Jos\u00e9 Manuel Pozos Castro\u2026 Con esto se puede decir, que \u00abEl Emperador\u00bb D\u00edez Francos, se convierte en el m\u00e1s fuerte prospecto del PRI para ser uno de los aspirantes a gobernador de Veracruz en 2024\u2026 Un \u00abgallo\u00bb al estilo de Adolfo Ruiz Cort\u00ednez\u2026 Habr\u00e1 que ver que sucede de aqu\u00ed a 3 a\u00f1os en la Pluviosilla\u2026 AMEN\u2026<\/p>\n","protected":false},"excerpt":{"rendered":"<p>Ricardo Ch\u00faaSale y Vale OJO\u2026 Es un hecho que despu\u00e9s de todo el evento en Tlacotalpan creado en torno al III Informe de Cuitl\u00e1huac Garc\u00eda como gobernador de Veracruz.. No se vio a los partidos y pol\u00edticos de oposici\u00f3n dando una postura al respecto\u2026 No s\u00f3lo por el tema pol\u00edtico o por el \u00abventaneo\u00bb hecho [&hellip;]<\/p>\n","protected":false},"author":2,"featured_media":82057,"comment_status":"closed","ping_status":"closed","sticky":false,"template":"","format":"standard","meta":{"tdm_status":"","tdm_grid_status":"","footnotes":""},"categories":[70],"tags":[601,1563,29218,11958,26576,24173,1026,266,13604,3578,18990,14196,195],"class_list":{"0":"post-82056","1":"post","2":"type-post","3":"status-publish","4":"format-standard","5":"has-post-thumbnail","7":"category-de-opinion","8":"tag-boca-del-rio","9":"tag-cuitlahuac-garcia-jimenez","10":"tag-joaquin-guzman-aviles-2","11":"tag-jose-manuel-pozos-castro","12":"tag-juan-manuel-diez-francos-2","13":"tag-luis-humberto-tejeda-taibo","14":"tag-morena","15":"tag-pan","16":"tag-ricardo-chua","17":"tag-rocio-nahle","18":"tag-sener","19":"tag-tepjf","20":"tag-veracruz"},"yoast_head":"<!-- This site is optimized with the Yoast SEO plugin v27.4 - https:\/\/yoast.com\/product\/yoast-seo-wordpress\/ -->\n<title>Oposici\u00f3n, como los mariachis - Los pol\u00edticos Veracruz<\/title>\n<meta name=\"robots\" content=\"index, follow, max-snippet:-1, max-image-preview:large, max-video-preview:-1\" \/>\n<link rel=\"canonical\" href=\"https:\/\/lospoliticosveracruz.com\/?p=82056\" \/>\n<meta property=\"og:locale\" content=\"es_ES\" \/>\n<meta property=\"og:type\" content=\"article\" \/>\n<meta property=\"og:title\" content=\"Oposici\u00f3n, como los mariachis - Los pol\u00edticos Veracruz\" \/>\n<meta property=\"og:description\" content=\"Ricardo Ch\u00faaSale y Vale OJO\u2026 Es un hecho que despu\u00e9s de todo el evento en Tlacotalpan creado en torno al III Informe de Cuitl\u00e1huac Garc\u00eda como gobernador de Veracruz.. No se vio a los partidos y pol\u00edticos de oposici\u00f3n dando una postura al respecto\u2026 No s\u00f3lo por el tema pol\u00edtico o por el \u00abventaneo\u00bb hecho [&hellip;]\" \/>\n<meta property=\"og:url\" content=\"https:\/\/lospoliticosveracruz.com\/?p=82056\" \/>\n<meta property=\"og:site_name\" content=\"Los pol\u00edticos Veracruz\" \/>\n<meta property=\"article:publisher\" content=\"https:\/\/www.facebook.com\/people\/Notimemes-de-los-Polticos\/61565672886568\/\" \/>\n<meta property=\"article:published_time\" content=\"2021-11-18T13:50:21+00:00\" \/>\n<meta property=\"article:modified_time\" content=\"2021-11-18T13:50:27+00:00\" \/>\n<meta property=\"og:image\" content=\"https:\/\/lospoliticosveracruz.com\/wp-content\/uploads\/2021\/11\/Cuic-6.jpg\" \/>\n\t<meta property=\"og:image:width\" content=\"600\" \/>\n\t<meta property=\"og:image:height\" content=\"320\" \/>\n\t<meta property=\"og:image:type\" content=\"image\/jpeg\" \/>\n<meta name=\"author\" content=\"Lo viste en Los Pol\u00edticos\" \/>\n<meta name=\"twitter:card\" content=\"summary_large_image\" \/>\n<meta name=\"twitter:creator\" content=\"@LosPoliticosVer\" \/>\n<meta name=\"twitter:site\" content=\"@LosPoliticosVer\" \/>\n<meta name=\"twitter:label1\" content=\"Escrito por\" \/>\n\t<meta name=\"twitter:data1\" content=\"Lo viste en Los Pol\u00edticos\" \/>\n\t<meta name=\"twitter:label2\" content=\"Tiempo de lectura\" \/>\n\t<meta name=\"twitter:data2\" content=\"5 minutos\" \/>\n<script type=\"application\/ld+json\" class=\"yoast-schema-graph\">{\"@context\":\"https:\\\/\\\/schema.org\",\"@graph\":[{\"@type\":\"Article\",\"@id\":\"https:\\\/\\\/lospoliticosveracruz.com\\\/?p=82056#article\",\"isPartOf\":{\"@id\":\"https:\\\/\\\/lospoliticosveracruz.com\\\/?p=82056\"},\"author\":{\"name\":\"Lo viste en Los Pol\u00edticos\",\"@id\":\"https:\\\/\\\/lospoliticosveracruz.com\\\/#\\\/schema\\\/person\\\/b8702bb0e538456e6efd07080bf2a4a2\"},\"headline\":\"Oposici\u00f3n, como los mariachis\",\"datePublished\":\"2021-11-18T13:50:21+00:00\",\"dateModified\":\"2021-11-18T13:50:27+00:00\",\"mainEntityOfPage\":{\"@id\":\"https:\\\/\\\/lospoliticosveracruz.com\\\/?p=82056\"},\"wordCount\":1059,\"publisher\":{\"@id\":\"https:\\\/\\\/lospoliticosveracruz.com\\\/#organization\"},\"image\":{\"@id\":\"https:\\\/\\\/lospoliticosveracruz.com\\\/?p=82056#primaryimage\"},\"thumbnailUrl\":\"https:\\\/\\\/lospoliticosveracruz.com\\\/wp-content\\\/uploads\\\/2021\\\/11\\\/Cuic-6.jpg\",\"keywords\":[\"Boca del R\u00edo\",\"Cuitl\u00e1huac Garc\u00eda Jim\u00e9nez\",\"Joaqu\u00edn Guzm\u00e1n \u00c1viles\",\"Jos\u00e9 Manuel Pozos Castro\",\"Juan Manuel D\u00edez Francos\",\"Luis Humberto Tejeda Taibo\",\"Morena\",\"PAN\",\"Ricardo Ch\u00faa\",\"Roc\u00edo Nahle\",\"Sener\",\"TEPJF\",\"Veracruz\"],\"articleSection\":[\"De Opini\u00f3n\"],\"inLanguage\":\"es\"},{\"@type\":\"WebPage\",\"@id\":\"https:\\\/\\\/lospoliticosveracruz.com\\\/?p=82056\",\"url\":\"https:\\\/\\\/lospoliticosveracruz.com\\\/?p=82056\",\"name\":\"Oposici\u00f3n, como los mariachis - Los pol\u00edticos Veracruz\",\"isPartOf\":{\"@id\":\"https:\\\/\\\/lospoliticosveracruz.com\\\/#website\"},\"primaryImageOfPage\":{\"@id\":\"https:\\\/\\\/lospoliticosveracruz.com\\\/?p=82056#primaryimage\"},\"image\":{\"@id\":\"https:\\\/\\\/lospoliticosveracruz.com\\\/?p=82056#primaryimage\"},\"thumbnailUrl\":\"https:\\\/\\\/lospoliticosveracruz.com\\\/wp-content\\\/uploads\\\/2021\\\/11\\\/Cuic-6.jpg\",\"datePublished\":\"2021-11-18T13:50:21+00:00\",\"dateModified\":\"2021-11-18T13:50:27+00:00\",\"breadcrumb\":{\"@id\":\"https:\\\/\\\/lospoliticosveracruz.com\\\/?p=82056#breadcrumb\"},\"inLanguage\":\"es\",\"potentialAction\":[{\"@type\":\"ReadAction\",\"target\":[\"https:\\\/\\\/lospoliticosveracruz.com\\\/?p=82056\"]}]},{\"@type\":\"ImageObject\",\"inLanguage\":\"es\",\"@id\":\"https:\\\/\\\/lospoliticosveracruz.com\\\/?p=82056#primaryimage\",\"url\":\"https:\\\/\\\/lospoliticosveracruz.com\\\/wp-content\\\/uploads\\\/2021\\\/11\\\/Cuic-6.jpg\",\"contentUrl\":\"https:\\\/\\\/lospoliticosveracruz.com\\\/wp-content\\\/uploads\\\/2021\\\/11\\\/Cuic-6.jpg\",\"width\":600,\"height\":320},{\"@type\":\"BreadcrumbList\",\"@id\":\"https:\\\/\\\/lospoliticosveracruz.com\\\/?p=82056#breadcrumb\",\"itemListElement\":[{\"@type\":\"ListItem\",\"position\":1,\"name\":\"Portada\",\"item\":\"https:\\\/\\\/lospoliticosveracruz.com\\\/\"},{\"@type\":\"ListItem\",\"position\":2,\"name\":\"Oposici\u00f3n, como los mariachis\"}]},{\"@type\":\"WebSite\",\"@id\":\"https:\\\/\\\/lospoliticosveracruz.com\\\/#website\",\"url\":\"https:\\\/\\\/lospoliticosveracruz.com\\\/\",\"name\":\"Los pol\u00edticos Veracruz\",\"description\":\"\",\"publisher\":{\"@id\":\"https:\\\/\\\/lospoliticosveracruz.com\\\/#organization\"},\"potentialAction\":[{\"@type\":\"SearchAction\",\"target\":{\"@type\":\"EntryPoint\",\"urlTemplate\":\"https:\\\/\\\/lospoliticosveracruz.com\\\/?s={search_term_string}\"},\"query-input\":{\"@type\":\"PropertyValueSpecification\",\"valueRequired\":true,\"valueName\":\"search_term_string\"}}],\"inLanguage\":\"es\"},{\"@type\":\"Organization\",\"@id\":\"https:\\\/\\\/lospoliticosveracruz.com\\\/#organization\",\"name\":\"Los pol\u00edticos Veracruz\",\"url\":\"https:\\\/\\\/lospoliticosveracruz.com\\\/\",\"logo\":{\"@type\":\"ImageObject\",\"inLanguage\":\"es\",\"@id\":\"https:\\\/\\\/lospoliticosveracruz.com\\\/#\\\/schema\\\/logo\\\/image\\\/\",\"url\":\"https:\\\/\\\/lospoliticosveracruz.com\\\/wp-content\\\/uploads\\\/2025\\\/12\\\/Logo-Nuevo-LOS-POLITICOS-1.jpg\",\"contentUrl\":\"https:\\\/\\\/lospoliticosveracruz.com\\\/wp-content\\\/uploads\\\/2025\\\/12\\\/Logo-Nuevo-LOS-POLITICOS-1.jpg\",\"width\":260,\"height\":70,\"caption\":\"Los pol\u00edticos Veracruz\"},\"image\":{\"@id\":\"https:\\\/\\\/lospoliticosveracruz.com\\\/#\\\/schema\\\/logo\\\/image\\\/\"},\"sameAs\":[\"https:\\\/\\\/www.facebook.com\\\/people\\\/Notimemes-de-los-Polticos\\\/61565672886568\\\/\",\"https:\\\/\\\/x.com\\\/LosPoliticosVer\"]},{\"@type\":\"Person\",\"@id\":\"https:\\\/\\\/lospoliticosveracruz.com\\\/#\\\/schema\\\/person\\\/b8702bb0e538456e6efd07080bf2a4a2\",\"name\":\"Lo viste en Los Pol\u00edticos\",\"image\":{\"@type\":\"ImageObject\",\"inLanguage\":\"es\",\"@id\":\"https:\\\/\\\/secure.gravatar.com\\\/avatar\\\/3a8de04a2656d44082be478bd6c086daa447c4651605818287b9532d3d0bd435?s=96&d=mm&r=g\",\"url\":\"https:\\\/\\\/secure.gravatar.com\\\/avatar\\\/3a8de04a2656d44082be478bd6c086daa447c4651605818287b9532d3d0bd435?s=96&d=mm&r=g\",\"contentUrl\":\"https:\\\/\\\/secure.gravatar.com\\\/avatar\\\/3a8de04a2656d44082be478bd6c086daa447c4651605818287b9532d3d0bd435?s=96&d=mm&r=g\",\"caption\":\"Lo viste en Los Pol\u00edticos\"},\"url\":\"https:\\\/\\\/lospoliticosveracruz.com\\\/?author=2\"}]}<\/script>\n<!-- \/ Yoast SEO plugin. -->","yoast_head_json":{"title":"Oposici\u00f3n, como los mariachis - Los pol\u00edticos Veracruz","robots":{"index":"index","follow":"follow","max-snippet":"max-snippet:-1","max-image-preview":"max-image-preview:large","max-video-preview":"max-video-preview:-1"},"canonical":"https:\/\/lospoliticosveracruz.com\/?p=82056","og_locale":"es_ES","og_type":"article","og_title":"Oposici\u00f3n, como los mariachis - Los pol\u00edticos Veracruz","og_description":"Ricardo Ch\u00faaSale y Vale OJO\u2026 Es un hecho que despu\u00e9s de todo el evento en Tlacotalpan creado en torno al III Informe de Cuitl\u00e1huac Garc\u00eda como gobernador de Veracruz.. No se vio a los partidos y pol\u00edticos de oposici\u00f3n dando una postura al respecto\u2026 No s\u00f3lo por el tema pol\u00edtico o por el \u00abventaneo\u00bb hecho [&hellip;]","og_url":"https:\/\/lospoliticosveracruz.com\/?p=82056","og_site_name":"Los pol\u00edticos Veracruz","article_publisher":"https:\/\/www.facebook.com\/people\/Notimemes-de-los-Polticos\/61565672886568\/","article_published_time":"2021-11-18T13:50:21+00:00","article_modified_time":"2021-11-18T13:50:27+00:00","og_image":[{"width":600,"height":320,"url":"https:\/\/lospoliticosveracruz.com\/wp-content\/uploads\/2021\/11\/Cuic-6.jpg","type":"image\/jpeg"}],"author":"Lo viste en Los Pol\u00edticos","twitter_card":"summary_large_image","twitter_creator":"@LosPoliticosVer","twitter_site":"@LosPoliticosVer","twitter_misc":{"Escrito por":"Lo viste en Los Pol\u00edticos","Tiempo de lectura":"5 minutos"},"schema":{"@context":"https:\/\/schema.org","@graph":[{"@type":"Article","@id":"https:\/\/lospoliticosveracruz.com\/?p=82056#article","isPartOf":{"@id":"https:\/\/lospoliticosveracruz.com\/?p=82056"},"author":{"name":"Lo viste en Los Pol\u00edticos","@id":"https:\/\/lospoliticosveracruz.com\/#\/schema\/person\/b8702bb0e538456e6efd07080bf2a4a2"},"headline":"Oposici\u00f3n, como los mariachis","datePublished":"2021-11-18T13:50:21+00:00","dateModified":"2021-11-18T13:50:27+00:00","mainEntityOfPage":{"@id":"https:\/\/lospoliticosveracruz.com\/?p=82056"},"wordCount":1059,"publisher":{"@id":"https:\/\/lospoliticosveracruz.com\/#organization"},"image":{"@id":"https:\/\/lospoliticosveracruz.com\/?p=82056#primaryimage"},"thumbnailUrl":"https:\/\/lospoliticosveracruz.com\/wp-content\/uploads\/2021\/11\/Cuic-6.jpg","keywords":["Boca del R\u00edo","Cuitl\u00e1huac Garc\u00eda Jim\u00e9nez","Joaqu\u00edn Guzm\u00e1n \u00c1viles","Jos\u00e9 Manuel Pozos Castro","Juan Manuel D\u00edez Francos","Luis Humberto Tejeda Taibo","Morena","PAN","Ricardo Ch\u00faa","Roc\u00edo Nahle","Sener","TEPJF","Veracruz"],"articleSection":["De Opini\u00f3n"],"inLanguage":"es"},{"@type":"WebPage","@id":"https:\/\/lospoliticosveracruz.com\/?p=82056","url":"https:\/\/lospoliticosveracruz.com\/?p=82056","name":"Oposici\u00f3n, como los mariachis - Los pol\u00edticos Veracruz","isPartOf":{"@id":"https:\/\/lospoliticosveracruz.com\/#website"},"primaryImageOfPage":{"@id":"https:\/\/lospoliticosveracruz.com\/?p=82056#primaryimage"},"image":{"@id":"https:\/\/lospoliticosveracruz.com\/?p=82056#primaryimage"},"thumbnailUrl":"https:\/\/lospoliticosveracruz.com\/wp-content\/uploads\/2021\/11\/Cuic-6.jpg","datePublished":"2021-11-18T13:50:21+00:00","dateModified":"2021-11-18T13:50:27+00:00","breadcrumb":{"@id":"https:\/\/lospoliticosveracruz.com\/?p=82056#breadcrumb"},"inLanguage":"es","potentialAction":[{"@type":"ReadAction","target":["https:\/\/lospoliticosveracruz.com\/?p=82056"]}]},{"@type":"ImageObject","inLanguage":"es","@id":"https:\/\/lospoliticosveracruz.com\/?p=82056#primaryimage","url":"https:\/\/lospoliticosveracruz.com\/wp-content\/uploads\/2021\/11\/Cuic-6.jpg","contentUrl":"https:\/\/lospoliticosveracruz.com\/wp-content\/uploads\/2021\/11\/Cuic-6.jpg","width":600,"height":320},{"@type":"BreadcrumbList","@id":"https:\/\/lospoliticosveracruz.com\/?p=82056#breadcrumb","itemListElement":[{"@type":"ListItem","position":1,"name":"Portada","item":"https:\/\/lospoliticosveracruz.com\/"},{"@type":"ListItem","position":2,"name":"Oposici\u00f3n, como los mariachis"}]},{"@type":"WebSite","@id":"https:\/\/lospoliticosveracruz.com\/#website","url":"https:\/\/lospoliticosveracruz.com\/","name":"Los pol\u00edticos Veracruz","description":"","publisher":{"@id":"https:\/\/lospoliticosveracruz.com\/#organization"},"potentialAction":[{"@type":"SearchAction","target":{"@type":"EntryPoint","urlTemplate":"https:\/\/lospoliticosveracruz.com\/?s={search_term_string}"},"query-input":{"@type":"PropertyValueSpecification","valueRequired":true,"valueName":"search_term_string"}}],"inLanguage":"es"},{"@type":"Organization","@id":"https:\/\/lospoliticosveracruz.com\/#organization","name":"Los pol\u00edticos Veracruz","url":"https:\/\/lospoliticosveracruz.com\/","logo":{"@type":"ImageObject","inLanguage":"es","@id":"https:\/\/lospoliticosveracruz.com\/#\/schema\/logo\/image\/","url":"https:\/\/lospoliticosveracruz.com\/wp-content\/uploads\/2025\/12\/Logo-Nuevo-LOS-POLITICOS-1.jpg","contentUrl":"https:\/\/lospoliticosveracruz.com\/wp-content\/uploads\/2025\/12\/Logo-Nuevo-LOS-POLITICOS-1.jpg","width":260,"height":70,"caption":"Los pol\u00edticos Veracruz"},"image":{"@id":"https:\/\/lospoliticosveracruz.com\/#\/schema\/logo\/image\/"},"sameAs":["https:\/\/www.facebook.com\/people\/Notimemes-de-los-Polticos\/61565672886568\/","https:\/\/x.com\/LosPoliticosVer"]},{"@type":"Person","@id":"https:\/\/lospoliticosveracruz.com\/#\/schema\/person\/b8702bb0e538456e6efd07080bf2a4a2","name":"Lo viste en Los Pol\u00edticos","image":{"@type":"ImageObject","inLanguage":"es","@id":"https:\/\/secure.gravatar.com\/avatar\/3a8de04a2656d44082be478bd6c086daa447c4651605818287b9532d3d0bd435?s=96&d=mm&r=g","url":"https:\/\/secure.gravatar.com\/avatar\/3a8de04a2656d44082be478bd6c086daa447c4651605818287b9532d3d0bd435?s=96&d=mm&r=g","contentUrl":"https:\/\/secure.gravatar.com\/avatar\/3a8de04a2656d44082be478bd6c086daa447c4651605818287b9532d3d0bd435?s=96&d=mm&r=g","caption":"Lo viste en Los Pol\u00edticos"},"url":"https:\/\/lospoliticosveracruz.com\/?author=2"}]}},"_links":{"self":[{"href":"https:\/\/lospoliticosveracruz.com\/index.php?rest_route=\/wp\/v2\/posts\/82056","targetHints":{"allow":["GET"]}}],"collection":[{"href":"https:\/\/lospoliticosveracruz.com\/index.php?rest_route=\/wp\/v2\/posts"}],"about":[{"href":"https:\/\/lospoliticosveracruz.com\/index.php?rest_route=\/wp\/v2\/types\/post"}],"author":[{"embeddable":true,"href":"https:\/\/lospoliticosveracruz.com\/index.php?rest_route=\/wp\/v2\/users\/2"}],"replies":[{"embeddable":true,"href":"https:\/\/lospoliticosveracruz.com\/index.php?rest_route=%2Fwp%2Fv2%2Fcomments&post=82056"}],"version-history":[{"count":1,"href":"https:\/\/lospoliticosveracruz.com\/index.php?rest_route=\/wp\/v2\/posts\/82056\/revisions"}],"predecessor-version":[{"id":82058,"href":"https:\/\/lospoliticosveracruz.com\/index.php?rest_route=\/wp\/v2\/posts\/82056\/revisions\/82058"}],"wp:featuredmedia":[{"embeddable":true,"href":"https:\/\/lospoliticosveracruz.com\/index.php?rest_route=\/wp\/v2\/media\/82057"}],"wp:attachment":[{"href":"https:\/\/lospoliticosveracruz.com\/index.php?rest_route=%2Fwp%2Fv2%2Fmedia&parent=82056"}],"wp:term":[{"taxonomy":"category","embeddable":true,"href":"https:\/\/lospoliticosveracruz.com\/index.php?rest_route=%2Fwp%2Fv2%2Fcategories&post=82056"},{"taxonomy":"post_tag","embeddable":true,"href":"https:\/\/lospoliticosveracruz.com\/index.php?rest_route=%2Fwp%2Fv2%2Ftags&post=82056"}],"curies":[{"name":"wp","href":"https:\/\/api.w.org\/{rel}","templated":true}]}}