{"id":82066,"date":"2021-11-18T10:57:05","date_gmt":"2021-11-18T16:57:05","guid":{"rendered":"https:\/\/lospoliticosveracruz.com.mx\/?p=82066"},"modified":"2021-11-18T10:57:12","modified_gmt":"2021-11-18T16:57:12","slug":"no-entienden-que-no-entienden","status":"publish","type":"post","link":"https:\/\/lospoliticosveracruz.com\/?p=82066","title":{"rendered":"No entienden que no entienden"},"content":{"rendered":"\n<p><\/p>\n\n\n\n<p><strong>M\u00f3nica Mendoza Madrigal<br><\/strong><em>La Agenda De Las Mujeres<\/em><\/p>\n\n\n\n<p><\/p>\n\n\n\n<p>La frase \u201cno entienden que no entienden\u201d es una expresi\u00f3n que solemos usar las feministas cuando estamos frente a un ejemplo vivo de misoginia o de miop\u00eda patriarcal; de \u00e9sas que ameritan que nos miremos a los ojos sin necesidad de pronunciar palabra y elevemos las cejas ante la inmundicia que acabamos de constatar.<br>Ejemplos hay muchos. Refiramos algunos.<br>La paridad lleg\u00f3 para quedarse. En realidad, era inminente su aprobaci\u00f3n y posterior puesta en vigor. Nadie puede llamarse sorprendido, porque el camino ha sido largo y hemos venido hilvanando el territorio con el sistema de cuotas que debi\u00f3 haberles dado una pista de que no seguir\u00edan siendo los \u00fanicos due\u00f1os de la cancha pol\u00edtica.<br>Pero ya saben, la misoginia les hace creer que los cargos p\u00fablicos tienen su nombre y entonces buscan todas las excusas para incumplir con lo inevitable. \u00bfRecuerdan lo absurdo de la oposici\u00f3n de la Jucopo en el Senado a que las candidaturas a la gubernatura fueran paritarias? o \u00bfel caso de los falsos \u201ctrans\u201d, en que 18 hombres trataron de hacerse pasar por integrantes del colectivo LGBTI+ para ocupar candidaturas interseccionales en Tlaxcala?<br>A estas joyas medievales hay que a\u00f1adir complementos como los incre\u00edblemente a\u00fan existentes foros en donde los \u201cclubes de Toby\u201d se re\u00fanen para discutir asuntos p\u00fablicos sin una sola mujer, con argumentos tan arcaicos como que \u201cno hay mujeres para hablar de esos temas\u201d o que \u201clas mujeres se pelean y los hombres s\u00ed nos ponemos de acuerdo\u201d.<br>Pues s\u00ed. El poder patriarcal sostiene pactos patriarcales y como las mujeres \u2013no todas\u2013 ponemos en duda esos pactos, pues entonces impulsamos otra forma de liderazgo que cuesta trabajo construir. Pero que no quieran parecer ahora los m\u00e1s conciliadores del mundo, porque a la hora de arrebatarse el poder, los golpes bajos est\u00e1n al orden del d\u00eda.<br>As\u00ed que las mujeres debemos estar presentes en todas las reuniones, grupos, eventos y actos en donde se discutan asuntos p\u00fablicos y m\u00e1s a\u00fan si esos asuntos impactan a la vida de otras mujeres. Y ya de paso, tambi\u00e9n desmitifiquemos eso de los conflictos, porque la historia de la humanidad es la mejor evidencia de que la testosterona no es un ingrediente que garantice la construcci\u00f3n de paz y la consolidaci\u00f3n de acuerdos.<br>\u00bfQu\u00e9 parte de que la paridad implica que las mujeres debemos estar presentes en la mitad de todo no han entendido?<br>Pensaba escribir mi columna de otro tema, pero en los d\u00edas recientes he atestiguado algunas situaciones que me parecen dignas de mi mejor sarcasmo. Sujetos que se congratulan de ser machistas, que siguen pensando que los conservadurismos les dar\u00e1n votos cuando ni siquiera han hecho un an\u00e1lisis del mercado electoral real y por tanto ignoran la fuerza que significa el voto de las mujeres. O bien, los que utilizan a mujeres para hacerse pasar por aliados del feminismo cuando con esos actos, lo que en realidad est\u00e1n haciendo es violentarnos.<br>Y peor a\u00fan, hombres que hacen creer a las mujeres que nuestra agenda, nuestras necesidades, nuestros planteamientos les importan\u2026.cada d\u00eda 25 de mes, pero el resto del tiempo se empe\u00f1an en mostrar el escaso compromiso con un maremoto de fuerza pujante.<br>Es tiempo de las mujeres y este momento es irreversible. No hay \u00e1mbito, sector, espacio que pueda estar al margen de la irrupci\u00f3n p\u00fablica de la presencia femenina.<br>Pero no solo la paridad es el sello de estos tiempos. Los acosos, los hostigamientos, las violencias, las discriminaciones son el ejemplo vivo de lo que ya no tiene lugar en el nuevo ejercicio de relacionarnos socialmente y son la evidencia t\u00e1cita de lo que ya no estamos dispuestas a soportar.<br>El \u201cMe Too\u201d lo dej\u00f3 muy claro y no hubo agresor ni grande ni chiquito que pudiera esconderse del se\u00f1alamiento p\u00fablico. Ah\u00ed, a donde la ley a veces no llega porque opera con la discrecionalidad que los pactos patriarcales han establecido, las mujeres han encontrado que denunciar p\u00fablicamente, exhibir, se\u00f1alar es una prerrogativa que obra en su beneficio para tratar de frenar la oleada sin fin de las violencias que han vivido.<br>As\u00ed que el que a\u00fan haya sujetos que buscan que \u201csigamos platicando este tema en un lugar m\u00e1s c\u00f3modo\u201d o que pretendan obtener alg\u00fan beneficio sexual a cambio de una gesti\u00f3n o una excepci\u00f3n, simplemente no han entendido nada.<br>Las organizaciones han ido asumiendo poco a poco los cambios de forma y de fondo que implica la construcci\u00f3n de la igualdad y el combate efectivo a todas las formas de violencia. Las instituciones, empresas y sindicatos se est\u00e1n tardando mucho m\u00e1s en el proceso de desmontar las pr\u00e1cticas violentadoras y patriarcales en las que han fincado su operaci\u00f3n cotidiana, porque en esos \u00e1mbitos la represalia m\u00e1s recurrente es la que amenaza su permanencia y continuidad laboral, pero a pesar de ello, con una valent\u00eda infinita, mujeres en todos los espacios est\u00e1n atrevi\u00e9ndose a decir \u00a1ya basta!<br>Como con la extinci\u00f3n de los dinosaurios, la misoginia patriarcal impone sus resistencias y se niega a ver lo que es obvio y ya est\u00e1 aqu\u00ed.<br>No entienden que no entienden. Pero la certeza de la inminencia de su propia ca\u00edda les llevar\u00e1 a hacerlo.<\/p>\n\n\n\n<p>@MonicaMendozaM <\/p>\n","protected":false},"excerpt":{"rendered":"<p>M\u00f3nica Mendoza MadrigalLa Agenda De Las Mujeres La frase \u201cno entienden que no entienden\u201d es una expresi\u00f3n que solemos usar las feministas cuando estamos frente a un ejemplo vivo de misoginia o de miop\u00eda patriarcal; de \u00e9sas que ameritan que nos miremos a los ojos sin necesidad de pronunciar palabra y elevemos las cejas ante [&hellip;]<\/p>\n","protected":false},"author":2,"featured_media":82067,"comment_status":"closed","ping_status":"closed","sticky":false,"template":"","format":"standard","meta":{"tdm_status":"","tdm_grid_status":"","footnotes":""},"categories":[70],"tags":[9418,13921,4842,711],"class_list":{"0":"post-82066","1":"post","2":"type-post","3":"status-publish","4":"format-standard","5":"has-post-thumbnail","7":"category-de-opinion","8":"tag-jucopo","9":"tag-monica-mendoza-madrigal","10":"tag-paridad","11":"tag-senado"},"yoast_head":"<!-- This site is optimized with the Yoast SEO plugin v27.4 - https:\/\/yoast.com\/product\/yoast-seo-wordpress\/ -->\n<title>No entienden que no entienden - Los pol\u00edticos Veracruz<\/title>\n<meta name=\"robots\" content=\"index, follow, max-snippet:-1, max-image-preview:large, max-video-preview:-1\" \/>\n<link rel=\"canonical\" href=\"https:\/\/lospoliticosveracruz.com\/?p=82066\" \/>\n<meta property=\"og:locale\" content=\"es_ES\" \/>\n<meta property=\"og:type\" content=\"article\" \/>\n<meta property=\"og:title\" content=\"No entienden que no entienden - Los pol\u00edticos Veracruz\" \/>\n<meta property=\"og:description\" content=\"M\u00f3nica Mendoza MadrigalLa Agenda De Las Mujeres La frase \u201cno entienden que no entienden\u201d es una expresi\u00f3n que solemos usar las feministas cuando estamos frente a un ejemplo vivo de misoginia o de miop\u00eda patriarcal; de \u00e9sas que ameritan que nos miremos a los ojos sin necesidad de pronunciar palabra y elevemos las cejas ante [&hellip;]\" \/>\n<meta property=\"og:url\" content=\"https:\/\/lospoliticosveracruz.com\/?p=82066\" \/>\n<meta property=\"og:site_name\" content=\"Los pol\u00edticos Veracruz\" \/>\n<meta property=\"article:publisher\" content=\"https:\/\/www.facebook.com\/people\/Notimemes-de-los-Polticos\/61565672886568\/\" \/>\n<meta property=\"article:published_time\" content=\"2021-11-18T16:57:05+00:00\" \/>\n<meta property=\"article:modified_time\" content=\"2021-11-18T16:57:12+00:00\" \/>\n<meta property=\"og:image\" content=\"https:\/\/lospoliticosveracruz.com\/wp-content\/uploads\/2021\/11\/Paridad.jpg\" \/>\n\t<meta property=\"og:image:width\" content=\"600\" \/>\n\t<meta property=\"og:image:height\" content=\"320\" \/>\n\t<meta property=\"og:image:type\" content=\"image\/jpeg\" \/>\n<meta name=\"author\" content=\"Lo viste en Los Pol\u00edticos\" \/>\n<meta name=\"twitter:card\" content=\"summary_large_image\" \/>\n<meta name=\"twitter:creator\" content=\"@LosPoliticosVer\" \/>\n<meta name=\"twitter:site\" content=\"@LosPoliticosVer\" \/>\n<meta name=\"twitter:label1\" content=\"Escrito por\" \/>\n\t<meta name=\"twitter:data1\" content=\"Lo viste en Los Pol\u00edticos\" \/>\n\t<meta name=\"twitter:label2\" content=\"Tiempo de lectura\" \/>\n\t<meta name=\"twitter:data2\" content=\"5 minutos\" \/>\n<script type=\"application\/ld+json\" class=\"yoast-schema-graph\">{\"@context\":\"https:\\\/\\\/schema.org\",\"@graph\":[{\"@type\":\"Article\",\"@id\":\"https:\\\/\\\/lospoliticosveracruz.com\\\/?p=82066#article\",\"isPartOf\":{\"@id\":\"https:\\\/\\\/lospoliticosveracruz.com\\\/?p=82066\"},\"author\":{\"name\":\"Lo viste en Los Pol\u00edticos\",\"@id\":\"https:\\\/\\\/lospoliticosveracruz.com\\\/#\\\/schema\\\/person\\\/b8702bb0e538456e6efd07080bf2a4a2\"},\"headline\":\"No entienden que no entienden\",\"datePublished\":\"2021-11-18T16:57:05+00:00\",\"dateModified\":\"2021-11-18T16:57:12+00:00\",\"mainEntityOfPage\":{\"@id\":\"https:\\\/\\\/lospoliticosveracruz.com\\\/?p=82066\"},\"wordCount\":926,\"publisher\":{\"@id\":\"https:\\\/\\\/lospoliticosveracruz.com\\\/#organization\"},\"image\":{\"@id\":\"https:\\\/\\\/lospoliticosveracruz.com\\\/?p=82066#primaryimage\"},\"thumbnailUrl\":\"https:\\\/\\\/lospoliticosveracruz.com\\\/wp-content\\\/uploads\\\/2021\\\/11\\\/Paridad.jpg\",\"keywords\":[\"Jucopo\",\"M\u00f3nica Mendoza Madrigal\",\"paridad\",\"Senado\"],\"articleSection\":[\"De Opini\u00f3n\"],\"inLanguage\":\"es\"},{\"@type\":\"WebPage\",\"@id\":\"https:\\\/\\\/lospoliticosveracruz.com\\\/?p=82066\",\"url\":\"https:\\\/\\\/lospoliticosveracruz.com\\\/?p=82066\",\"name\":\"No entienden que no entienden - Los pol\u00edticos Veracruz\",\"isPartOf\":{\"@id\":\"https:\\\/\\\/lospoliticosveracruz.com\\\/#website\"},\"primaryImageOfPage\":{\"@id\":\"https:\\\/\\\/lospoliticosveracruz.com\\\/?p=82066#primaryimage\"},\"image\":{\"@id\":\"https:\\\/\\\/lospoliticosveracruz.com\\\/?p=82066#primaryimage\"},\"thumbnailUrl\":\"https:\\\/\\\/lospoliticosveracruz.com\\\/wp-content\\\/uploads\\\/2021\\\/11\\\/Paridad.jpg\",\"datePublished\":\"2021-11-18T16:57:05+00:00\",\"dateModified\":\"2021-11-18T16:57:12+00:00\",\"breadcrumb\":{\"@id\":\"https:\\\/\\\/lospoliticosveracruz.com\\\/?p=82066#breadcrumb\"},\"inLanguage\":\"es\",\"potentialAction\":[{\"@type\":\"ReadAction\",\"target\":[\"https:\\\/\\\/lospoliticosveracruz.com\\\/?p=82066\"]}]},{\"@type\":\"ImageObject\",\"inLanguage\":\"es\",\"@id\":\"https:\\\/\\\/lospoliticosveracruz.com\\\/?p=82066#primaryimage\",\"url\":\"https:\\\/\\\/lospoliticosveracruz.com\\\/wp-content\\\/uploads\\\/2021\\\/11\\\/Paridad.jpg\",\"contentUrl\":\"https:\\\/\\\/lospoliticosveracruz.com\\\/wp-content\\\/uploads\\\/2021\\\/11\\\/Paridad.jpg\",\"width\":600,\"height\":320},{\"@type\":\"BreadcrumbList\",\"@id\":\"https:\\\/\\\/lospoliticosveracruz.com\\\/?p=82066#breadcrumb\",\"itemListElement\":[{\"@type\":\"ListItem\",\"position\":1,\"name\":\"Portada\",\"item\":\"https:\\\/\\\/lospoliticosveracruz.com\\\/\"},{\"@type\":\"ListItem\",\"position\":2,\"name\":\"No entienden que no entienden\"}]},{\"@type\":\"WebSite\",\"@id\":\"https:\\\/\\\/lospoliticosveracruz.com\\\/#website\",\"url\":\"https:\\\/\\\/lospoliticosveracruz.com\\\/\",\"name\":\"Los pol\u00edticos Veracruz\",\"description\":\"\",\"publisher\":{\"@id\":\"https:\\\/\\\/lospoliticosveracruz.com\\\/#organization\"},\"potentialAction\":[{\"@type\":\"SearchAction\",\"target\":{\"@type\":\"EntryPoint\",\"urlTemplate\":\"https:\\\/\\\/lospoliticosveracruz.com\\\/?s={search_term_string}\"},\"query-input\":{\"@type\":\"PropertyValueSpecification\",\"valueRequired\":true,\"valueName\":\"search_term_string\"}}],\"inLanguage\":\"es\"},{\"@type\":\"Organization\",\"@id\":\"https:\\\/\\\/lospoliticosveracruz.com\\\/#organization\",\"name\":\"Los pol\u00edticos Veracruz\",\"url\":\"https:\\\/\\\/lospoliticosveracruz.com\\\/\",\"logo\":{\"@type\":\"ImageObject\",\"inLanguage\":\"es\",\"@id\":\"https:\\\/\\\/lospoliticosveracruz.com\\\/#\\\/schema\\\/logo\\\/image\\\/\",\"url\":\"https:\\\/\\\/lospoliticosveracruz.com\\\/wp-content\\\/uploads\\\/2025\\\/12\\\/Logo-Nuevo-LOS-POLITICOS-1.jpg\",\"contentUrl\":\"https:\\\/\\\/lospoliticosveracruz.com\\\/wp-content\\\/uploads\\\/2025\\\/12\\\/Logo-Nuevo-LOS-POLITICOS-1.jpg\",\"width\":260,\"height\":70,\"caption\":\"Los pol\u00edticos Veracruz\"},\"image\":{\"@id\":\"https:\\\/\\\/lospoliticosveracruz.com\\\/#\\\/schema\\\/logo\\\/image\\\/\"},\"sameAs\":[\"https:\\\/\\\/www.facebook.com\\\/people\\\/Notimemes-de-los-Polticos\\\/61565672886568\\\/\",\"https:\\\/\\\/x.com\\\/LosPoliticosVer\"]},{\"@type\":\"Person\",\"@id\":\"https:\\\/\\\/lospoliticosveracruz.com\\\/#\\\/schema\\\/person\\\/b8702bb0e538456e6efd07080bf2a4a2\",\"name\":\"Lo viste en Los Pol\u00edticos\",\"image\":{\"@type\":\"ImageObject\",\"inLanguage\":\"es\",\"@id\":\"https:\\\/\\\/secure.gravatar.com\\\/avatar\\\/3a8de04a2656d44082be478bd6c086daa447c4651605818287b9532d3d0bd435?s=96&d=mm&r=g\",\"url\":\"https:\\\/\\\/secure.gravatar.com\\\/avatar\\\/3a8de04a2656d44082be478bd6c086daa447c4651605818287b9532d3d0bd435?s=96&d=mm&r=g\",\"contentUrl\":\"https:\\\/\\\/secure.gravatar.com\\\/avatar\\\/3a8de04a2656d44082be478bd6c086daa447c4651605818287b9532d3d0bd435?s=96&d=mm&r=g\",\"caption\":\"Lo viste en Los Pol\u00edticos\"},\"url\":\"https:\\\/\\\/lospoliticosveracruz.com\\\/?author=2\"}]}<\/script>\n<!-- \/ Yoast SEO plugin. -->","yoast_head_json":{"title":"No entienden que no entienden - Los pol\u00edticos Veracruz","robots":{"index":"index","follow":"follow","max-snippet":"max-snippet:-1","max-image-preview":"max-image-preview:large","max-video-preview":"max-video-preview:-1"},"canonical":"https:\/\/lospoliticosveracruz.com\/?p=82066","og_locale":"es_ES","og_type":"article","og_title":"No entienden que no entienden - Los pol\u00edticos Veracruz","og_description":"M\u00f3nica Mendoza MadrigalLa Agenda De Las Mujeres La frase \u201cno entienden que no entienden\u201d es una expresi\u00f3n que solemos usar las feministas cuando estamos frente a un ejemplo vivo de misoginia o de miop\u00eda patriarcal; de \u00e9sas que ameritan que nos miremos a los ojos sin necesidad de pronunciar palabra y elevemos las cejas ante [&hellip;]","og_url":"https:\/\/lospoliticosveracruz.com\/?p=82066","og_site_name":"Los pol\u00edticos Veracruz","article_publisher":"https:\/\/www.facebook.com\/people\/Notimemes-de-los-Polticos\/61565672886568\/","article_published_time":"2021-11-18T16:57:05+00:00","article_modified_time":"2021-11-18T16:57:12+00:00","og_image":[{"width":600,"height":320,"url":"https:\/\/lospoliticosveracruz.com\/wp-content\/uploads\/2021\/11\/Paridad.jpg","type":"image\/jpeg"}],"author":"Lo viste en Los Pol\u00edticos","twitter_card":"summary_large_image","twitter_creator":"@LosPoliticosVer","twitter_site":"@LosPoliticosVer","twitter_misc":{"Escrito por":"Lo viste en Los Pol\u00edticos","Tiempo de lectura":"5 minutos"},"schema":{"@context":"https:\/\/schema.org","@graph":[{"@type":"Article","@id":"https:\/\/lospoliticosveracruz.com\/?p=82066#article","isPartOf":{"@id":"https:\/\/lospoliticosveracruz.com\/?p=82066"},"author":{"name":"Lo viste en Los Pol\u00edticos","@id":"https:\/\/lospoliticosveracruz.com\/#\/schema\/person\/b8702bb0e538456e6efd07080bf2a4a2"},"headline":"No entienden que no entienden","datePublished":"2021-11-18T16:57:05+00:00","dateModified":"2021-11-18T16:57:12+00:00","mainEntityOfPage":{"@id":"https:\/\/lospoliticosveracruz.com\/?p=82066"},"wordCount":926,"publisher":{"@id":"https:\/\/lospoliticosveracruz.com\/#organization"},"image":{"@id":"https:\/\/lospoliticosveracruz.com\/?p=82066#primaryimage"},"thumbnailUrl":"https:\/\/lospoliticosveracruz.com\/wp-content\/uploads\/2021\/11\/Paridad.jpg","keywords":["Jucopo","M\u00f3nica Mendoza Madrigal","paridad","Senado"],"articleSection":["De Opini\u00f3n"],"inLanguage":"es"},{"@type":"WebPage","@id":"https:\/\/lospoliticosveracruz.com\/?p=82066","url":"https:\/\/lospoliticosveracruz.com\/?p=82066","name":"No entienden que no entienden - Los pol\u00edticos Veracruz","isPartOf":{"@id":"https:\/\/lospoliticosveracruz.com\/#website"},"primaryImageOfPage":{"@id":"https:\/\/lospoliticosveracruz.com\/?p=82066#primaryimage"},"image":{"@id":"https:\/\/lospoliticosveracruz.com\/?p=82066#primaryimage"},"thumbnailUrl":"https:\/\/lospoliticosveracruz.com\/wp-content\/uploads\/2021\/11\/Paridad.jpg","datePublished":"2021-11-18T16:57:05+00:00","dateModified":"2021-11-18T16:57:12+00:00","breadcrumb":{"@id":"https:\/\/lospoliticosveracruz.com\/?p=82066#breadcrumb"},"inLanguage":"es","potentialAction":[{"@type":"ReadAction","target":["https:\/\/lospoliticosveracruz.com\/?p=82066"]}]},{"@type":"ImageObject","inLanguage":"es","@id":"https:\/\/lospoliticosveracruz.com\/?p=82066#primaryimage","url":"https:\/\/lospoliticosveracruz.com\/wp-content\/uploads\/2021\/11\/Paridad.jpg","contentUrl":"https:\/\/lospoliticosveracruz.com\/wp-content\/uploads\/2021\/11\/Paridad.jpg","width":600,"height":320},{"@type":"BreadcrumbList","@id":"https:\/\/lospoliticosveracruz.com\/?p=82066#breadcrumb","itemListElement":[{"@type":"ListItem","position":1,"name":"Portada","item":"https:\/\/lospoliticosveracruz.com\/"},{"@type":"ListItem","position":2,"name":"No entienden que no entienden"}]},{"@type":"WebSite","@id":"https:\/\/lospoliticosveracruz.com\/#website","url":"https:\/\/lospoliticosveracruz.com\/","name":"Los pol\u00edticos Veracruz","description":"","publisher":{"@id":"https:\/\/lospoliticosveracruz.com\/#organization"},"potentialAction":[{"@type":"SearchAction","target":{"@type":"EntryPoint","urlTemplate":"https:\/\/lospoliticosveracruz.com\/?s={search_term_string}"},"query-input":{"@type":"PropertyValueSpecification","valueRequired":true,"valueName":"search_term_string"}}],"inLanguage":"es"},{"@type":"Organization","@id":"https:\/\/lospoliticosveracruz.com\/#organization","name":"Los pol\u00edticos Veracruz","url":"https:\/\/lospoliticosveracruz.com\/","logo":{"@type":"ImageObject","inLanguage":"es","@id":"https:\/\/lospoliticosveracruz.com\/#\/schema\/logo\/image\/","url":"https:\/\/lospoliticosveracruz.com\/wp-content\/uploads\/2025\/12\/Logo-Nuevo-LOS-POLITICOS-1.jpg","contentUrl":"https:\/\/lospoliticosveracruz.com\/wp-content\/uploads\/2025\/12\/Logo-Nuevo-LOS-POLITICOS-1.jpg","width":260,"height":70,"caption":"Los pol\u00edticos Veracruz"},"image":{"@id":"https:\/\/lospoliticosveracruz.com\/#\/schema\/logo\/image\/"},"sameAs":["https:\/\/www.facebook.com\/people\/Notimemes-de-los-Polticos\/61565672886568\/","https:\/\/x.com\/LosPoliticosVer"]},{"@type":"Person","@id":"https:\/\/lospoliticosveracruz.com\/#\/schema\/person\/b8702bb0e538456e6efd07080bf2a4a2","name":"Lo viste en Los Pol\u00edticos","image":{"@type":"ImageObject","inLanguage":"es","@id":"https:\/\/secure.gravatar.com\/avatar\/3a8de04a2656d44082be478bd6c086daa447c4651605818287b9532d3d0bd435?s=96&d=mm&r=g","url":"https:\/\/secure.gravatar.com\/avatar\/3a8de04a2656d44082be478bd6c086daa447c4651605818287b9532d3d0bd435?s=96&d=mm&r=g","contentUrl":"https:\/\/secure.gravatar.com\/avatar\/3a8de04a2656d44082be478bd6c086daa447c4651605818287b9532d3d0bd435?s=96&d=mm&r=g","caption":"Lo viste en Los Pol\u00edticos"},"url":"https:\/\/lospoliticosveracruz.com\/?author=2"}]}},"_links":{"self":[{"href":"https:\/\/lospoliticosveracruz.com\/index.php?rest_route=\/wp\/v2\/posts\/82066","targetHints":{"allow":["GET"]}}],"collection":[{"href":"https:\/\/lospoliticosveracruz.com\/index.php?rest_route=\/wp\/v2\/posts"}],"about":[{"href":"https:\/\/lospoliticosveracruz.com\/index.php?rest_route=\/wp\/v2\/types\/post"}],"author":[{"embeddable":true,"href":"https:\/\/lospoliticosveracruz.com\/index.php?rest_route=\/wp\/v2\/users\/2"}],"replies":[{"embeddable":true,"href":"https:\/\/lospoliticosveracruz.com\/index.php?rest_route=%2Fwp%2Fv2%2Fcomments&post=82066"}],"version-history":[{"count":1,"href":"https:\/\/lospoliticosveracruz.com\/index.php?rest_route=\/wp\/v2\/posts\/82066\/revisions"}],"predecessor-version":[{"id":82068,"href":"https:\/\/lospoliticosveracruz.com\/index.php?rest_route=\/wp\/v2\/posts\/82066\/revisions\/82068"}],"wp:featuredmedia":[{"embeddable":true,"href":"https:\/\/lospoliticosveracruz.com\/index.php?rest_route=\/wp\/v2\/media\/82067"}],"wp:attachment":[{"href":"https:\/\/lospoliticosveracruz.com\/index.php?rest_route=%2Fwp%2Fv2%2Fmedia&parent=82066"}],"wp:term":[{"taxonomy":"category","embeddable":true,"href":"https:\/\/lospoliticosveracruz.com\/index.php?rest_route=%2Fwp%2Fv2%2Fcategories&post=82066"},{"taxonomy":"post_tag","embeddable":true,"href":"https:\/\/lospoliticosveracruz.com\/index.php?rest_route=%2Fwp%2Fv2%2Ftags&post=82066"}],"curies":[{"name":"wp","href":"https:\/\/api.w.org\/{rel}","templated":true}]}}