{"id":82083,"date":"2021-11-18T14:53:25","date_gmt":"2021-11-18T20:53:25","guid":{"rendered":"https:\/\/lospoliticosveracruz.com.mx\/?p=82083"},"modified":"2021-11-18T14:53:31","modified_gmt":"2021-11-18T20:53:31","slug":"remediar-la-pandemia-del-olvido-en-los-pueblos-indigenas","status":"publish","type":"post","link":"https:\/\/lospoliticosveracruz.com\/?p=82083","title":{"rendered":"Remediar la pandemia del olvido en los pueblos ind\u00edgenas"},"content":{"rendered":"\n<p><strong>Alan Sayago Ram\u00edrez<\/strong><\/p>\n\n\n\n<p><\/p>\n\n\n\n<p>Han pasado dos a\u00f1os de que se report\u00f3 el primer paciente con COVID-19 en el mundo, lejos quedo el mensaje en septiembre de 2019, de la Organizaci\u00f3n Mundial de la Salud (OMS) donde expresaba que \u00abten\u00edamos que prepararnos para lo peor\u00bb, lastimosamente pocos meses despu\u00e9s, esta alerta se hizo realidad, con la pandemia hemos aprendido mucho o poco, pero nos hizo part\u00edcipes a todas y todos, el virus SARS-CoV-2 sin duda nos hizo reflexionar sobre la salud y el c\u00f3mo ve\u00edamos la vida.<\/p>\n\n\n\n<div class=\"wp-block-image\"><figure class=\"alignleft size-full is-resized\"><a href=\"https:\/\/lospoliticosveracruz.com.mx\/wp-content\/uploads\/2021\/10\/Zacauilt.jpg\"><img loading=\"lazy\" decoding=\"async\" src=\"https:\/\/lospoliticosveracruz.com.mx\/wp-content\/uploads\/2021\/10\/Zacauilt.jpg\" alt=\"\" class=\"wp-image-80558\" width=\"250\" height=\"500\"\/><\/a><\/figure><\/div>\n\n\n\n<p>La enfermedad r\u00e1pidamente se disemin\u00f3 por el mundo desde inicios del a\u00f1o pasado y poco a poco fue causando estragos en la salud y dejando m\u00e1s de 4 millones de defunciones, Am\u00e9rica latina se convirti\u00f3 en el epicentro de la nueva pandemia, naciones como Brasil, Per\u00fa, Colombia, M\u00e9xico, Argentina y Chile registraron el mayor n\u00famero de contagiados y fallecidos por el COVID-19.<\/p>\n\n\n\n<p>Dejando cifras alarmantes y una crisis sociosanitaria por la amplias desigualdades sociales y econ\u00f3micas que caracterizan a gran parte del continente. Sin embargo, el mayor impacto lo han sufrido los sectores de la sociedad que, hist\u00f3ricamente, han quedado excluidos, estos son los pueblos ind\u00edgenas, los cuales constituyen m\u00e1s del 6% de la poblaci\u00f3n mundial manifiesta la Organizaci\u00f3n de las Naciones Unidas en el documento \u00abPueblos ind\u00edgenas y la pandemia del covid-19: consideraciones\u00bb.<\/p>\n\n\n\n<p>Los pueblos ind\u00edgenas, suelen verse afectados de manera desproporcionada por las epidemias y otras crisis, en esta ocasi\u00f3n fue al acceso a la informaci\u00f3n, debido que la insuficiente informaci\u00f3n, en la cual no abarca todos los aspectos importantes de la prevenci\u00f3n del coronavirus y esta ha sido tard\u00eda en llegar a las comunidades. Esto ha provocado que, hasta el mes de julio, 617 mil personas pertenecientes a pueblos ind\u00edgenas se infectaran por la COVID-19 y casi 15 mil murieron por complicaciones relacionadas a esta enfermedad desde el comienzo de la pandemia, estos datos fueron revelados por la Organizaci\u00f3n Panamericana de la Salud.<\/p>\n\n\n\n<p>Si bien es cierto que las tradiciones de los pueblos ind\u00edgenas son una fuente de resiliencia, debido que la mayor\u00eda de los pueblos ind\u00edgenas organizan peri\u00f3dicamente grandes reuniones tradicionales en sus comunidades, esto puede representar una amenaza en la propagaci\u00f3n del virus, pero el peligro puede agravarse debido a factores como su falta de acceso a sistemas eficaces de vigilancia y alerta temprana y a servicios sanitarios y sociales adecuados.<\/p>\n\n\n\n<p>Es por eso que las Naciones deben de garantizar los derechos colectivos e individuales, consagrados en la Declaraci\u00f3n de las Naciones Unidas (ONU) sobre los Derechos de los Pueblos Ind\u00edgenas, debido que a\u00fan existe una gran brecha digital y la falta de informaci\u00f3n adecuada para poblaciones de los pueblos originarios, con mensajes relativos a la higiene, la distancia f\u00edsica, la cuarentena y la prevenci\u00f3n, en lenguas ind\u00edgenas, estas medidas deben garantizar la nula aceleraci\u00f3n de p\u00e9rdida de la diversidad ling\u00fc\u00edstica.<\/p>\n\n\n\n<p>Tan solo en M\u00e9xico se hablan 69 lenguas o tambi\u00e9n llamadas idiomas ind\u00edgenas. Desde una visi\u00f3n legal, el art\u00edculo 4\u00b0 de la Ley General de Derechos Ling\u00fc\u00edsticos de los Pueblos Ind\u00edgenas plantea \u00abse declara a las Lenguas Ind\u00edgenas y al espa\u00f1ol \u00abLenguas Nacionales\u00bb debido a su trascendencia y permanencia en M\u00e9xico\u00bb. Hoy el mundo entendi\u00f3 que con esta pandemia es responsabilidad de todos mantenernos informados; sin embargo, las naciones deben asumir el compromiso de fortalecer los sistemas de informaci\u00f3n gubernamentales promoviendo su articulaci\u00f3n y garantizando los Derechos de los Pueblos Ind\u00edgenas.<\/p>\n\n\n\n<p>Activista Social, licenciado en Derecho, Maestro en pol\u00edtica y gesti\u00f3n p\u00fablica.<br>Redes Sociales: @alansayagor<\/p>\n","protected":false},"excerpt":{"rendered":"<p>Alan Sayago Ram\u00edrez Han pasado dos a\u00f1os de que se report\u00f3 el primer paciente con COVID-19 en el mundo, lejos quedo el mensaje en septiembre de 2019, de la Organizaci\u00f3n Mundial de la Salud (OMS) donde expresaba que \u00abten\u00edamos que prepararnos para lo peor\u00bb, lastimosamente pocos meses despu\u00e9s, esta alerta se hizo realidad, con la [&hellip;]<\/p>\n","protected":false},"author":2,"featured_media":82084,"comment_status":"closed","ping_status":"closed","sticky":false,"template":"","format":"standard","meta":{"tdm_status":"","tdm_grid_status":"","footnotes":""},"categories":[70],"tags":[31261,6369,16929,3154,17787],"class_list":{"0":"post-82083","1":"post","2":"type-post","3":"status-publish","4":"format-standard","5":"has-post-thumbnail","7":"category-de-opinion","8":"tag-idiomas-indigenas","9":"tag-oms","10":"tag-pandemia","11":"tag-pueblos-indigenas","12":"tag-sars-cov-2"},"yoast_head":"<!-- This site is optimized with the Yoast SEO plugin v27.4 - https:\/\/yoast.com\/product\/yoast-seo-wordpress\/ -->\n<title>Remediar la pandemia del olvido en los pueblos ind\u00edgenas - Los pol\u00edticos Veracruz<\/title>\n<meta name=\"robots\" content=\"index, follow, max-snippet:-1, max-image-preview:large, max-video-preview:-1\" \/>\n<link rel=\"canonical\" href=\"https:\/\/lospoliticosveracruz.com\/?p=82083\" \/>\n<meta property=\"og:locale\" content=\"es_ES\" \/>\n<meta property=\"og:type\" content=\"article\" \/>\n<meta property=\"og:title\" content=\"Remediar la pandemia del olvido en los pueblos ind\u00edgenas - Los pol\u00edticos Veracruz\" \/>\n<meta property=\"og:description\" content=\"Alan Sayago Ram\u00edrez Han pasado dos a\u00f1os de que se report\u00f3 el primer paciente con COVID-19 en el mundo, lejos quedo el mensaje en septiembre de 2019, de la Organizaci\u00f3n Mundial de la Salud (OMS) donde expresaba que \u00abten\u00edamos que prepararnos para lo peor\u00bb, lastimosamente pocos meses despu\u00e9s, esta alerta se hizo realidad, con la [&hellip;]\" \/>\n<meta property=\"og:url\" content=\"https:\/\/lospoliticosveracruz.com\/?p=82083\" \/>\n<meta property=\"og:site_name\" content=\"Los pol\u00edticos Veracruz\" \/>\n<meta property=\"article:publisher\" content=\"https:\/\/www.facebook.com\/people\/Notimemes-de-los-Polticos\/61565672886568\/\" \/>\n<meta property=\"article:published_time\" content=\"2021-11-18T20:53:25+00:00\" \/>\n<meta property=\"article:modified_time\" content=\"2021-11-18T20:53:31+00:00\" \/>\n<meta property=\"og:image\" content=\"https:\/\/lospoliticosveracruz.com\/wp-content\/uploads\/2021\/11\/Pueblos-Indigenas.jpg\" \/>\n\t<meta property=\"og:image:width\" content=\"600\" \/>\n\t<meta property=\"og:image:height\" content=\"338\" \/>\n\t<meta property=\"og:image:type\" content=\"image\/jpeg\" \/>\n<meta name=\"author\" content=\"Lo viste en Los Pol\u00edticos\" \/>\n<meta name=\"twitter:card\" content=\"summary_large_image\" \/>\n<meta name=\"twitter:creator\" content=\"@LosPoliticosVer\" \/>\n<meta name=\"twitter:site\" content=\"@LosPoliticosVer\" \/>\n<meta name=\"twitter:label1\" content=\"Escrito por\" \/>\n\t<meta name=\"twitter:data1\" content=\"Lo viste en Los Pol\u00edticos\" \/>\n\t<meta name=\"twitter:label2\" content=\"Tiempo de lectura\" \/>\n\t<meta name=\"twitter:data2\" content=\"3 minutos\" \/>\n<script type=\"application\/ld+json\" class=\"yoast-schema-graph\">{\"@context\":\"https:\\\/\\\/schema.org\",\"@graph\":[{\"@type\":\"Article\",\"@id\":\"https:\\\/\\\/lospoliticosveracruz.com\\\/?p=82083#article\",\"isPartOf\":{\"@id\":\"https:\\\/\\\/lospoliticosveracruz.com\\\/?p=82083\"},\"author\":{\"name\":\"Lo viste en Los Pol\u00edticos\",\"@id\":\"https:\\\/\\\/lospoliticosveracruz.com\\\/#\\\/schema\\\/person\\\/b8702bb0e538456e6efd07080bf2a4a2\"},\"headline\":\"Remediar la pandemia del olvido en los pueblos ind\u00edgenas\",\"datePublished\":\"2021-11-18T20:53:25+00:00\",\"dateModified\":\"2021-11-18T20:53:31+00:00\",\"mainEntityOfPage\":{\"@id\":\"https:\\\/\\\/lospoliticosveracruz.com\\\/?p=82083\"},\"wordCount\":640,\"publisher\":{\"@id\":\"https:\\\/\\\/lospoliticosveracruz.com\\\/#organization\"},\"image\":{\"@id\":\"https:\\\/\\\/lospoliticosveracruz.com\\\/?p=82083#primaryimage\"},\"thumbnailUrl\":\"https:\\\/\\\/lospoliticosveracruz.com\\\/wp-content\\\/uploads\\\/2021\\\/11\\\/Pueblos-Indigenas.jpg\",\"keywords\":[\"idiomas ind\u00edgenas\",\"OMS\",\"pandemia\",\"pueblos ind\u00edgenas\",\"sars-cov-2\"],\"articleSection\":[\"De Opini\u00f3n\"],\"inLanguage\":\"es\"},{\"@type\":\"WebPage\",\"@id\":\"https:\\\/\\\/lospoliticosveracruz.com\\\/?p=82083\",\"url\":\"https:\\\/\\\/lospoliticosveracruz.com\\\/?p=82083\",\"name\":\"Remediar la pandemia del olvido en los pueblos ind\u00edgenas - Los pol\u00edticos Veracruz\",\"isPartOf\":{\"@id\":\"https:\\\/\\\/lospoliticosveracruz.com\\\/#website\"},\"primaryImageOfPage\":{\"@id\":\"https:\\\/\\\/lospoliticosveracruz.com\\\/?p=82083#primaryimage\"},\"image\":{\"@id\":\"https:\\\/\\\/lospoliticosveracruz.com\\\/?p=82083#primaryimage\"},\"thumbnailUrl\":\"https:\\\/\\\/lospoliticosveracruz.com\\\/wp-content\\\/uploads\\\/2021\\\/11\\\/Pueblos-Indigenas.jpg\",\"datePublished\":\"2021-11-18T20:53:25+00:00\",\"dateModified\":\"2021-11-18T20:53:31+00:00\",\"breadcrumb\":{\"@id\":\"https:\\\/\\\/lospoliticosveracruz.com\\\/?p=82083#breadcrumb\"},\"inLanguage\":\"es\",\"potentialAction\":[{\"@type\":\"ReadAction\",\"target\":[\"https:\\\/\\\/lospoliticosveracruz.com\\\/?p=82083\"]}]},{\"@type\":\"ImageObject\",\"inLanguage\":\"es\",\"@id\":\"https:\\\/\\\/lospoliticosveracruz.com\\\/?p=82083#primaryimage\",\"url\":\"https:\\\/\\\/lospoliticosveracruz.com\\\/wp-content\\\/uploads\\\/2021\\\/11\\\/Pueblos-Indigenas.jpg\",\"contentUrl\":\"https:\\\/\\\/lospoliticosveracruz.com\\\/wp-content\\\/uploads\\\/2021\\\/11\\\/Pueblos-Indigenas.jpg\",\"width\":600,\"height\":338},{\"@type\":\"BreadcrumbList\",\"@id\":\"https:\\\/\\\/lospoliticosveracruz.com\\\/?p=82083#breadcrumb\",\"itemListElement\":[{\"@type\":\"ListItem\",\"position\":1,\"name\":\"Portada\",\"item\":\"https:\\\/\\\/lospoliticosveracruz.com\\\/\"},{\"@type\":\"ListItem\",\"position\":2,\"name\":\"Remediar la pandemia del olvido en los pueblos ind\u00edgenas\"}]},{\"@type\":\"WebSite\",\"@id\":\"https:\\\/\\\/lospoliticosveracruz.com\\\/#website\",\"url\":\"https:\\\/\\\/lospoliticosveracruz.com\\\/\",\"name\":\"Los pol\u00edticos Veracruz\",\"description\":\"\",\"publisher\":{\"@id\":\"https:\\\/\\\/lospoliticosveracruz.com\\\/#organization\"},\"potentialAction\":[{\"@type\":\"SearchAction\",\"target\":{\"@type\":\"EntryPoint\",\"urlTemplate\":\"https:\\\/\\\/lospoliticosveracruz.com\\\/?s={search_term_string}\"},\"query-input\":{\"@type\":\"PropertyValueSpecification\",\"valueRequired\":true,\"valueName\":\"search_term_string\"}}],\"inLanguage\":\"es\"},{\"@type\":\"Organization\",\"@id\":\"https:\\\/\\\/lospoliticosveracruz.com\\\/#organization\",\"name\":\"Los pol\u00edticos Veracruz\",\"url\":\"https:\\\/\\\/lospoliticosveracruz.com\\\/\",\"logo\":{\"@type\":\"ImageObject\",\"inLanguage\":\"es\",\"@id\":\"https:\\\/\\\/lospoliticosveracruz.com\\\/#\\\/schema\\\/logo\\\/image\\\/\",\"url\":\"https:\\\/\\\/lospoliticosveracruz.com\\\/wp-content\\\/uploads\\\/2025\\\/12\\\/Logo-Nuevo-LOS-POLITICOS-1.jpg\",\"contentUrl\":\"https:\\\/\\\/lospoliticosveracruz.com\\\/wp-content\\\/uploads\\\/2025\\\/12\\\/Logo-Nuevo-LOS-POLITICOS-1.jpg\",\"width\":260,\"height\":70,\"caption\":\"Los pol\u00edticos Veracruz\"},\"image\":{\"@id\":\"https:\\\/\\\/lospoliticosveracruz.com\\\/#\\\/schema\\\/logo\\\/image\\\/\"},\"sameAs\":[\"https:\\\/\\\/www.facebook.com\\\/people\\\/Notimemes-de-los-Polticos\\\/61565672886568\\\/\",\"https:\\\/\\\/x.com\\\/LosPoliticosVer\"]},{\"@type\":\"Person\",\"@id\":\"https:\\\/\\\/lospoliticosveracruz.com\\\/#\\\/schema\\\/person\\\/b8702bb0e538456e6efd07080bf2a4a2\",\"name\":\"Lo viste en Los Pol\u00edticos\",\"image\":{\"@type\":\"ImageObject\",\"inLanguage\":\"es\",\"@id\":\"https:\\\/\\\/secure.gravatar.com\\\/avatar\\\/3a8de04a2656d44082be478bd6c086daa447c4651605818287b9532d3d0bd435?s=96&d=mm&r=g\",\"url\":\"https:\\\/\\\/secure.gravatar.com\\\/avatar\\\/3a8de04a2656d44082be478bd6c086daa447c4651605818287b9532d3d0bd435?s=96&d=mm&r=g\",\"contentUrl\":\"https:\\\/\\\/secure.gravatar.com\\\/avatar\\\/3a8de04a2656d44082be478bd6c086daa447c4651605818287b9532d3d0bd435?s=96&d=mm&r=g\",\"caption\":\"Lo viste en Los Pol\u00edticos\"},\"url\":\"https:\\\/\\\/lospoliticosveracruz.com\\\/?author=2\"}]}<\/script>\n<!-- \/ Yoast SEO plugin. -->","yoast_head_json":{"title":"Remediar la pandemia del olvido en los pueblos ind\u00edgenas - Los pol\u00edticos Veracruz","robots":{"index":"index","follow":"follow","max-snippet":"max-snippet:-1","max-image-preview":"max-image-preview:large","max-video-preview":"max-video-preview:-1"},"canonical":"https:\/\/lospoliticosveracruz.com\/?p=82083","og_locale":"es_ES","og_type":"article","og_title":"Remediar la pandemia del olvido en los pueblos ind\u00edgenas - Los pol\u00edticos Veracruz","og_description":"Alan Sayago Ram\u00edrez Han pasado dos a\u00f1os de que se report\u00f3 el primer paciente con COVID-19 en el mundo, lejos quedo el mensaje en septiembre de 2019, de la Organizaci\u00f3n Mundial de la Salud (OMS) donde expresaba que \u00abten\u00edamos que prepararnos para lo peor\u00bb, lastimosamente pocos meses despu\u00e9s, esta alerta se hizo realidad, con la [&hellip;]","og_url":"https:\/\/lospoliticosveracruz.com\/?p=82083","og_site_name":"Los pol\u00edticos Veracruz","article_publisher":"https:\/\/www.facebook.com\/people\/Notimemes-de-los-Polticos\/61565672886568\/","article_published_time":"2021-11-18T20:53:25+00:00","article_modified_time":"2021-11-18T20:53:31+00:00","og_image":[{"width":600,"height":338,"url":"https:\/\/lospoliticosveracruz.com\/wp-content\/uploads\/2021\/11\/Pueblos-Indigenas.jpg","type":"image\/jpeg"}],"author":"Lo viste en Los Pol\u00edticos","twitter_card":"summary_large_image","twitter_creator":"@LosPoliticosVer","twitter_site":"@LosPoliticosVer","twitter_misc":{"Escrito por":"Lo viste en Los Pol\u00edticos","Tiempo de lectura":"3 minutos"},"schema":{"@context":"https:\/\/schema.org","@graph":[{"@type":"Article","@id":"https:\/\/lospoliticosveracruz.com\/?p=82083#article","isPartOf":{"@id":"https:\/\/lospoliticosveracruz.com\/?p=82083"},"author":{"name":"Lo viste en Los Pol\u00edticos","@id":"https:\/\/lospoliticosveracruz.com\/#\/schema\/person\/b8702bb0e538456e6efd07080bf2a4a2"},"headline":"Remediar la pandemia del olvido en los pueblos ind\u00edgenas","datePublished":"2021-11-18T20:53:25+00:00","dateModified":"2021-11-18T20:53:31+00:00","mainEntityOfPage":{"@id":"https:\/\/lospoliticosveracruz.com\/?p=82083"},"wordCount":640,"publisher":{"@id":"https:\/\/lospoliticosveracruz.com\/#organization"},"image":{"@id":"https:\/\/lospoliticosveracruz.com\/?p=82083#primaryimage"},"thumbnailUrl":"https:\/\/lospoliticosveracruz.com\/wp-content\/uploads\/2021\/11\/Pueblos-Indigenas.jpg","keywords":["idiomas ind\u00edgenas","OMS","pandemia","pueblos ind\u00edgenas","sars-cov-2"],"articleSection":["De Opini\u00f3n"],"inLanguage":"es"},{"@type":"WebPage","@id":"https:\/\/lospoliticosveracruz.com\/?p=82083","url":"https:\/\/lospoliticosveracruz.com\/?p=82083","name":"Remediar la pandemia del olvido en los pueblos ind\u00edgenas - Los pol\u00edticos Veracruz","isPartOf":{"@id":"https:\/\/lospoliticosveracruz.com\/#website"},"primaryImageOfPage":{"@id":"https:\/\/lospoliticosveracruz.com\/?p=82083#primaryimage"},"image":{"@id":"https:\/\/lospoliticosveracruz.com\/?p=82083#primaryimage"},"thumbnailUrl":"https:\/\/lospoliticosveracruz.com\/wp-content\/uploads\/2021\/11\/Pueblos-Indigenas.jpg","datePublished":"2021-11-18T20:53:25+00:00","dateModified":"2021-11-18T20:53:31+00:00","breadcrumb":{"@id":"https:\/\/lospoliticosveracruz.com\/?p=82083#breadcrumb"},"inLanguage":"es","potentialAction":[{"@type":"ReadAction","target":["https:\/\/lospoliticosveracruz.com\/?p=82083"]}]},{"@type":"ImageObject","inLanguage":"es","@id":"https:\/\/lospoliticosveracruz.com\/?p=82083#primaryimage","url":"https:\/\/lospoliticosveracruz.com\/wp-content\/uploads\/2021\/11\/Pueblos-Indigenas.jpg","contentUrl":"https:\/\/lospoliticosveracruz.com\/wp-content\/uploads\/2021\/11\/Pueblos-Indigenas.jpg","width":600,"height":338},{"@type":"BreadcrumbList","@id":"https:\/\/lospoliticosveracruz.com\/?p=82083#breadcrumb","itemListElement":[{"@type":"ListItem","position":1,"name":"Portada","item":"https:\/\/lospoliticosveracruz.com\/"},{"@type":"ListItem","position":2,"name":"Remediar la pandemia del olvido en los pueblos ind\u00edgenas"}]},{"@type":"WebSite","@id":"https:\/\/lospoliticosveracruz.com\/#website","url":"https:\/\/lospoliticosveracruz.com\/","name":"Los pol\u00edticos Veracruz","description":"","publisher":{"@id":"https:\/\/lospoliticosveracruz.com\/#organization"},"potentialAction":[{"@type":"SearchAction","target":{"@type":"EntryPoint","urlTemplate":"https:\/\/lospoliticosveracruz.com\/?s={search_term_string}"},"query-input":{"@type":"PropertyValueSpecification","valueRequired":true,"valueName":"search_term_string"}}],"inLanguage":"es"},{"@type":"Organization","@id":"https:\/\/lospoliticosveracruz.com\/#organization","name":"Los pol\u00edticos Veracruz","url":"https:\/\/lospoliticosveracruz.com\/","logo":{"@type":"ImageObject","inLanguage":"es","@id":"https:\/\/lospoliticosveracruz.com\/#\/schema\/logo\/image\/","url":"https:\/\/lospoliticosveracruz.com\/wp-content\/uploads\/2025\/12\/Logo-Nuevo-LOS-POLITICOS-1.jpg","contentUrl":"https:\/\/lospoliticosveracruz.com\/wp-content\/uploads\/2025\/12\/Logo-Nuevo-LOS-POLITICOS-1.jpg","width":260,"height":70,"caption":"Los pol\u00edticos Veracruz"},"image":{"@id":"https:\/\/lospoliticosveracruz.com\/#\/schema\/logo\/image\/"},"sameAs":["https:\/\/www.facebook.com\/people\/Notimemes-de-los-Polticos\/61565672886568\/","https:\/\/x.com\/LosPoliticosVer"]},{"@type":"Person","@id":"https:\/\/lospoliticosveracruz.com\/#\/schema\/person\/b8702bb0e538456e6efd07080bf2a4a2","name":"Lo viste en Los Pol\u00edticos","image":{"@type":"ImageObject","inLanguage":"es","@id":"https:\/\/secure.gravatar.com\/avatar\/3a8de04a2656d44082be478bd6c086daa447c4651605818287b9532d3d0bd435?s=96&d=mm&r=g","url":"https:\/\/secure.gravatar.com\/avatar\/3a8de04a2656d44082be478bd6c086daa447c4651605818287b9532d3d0bd435?s=96&d=mm&r=g","contentUrl":"https:\/\/secure.gravatar.com\/avatar\/3a8de04a2656d44082be478bd6c086daa447c4651605818287b9532d3d0bd435?s=96&d=mm&r=g","caption":"Lo viste en Los Pol\u00edticos"},"url":"https:\/\/lospoliticosveracruz.com\/?author=2"}]}},"_links":{"self":[{"href":"https:\/\/lospoliticosveracruz.com\/index.php?rest_route=\/wp\/v2\/posts\/82083","targetHints":{"allow":["GET"]}}],"collection":[{"href":"https:\/\/lospoliticosveracruz.com\/index.php?rest_route=\/wp\/v2\/posts"}],"about":[{"href":"https:\/\/lospoliticosveracruz.com\/index.php?rest_route=\/wp\/v2\/types\/post"}],"author":[{"embeddable":true,"href":"https:\/\/lospoliticosveracruz.com\/index.php?rest_route=\/wp\/v2\/users\/2"}],"replies":[{"embeddable":true,"href":"https:\/\/lospoliticosveracruz.com\/index.php?rest_route=%2Fwp%2Fv2%2Fcomments&post=82083"}],"version-history":[{"count":1,"href":"https:\/\/lospoliticosveracruz.com\/index.php?rest_route=\/wp\/v2\/posts\/82083\/revisions"}],"predecessor-version":[{"id":82085,"href":"https:\/\/lospoliticosveracruz.com\/index.php?rest_route=\/wp\/v2\/posts\/82083\/revisions\/82085"}],"wp:featuredmedia":[{"embeddable":true,"href":"https:\/\/lospoliticosveracruz.com\/index.php?rest_route=\/wp\/v2\/media\/82084"}],"wp:attachment":[{"href":"https:\/\/lospoliticosveracruz.com\/index.php?rest_route=%2Fwp%2Fv2%2Fmedia&parent=82083"}],"wp:term":[{"taxonomy":"category","embeddable":true,"href":"https:\/\/lospoliticosveracruz.com\/index.php?rest_route=%2Fwp%2Fv2%2Fcategories&post=82083"},{"taxonomy":"post_tag","embeddable":true,"href":"https:\/\/lospoliticosveracruz.com\/index.php?rest_route=%2Fwp%2Fv2%2Ftags&post=82083"}],"curies":[{"name":"wp","href":"https:\/\/api.w.org\/{rel}","templated":true}]}}