{"id":82091,"date":"2021-11-18T17:20:43","date_gmt":"2021-11-18T23:20:43","guid":{"rendered":"https:\/\/lospoliticosveracruz.com.mx\/?p=82091"},"modified":"2021-11-18T17:20:49","modified_gmt":"2021-11-18T23:20:49","slug":"delitos-escolares-de-tarea","status":"publish","type":"post","link":"https:\/\/lospoliticosveracruz.com\/?p=82091","title":{"rendered":"Delitos escolares, de tarea!"},"content":{"rendered":"\n<p><\/p>\n\n\n\n<p><strong>Veracruz<\/strong><\/p>\n\n\n\n<p><br>Con la finalidad de mantener una estrategia oportuna para la reducci\u00f3n de las incidencias en robos y vandalizaci\u00f3n suscitados en las escuelas de la zona conurbada, la delegaci\u00f3n regional de la SEV Veracruz que encabeza la maestra Diana Santiago Huesca coordin\u00f3 la mesa de trabajo \u00abSeguridad Escolar\u00bb, con la participaci\u00f3n de la Fiscal\u00eda Regional zona Veracruz y los representantes de las polic\u00edas Naval, Estatal, Ministerial, Mando \u00danico, Guardia Nacional, C5i.<br>\u00abMuy satisfecha por la enorme disposici\u00f3n por parte de la Fiscal\u00eda Regional y todas sus representaciones que son las que atienden de manera directa a nuestros maestros y padres de familia cuando presentan una denuncia por alg\u00fan robo, celebrando tambi\u00e9n la presencia de las corporaciones de seguridad, que son quien a trav\u00e9s de sus rondines cuidan a nuestras escuelas, gracias a este trabajo coordinado las denuncias comenzar\u00e1n a proceder y se har\u00e1n investigaciones m\u00e1s minuciosas\u00bb, coment\u00f3 la delegada regional de la SEV Veracruz.<br>Agreg\u00f3 que, hasta el momento hay tres personas detenidas por robo a las escuelas y llevar\u00e1n un proceso en la c\u00e1rcel, lo que es resultado de un \u00abYa Basta\u00bb, que se puso sobre la mesa para no permitir m\u00e1s los robos a las instituciones educativas.<br>\u00abEste trabajo en donde todos participamos para brindar la prevenci\u00f3n, atenci\u00f3n y el seguimiento a estos casos sea puntual para promover la impartici\u00f3n de justicia, al mismo tiempo con la implementaci\u00f3n de estrategias por parte de las corporaciones de seguridad para garantizar la respuesta oportuna\u00bb, afirm\u00f3 Diana Santiago Huesca.<br>En ese sentido, el fiscal regional zona Veracruz, Guillermo Caballero Cortes exhort\u00f3 a la cultura de la denuncia, ya que es importante trabajar de manera inicial en la orientaci\u00f3n correcta para permitir con base a lo establecido por ley, las investigaciones correspondientes.<br>En el evento, estuvieron presentes el maestro Carlos Juli\u00e1n Castro Mart\u00ednez, jefe de servicios escolares de la Coordinaci\u00f3n de Delegaciones de la SEV, as\u00ed como el representante regional de Gobierno del Estado zona centro, Jos\u00e9 Francisco Torres Mart\u00ednez quienes se\u00f1alaron la importante labor de este tipo de reuniones para fortalecer la atenci\u00f3n oportuna a las comunidades escolares, sobre todo en un tema tan sentido como ha sido el derivado de la violencia a las instituciones educativas.<br>Por otra parte, la delegada regional de la SEV Veracruz, puntualiz\u00f3 que en ning\u00fan momento se neg\u00f3 el hecho de que un trabajador de la dependencia dio positivo en su prueba de Covid-19, pero no se trat\u00f3 de un caso de contaminaci\u00f3n adquirido en las oficinas de la delegaci\u00f3n, ya que el trabajador por la ma\u00f1ana al asistir al primer d\u00eda donde todos los administrativos regresar\u00edan de manera presencial, report\u00f3 tener s\u00edntomas leves gripales, por lo que se le exhort\u00f3 a la realizaci\u00f3n su prueba para descartar la enfermedad.<br>Por ello, de manera inmediata se aplicaron los protocolos recomendados por la Secretar\u00eda de Salud y por la propia Secretar\u00eda de Educaci\u00f3n para aislar el \u00e1rea y poner en resguardo a los compa\u00f1eros con quien tuvo cercan\u00eda para verificar su condici\u00f3n en los siguientes d\u00edas, al mismo tiempo las instalaciones de la delegaci\u00f3n regional de la SEV, fueron sanitizadas gracias a la participaci\u00f3n de la Asociaci\u00f3n Civil de Marinos Mercantes del Golfo, quienes implementan de manera altruista la sanitizaci\u00f3n en escuelas de la zona conurbada.<\/p>\n","protected":false},"excerpt":{"rendered":"<p>Veracruz Con la finalidad de mantener una estrategia oportuna para la reducci\u00f3n de las incidencias en robos y vandalizaci\u00f3n suscitados en las escuelas de la zona conurbada, la delegaci\u00f3n regional de la SEV Veracruz que encabeza la maestra Diana Santiago Huesca coordin\u00f3 la mesa de trabajo \u00abSeguridad Escolar\u00bb, con la participaci\u00f3n de la Fiscal\u00eda Regional [&hellip;]<\/p>\n","protected":false},"author":2,"featured_media":0,"comment_status":"closed","ping_status":"closed","sticky":false,"template":"","format":"standard","meta":{"tdm_status":"","tdm_grid_status":"","footnotes":""},"categories":[73],"tags":[240,31264,31263],"class_list":{"0":"post-82091","1":"post","2":"type-post","3":"status-publish","4":"format-standard","6":"category-de-boleto","7":"tag-diana-santiago-huesca","8":"tag-guillermo-caballero-cortes","9":"tag-sev-veracruz"},"yoast_head":"<!-- This site is optimized with the Yoast SEO plugin v27.4 - https:\/\/yoast.com\/product\/yoast-seo-wordpress\/ -->\n<title>Delitos escolares, de tarea! - Los pol\u00edticos Veracruz<\/title>\n<meta name=\"robots\" content=\"index, follow, max-snippet:-1, max-image-preview:large, max-video-preview:-1\" \/>\n<link rel=\"canonical\" href=\"https:\/\/lospoliticosveracruz.com\/?p=82091\" \/>\n<meta property=\"og:locale\" content=\"es_ES\" \/>\n<meta property=\"og:type\" content=\"article\" \/>\n<meta property=\"og:title\" content=\"Delitos escolares, de tarea! - Los pol\u00edticos Veracruz\" \/>\n<meta property=\"og:description\" content=\"Veracruz Con la finalidad de mantener una estrategia oportuna para la reducci\u00f3n de las incidencias en robos y vandalizaci\u00f3n suscitados en las escuelas de la zona conurbada, la delegaci\u00f3n regional de la SEV Veracruz que encabeza la maestra Diana Santiago Huesca coordin\u00f3 la mesa de trabajo \u00abSeguridad Escolar\u00bb, con la participaci\u00f3n de la Fiscal\u00eda Regional [&hellip;]\" \/>\n<meta property=\"og:url\" content=\"https:\/\/lospoliticosveracruz.com\/?p=82091\" \/>\n<meta property=\"og:site_name\" content=\"Los pol\u00edticos Veracruz\" \/>\n<meta property=\"article:publisher\" content=\"https:\/\/www.facebook.com\/people\/Notimemes-de-los-Polticos\/61565672886568\/\" \/>\n<meta property=\"article:published_time\" content=\"2021-11-18T23:20:43+00:00\" \/>\n<meta property=\"article:modified_time\" content=\"2021-11-18T23:20:49+00:00\" \/>\n<meta property=\"og:image\" content=\"https:\/\/lospoliticosveracruz.com\/wp-content\/uploads\/2016\/07\/Logo-Dor.jpg\" \/>\n\t<meta property=\"og:image:width\" content=\"200\" \/>\n\t<meta property=\"og:image:height\" content=\"200\" \/>\n\t<meta property=\"og:image:type\" content=\"image\/jpeg\" \/>\n<meta name=\"author\" content=\"Lo viste en Los Pol\u00edticos\" \/>\n<meta name=\"twitter:card\" content=\"summary_large_image\" \/>\n<meta name=\"twitter:creator\" content=\"@LosPoliticosVer\" \/>\n<meta name=\"twitter:site\" content=\"@LosPoliticosVer\" \/>\n<meta name=\"twitter:label1\" content=\"Escrito por\" \/>\n\t<meta name=\"twitter:data1\" content=\"Lo viste en Los Pol\u00edticos\" \/>\n\t<meta name=\"twitter:label2\" content=\"Tiempo de lectura\" \/>\n\t<meta name=\"twitter:data2\" content=\"3 minutos\" \/>\n<script type=\"application\/ld+json\" class=\"yoast-schema-graph\">{\"@context\":\"https:\\\/\\\/schema.org\",\"@graph\":[{\"@type\":\"Article\",\"@id\":\"https:\\\/\\\/lospoliticosveracruz.com\\\/?p=82091#article\",\"isPartOf\":{\"@id\":\"https:\\\/\\\/lospoliticosveracruz.com\\\/?p=82091\"},\"author\":{\"name\":\"Lo viste en Los Pol\u00edticos\",\"@id\":\"https:\\\/\\\/lospoliticosveracruz.com\\\/#\\\/schema\\\/person\\\/b8702bb0e538456e6efd07080bf2a4a2\"},\"headline\":\"Delitos escolares, de tarea!\",\"datePublished\":\"2021-11-18T23:20:43+00:00\",\"dateModified\":\"2021-11-18T23:20:49+00:00\",\"mainEntityOfPage\":{\"@id\":\"https:\\\/\\\/lospoliticosveracruz.com\\\/?p=82091\"},\"wordCount\":592,\"publisher\":{\"@id\":\"https:\\\/\\\/lospoliticosveracruz.com\\\/#organization\"},\"keywords\":[\"Diana Santiago Huesca\",\"Guillermo Caballero Cortes\",\"SEV Veracruz\"],\"articleSection\":[\"De Boleto\"],\"inLanguage\":\"es\"},{\"@type\":\"WebPage\",\"@id\":\"https:\\\/\\\/lospoliticosveracruz.com\\\/?p=82091\",\"url\":\"https:\\\/\\\/lospoliticosveracruz.com\\\/?p=82091\",\"name\":\"Delitos escolares, de tarea! - Los pol\u00edticos Veracruz\",\"isPartOf\":{\"@id\":\"https:\\\/\\\/lospoliticosveracruz.com\\\/#website\"},\"datePublished\":\"2021-11-18T23:20:43+00:00\",\"dateModified\":\"2021-11-18T23:20:49+00:00\",\"breadcrumb\":{\"@id\":\"https:\\\/\\\/lospoliticosveracruz.com\\\/?p=82091#breadcrumb\"},\"inLanguage\":\"es\",\"potentialAction\":[{\"@type\":\"ReadAction\",\"target\":[\"https:\\\/\\\/lospoliticosveracruz.com\\\/?p=82091\"]}]},{\"@type\":\"BreadcrumbList\",\"@id\":\"https:\\\/\\\/lospoliticosveracruz.com\\\/?p=82091#breadcrumb\",\"itemListElement\":[{\"@type\":\"ListItem\",\"position\":1,\"name\":\"Portada\",\"item\":\"https:\\\/\\\/lospoliticosveracruz.com\\\/\"},{\"@type\":\"ListItem\",\"position\":2,\"name\":\"Delitos escolares, de tarea!\"}]},{\"@type\":\"WebSite\",\"@id\":\"https:\\\/\\\/lospoliticosveracruz.com\\\/#website\",\"url\":\"https:\\\/\\\/lospoliticosveracruz.com\\\/\",\"name\":\"Los pol\u00edticos Veracruz\",\"description\":\"\",\"publisher\":{\"@id\":\"https:\\\/\\\/lospoliticosveracruz.com\\\/#organization\"},\"potentialAction\":[{\"@type\":\"SearchAction\",\"target\":{\"@type\":\"EntryPoint\",\"urlTemplate\":\"https:\\\/\\\/lospoliticosveracruz.com\\\/?s={search_term_string}\"},\"query-input\":{\"@type\":\"PropertyValueSpecification\",\"valueRequired\":true,\"valueName\":\"search_term_string\"}}],\"inLanguage\":\"es\"},{\"@type\":\"Organization\",\"@id\":\"https:\\\/\\\/lospoliticosveracruz.com\\\/#organization\",\"name\":\"Los pol\u00edticos Veracruz\",\"url\":\"https:\\\/\\\/lospoliticosveracruz.com\\\/\",\"logo\":{\"@type\":\"ImageObject\",\"inLanguage\":\"es\",\"@id\":\"https:\\\/\\\/lospoliticosveracruz.com\\\/#\\\/schema\\\/logo\\\/image\\\/\",\"url\":\"https:\\\/\\\/lospoliticosveracruz.com\\\/wp-content\\\/uploads\\\/2025\\\/12\\\/Logo-Nuevo-LOS-POLITICOS-1.jpg\",\"contentUrl\":\"https:\\\/\\\/lospoliticosveracruz.com\\\/wp-content\\\/uploads\\\/2025\\\/12\\\/Logo-Nuevo-LOS-POLITICOS-1.jpg\",\"width\":260,\"height\":70,\"caption\":\"Los pol\u00edticos Veracruz\"},\"image\":{\"@id\":\"https:\\\/\\\/lospoliticosveracruz.com\\\/#\\\/schema\\\/logo\\\/image\\\/\"},\"sameAs\":[\"https:\\\/\\\/www.facebook.com\\\/people\\\/Notimemes-de-los-Polticos\\\/61565672886568\\\/\",\"https:\\\/\\\/x.com\\\/LosPoliticosVer\"]},{\"@type\":\"Person\",\"@id\":\"https:\\\/\\\/lospoliticosveracruz.com\\\/#\\\/schema\\\/person\\\/b8702bb0e538456e6efd07080bf2a4a2\",\"name\":\"Lo viste en Los Pol\u00edticos\",\"image\":{\"@type\":\"ImageObject\",\"inLanguage\":\"es\",\"@id\":\"https:\\\/\\\/secure.gravatar.com\\\/avatar\\\/3a8de04a2656d44082be478bd6c086daa447c4651605818287b9532d3d0bd435?s=96&d=mm&r=g\",\"url\":\"https:\\\/\\\/secure.gravatar.com\\\/avatar\\\/3a8de04a2656d44082be478bd6c086daa447c4651605818287b9532d3d0bd435?s=96&d=mm&r=g\",\"contentUrl\":\"https:\\\/\\\/secure.gravatar.com\\\/avatar\\\/3a8de04a2656d44082be478bd6c086daa447c4651605818287b9532d3d0bd435?s=96&d=mm&r=g\",\"caption\":\"Lo viste en Los Pol\u00edticos\"},\"url\":\"https:\\\/\\\/lospoliticosveracruz.com\\\/?author=2\"}]}<\/script>\n<!-- \/ Yoast SEO plugin. -->","yoast_head_json":{"title":"Delitos escolares, de tarea! - Los pol\u00edticos Veracruz","robots":{"index":"index","follow":"follow","max-snippet":"max-snippet:-1","max-image-preview":"max-image-preview:large","max-video-preview":"max-video-preview:-1"},"canonical":"https:\/\/lospoliticosveracruz.com\/?p=82091","og_locale":"es_ES","og_type":"article","og_title":"Delitos escolares, de tarea! - Los pol\u00edticos Veracruz","og_description":"Veracruz Con la finalidad de mantener una estrategia oportuna para la reducci\u00f3n de las incidencias en robos y vandalizaci\u00f3n suscitados en las escuelas de la zona conurbada, la delegaci\u00f3n regional de la SEV Veracruz que encabeza la maestra Diana Santiago Huesca coordin\u00f3 la mesa de trabajo \u00abSeguridad Escolar\u00bb, con la participaci\u00f3n de la Fiscal\u00eda Regional [&hellip;]","og_url":"https:\/\/lospoliticosveracruz.com\/?p=82091","og_site_name":"Los pol\u00edticos Veracruz","article_publisher":"https:\/\/www.facebook.com\/people\/Notimemes-de-los-Polticos\/61565672886568\/","article_published_time":"2021-11-18T23:20:43+00:00","article_modified_time":"2021-11-18T23:20:49+00:00","og_image":[{"width":200,"height":200,"url":"https:\/\/lospoliticosveracruz.com\/wp-content\/uploads\/2016\/07\/Logo-Dor.jpg","type":"image\/jpeg"}],"author":"Lo viste en Los Pol\u00edticos","twitter_card":"summary_large_image","twitter_creator":"@LosPoliticosVer","twitter_site":"@LosPoliticosVer","twitter_misc":{"Escrito por":"Lo viste en Los Pol\u00edticos","Tiempo de lectura":"3 minutos"},"schema":{"@context":"https:\/\/schema.org","@graph":[{"@type":"Article","@id":"https:\/\/lospoliticosveracruz.com\/?p=82091#article","isPartOf":{"@id":"https:\/\/lospoliticosveracruz.com\/?p=82091"},"author":{"name":"Lo viste en Los Pol\u00edticos","@id":"https:\/\/lospoliticosveracruz.com\/#\/schema\/person\/b8702bb0e538456e6efd07080bf2a4a2"},"headline":"Delitos escolares, de tarea!","datePublished":"2021-11-18T23:20:43+00:00","dateModified":"2021-11-18T23:20:49+00:00","mainEntityOfPage":{"@id":"https:\/\/lospoliticosveracruz.com\/?p=82091"},"wordCount":592,"publisher":{"@id":"https:\/\/lospoliticosveracruz.com\/#organization"},"keywords":["Diana Santiago Huesca","Guillermo Caballero Cortes","SEV Veracruz"],"articleSection":["De Boleto"],"inLanguage":"es"},{"@type":"WebPage","@id":"https:\/\/lospoliticosveracruz.com\/?p=82091","url":"https:\/\/lospoliticosveracruz.com\/?p=82091","name":"Delitos escolares, de tarea! - Los pol\u00edticos Veracruz","isPartOf":{"@id":"https:\/\/lospoliticosveracruz.com\/#website"},"datePublished":"2021-11-18T23:20:43+00:00","dateModified":"2021-11-18T23:20:49+00:00","breadcrumb":{"@id":"https:\/\/lospoliticosveracruz.com\/?p=82091#breadcrumb"},"inLanguage":"es","potentialAction":[{"@type":"ReadAction","target":["https:\/\/lospoliticosveracruz.com\/?p=82091"]}]},{"@type":"BreadcrumbList","@id":"https:\/\/lospoliticosveracruz.com\/?p=82091#breadcrumb","itemListElement":[{"@type":"ListItem","position":1,"name":"Portada","item":"https:\/\/lospoliticosveracruz.com\/"},{"@type":"ListItem","position":2,"name":"Delitos escolares, de tarea!"}]},{"@type":"WebSite","@id":"https:\/\/lospoliticosveracruz.com\/#website","url":"https:\/\/lospoliticosveracruz.com\/","name":"Los pol\u00edticos Veracruz","description":"","publisher":{"@id":"https:\/\/lospoliticosveracruz.com\/#organization"},"potentialAction":[{"@type":"SearchAction","target":{"@type":"EntryPoint","urlTemplate":"https:\/\/lospoliticosveracruz.com\/?s={search_term_string}"},"query-input":{"@type":"PropertyValueSpecification","valueRequired":true,"valueName":"search_term_string"}}],"inLanguage":"es"},{"@type":"Organization","@id":"https:\/\/lospoliticosveracruz.com\/#organization","name":"Los pol\u00edticos Veracruz","url":"https:\/\/lospoliticosveracruz.com\/","logo":{"@type":"ImageObject","inLanguage":"es","@id":"https:\/\/lospoliticosveracruz.com\/#\/schema\/logo\/image\/","url":"https:\/\/lospoliticosveracruz.com\/wp-content\/uploads\/2025\/12\/Logo-Nuevo-LOS-POLITICOS-1.jpg","contentUrl":"https:\/\/lospoliticosveracruz.com\/wp-content\/uploads\/2025\/12\/Logo-Nuevo-LOS-POLITICOS-1.jpg","width":260,"height":70,"caption":"Los pol\u00edticos Veracruz"},"image":{"@id":"https:\/\/lospoliticosveracruz.com\/#\/schema\/logo\/image\/"},"sameAs":["https:\/\/www.facebook.com\/people\/Notimemes-de-los-Polticos\/61565672886568\/","https:\/\/x.com\/LosPoliticosVer"]},{"@type":"Person","@id":"https:\/\/lospoliticosveracruz.com\/#\/schema\/person\/b8702bb0e538456e6efd07080bf2a4a2","name":"Lo viste en Los Pol\u00edticos","image":{"@type":"ImageObject","inLanguage":"es","@id":"https:\/\/secure.gravatar.com\/avatar\/3a8de04a2656d44082be478bd6c086daa447c4651605818287b9532d3d0bd435?s=96&d=mm&r=g","url":"https:\/\/secure.gravatar.com\/avatar\/3a8de04a2656d44082be478bd6c086daa447c4651605818287b9532d3d0bd435?s=96&d=mm&r=g","contentUrl":"https:\/\/secure.gravatar.com\/avatar\/3a8de04a2656d44082be478bd6c086daa447c4651605818287b9532d3d0bd435?s=96&d=mm&r=g","caption":"Lo viste en Los Pol\u00edticos"},"url":"https:\/\/lospoliticosveracruz.com\/?author=2"}]}},"_links":{"self":[{"href":"https:\/\/lospoliticosveracruz.com\/index.php?rest_route=\/wp\/v2\/posts\/82091","targetHints":{"allow":["GET"]}}],"collection":[{"href":"https:\/\/lospoliticosveracruz.com\/index.php?rest_route=\/wp\/v2\/posts"}],"about":[{"href":"https:\/\/lospoliticosveracruz.com\/index.php?rest_route=\/wp\/v2\/types\/post"}],"author":[{"embeddable":true,"href":"https:\/\/lospoliticosveracruz.com\/index.php?rest_route=\/wp\/v2\/users\/2"}],"replies":[{"embeddable":true,"href":"https:\/\/lospoliticosveracruz.com\/index.php?rest_route=%2Fwp%2Fv2%2Fcomments&post=82091"}],"version-history":[{"count":1,"href":"https:\/\/lospoliticosveracruz.com\/index.php?rest_route=\/wp\/v2\/posts\/82091\/revisions"}],"predecessor-version":[{"id":82093,"href":"https:\/\/lospoliticosveracruz.com\/index.php?rest_route=\/wp\/v2\/posts\/82091\/revisions\/82093"}],"wp:attachment":[{"href":"https:\/\/lospoliticosveracruz.com\/index.php?rest_route=%2Fwp%2Fv2%2Fmedia&parent=82091"}],"wp:term":[{"taxonomy":"category","embeddable":true,"href":"https:\/\/lospoliticosveracruz.com\/index.php?rest_route=%2Fwp%2Fv2%2Fcategories&post=82091"},{"taxonomy":"post_tag","embeddable":true,"href":"https:\/\/lospoliticosveracruz.com\/index.php?rest_route=%2Fwp%2Fv2%2Ftags&post=82091"}],"curies":[{"name":"wp","href":"https:\/\/api.w.org\/{rel}","templated":true}]}}