{"id":82152,"date":"2021-11-19T13:41:19","date_gmt":"2021-11-19T19:41:19","guid":{"rendered":"https:\/\/lospoliticosveracruz.com.mx\/?p=82152"},"modified":"2021-11-19T13:41:25","modified_gmt":"2021-11-19T19:41:25","slug":"eleccion-en-veracruz-puerto-en-un-hilo","status":"publish","type":"post","link":"https:\/\/lospoliticosveracruz.com\/?p=82152","title":{"rendered":"Elecci\u00f3n en Veracruz Puerto, en un hilo"},"content":{"rendered":"\n<p><\/p>\n\n\n\n<p><\/p>\n\n\n\n<p>Veracruz<br>Esta semana Tribunales Electorales fallaron tres veces a favor del partido Morena por diversas impugnaciones presentadas en procedimientos relacionados con la calificaci\u00f3n de la elecci\u00f3n municipal de la ciudad de Veracruz, afirm\u00f3 el representante de Morena ante el Consejo Municipal del OPLE, Pedro Pablo Chirinos Ben\u00edtez.<\/p>\n\n\n\n<p>Precis\u00f3 que la primera de ellas fue el pasado lunes donde el Tribunal Estatal Electoral (TEV) orden\u00f3 al Consejo General del Organismo P\u00fablico Local Electoral (OPLE) resolver en un plazo de 10 d\u00edas la sanci\u00f3n al consejero presidente del Consejo Municipal en Veracruz, Roberto Castillo Guti\u00e9rrez, por actuar de manera parcial a favor del PAN.<\/p>\n\n\n\n<p>Mientras que este viernes la Sala Regional Xalapa del Tribunal Electoral del Poder Judicial de la Federaci\u00f3n (TEPJF) emiti\u00f3 por unanimidad dos resolutivos donde orden\u00f3 a la Unidad T\u00e9cnica de Fiscalizaci\u00f3n (UTF) del Instituto Nacional Electoral (INE) resolver las quejas de Morena interpuestas en contra de los excandidatos Patricia Lobeira y Miguel \u00c1ngel Yunes M\u00e1rquez, adem\u00e1s de Fernando Yunes M\u00e1rquez en su calidad de alcalde. En el primer caso por el rebase de tope de gastos de campa\u00f1a y en el segundo por el uso de recursos p\u00fablicos del ayuntamiento de Veracruz, explic\u00f3.<\/p>\n\n\n\n<p>Mencion\u00f3 que el TEPJF fue claro en solicitar al INE establecer un plazo para que emita la resoluci\u00f3n correspondiente en materia de fiscalizaci\u00f3n en contra de la excandidata del PAN a la alcald\u00eda de Veracruz.<\/p>\n\n\n\n<p>Subray\u00f3 que durante la sesi\u00f3n no presencial de este viernes, la Sala Regional Xalapa del Tribunal Electoral del Poder Judicial de la Federaci\u00f3n (TEPJF) orden\u00f3 a la Unidad T\u00e9cnica de Fiscalizaci\u00f3n (UTF) del Instituto Nacional Electoral (INE) resolver la queja presentada por el partido Morena en materia de fiscalizaci\u00f3n instaurada contra la otrora candidata del PAN a la alcald\u00eda de Veracruz, Patricia Lobeira.<\/p>\n\n\n\n<p>En tanto, la Sala Regional Xalapa del TEPJF declar\u00f3 sustancialmente fundados los argumentos expuestos respecto a la omisi\u00f3n del Consejo General y de la Unidad T\u00e9cnica de Fiscalizaci\u00f3n (UTF) del Instituto Nacional Electoral (INE) de dar tr\u00e1mite y resolver las quejas en materia de fiscalizaci\u00f3n, las cuales fueron instauradas en contra de la otrora candidata a la presidencia del municipio de Veracruz, postulada por la coalici\u00f3n \u201cVeracruz Va\u201d \u2013integrada por los partidos Acci\u00f3n Nacional (PAN), Revolucionario Institucional (PRI) y de la Revoluci\u00f3n Democr\u00e1tica (PRD)-.<\/p>\n\n\n\n<p>Lo anterior, toda vez que hasta la fecha esta ejecutoria, las autoridades responsables han sido omisas en emitir la resoluci\u00f3n correspondiente a la queja en materia de fiscalizaci\u00f3n presentada por el partido pol\u00edtico Morena, detall\u00f3 la Sala Regional Xalapa del TEPJF en sus redes sociales.<\/p>\n\n\n\n<p>En consecuencia, se orden\u00f3 al INE que emita la resoluci\u00f3n que en Derecho corresponda.<\/p>\n","protected":false},"excerpt":{"rendered":"<p>VeracruzEsta semana Tribunales Electorales fallaron tres veces a favor del partido Morena por diversas impugnaciones presentadas en procedimientos relacionados con la calificaci\u00f3n de la elecci\u00f3n municipal de la ciudad de Veracruz, afirm\u00f3 el representante de Morena ante el Consejo Municipal del OPLE, Pedro Pablo Chirinos Ben\u00edtez. Precis\u00f3 que la primera de ellas fue el pasado [&hellip;]<\/p>\n","protected":false},"author":2,"featured_media":0,"comment_status":"closed","ping_status":"closed","sticky":false,"template":"","format":"standard","meta":{"tdm_status":"","tdm_grid_status":"","footnotes":""},"categories":[73],"tags":[1026,3272,195],"class_list":{"0":"post-82152","1":"post","2":"type-post","3":"status-publish","4":"format-standard","6":"category-de-boleto","7":"tag-morena","8":"tag-ople","9":"tag-veracruz"},"yoast_head":"<!-- This site is optimized with the Yoast SEO plugin v27.4 - https:\/\/yoast.com\/product\/yoast-seo-wordpress\/ -->\n<title>Elecci\u00f3n en Veracruz Puerto, en un hilo - Los pol\u00edticos Veracruz<\/title>\n<meta name=\"robots\" content=\"index, follow, max-snippet:-1, max-image-preview:large, max-video-preview:-1\" \/>\n<link rel=\"canonical\" href=\"https:\/\/lospoliticosveracruz.com\/?p=82152\" \/>\n<meta property=\"og:locale\" content=\"es_ES\" \/>\n<meta property=\"og:type\" content=\"article\" \/>\n<meta property=\"og:title\" content=\"Elecci\u00f3n en Veracruz Puerto, en un hilo - Los pol\u00edticos Veracruz\" \/>\n<meta property=\"og:description\" content=\"VeracruzEsta semana Tribunales Electorales fallaron tres veces a favor del partido Morena por diversas impugnaciones presentadas en procedimientos relacionados con la calificaci\u00f3n de la elecci\u00f3n municipal de la ciudad de Veracruz, afirm\u00f3 el representante de Morena ante el Consejo Municipal del OPLE, Pedro Pablo Chirinos Ben\u00edtez. Precis\u00f3 que la primera de ellas fue el pasado [&hellip;]\" \/>\n<meta property=\"og:url\" content=\"https:\/\/lospoliticosveracruz.com\/?p=82152\" \/>\n<meta property=\"og:site_name\" content=\"Los pol\u00edticos Veracruz\" \/>\n<meta property=\"article:publisher\" content=\"https:\/\/www.facebook.com\/people\/Notimemes-de-los-Polticos\/61565672886568\/\" \/>\n<meta property=\"article:published_time\" content=\"2021-11-19T19:41:19+00:00\" \/>\n<meta property=\"article:modified_time\" content=\"2021-11-19T19:41:25+00:00\" \/>\n<meta property=\"og:image\" content=\"https:\/\/lospoliticosveracruz.com\/wp-content\/uploads\/2016\/07\/Logo-Dor.jpg\" \/>\n\t<meta property=\"og:image:width\" content=\"200\" \/>\n\t<meta property=\"og:image:height\" content=\"200\" \/>\n\t<meta property=\"og:image:type\" content=\"image\/jpeg\" \/>\n<meta name=\"author\" content=\"Lo viste en Los Pol\u00edticos\" \/>\n<meta name=\"twitter:card\" content=\"summary_large_image\" \/>\n<meta name=\"twitter:creator\" content=\"@LosPoliticosVer\" \/>\n<meta name=\"twitter:site\" content=\"@LosPoliticosVer\" \/>\n<meta name=\"twitter:label1\" content=\"Escrito por\" \/>\n\t<meta name=\"twitter:data1\" content=\"Lo viste en Los Pol\u00edticos\" \/>\n\t<meta name=\"twitter:label2\" content=\"Tiempo de lectura\" \/>\n\t<meta name=\"twitter:data2\" content=\"2 minutos\" \/>\n<script type=\"application\/ld+json\" class=\"yoast-schema-graph\">{\"@context\":\"https:\\\/\\\/schema.org\",\"@graph\":[{\"@type\":\"Article\",\"@id\":\"https:\\\/\\\/lospoliticosveracruz.com\\\/?p=82152#article\",\"isPartOf\":{\"@id\":\"https:\\\/\\\/lospoliticosveracruz.com\\\/?p=82152\"},\"author\":{\"name\":\"Lo viste en Los Pol\u00edticos\",\"@id\":\"https:\\\/\\\/lospoliticosveracruz.com\\\/#\\\/schema\\\/person\\\/b8702bb0e538456e6efd07080bf2a4a2\"},\"headline\":\"Elecci\u00f3n en Veracruz Puerto, en un hilo\",\"datePublished\":\"2021-11-19T19:41:19+00:00\",\"dateModified\":\"2021-11-19T19:41:25+00:00\",\"mainEntityOfPage\":{\"@id\":\"https:\\\/\\\/lospoliticosveracruz.com\\\/?p=82152\"},\"wordCount\":480,\"publisher\":{\"@id\":\"https:\\\/\\\/lospoliticosveracruz.com\\\/#organization\"},\"keywords\":[\"Morena\",\"OPLE\",\"Veracruz\"],\"articleSection\":[\"De Boleto\"],\"inLanguage\":\"es\"},{\"@type\":\"WebPage\",\"@id\":\"https:\\\/\\\/lospoliticosveracruz.com\\\/?p=82152\",\"url\":\"https:\\\/\\\/lospoliticosveracruz.com\\\/?p=82152\",\"name\":\"Elecci\u00f3n en Veracruz Puerto, en un hilo - Los pol\u00edticos Veracruz\",\"isPartOf\":{\"@id\":\"https:\\\/\\\/lospoliticosveracruz.com\\\/#website\"},\"datePublished\":\"2021-11-19T19:41:19+00:00\",\"dateModified\":\"2021-11-19T19:41:25+00:00\",\"breadcrumb\":{\"@id\":\"https:\\\/\\\/lospoliticosveracruz.com\\\/?p=82152#breadcrumb\"},\"inLanguage\":\"es\",\"potentialAction\":[{\"@type\":\"ReadAction\",\"target\":[\"https:\\\/\\\/lospoliticosveracruz.com\\\/?p=82152\"]}]},{\"@type\":\"BreadcrumbList\",\"@id\":\"https:\\\/\\\/lospoliticosveracruz.com\\\/?p=82152#breadcrumb\",\"itemListElement\":[{\"@type\":\"ListItem\",\"position\":1,\"name\":\"Portada\",\"item\":\"https:\\\/\\\/lospoliticosveracruz.com\\\/\"},{\"@type\":\"ListItem\",\"position\":2,\"name\":\"Elecci\u00f3n en Veracruz Puerto, en un hilo\"}]},{\"@type\":\"WebSite\",\"@id\":\"https:\\\/\\\/lospoliticosveracruz.com\\\/#website\",\"url\":\"https:\\\/\\\/lospoliticosveracruz.com\\\/\",\"name\":\"Los pol\u00edticos Veracruz\",\"description\":\"\",\"publisher\":{\"@id\":\"https:\\\/\\\/lospoliticosveracruz.com\\\/#organization\"},\"potentialAction\":[{\"@type\":\"SearchAction\",\"target\":{\"@type\":\"EntryPoint\",\"urlTemplate\":\"https:\\\/\\\/lospoliticosveracruz.com\\\/?s={search_term_string}\"},\"query-input\":{\"@type\":\"PropertyValueSpecification\",\"valueRequired\":true,\"valueName\":\"search_term_string\"}}],\"inLanguage\":\"es\"},{\"@type\":\"Organization\",\"@id\":\"https:\\\/\\\/lospoliticosveracruz.com\\\/#organization\",\"name\":\"Los pol\u00edticos Veracruz\",\"url\":\"https:\\\/\\\/lospoliticosveracruz.com\\\/\",\"logo\":{\"@type\":\"ImageObject\",\"inLanguage\":\"es\",\"@id\":\"https:\\\/\\\/lospoliticosveracruz.com\\\/#\\\/schema\\\/logo\\\/image\\\/\",\"url\":\"https:\\\/\\\/lospoliticosveracruz.com\\\/wp-content\\\/uploads\\\/2025\\\/12\\\/Logo-Nuevo-LOS-POLITICOS-1.jpg\",\"contentUrl\":\"https:\\\/\\\/lospoliticosveracruz.com\\\/wp-content\\\/uploads\\\/2025\\\/12\\\/Logo-Nuevo-LOS-POLITICOS-1.jpg\",\"width\":260,\"height\":70,\"caption\":\"Los pol\u00edticos Veracruz\"},\"image\":{\"@id\":\"https:\\\/\\\/lospoliticosveracruz.com\\\/#\\\/schema\\\/logo\\\/image\\\/\"},\"sameAs\":[\"https:\\\/\\\/www.facebook.com\\\/people\\\/Notimemes-de-los-Polticos\\\/61565672886568\\\/\",\"https:\\\/\\\/x.com\\\/LosPoliticosVer\"]},{\"@type\":\"Person\",\"@id\":\"https:\\\/\\\/lospoliticosveracruz.com\\\/#\\\/schema\\\/person\\\/b8702bb0e538456e6efd07080bf2a4a2\",\"name\":\"Lo viste en Los Pol\u00edticos\",\"image\":{\"@type\":\"ImageObject\",\"inLanguage\":\"es\",\"@id\":\"https:\\\/\\\/secure.gravatar.com\\\/avatar\\\/3a8de04a2656d44082be478bd6c086daa447c4651605818287b9532d3d0bd435?s=96&d=mm&r=g\",\"url\":\"https:\\\/\\\/secure.gravatar.com\\\/avatar\\\/3a8de04a2656d44082be478bd6c086daa447c4651605818287b9532d3d0bd435?s=96&d=mm&r=g\",\"contentUrl\":\"https:\\\/\\\/secure.gravatar.com\\\/avatar\\\/3a8de04a2656d44082be478bd6c086daa447c4651605818287b9532d3d0bd435?s=96&d=mm&r=g\",\"caption\":\"Lo viste en Los Pol\u00edticos\"},\"url\":\"https:\\\/\\\/lospoliticosveracruz.com\\\/?author=2\"}]}<\/script>\n<!-- \/ Yoast SEO plugin. -->","yoast_head_json":{"title":"Elecci\u00f3n en Veracruz Puerto, en un hilo - Los pol\u00edticos Veracruz","robots":{"index":"index","follow":"follow","max-snippet":"max-snippet:-1","max-image-preview":"max-image-preview:large","max-video-preview":"max-video-preview:-1"},"canonical":"https:\/\/lospoliticosveracruz.com\/?p=82152","og_locale":"es_ES","og_type":"article","og_title":"Elecci\u00f3n en Veracruz Puerto, en un hilo - Los pol\u00edticos Veracruz","og_description":"VeracruzEsta semana Tribunales Electorales fallaron tres veces a favor del partido Morena por diversas impugnaciones presentadas en procedimientos relacionados con la calificaci\u00f3n de la elecci\u00f3n municipal de la ciudad de Veracruz, afirm\u00f3 el representante de Morena ante el Consejo Municipal del OPLE, Pedro Pablo Chirinos Ben\u00edtez. Precis\u00f3 que la primera de ellas fue el pasado [&hellip;]","og_url":"https:\/\/lospoliticosveracruz.com\/?p=82152","og_site_name":"Los pol\u00edticos Veracruz","article_publisher":"https:\/\/www.facebook.com\/people\/Notimemes-de-los-Polticos\/61565672886568\/","article_published_time":"2021-11-19T19:41:19+00:00","article_modified_time":"2021-11-19T19:41:25+00:00","og_image":[{"width":200,"height":200,"url":"https:\/\/lospoliticosveracruz.com\/wp-content\/uploads\/2016\/07\/Logo-Dor.jpg","type":"image\/jpeg"}],"author":"Lo viste en Los Pol\u00edticos","twitter_card":"summary_large_image","twitter_creator":"@LosPoliticosVer","twitter_site":"@LosPoliticosVer","twitter_misc":{"Escrito por":"Lo viste en Los Pol\u00edticos","Tiempo de lectura":"2 minutos"},"schema":{"@context":"https:\/\/schema.org","@graph":[{"@type":"Article","@id":"https:\/\/lospoliticosveracruz.com\/?p=82152#article","isPartOf":{"@id":"https:\/\/lospoliticosveracruz.com\/?p=82152"},"author":{"name":"Lo viste en Los Pol\u00edticos","@id":"https:\/\/lospoliticosveracruz.com\/#\/schema\/person\/b8702bb0e538456e6efd07080bf2a4a2"},"headline":"Elecci\u00f3n en Veracruz Puerto, en un hilo","datePublished":"2021-11-19T19:41:19+00:00","dateModified":"2021-11-19T19:41:25+00:00","mainEntityOfPage":{"@id":"https:\/\/lospoliticosveracruz.com\/?p=82152"},"wordCount":480,"publisher":{"@id":"https:\/\/lospoliticosveracruz.com\/#organization"},"keywords":["Morena","OPLE","Veracruz"],"articleSection":["De Boleto"],"inLanguage":"es"},{"@type":"WebPage","@id":"https:\/\/lospoliticosveracruz.com\/?p=82152","url":"https:\/\/lospoliticosveracruz.com\/?p=82152","name":"Elecci\u00f3n en Veracruz Puerto, en un hilo - Los pol\u00edticos Veracruz","isPartOf":{"@id":"https:\/\/lospoliticosveracruz.com\/#website"},"datePublished":"2021-11-19T19:41:19+00:00","dateModified":"2021-11-19T19:41:25+00:00","breadcrumb":{"@id":"https:\/\/lospoliticosveracruz.com\/?p=82152#breadcrumb"},"inLanguage":"es","potentialAction":[{"@type":"ReadAction","target":["https:\/\/lospoliticosveracruz.com\/?p=82152"]}]},{"@type":"BreadcrumbList","@id":"https:\/\/lospoliticosveracruz.com\/?p=82152#breadcrumb","itemListElement":[{"@type":"ListItem","position":1,"name":"Portada","item":"https:\/\/lospoliticosveracruz.com\/"},{"@type":"ListItem","position":2,"name":"Elecci\u00f3n en Veracruz Puerto, en un hilo"}]},{"@type":"WebSite","@id":"https:\/\/lospoliticosveracruz.com\/#website","url":"https:\/\/lospoliticosveracruz.com\/","name":"Los pol\u00edticos Veracruz","description":"","publisher":{"@id":"https:\/\/lospoliticosveracruz.com\/#organization"},"potentialAction":[{"@type":"SearchAction","target":{"@type":"EntryPoint","urlTemplate":"https:\/\/lospoliticosveracruz.com\/?s={search_term_string}"},"query-input":{"@type":"PropertyValueSpecification","valueRequired":true,"valueName":"search_term_string"}}],"inLanguage":"es"},{"@type":"Organization","@id":"https:\/\/lospoliticosveracruz.com\/#organization","name":"Los pol\u00edticos Veracruz","url":"https:\/\/lospoliticosveracruz.com\/","logo":{"@type":"ImageObject","inLanguage":"es","@id":"https:\/\/lospoliticosveracruz.com\/#\/schema\/logo\/image\/","url":"https:\/\/lospoliticosveracruz.com\/wp-content\/uploads\/2025\/12\/Logo-Nuevo-LOS-POLITICOS-1.jpg","contentUrl":"https:\/\/lospoliticosveracruz.com\/wp-content\/uploads\/2025\/12\/Logo-Nuevo-LOS-POLITICOS-1.jpg","width":260,"height":70,"caption":"Los pol\u00edticos Veracruz"},"image":{"@id":"https:\/\/lospoliticosveracruz.com\/#\/schema\/logo\/image\/"},"sameAs":["https:\/\/www.facebook.com\/people\/Notimemes-de-los-Polticos\/61565672886568\/","https:\/\/x.com\/LosPoliticosVer"]},{"@type":"Person","@id":"https:\/\/lospoliticosveracruz.com\/#\/schema\/person\/b8702bb0e538456e6efd07080bf2a4a2","name":"Lo viste en Los Pol\u00edticos","image":{"@type":"ImageObject","inLanguage":"es","@id":"https:\/\/secure.gravatar.com\/avatar\/3a8de04a2656d44082be478bd6c086daa447c4651605818287b9532d3d0bd435?s=96&d=mm&r=g","url":"https:\/\/secure.gravatar.com\/avatar\/3a8de04a2656d44082be478bd6c086daa447c4651605818287b9532d3d0bd435?s=96&d=mm&r=g","contentUrl":"https:\/\/secure.gravatar.com\/avatar\/3a8de04a2656d44082be478bd6c086daa447c4651605818287b9532d3d0bd435?s=96&d=mm&r=g","caption":"Lo viste en Los Pol\u00edticos"},"url":"https:\/\/lospoliticosveracruz.com\/?author=2"}]}},"_links":{"self":[{"href":"https:\/\/lospoliticosveracruz.com\/index.php?rest_route=\/wp\/v2\/posts\/82152","targetHints":{"allow":["GET"]}}],"collection":[{"href":"https:\/\/lospoliticosveracruz.com\/index.php?rest_route=\/wp\/v2\/posts"}],"about":[{"href":"https:\/\/lospoliticosveracruz.com\/index.php?rest_route=\/wp\/v2\/types\/post"}],"author":[{"embeddable":true,"href":"https:\/\/lospoliticosveracruz.com\/index.php?rest_route=\/wp\/v2\/users\/2"}],"replies":[{"embeddable":true,"href":"https:\/\/lospoliticosveracruz.com\/index.php?rest_route=%2Fwp%2Fv2%2Fcomments&post=82152"}],"version-history":[{"count":2,"href":"https:\/\/lospoliticosveracruz.com\/index.php?rest_route=\/wp\/v2\/posts\/82152\/revisions"}],"predecessor-version":[{"id":82155,"href":"https:\/\/lospoliticosveracruz.com\/index.php?rest_route=\/wp\/v2\/posts\/82152\/revisions\/82155"}],"wp:attachment":[{"href":"https:\/\/lospoliticosveracruz.com\/index.php?rest_route=%2Fwp%2Fv2%2Fmedia&parent=82152"}],"wp:term":[{"taxonomy":"category","embeddable":true,"href":"https:\/\/lospoliticosveracruz.com\/index.php?rest_route=%2Fwp%2Fv2%2Fcategories&post=82152"},{"taxonomy":"post_tag","embeddable":true,"href":"https:\/\/lospoliticosveracruz.com\/index.php?rest_route=%2Fwp%2Fv2%2Ftags&post=82152"}],"curies":[{"name":"wp","href":"https:\/\/api.w.org\/{rel}","templated":true}]}}